{"id":170908,"date":"2016-10-17T21:26:58","date_gmt":"2016-10-17T19:26:58","guid":{"rendered":"https:\/\/sandzakpress.net\/arhiva\/?p=170908"},"modified":"2016-10-17T21:28:26","modified_gmt":"2016-10-17T19:28:26","slug":"predsjednik-oo-pozitivne-plav-podnio-ostavku","status":"publish","type":"post","link":"https:\/\/sandzakpress.net\/arhiva\/predsjednik-oo-pozitivne-plav-podnio-ostavku\/","title":{"rendered":"Predsjednik OO Pozitivne Plav podnio ostavku"},"content":{"rendered":"<p><img loading=\"lazy\" decoding=\"async\" class=\"\" src=\"http:\/\/www.img2.cdm.me\/sites\/cdm.bild-studio.me\/files\/styles\/301x227\/public\/multimedia\/foto\/2016\/10\/17\/capture_1.png\" width=\"601\" height=\"593\" \/><\/p>\n<p><strong>Plav &#8211; Nakon Darka Pajovi\u0107a koji je ju\u010de podnio ostavku na mjesto predsjednika Pozitivne, isto je u\u010dinio i predsjednik OO Pozitivne Crne Gore iz Plava Mehmed Marki\u0161i\u0107.<\/strong><\/p>\n<p>&#8220;Pozdravljam podno\u0161enje ostavke od strane uva\u017eenog Darka Pajovi\u0107a sa mjesta Predsjednika Pozitivne, te i iz iztih razloga podnosim neopozivu ostavku sa mjesta Predsjednika Op\u0161tinskog Odbora Plav. Najiskrenije se zahvaljujem svim onima koji su nam ukazali povjerenje i svim kolegama pozitivcima na korektnoj saradnji. \u010cast i ponos mi je bilo \u0161to sam bio dio Pozitivne Crne Gore predvo\u0111ene Darkom Pajovi\u0107em i politikom koju je on vodio, a koji \u0107e u\u0107i u istoriju kao neko ko je sa\u010duvao ovu dr\u017eavu. Kao neko ko je osnovao Pozitivnu Crnu Goru u Plavu, sakupio oko sebe zdravo i po\u0161teno bira\u010dko tijelo i na ovim izborima postigao rezultat na zavidnom nivou u Plavu, bez la\u017enih obe\u0107anja i kupovine glasova, za razliku od konkurentnih politi\u010dkih partija koje su novac dijelile kapom i \u010darapom, tajno i javno, kupuju\u0107i glasove i poni\u017eavaju\u0107i ljude, kako sam dosljedno do\u0161ao tako \u0107u i dosljedno oti\u0107i&#8221;, navodi se u saop\u0161tenju Marki\u0161i\u0107a.<\/p>\n<p>On dodaje da daje ostavku jer volim Crnu Goru, a svaki narod ima onakvu politi\u010dku vlast kakvu i zaslu\u017euje.<\/p>\n<p>&#8220;\u017dao mi je \u0161to Crna Gora nije jo\u0161 dosljedna da bude vo\u0111ena Pozitivnom Crnom Gorom Darka Pajovi\u0107a, \u0161to Crna Gora jo\u0161 nije sazrela da istinski bude gra\u0111anska dr\u017eava i \u0161to \u0107e biti potrebno da pro\u0111e jo\u0161 mnogo vremena da se civilizuje i oslobodi iz okova mr\u017enje i primitivizma&#8221;, zaklju\u010duje on.<\/p>\n<p>(cdm.me)<\/p>\n","protected":false},"excerpt":{"rendered":"<p>Plav &#8211; Nakon Darka Pajovi\u0107a koji je ju\u010de podnio ostavku na mjesto predsjednika Pozitivne, isto je u\u010dinio i predsjednik OO Pozitivne Crne Gore iz Plava Mehmed Marki\u0161i\u0107. &#8220;Pozdravljam podno\u0161enje ostavke od strane uva\u017eenog Darka Pajovi\u0107a sa mjesta Predsjednika Pozitivne, te i iz iztih razloga podnosim neopozivu ostavku sa mjesta Predsjednika Op\u0161tinskog Odbora Plav. Najiskrenije se [&hellip;]<\/p>\n","protected":false},"author":509,"featured_media":170914,"comment_status":"open","ping_status":"open","sticky":false,"template":"","format":"standard","meta":{"footnotes":""},"categories":[1,399,798,10429],"tags":[],"class_list":{"0":"post-170908","1":"post","2":"type-post","3":"status-publish","4":"format-standard","5":"has-post-thumbnail","7":"category-politika","8":"category-plav_","9":"category-teme","10":"category-vazno"},"yoast_head":"<!-- This site is optimized with the Yoast SEO Premium plugin v23.1 (Yoast SEO v24.9) - https:\/\/yoast.com\/wordpress\/plugins\/seo\/ -->\n<title>Predsjednik OO Pozitivne Plav podnio ostavku<\/title>\n<meta name=\"robots\" content=\"index, follow, max-snippet:-1, max-image-preview:large, max-video-preview:-1\" \/>\n<link rel=\"canonical\" href=\"https:\/\/sandzakpress.net\/arhiva\/predsjednik-oo-pozitivne-plav-podnio-ostavku\/\" \/>\n<meta property=\"og:locale\" content=\"bs_BA\" \/>\n<meta property=\"og:type\" content=\"article\" \/>\n<meta property=\"og:title\" content=\"Predsjednik OO Pozitivne Plav podnio ostavku\" \/>\n<meta property=\"og:description\" content=\"Plav &#8211; Nakon Darka Pajovi\u0107a koji je ju\u010de podnio ostavku na mjesto predsjednika Pozitivne, isto je u\u010dinio i predsjednik OO Pozitivne Crne Gore iz Plava Mehmed Marki\u0161i\u0107. &#8220;Pozdravljam podno\u0161enje ostavke od strane uva\u017eenog Darka Pajovi\u0107a sa mjesta Predsjednika Pozitivne, te i iz iztih razloga podnosim neopozivu ostavku sa mjesta Predsjednika Op\u0161tinskog Odbora Plav. Najiskrenije se [&hellip;]\" \/>\n<meta property=\"og:url\" content=\"https:\/\/sandzakpress.net\/arhiva\/predsjednik-oo-pozitivne-plav-podnio-ostavku\/\" \/>\n<meta property=\"og:site_name\" content=\"Sand\u017eak PRESS\" \/>\n<meta property=\"article:published_time\" content=\"2016-10-17T19:26:58+00:00\" \/>\n<meta property=\"article:modified_time\" content=\"2016-10-17T19:28:26+00:00\" \/>\n<meta property=\"og:image\" content=\"https:\/\/sandzakpress.net\/arhiva\/wp-content\/uploads\/2016\/10\/capture_1-1.png\" \/>\n\t<meta property=\"og:image:width\" content=\"573\" \/>\n\t<meta property=\"og:image:height\" content=\"565\" \/>\n\t<meta property=\"og:image:type\" content=\"image\/png\" \/>\n<meta name=\"author\" content=\"Agencija\" \/>\n<meta name=\"twitter:card\" content=\"summary_large_image\" \/>\n<meta name=\"twitter:label1\" content=\"Written by\" \/>\n\t<meta name=\"twitter:data1\" content=\"Agencija\" \/>\n\t<meta name=\"twitter:label2\" content=\"Est. reading time\" \/>\n\t<meta name=\"twitter:data2\" content=\"1 minuta\" \/>\n<script type=\"application\/ld+json\" class=\"yoast-schema-graph\">{\"@context\":\"https:\/\/schema.org\",\"@graph\":[{\"@type\":\"Article\",\"@id\":\"https:\/\/sandzakpress.net\/arhiva\/predsjednik-oo-pozitivne-plav-podnio-ostavku\/#article\",\"isPartOf\":{\"@id\":\"https:\/\/sandzakpress.net\/arhiva\/predsjednik-oo-pozitivne-plav-podnio-ostavku\/\"},\"author\":{\"name\":\"Agencija\",\"@id\":\"https:\/\/sandzakpress.net\/arhiva\/#\/schema\/person\/cb59d7e3ab91ab90dd680ad0305a6185\"},\"headline\":\"Predsjednik OO Pozitivne Plav podnio ostavku\",\"datePublished\":\"2016-10-17T19:26:58+00:00\",\"dateModified\":\"2016-10-17T19:28:26+00:00\",\"mainEntityOfPage\":{\"@id\":\"https:\/\/sandzakpress.net\/arhiva\/predsjednik-oo-pozitivne-plav-podnio-ostavku\/\"},\"wordCount\":287,\"commentCount\":0,\"publisher\":{\"@id\":\"https:\/\/sandzakpress.net\/arhiva\/#\/schema\/person\/6e72b67d6e51910a1117b3b483ba20bd\"},\"image\":{\"@id\":\"https:\/\/sandzakpress.net\/arhiva\/predsjednik-oo-pozitivne-plav-podnio-ostavku\/#primaryimage\"},\"thumbnailUrl\":\"https:\/\/sandzakpress.net\/arhiva\/wp-content\/uploads\/2016\/10\/capture_1-1.png\",\"articleSection\":[\"Politika\",\"Plav\",\"NAJNOVIJE\",\"VA\u017dNO!\"],\"inLanguage\":\"bs-BA\",\"potentialAction\":[{\"@type\":\"CommentAction\",\"name\":\"Comment\",\"target\":[\"https:\/\/sandzakpress.net\/arhiva\/predsjednik-oo-pozitivne-plav-podnio-ostavku\/#respond\"]}]},{\"@type\":\"WebPage\",\"@id\":\"https:\/\/sandzakpress.net\/arhiva\/predsjednik-oo-pozitivne-plav-podnio-ostavku\/\",\"url\":\"https:\/\/sandzakpress.net\/arhiva\/predsjednik-oo-pozitivne-plav-podnio-ostavku\/\",\"name\":\"Predsjednik OO Pozitivne Plav podnio ostavku\",\"isPartOf\":{\"@id\":\"https:\/\/sandzakpress.net\/arhiva\/#website\"},\"primaryImageOfPage\":{\"@id\":\"https:\/\/sandzakpress.net\/arhiva\/predsjednik-oo-pozitivne-plav-podnio-ostavku\/#primaryimage\"},\"image\":{\"@id\":\"https:\/\/sandzakpress.net\/arhiva\/predsjednik-oo-pozitivne-plav-podnio-ostavku\/#primaryimage\"},\"thumbnailUrl\":\"https:\/\/sandzakpress.net\/arhiva\/wp-content\/uploads\/2016\/10\/capture_1-1.png\",\"datePublished\":\"2016-10-17T19:26:58+00:00\",\"dateModified\":\"2016-10-17T19:28:26+00:00\",\"breadcrumb\":{\"@id\":\"https:\/\/sandzakpress.net\/arhiva\/predsjednik-oo-pozitivne-plav-podnio-ostavku\/#breadcrumb\"},\"inLanguage\":\"bs-BA\",\"potentialAction\":[{\"@type\":\"ReadAction\",\"target\":[\"https:\/\/sandzakpress.net\/arhiva\/predsjednik-oo-pozitivne-plav-podnio-ostavku\/\"]}]},{\"@type\":\"ImageObject\",\"inLanguage\":\"bs-BA\",\"@id\":\"https:\/\/sandzakpress.net\/arhiva\/predsjednik-oo-pozitivne-plav-podnio-ostavku\/#primaryimage\",\"url\":\"https:\/\/sandzakpress.net\/arhiva\/wp-content\/uploads\/2016\/10\/capture_1-1.png\",\"contentUrl\":\"https:\/\/sandzakpress.net\/arhiva\/wp-content\/uploads\/2016\/10\/capture_1-1.png\",\"width\":573,\"height\":565},{\"@type\":\"BreadcrumbList\",\"@id\":\"https:\/\/sandzakpress.net\/arhiva\/predsjednik-oo-pozitivne-plav-podnio-ostavku\/#breadcrumb\",\"itemListElement\":[{\"@type\":\"ListItem\",\"position\":1,\"name\":\"Home\",\"item\":\"https:\/\/sandzakpress.net\/arhiva\/\"},{\"@type\":\"ListItem\",\"position\":2,\"name\":\"Predsjednik OO Pozitivne Plav podnio ostavku\"}]},{\"@type\":\"WebSite\",\"@id\":\"https:\/\/sandzakpress.net\/arhiva\/#website\",\"url\":\"https:\/\/sandzakpress.net\/arhiva\/\",\"name\":\"Sand\u017eak PRESS\",\"description\":\"Prve elektronske novine u Sand\u017eaku\",\"publisher\":{\"@id\":\"https:\/\/sandzakpress.net\/arhiva\/#\/schema\/person\/6e72b67d6e51910a1117b3b483ba20bd\"},\"potentialAction\":[{\"@type\":\"SearchAction\",\"target\":{\"@type\":\"EntryPoint\",\"urlTemplate\":\"https:\/\/sandzakpress.net\/arhiva\/?s={search_term_string}\"},\"query-input\":{\"@type\":\"PropertyValueSpecification\",\"valueRequired\":true,\"valueName\":\"search_term_string\"}}],\"inLanguage\":\"bs-BA\"},{\"@type\":[\"Person\",\"Organization\"],\"@id\":\"https:\/\/sandzakpress.net\/arhiva\/#\/schema\/person\/6e72b67d6e51910a1117b3b483ba20bd\",\"name\":\"Kul\",\"image\":{\"@type\":\"ImageObject\",\"inLanguage\":\"bs-BA\",\"@id\":\"https:\/\/sandzakpress.net\/arhiva\/#\/schema\/person\/image\/\",\"url\":\"https:\/\/secure.gravatar.com\/avatar\/42263f39aa27ac04c43cab85c280eb2e?s=96&d=mm&r=pg\",\"contentUrl\":\"https:\/\/secure.gravatar.com\/avatar\/42263f39aa27ac04c43cab85c280eb2e?s=96&d=mm&r=pg\",\"caption\":\"Kul\"},\"logo\":{\"@id\":\"https:\/\/sandzakpress.net\/arhiva\/#\/schema\/person\/image\/\"}},{\"@type\":\"Person\",\"@id\":\"https:\/\/sandzakpress.net\/arhiva\/#\/schema\/person\/cb59d7e3ab91ab90dd680ad0305a6185\",\"name\":\"Agencija\",\"image\":{\"@type\":\"ImageObject\",\"inLanguage\":\"bs-BA\",\"@id\":\"https:\/\/sandzakpress.net\/arhiva\/#\/schema\/person\/image\/\",\"url\":\"https:\/\/secure.gravatar.com\/avatar\/4b7fafa80a22f0c2afe23966b3961fe0?s=96&d=mm&r=pg\",\"contentUrl\":\"https:\/\/secure.gravatar.com\/avatar\/4b7fafa80a22f0c2afe23966b3961fe0?s=96&d=mm&r=pg\",\"caption\":\"Agencija\"},\"url\":\"https:\/\/sandzakpress.net\/arhiva\/author\/agencija\/\"}]}<\/script>\n<!-- \/ Yoast SEO Premium plugin. -->","yoast_head_json":{"title":"Predsjednik OO Pozitivne Plav podnio ostavku","robots":{"index":"index","follow":"follow","max-snippet":"max-snippet:-1","max-image-preview":"max-image-preview:large","max-video-preview":"max-video-preview:-1"},"canonical":"https:\/\/sandzakpress.net\/arhiva\/predsjednik-oo-pozitivne-plav-podnio-ostavku\/","og_locale":"bs_BA","og_type":"article","og_title":"Predsjednik OO Pozitivne Plav podnio ostavku","og_description":"Plav &#8211; Nakon Darka Pajovi\u0107a koji je ju\u010de podnio ostavku na mjesto predsjednika Pozitivne, isto je u\u010dinio i predsjednik OO Pozitivne Crne Gore iz Plava Mehmed Marki\u0161i\u0107. &#8220;Pozdravljam podno\u0161enje ostavke od strane uva\u017eenog Darka Pajovi\u0107a sa mjesta Predsjednika Pozitivne, te i iz iztih razloga podnosim neopozivu ostavku sa mjesta Predsjednika Op\u0161tinskog Odbora Plav. Najiskrenije se [&hellip;]","og_url":"https:\/\/sandzakpress.net\/arhiva\/predsjednik-oo-pozitivne-plav-podnio-ostavku\/","og_site_name":"Sand\u017eak PRESS","article_published_time":"2016-10-17T19:26:58+00:00","article_modified_time":"2016-10-17T19:28:26+00:00","og_image":[{"width":573,"height":565,"url":"https:\/\/sandzakpress.net\/arhiva\/wp-content\/uploads\/2016\/10\/capture_1-1.png","type":"image\/png"}],"author":"Agencija","twitter_card":"summary_large_image","twitter_misc":{"Written by":"Agencija","Est. reading time":"1 minuta"},"schema":{"@context":"https:\/\/schema.org","@graph":[{"@type":"Article","@id":"https:\/\/sandzakpress.net\/arhiva\/predsjednik-oo-pozitivne-plav-podnio-ostavku\/#article","isPartOf":{"@id":"https:\/\/sandzakpress.net\/arhiva\/predsjednik-oo-pozitivne-plav-podnio-ostavku\/"},"author":{"name":"Agencija","@id":"https:\/\/sandzakpress.net\/arhiva\/#\/schema\/person\/cb59d7e3ab91ab90dd680ad0305a6185"},"headline":"Predsjednik OO Pozitivne Plav podnio ostavku","datePublished":"2016-10-17T19:26:58+00:00","dateModified":"2016-10-17T19:28:26+00:00","mainEntityOfPage":{"@id":"https:\/\/sandzakpress.net\/arhiva\/predsjednik-oo-pozitivne-plav-podnio-ostavku\/"},"wordCount":287,"commentCount":0,"publisher":{"@id":"https:\/\/sandzakpress.net\/arhiva\/#\/schema\/person\/6e72b67d6e51910a1117b3b483ba20bd"},"image":{"@id":"https:\/\/sandzakpress.net\/arhiva\/predsjednik-oo-pozitivne-plav-podnio-ostavku\/#primaryimage"},"thumbnailUrl":"https:\/\/sandzakpress.net\/arhiva\/wp-content\/uploads\/2016\/10\/capture_1-1.png","articleSection":["Politika","Plav","NAJNOVIJE","VA\u017dNO!"],"inLanguage":"bs-BA","potentialAction":[{"@type":"CommentAction","name":"Comment","target":["https:\/\/sandzakpress.net\/arhiva\/predsjednik-oo-pozitivne-plav-podnio-ostavku\/#respond"]}]},{"@type":"WebPage","@id":"https:\/\/sandzakpress.net\/arhiva\/predsjednik-oo-pozitivne-plav-podnio-ostavku\/","url":"https:\/\/sandzakpress.net\/arhiva\/predsjednik-oo-pozitivne-plav-podnio-ostavku\/","name":"Predsjednik OO Pozitivne Plav podnio ostavku","isPartOf":{"@id":"https:\/\/sandzakpress.net\/arhiva\/#website"},"primaryImageOfPage":{"@id":"https:\/\/sandzakpress.net\/arhiva\/predsjednik-oo-pozitivne-plav-podnio-ostavku\/#primaryimage"},"image":{"@id":"https:\/\/sandzakpress.net\/arhiva\/predsjednik-oo-pozitivne-plav-podnio-ostavku\/#primaryimage"},"thumbnailUrl":"https:\/\/sandzakpress.net\/arhiva\/wp-content\/uploads\/2016\/10\/capture_1-1.png","datePublished":"2016-10-17T19:26:58+00:00","dateModified":"2016-10-17T19:28:26+00:00","breadcrumb":{"@id":"https:\/\/sandzakpress.net\/arhiva\/predsjednik-oo-pozitivne-plav-podnio-ostavku\/#breadcrumb"},"inLanguage":"bs-BA","potentialAction":[{"@type":"ReadAction","target":["https:\/\/sandzakpress.net\/arhiva\/predsjednik-oo-pozitivne-plav-podnio-ostavku\/"]}]},{"@type":"ImageObject","inLanguage":"bs-BA","@id":"https:\/\/sandzakpress.net\/arhiva\/predsjednik-oo-pozitivne-plav-podnio-ostavku\/#primaryimage","url":"https:\/\/sandzakpress.net\/arhiva\/wp-content\/uploads\/2016\/10\/capture_1-1.png","contentUrl":"https:\/\/sandzakpress.net\/arhiva\/wp-content\/uploads\/2016\/10\/capture_1-1.png","width":573,"height":565},{"@type":"BreadcrumbList","@id":"https:\/\/sandzakpress.net\/arhiva\/predsjednik-oo-pozitivne-plav-podnio-ostavku\/#breadcrumb","itemListElement":[{"@type":"ListItem","position":1,"name":"Home","item":"https:\/\/sandzakpress.net\/arhiva\/"},{"@type":"ListItem","position":2,"name":"Predsjednik OO Pozitivne Plav podnio ostavku"}]},{"@type":"WebSite","@id":"https:\/\/sandzakpress.net\/arhiva\/#website","url":"https:\/\/sandzakpress.net\/arhiva\/","name":"Sand\u017eak PRESS","description":"Prve elektronske novine u Sand\u017eaku","publisher":{"@id":"https:\/\/sandzakpress.net\/arhiva\/#\/schema\/person\/6e72b67d6e51910a1117b3b483ba20bd"},"potentialAction":[{"@type":"SearchAction","target":{"@type":"EntryPoint","urlTemplate":"https:\/\/sandzakpress.net\/arhiva\/?s={search_term_string}"},"query-input":{"@type":"PropertyValueSpecification","valueRequired":true,"valueName":"search_term_string"}}],"inLanguage":"bs-BA"},{"@type":["Person","Organization"],"@id":"https:\/\/sandzakpress.net\/arhiva\/#\/schema\/person\/6e72b67d6e51910a1117b3b483ba20bd","name":"Kul","image":{"@type":"ImageObject","inLanguage":"bs-BA","@id":"https:\/\/sandzakpress.net\/arhiva\/#\/schema\/person\/image\/","url":"https:\/\/secure.gravatar.com\/avatar\/42263f39aa27ac04c43cab85c280eb2e?s=96&d=mm&r=pg","contentUrl":"https:\/\/secure.gravatar.com\/avatar\/42263f39aa27ac04c43cab85c280eb2e?s=96&d=mm&r=pg","caption":"Kul"},"logo":{"@id":"https:\/\/sandzakpress.net\/arhiva\/#\/schema\/person\/image\/"}},{"@type":"Person","@id":"https:\/\/sandzakpress.net\/arhiva\/#\/schema\/person\/cb59d7e3ab91ab90dd680ad0305a6185","name":"Agencija","image":{"@type":"ImageObject","inLanguage":"bs-BA","@id":"https:\/\/sandzakpress.net\/arhiva\/#\/schema\/person\/image\/","url":"https:\/\/secure.gravatar.com\/avatar\/4b7fafa80a22f0c2afe23966b3961fe0?s=96&d=mm&r=pg","contentUrl":"https:\/\/secure.gravatar.com\/avatar\/4b7fafa80a22f0c2afe23966b3961fe0?s=96&d=mm&r=pg","caption":"Agencija"},"url":"https:\/\/sandzakpress.net\/arhiva\/author\/agencija\/"}]}},"_links":{"self":[{"href":"https:\/\/sandzakpress.net\/arhiva\/wp-json\/wp\/v2\/posts\/170908"}],"collection":[{"href":"https:\/\/sandzakpress.net\/arhiva\/wp-json\/wp\/v2\/posts"}],"about":[{"href":"https:\/\/sandzakpress.net\/arhiva\/wp-json\/wp\/v2\/types\/post"}],"author":[{"embeddable":true,"href":"https:\/\/sandzakpress.net\/arhiva\/wp-json\/wp\/v2\/users\/509"}],"replies":[{"embeddable":true,"href":"https:\/\/sandzakpress.net\/arhiva\/wp-json\/wp\/v2\/comments?post=170908"}],"version-history":[{"count":0,"href":"https:\/\/sandzakpress.net\/arhiva\/wp-json\/wp\/v2\/posts\/170908\/revisions"}],"wp:featuredmedia":[{"embeddable":true,"href":"https:\/\/sandzakpress.net\/arhiva\/wp-json\/wp\/v2\/media\/170914"}],"wp:attachment":[{"href":"https:\/\/sandzakpress.net\/arhiva\/wp-json\/wp\/v2\/media?parent=170908"}],"wp:term":[{"taxonomy":"category","embeddable":true,"href":"https:\/\/sandzakpress.net\/arhiva\/wp-json\/wp\/v2\/categories?post=170908"},{"taxonomy":"post_tag","embeddable":true,"href":"https:\/\/sandzakpress.net\/arhiva\/wp-json\/wp\/v2\/tags?post=170908"}],"curies":[{"name":"wp","href":"https:\/\/api.w.org\/{rel}","templated":true}]}}