{"id":170764,"date":"2016-10-15T22:45:56","date_gmt":"2016-10-15T20:45:56","guid":{"rendered":"https:\/\/sandzakpress.net\/arhiva\/dodik-u-cd-u-pravim-drzavu-hadzifejzovic-nece-moci-bez-rata"},"modified":"2016-10-15T22:45:56","modified_gmt":"2016-10-15T20:45:56","slug":"dodik-u-cd-u-pravim-drzavu-hadzifejzovic-nece-moci-bez-rata","status":"publish","type":"post","link":"https:\/\/sandzakpress.net\/arhiva\/dodik-u-cd-u-pravim-drzavu-hadzifejzovic-nece-moci-bez-rata\/","title":{"rendered":"Dodik u CD-u: Pravim dr\u017eavu! Had\u017eifejzovi\u0107: Ne\u0107e mo\u0107i bez rata!"},"content":{"rendered":"<p><img loading=\"lazy\" decoding=\"async\" class=\"\" src=\"https:\/\/i.ytimg.com\/vi\/4eGGZCe6dQg\/maxresdefault.jpg\" alt=\"\" width=\"600\" height=\"337\" \/><\/p>\n<p><strong>BiH \u2013 Gost ve\u010dera\u0161njeg izdanja Centralnog dnevnika sa Senadom Had\u017eifejzovi\u0107em bio je Milorad Dodik, predsjednik RS-a.<\/strong><\/p>\n<\/p>\n<p>Senad Had\u017eifejzovi\u0107 je Milorada Dodika podsjetio da je \u010ditava drama u vezi sa refrendumom po\u010dela upravo u Centralnom dnevniku kada ga je direktno pitao \u201cZa\u0161to ne raspi\u0161e taj referendum?\u201d<\/p>\n<p>\u201cReferendum je bio racionalan slijed doga\u0111aja na lo\u0161u politiku Bakira Izetbegovi\u0107a , koji je umislio da mo\u017ee da modelira putem stranaca, sada putem sudova koje kontrolira, stvarnost u RS-u \u201c, rekao je Dodik i dodao: \u201cBez obzira na njegovu volju doveo je u pitanje institucionalni kapacitet tih institucija na nivou BIH, igraju\u0107i se politi\u010dki s njima, upotrebljavaju\u0107i ih za politi\u010dke obra\u010dune, zloupotrebu Ustavnog suda gdje sjede njegovi raniji potpredsjednici. Po\u010deo je da dijeli lekcije \u010ditavom narodu , referendum je reakcija na to.\u201d<\/p>\n<p>Na pitanje Senada Had\u017eifejzovi\u0107a je li mu cilj odvajanje RS-a od dr\u017eave BiH, Dodik odgovara:<\/p>\n<p>\u201cBiH je dr\u017eavna zajednica dva entiteta, u tom pogledu po\u0161tujem Ustav. Ja sam protiv one BiH kakvu grade stranci, za onu sam koju mi mo\u017eemo dogovoriti. Nisam ni protiv Suda i Tu\u017eila\u0161tva BiH, ali ono \u0161to sad imamo, na ovaj na\u010din, nije Sud i Tu\u017eila\u0161tvo. Mislim da je mogu\u0107e odvojiti RS, to je za Bo\u0161njake najbolje. Da se fino razi\u0111emo i napravimo fine kom\u0161ijske odnose. BiH je podijeljena\u201d, ka\u017ee Dodik.<\/p>\n<p>Na konstataciju Had\u017eifejzovi\u0107a da to \u0161to pri\u010da nije mogu\u0107e bez rata, Dodik tvrdi da jeste.<\/p>\n<p>\u201cMo\u017ee to mirnim putem, bez rata. \u0160ta vi imate od toga \u0161to ne date da se odvojimo?! Ovo nije zajedni\u010dka dr\u017eava, svi smo njeni zarobljenici i BiH ni\u0161ta ne vrijedi. To \u0161to politi\u010dko Sarajevo ho\u0107e da nametne majorizaciju i Bosnu koju oni misle da treba da bude, ja \u0107u u\u010diniti sve da ne bude te Bosne. Bosna po Ustavu mo\u017ee, ali sa odre\u0111enim modifikacijama\u201d, poru\u010dio je Dodik.<\/p>\n<p>O tome je li spreman za svoj politi\u010dki kraj Dodik priznaje da je htio da se povu\u010de prije nekoliko godina, ali je odlu\u010dio ostati jo\u0161. \u201cMoj mandat je do onog momenta dok me narod bira i do tad \u0107u biti ovdje. Kad ne budem, sposoban sam baviti se drugim poslom. Energija mi se vratila, kao i snaga i \u017eelja.\u201d<\/p>\n<p>Dodik je za kraj poru\u010dio da mu je izlazna strategija formiranje nevladine organizacije koja \u0107e se boriti protiv nasilja u BiH.<\/p>\n<p>\u201cI bi\u0107u utome veoma uspje\u0161an, vidje\u0107ete.\u201d, kazao je Dodik.<\/p>\n<p>(Facetv.ba\/sandzacke.rs)<\/p>\n<p>Pogledajte vijest na izvornom sajtu:<\/p>\n<p><a href=\"http:\/\/bosnapress.net\/dodik-u-cd-u-pravim-drzavu-hadzifejzovic-nece-moci-bez-rata\/\" target=\"_blank\">Dodik u CD-u: Pravim dr\u017eavu! Had\u017eifejzovi\u0107: Ne\u0107e mo\u0107i bez rata!<\/a><\/p>\n","protected":false},"excerpt":{"rendered":"<p>BiH \u2013 Gost ve\u010dera\u0161njeg izdanja Centralnog dnevnika sa Senadom Had\u017eifejzovi\u0107em bio je Milorad Dodik, predsjednik RS-a. Senad Had\u017eifejzovi\u0107 je Milorada Dodika podsjetio da je \u010ditava drama u vezi sa refrendumom po\u010dela upravo u Centralnom dnevniku kada ga je direktno pitao \u201cZa\u0161to ne raspi\u0161e taj referendum?\u201d \u201cReferendum je bio racionalan slijed doga\u0111aja na lo\u0161u politiku Bakira [&hellip;]<\/p>\n","protected":false},"author":83,"featured_media":170766,"comment_status":"open","ping_status":"open","sticky":false,"template":"","format":"standard","meta":{"footnotes":""},"categories":[10513],"tags":[10466],"class_list":{"0":"post-170764","1":"post","2":"type-post","3":"status-publish","4":"format-standard","5":"has-post-thumbnail","7":"category-bosna-press","8":"tag-bosna-i-hercegovina"},"yoast_head":"<!-- This site is optimized with the Yoast SEO Premium plugin v23.1 (Yoast SEO v24.9) - https:\/\/yoast.com\/wordpress\/plugins\/seo\/ -->\n<title>Dodik u CD-u: Pravim dr\u017eavu! Had\u017eifejzovi\u0107: Ne\u0107e mo\u0107i bez rata!<\/title>\n<meta name=\"robots\" content=\"index, follow, max-snippet:-1, max-image-preview:large, max-video-preview:-1\" \/>\n<link rel=\"canonical\" href=\"https:\/\/sandzakpress.net\/arhiva\/dodik-u-cd-u-pravim-drzavu-hadzifejzovic-nece-moci-bez-rata\/\" \/>\n<meta property=\"og:locale\" content=\"bs_BA\" \/>\n<meta property=\"og:type\" content=\"article\" \/>\n<meta property=\"og:title\" content=\"Dodik u CD-u: Pravim dr\u017eavu! Had\u017eifejzovi\u0107: Ne\u0107e mo\u0107i bez rata!\" \/>\n<meta property=\"og:description\" content=\"BiH \u2013 Gost ve\u010dera\u0161njeg izdanja Centralnog dnevnika sa Senadom Had\u017eifejzovi\u0107em bio je Milorad Dodik, predsjednik RS-a. Senad Had\u017eifejzovi\u0107 je Milorada Dodika podsjetio da je \u010ditava drama u vezi sa refrendumom po\u010dela upravo u Centralnom dnevniku kada ga je direktno pitao \u201cZa\u0161to ne raspi\u0161e taj referendum?\u201d \u201cReferendum je bio racionalan slijed doga\u0111aja na lo\u0161u politiku Bakira [&hellip;]\" \/>\n<meta property=\"og:url\" content=\"https:\/\/sandzakpress.net\/arhiva\/dodik-u-cd-u-pravim-drzavu-hadzifejzovic-nece-moci-bez-rata\/\" \/>\n<meta property=\"og:site_name\" content=\"Sand\u017eak PRESS\" \/>\n<meta property=\"article:published_time\" content=\"2016-10-15T20:45:56+00:00\" \/>\n<meta property=\"og:image\" content=\"https:\/\/sandzakpress.net\/arhiva\/wp-content\/uploads\/2016\/10\/maxresdefault-19.jpg\" \/>\n\t<meta property=\"og:image:width\" content=\"1280\" \/>\n\t<meta property=\"og:image:height\" content=\"720\" \/>\n\t<meta property=\"og:image:type\" content=\"image\/jpeg\" \/>\n<meta name=\"author\" content=\"bosniak\" \/>\n<meta name=\"twitter:card\" content=\"summary_large_image\" \/>\n<meta name=\"twitter:label1\" content=\"Written by\" \/>\n\t<meta name=\"twitter:data1\" content=\"bosniak\" \/>\n\t<meta name=\"twitter:label2\" content=\"Est. reading time\" \/>\n\t<meta name=\"twitter:data2\" content=\"2 minute\" \/>\n<script type=\"application\/ld+json\" class=\"yoast-schema-graph\">{\"@context\":\"https:\/\/schema.org\",\"@graph\":[{\"@type\":\"Article\",\"@id\":\"https:\/\/sandzakpress.net\/arhiva\/dodik-u-cd-u-pravim-drzavu-hadzifejzovic-nece-moci-bez-rata\/#article\",\"isPartOf\":{\"@id\":\"https:\/\/sandzakpress.net\/arhiva\/dodik-u-cd-u-pravim-drzavu-hadzifejzovic-nece-moci-bez-rata\/\"},\"author\":{\"name\":\"bosniak\",\"@id\":\"https:\/\/sandzakpress.net\/arhiva\/#\/schema\/person\/c8baee722073534b583ea7bdb2e36c02\"},\"headline\":\"Dodik u CD-u: Pravim dr\u017eavu! Had\u017eifejzovi\u0107: Ne\u0107e mo\u0107i bez rata!\",\"datePublished\":\"2016-10-15T20:45:56+00:00\",\"mainEntityOfPage\":{\"@id\":\"https:\/\/sandzakpress.net\/arhiva\/dodik-u-cd-u-pravim-drzavu-hadzifejzovic-nece-moci-bez-rata\/\"},\"wordCount\":471,\"commentCount\":14,\"publisher\":{\"@id\":\"https:\/\/sandzakpress.net\/arhiva\/#\/schema\/person\/6e72b67d6e51910a1117b3b483ba20bd\"},\"image\":{\"@id\":\"https:\/\/sandzakpress.net\/arhiva\/dodik-u-cd-u-pravim-drzavu-hadzifejzovic-nece-moci-bez-rata\/#primaryimage\"},\"thumbnailUrl\":\"https:\/\/sandzakpress.net\/arhiva\/wp-content\/uploads\/2016\/10\/maxresdefault-19.jpg\",\"keywords\":[\"Bosna i Hercegovina\"],\"articleSection\":[\"Bosna PRESS\"],\"inLanguage\":\"bs-BA\",\"potentialAction\":[{\"@type\":\"CommentAction\",\"name\":\"Comment\",\"target\":[\"https:\/\/sandzakpress.net\/arhiva\/dodik-u-cd-u-pravim-drzavu-hadzifejzovic-nece-moci-bez-rata\/#respond\"]}]},{\"@type\":\"WebPage\",\"@id\":\"https:\/\/sandzakpress.net\/arhiva\/dodik-u-cd-u-pravim-drzavu-hadzifejzovic-nece-moci-bez-rata\/\",\"url\":\"https:\/\/sandzakpress.net\/arhiva\/dodik-u-cd-u-pravim-drzavu-hadzifejzovic-nece-moci-bez-rata\/\",\"name\":\"Dodik u CD-u: Pravim dr\u017eavu! Had\u017eifejzovi\u0107: Ne\u0107e mo\u0107i bez rata!\",\"isPartOf\":{\"@id\":\"https:\/\/sandzakpress.net\/arhiva\/#website\"},\"primaryImageOfPage\":{\"@id\":\"https:\/\/sandzakpress.net\/arhiva\/dodik-u-cd-u-pravim-drzavu-hadzifejzovic-nece-moci-bez-rata\/#primaryimage\"},\"image\":{\"@id\":\"https:\/\/sandzakpress.net\/arhiva\/dodik-u-cd-u-pravim-drzavu-hadzifejzovic-nece-moci-bez-rata\/#primaryimage\"},\"thumbnailUrl\":\"https:\/\/sandzakpress.net\/arhiva\/wp-content\/uploads\/2016\/10\/maxresdefault-19.jpg\",\"datePublished\":\"2016-10-15T20:45:56+00:00\",\"breadcrumb\":{\"@id\":\"https:\/\/sandzakpress.net\/arhiva\/dodik-u-cd-u-pravim-drzavu-hadzifejzovic-nece-moci-bez-rata\/#breadcrumb\"},\"inLanguage\":\"bs-BA\",\"potentialAction\":[{\"@type\":\"ReadAction\",\"target\":[\"https:\/\/sandzakpress.net\/arhiva\/dodik-u-cd-u-pravim-drzavu-hadzifejzovic-nece-moci-bez-rata\/\"]}]},{\"@type\":\"ImageObject\",\"inLanguage\":\"bs-BA\",\"@id\":\"https:\/\/sandzakpress.net\/arhiva\/dodik-u-cd-u-pravim-drzavu-hadzifejzovic-nece-moci-bez-rata\/#primaryimage\",\"url\":\"https:\/\/sandzakpress.net\/arhiva\/wp-content\/uploads\/2016\/10\/maxresdefault-19.jpg\",\"contentUrl\":\"https:\/\/sandzakpress.net\/arhiva\/wp-content\/uploads\/2016\/10\/maxresdefault-19.jpg\",\"width\":1280,\"height\":720},{\"@type\":\"BreadcrumbList\",\"@id\":\"https:\/\/sandzakpress.net\/arhiva\/dodik-u-cd-u-pravim-drzavu-hadzifejzovic-nece-moci-bez-rata\/#breadcrumb\",\"itemListElement\":[{\"@type\":\"ListItem\",\"position\":1,\"name\":\"Home\",\"item\":\"https:\/\/sandzakpress.net\/arhiva\/\"},{\"@type\":\"ListItem\",\"position\":2,\"name\":\"Dodik u CD-u: Pravim dr\u017eavu! Had\u017eifejzovi\u0107: Ne\u0107e mo\u0107i bez rata!\"}]},{\"@type\":\"WebSite\",\"@id\":\"https:\/\/sandzakpress.net\/arhiva\/#website\",\"url\":\"https:\/\/sandzakpress.net\/arhiva\/\",\"name\":\"Sand\u017eak PRESS\",\"description\":\"Prve elektronske novine u Sand\u017eaku\",\"publisher\":{\"@id\":\"https:\/\/sandzakpress.net\/arhiva\/#\/schema\/person\/6e72b67d6e51910a1117b3b483ba20bd\"},\"potentialAction\":[{\"@type\":\"SearchAction\",\"target\":{\"@type\":\"EntryPoint\",\"urlTemplate\":\"https:\/\/sandzakpress.net\/arhiva\/?s={search_term_string}\"},\"query-input\":{\"@type\":\"PropertyValueSpecification\",\"valueRequired\":true,\"valueName\":\"search_term_string\"}}],\"inLanguage\":\"bs-BA\"},{\"@type\":[\"Person\",\"Organization\"],\"@id\":\"https:\/\/sandzakpress.net\/arhiva\/#\/schema\/person\/6e72b67d6e51910a1117b3b483ba20bd\",\"name\":\"Kul\",\"image\":{\"@type\":\"ImageObject\",\"inLanguage\":\"bs-BA\",\"@id\":\"https:\/\/sandzakpress.net\/arhiva\/#\/schema\/person\/image\/\",\"url\":\"https:\/\/secure.gravatar.com\/avatar\/42263f39aa27ac04c43cab85c280eb2e?s=96&d=mm&r=pg\",\"contentUrl\":\"https:\/\/secure.gravatar.com\/avatar\/42263f39aa27ac04c43cab85c280eb2e?s=96&d=mm&r=pg\",\"caption\":\"Kul\"},\"logo\":{\"@id\":\"https:\/\/sandzakpress.net\/arhiva\/#\/schema\/person\/image\/\"}},{\"@type\":\"Person\",\"@id\":\"https:\/\/sandzakpress.net\/arhiva\/#\/schema\/person\/c8baee722073534b583ea7bdb2e36c02\",\"name\":\"bosniak\",\"image\":{\"@type\":\"ImageObject\",\"inLanguage\":\"bs-BA\",\"@id\":\"https:\/\/sandzakpress.net\/arhiva\/#\/schema\/person\/image\/\",\"url\":\"https:\/\/secure.gravatar.com\/avatar\/a04fd330bfe3a36a72a0ad4a6d89fca7?s=96&d=mm&r=pg\",\"contentUrl\":\"https:\/\/secure.gravatar.com\/avatar\/a04fd330bfe3a36a72a0ad4a6d89fca7?s=96&d=mm&r=pg\",\"caption\":\"bosniak\"},\"url\":\"https:\/\/sandzakpress.net\/arhiva\/author\/bosniak\/\"}]}<\/script>\n<!-- \/ Yoast SEO Premium plugin. -->","yoast_head_json":{"title":"Dodik u CD-u: Pravim dr\u017eavu! Had\u017eifejzovi\u0107: Ne\u0107e mo\u0107i bez rata!","robots":{"index":"index","follow":"follow","max-snippet":"max-snippet:-1","max-image-preview":"max-image-preview:large","max-video-preview":"max-video-preview:-1"},"canonical":"https:\/\/sandzakpress.net\/arhiva\/dodik-u-cd-u-pravim-drzavu-hadzifejzovic-nece-moci-bez-rata\/","og_locale":"bs_BA","og_type":"article","og_title":"Dodik u CD-u: Pravim dr\u017eavu! Had\u017eifejzovi\u0107: Ne\u0107e mo\u0107i bez rata!","og_description":"BiH \u2013 Gost ve\u010dera\u0161njeg izdanja Centralnog dnevnika sa Senadom Had\u017eifejzovi\u0107em bio je Milorad Dodik, predsjednik RS-a. Senad Had\u017eifejzovi\u0107 je Milorada Dodika podsjetio da je \u010ditava drama u vezi sa refrendumom po\u010dela upravo u Centralnom dnevniku kada ga je direktno pitao \u201cZa\u0161to ne raspi\u0161e taj referendum?\u201d \u201cReferendum je bio racionalan slijed doga\u0111aja na lo\u0161u politiku Bakira [&hellip;]","og_url":"https:\/\/sandzakpress.net\/arhiva\/dodik-u-cd-u-pravim-drzavu-hadzifejzovic-nece-moci-bez-rata\/","og_site_name":"Sand\u017eak PRESS","article_published_time":"2016-10-15T20:45:56+00:00","og_image":[{"width":1280,"height":720,"url":"https:\/\/sandzakpress.net\/arhiva\/wp-content\/uploads\/2016\/10\/maxresdefault-19.jpg","type":"image\/jpeg"}],"author":"bosniak","twitter_card":"summary_large_image","twitter_misc":{"Written by":"bosniak","Est. reading time":"2 minute"},"schema":{"@context":"https:\/\/schema.org","@graph":[{"@type":"Article","@id":"https:\/\/sandzakpress.net\/arhiva\/dodik-u-cd-u-pravim-drzavu-hadzifejzovic-nece-moci-bez-rata\/#article","isPartOf":{"@id":"https:\/\/sandzakpress.net\/arhiva\/dodik-u-cd-u-pravim-drzavu-hadzifejzovic-nece-moci-bez-rata\/"},"author":{"name":"bosniak","@id":"https:\/\/sandzakpress.net\/arhiva\/#\/schema\/person\/c8baee722073534b583ea7bdb2e36c02"},"headline":"Dodik u CD-u: Pravim dr\u017eavu! Had\u017eifejzovi\u0107: Ne\u0107e mo\u0107i bez rata!","datePublished":"2016-10-15T20:45:56+00:00","mainEntityOfPage":{"@id":"https:\/\/sandzakpress.net\/arhiva\/dodik-u-cd-u-pravim-drzavu-hadzifejzovic-nece-moci-bez-rata\/"},"wordCount":471,"commentCount":14,"publisher":{"@id":"https:\/\/sandzakpress.net\/arhiva\/#\/schema\/person\/6e72b67d6e51910a1117b3b483ba20bd"},"image":{"@id":"https:\/\/sandzakpress.net\/arhiva\/dodik-u-cd-u-pravim-drzavu-hadzifejzovic-nece-moci-bez-rata\/#primaryimage"},"thumbnailUrl":"https:\/\/sandzakpress.net\/arhiva\/wp-content\/uploads\/2016\/10\/maxresdefault-19.jpg","keywords":["Bosna i Hercegovina"],"articleSection":["Bosna PRESS"],"inLanguage":"bs-BA","potentialAction":[{"@type":"CommentAction","name":"Comment","target":["https:\/\/sandzakpress.net\/arhiva\/dodik-u-cd-u-pravim-drzavu-hadzifejzovic-nece-moci-bez-rata\/#respond"]}]},{"@type":"WebPage","@id":"https:\/\/sandzakpress.net\/arhiva\/dodik-u-cd-u-pravim-drzavu-hadzifejzovic-nece-moci-bez-rata\/","url":"https:\/\/sandzakpress.net\/arhiva\/dodik-u-cd-u-pravim-drzavu-hadzifejzovic-nece-moci-bez-rata\/","name":"Dodik u CD-u: Pravim dr\u017eavu! Had\u017eifejzovi\u0107: Ne\u0107e mo\u0107i bez rata!","isPartOf":{"@id":"https:\/\/sandzakpress.net\/arhiva\/#website"},"primaryImageOfPage":{"@id":"https:\/\/sandzakpress.net\/arhiva\/dodik-u-cd-u-pravim-drzavu-hadzifejzovic-nece-moci-bez-rata\/#primaryimage"},"image":{"@id":"https:\/\/sandzakpress.net\/arhiva\/dodik-u-cd-u-pravim-drzavu-hadzifejzovic-nece-moci-bez-rata\/#primaryimage"},"thumbnailUrl":"https:\/\/sandzakpress.net\/arhiva\/wp-content\/uploads\/2016\/10\/maxresdefault-19.jpg","datePublished":"2016-10-15T20:45:56+00:00","breadcrumb":{"@id":"https:\/\/sandzakpress.net\/arhiva\/dodik-u-cd-u-pravim-drzavu-hadzifejzovic-nece-moci-bez-rata\/#breadcrumb"},"inLanguage":"bs-BA","potentialAction":[{"@type":"ReadAction","target":["https:\/\/sandzakpress.net\/arhiva\/dodik-u-cd-u-pravim-drzavu-hadzifejzovic-nece-moci-bez-rata\/"]}]},{"@type":"ImageObject","inLanguage":"bs-BA","@id":"https:\/\/sandzakpress.net\/arhiva\/dodik-u-cd-u-pravim-drzavu-hadzifejzovic-nece-moci-bez-rata\/#primaryimage","url":"https:\/\/sandzakpress.net\/arhiva\/wp-content\/uploads\/2016\/10\/maxresdefault-19.jpg","contentUrl":"https:\/\/sandzakpress.net\/arhiva\/wp-content\/uploads\/2016\/10\/maxresdefault-19.jpg","width":1280,"height":720},{"@type":"BreadcrumbList","@id":"https:\/\/sandzakpress.net\/arhiva\/dodik-u-cd-u-pravim-drzavu-hadzifejzovic-nece-moci-bez-rata\/#breadcrumb","itemListElement":[{"@type":"ListItem","position":1,"name":"Home","item":"https:\/\/sandzakpress.net\/arhiva\/"},{"@type":"ListItem","position":2,"name":"Dodik u CD-u: Pravim dr\u017eavu! Had\u017eifejzovi\u0107: Ne\u0107e mo\u0107i bez rata!"}]},{"@type":"WebSite","@id":"https:\/\/sandzakpress.net\/arhiva\/#website","url":"https:\/\/sandzakpress.net\/arhiva\/","name":"Sand\u017eak PRESS","description":"Prve elektronske novine u Sand\u017eaku","publisher":{"@id":"https:\/\/sandzakpress.net\/arhiva\/#\/schema\/person\/6e72b67d6e51910a1117b3b483ba20bd"},"potentialAction":[{"@type":"SearchAction","target":{"@type":"EntryPoint","urlTemplate":"https:\/\/sandzakpress.net\/arhiva\/?s={search_term_string}"},"query-input":{"@type":"PropertyValueSpecification","valueRequired":true,"valueName":"search_term_string"}}],"inLanguage":"bs-BA"},{"@type":["Person","Organization"],"@id":"https:\/\/sandzakpress.net\/arhiva\/#\/schema\/person\/6e72b67d6e51910a1117b3b483ba20bd","name":"Kul","image":{"@type":"ImageObject","inLanguage":"bs-BA","@id":"https:\/\/sandzakpress.net\/arhiva\/#\/schema\/person\/image\/","url":"https:\/\/secure.gravatar.com\/avatar\/42263f39aa27ac04c43cab85c280eb2e?s=96&d=mm&r=pg","contentUrl":"https:\/\/secure.gravatar.com\/avatar\/42263f39aa27ac04c43cab85c280eb2e?s=96&d=mm&r=pg","caption":"Kul"},"logo":{"@id":"https:\/\/sandzakpress.net\/arhiva\/#\/schema\/person\/image\/"}},{"@type":"Person","@id":"https:\/\/sandzakpress.net\/arhiva\/#\/schema\/person\/c8baee722073534b583ea7bdb2e36c02","name":"bosniak","image":{"@type":"ImageObject","inLanguage":"bs-BA","@id":"https:\/\/sandzakpress.net\/arhiva\/#\/schema\/person\/image\/","url":"https:\/\/secure.gravatar.com\/avatar\/a04fd330bfe3a36a72a0ad4a6d89fca7?s=96&d=mm&r=pg","contentUrl":"https:\/\/secure.gravatar.com\/avatar\/a04fd330bfe3a36a72a0ad4a6d89fca7?s=96&d=mm&r=pg","caption":"bosniak"},"url":"https:\/\/sandzakpress.net\/arhiva\/author\/bosniak\/"}]}},"_links":{"self":[{"href":"https:\/\/sandzakpress.net\/arhiva\/wp-json\/wp\/v2\/posts\/170764"}],"collection":[{"href":"https:\/\/sandzakpress.net\/arhiva\/wp-json\/wp\/v2\/posts"}],"about":[{"href":"https:\/\/sandzakpress.net\/arhiva\/wp-json\/wp\/v2\/types\/post"}],"author":[{"embeddable":true,"href":"https:\/\/sandzakpress.net\/arhiva\/wp-json\/wp\/v2\/users\/83"}],"replies":[{"embeddable":true,"href":"https:\/\/sandzakpress.net\/arhiva\/wp-json\/wp\/v2\/comments?post=170764"}],"version-history":[{"count":0,"href":"https:\/\/sandzakpress.net\/arhiva\/wp-json\/wp\/v2\/posts\/170764\/revisions"}],"wp:featuredmedia":[{"embeddable":true,"href":"https:\/\/sandzakpress.net\/arhiva\/wp-json\/wp\/v2\/media\/170766"}],"wp:attachment":[{"href":"https:\/\/sandzakpress.net\/arhiva\/wp-json\/wp\/v2\/media?parent=170764"}],"wp:term":[{"taxonomy":"category","embeddable":true,"href":"https:\/\/sandzakpress.net\/arhiva\/wp-json\/wp\/v2\/categories?post=170764"},{"taxonomy":"post_tag","embeddable":true,"href":"https:\/\/sandzakpress.net\/arhiva\/wp-json\/wp\/v2\/tags?post=170764"}],"curies":[{"name":"wp","href":"https:\/\/api.w.org\/{rel}","templated":true}]}}