{"id":17072,"date":"2011-06-23T10:18:37","date_gmt":"2011-06-23T08:18:37","guid":{"rendered":"https:\/\/sandzakpress.net\/arhiva\/?p=17072"},"modified":"2011-06-23T10:18:37","modified_gmt":"2011-06-23T08:18:37","slug":"konacan-izvjestaj-o-reviziji-godisnjeg-finansijskog-izjestaja-i-reviziji-efektivnosti-fonda-za-manjine","status":"publish","type":"post","link":"https:\/\/sandzakpress.net\/arhiva\/konacan-izvjestaj-o-reviziji-godisnjeg-finansijskog-izjestaja-i-reviziji-efektivnosti-fonda-za-manjine\/","title":{"rendered":"Kona\u010dan izvje\u0161taj o reviziji Godi\u0161njeg finansijskog izje\u0161taja i reviziji efektivnosti Fonda za manjine"},"content":{"rendered":"<p><strong><a href=\"https:\/\/sandzakpress.net\/arhiva\/wp-content\/uploads\/2011\/06\/cg-fond-300x231.jpg\"><img loading=\"lazy\" decoding=\"async\" class=\"alignleft size-full wp-image-17073\" src=\"https:\/\/sandzakpress.net\/arhiva\/wp-content\/uploads\/2011\/06\/cg-fond-300x231.jpg\" alt=\"\" width=\"300\" height=\"231\" \/><\/a>Ju\u017eni Sand\u017eak &#8211; Ovdje mo\u017eete preuzeti kna\u010dan izvje\u0161taj o reviziji  Godi\u0161njeg finansijskog izvje\u0161taja i reviziji efikasnosti Fonda za  manjine koji je uradila Dr\u017eavna revizorska institucija.<\/strong><\/p>\n<p><a href=\"http:\/\/www.bosnjaci.org.me\/wp-content\/uploads\/2011\/06\/Izvjestaj-o-reviziji-Godisnjeg-finansijskog-izvjestaja-i-reviziji-efektivnosti-Fonda-za-manjine-za-2010.-godinu.pdf\">Izvjestaj o reviziji Godisnjeg finansijskog izvjestaja i reviziji efektivnosti Fonda za manjine za 2010. godinu<\/a><\/p>\n<p>Izvor:<strong> Bosnjaci.org<\/strong><\/p>\n<p><!-- PHP 5.x --><\/p>\n","protected":false},"excerpt":{"rendered":"<p>Ju\u017eni Sand\u017eak &#8211; Ovdje mo\u017eete preuzeti kna\u010dan izvje\u0161taj o reviziji Godi\u0161njeg finansijskog izvje\u0161taja i reviziji efikasnosti Fonda za manjine koji je uradila Dr\u017eavna revizorska institucija. Izvjestaj o reviziji Godisnjeg finansijskog izvjestaja i reviziji efektivnosti Fonda za manjine za 2010. godinu Izvor: Bosnjaci.org<\/p>\n","protected":false},"author":13,"featured_media":17073,"comment_status":"open","ping_status":"open","sticky":false,"template":"","format":"standard","meta":{"footnotes":""},"categories":[398,397,396,395,399],"tags":[],"class_list":{"0":"post-17072","1":"post","2":"type-post","3":"status-publish","4":"format-standard","5":"has-post-thumbnail","7":"category-rozaje","8":"category-berane","9":"category-bijelo_polje","10":"category-pljevlja_","11":"category-plav_"},"yoast_head":"<!-- This site is optimized with the Yoast SEO Premium plugin v23.1 (Yoast SEO v24.9) - https:\/\/yoast.com\/wordpress\/plugins\/seo\/ -->\n<title>Kona\u010dan izvje\u0161taj o reviziji Godi\u0161njeg finansijskog izje\u0161taja i reviziji efektivnosti Fonda za manjine<\/title>\n<meta name=\"robots\" content=\"index, follow, max-snippet:-1, max-image-preview:large, max-video-preview:-1\" \/>\n<link rel=\"canonical\" href=\"https:\/\/sandzakpress.net\/arhiva\/konacan-izvjestaj-o-reviziji-godisnjeg-finansijskog-izjestaja-i-reviziji-efektivnosti-fonda-za-manjine\/\" \/>\n<meta property=\"og:locale\" content=\"bs_BA\" \/>\n<meta property=\"og:type\" content=\"article\" \/>\n<meta property=\"og:title\" content=\"Kona\u010dan izvje\u0161taj o reviziji Godi\u0161njeg finansijskog izje\u0161taja i reviziji efektivnosti Fonda za manjine\" \/>\n<meta property=\"og:description\" content=\"Ju\u017eni Sand\u017eak &#8211; Ovdje mo\u017eete preuzeti kna\u010dan izvje\u0161taj o reviziji Godi\u0161njeg finansijskog izvje\u0161taja i reviziji efikasnosti Fonda za manjine koji je uradila Dr\u017eavna revizorska institucija. Izvjestaj o reviziji Godisnjeg finansijskog izvjestaja i reviziji efektivnosti Fonda za manjine za 2010. godinu Izvor: Bosnjaci.org\" \/>\n<meta property=\"og:url\" content=\"https:\/\/sandzakpress.net\/arhiva\/konacan-izvjestaj-o-reviziji-godisnjeg-finansijskog-izjestaja-i-reviziji-efektivnosti-fonda-za-manjine\/\" \/>\n<meta property=\"og:site_name\" content=\"Sand\u017eak PRESS\" \/>\n<meta property=\"article:published_time\" content=\"2011-06-23T08:18:37+00:00\" \/>\n<meta property=\"og:image\" content=\"https:\/\/sandzakpress.net\/arhiva\/wp-content\/uploads\/2011\/06\/cg-fond-300x231.jpg\" \/>\n\t<meta property=\"og:image:width\" content=\"300\" \/>\n\t<meta property=\"og:image:height\" content=\"231\" \/>\n\t<meta property=\"og:image:type\" content=\"image\/jpeg\" \/>\n<meta name=\"twitter:card\" content=\"summary_large_image\" \/>\n<meta name=\"twitter:label1\" content=\"Written by\" \/>\n\t<meta name=\"twitter:data1\" content=\"\" \/>\n<script type=\"application\/ld+json\" class=\"yoast-schema-graph\">{\"@context\":\"https:\/\/schema.org\",\"@graph\":[{\"@type\":\"Article\",\"@id\":\"https:\/\/sandzakpress.net\/arhiva\/konacan-izvjestaj-o-reviziji-godisnjeg-finansijskog-izjestaja-i-reviziji-efektivnosti-fonda-za-manjine\/#article\",\"isPartOf\":{\"@id\":\"https:\/\/sandzakpress.net\/arhiva\/konacan-izvjestaj-o-reviziji-godisnjeg-finansijskog-izjestaja-i-reviziji-efektivnosti-fonda-za-manjine\/\"},\"author\":{\"name\":\"\",\"@id\":\"\"},\"headline\":\"Kona\u010dan izvje\u0161taj o reviziji Godi\u0161njeg finansijskog izje\u0161taja i reviziji efektivnosti Fonda za manjine\",\"datePublished\":\"2011-06-23T08:18:37+00:00\",\"mainEntityOfPage\":{\"@id\":\"https:\/\/sandzakpress.net\/arhiva\/konacan-izvjestaj-o-reviziji-godisnjeg-finansijskog-izjestaja-i-reviziji-efektivnosti-fonda-za-manjine\/\"},\"wordCount\":67,\"commentCount\":0,\"publisher\":{\"@id\":\"https:\/\/sandzakpress.net\/arhiva\/#\/schema\/person\/6e72b67d6e51910a1117b3b483ba20bd\"},\"image\":{\"@id\":\"https:\/\/sandzakpress.net\/arhiva\/konacan-izvjestaj-o-reviziji-godisnjeg-finansijskog-izjestaja-i-reviziji-efektivnosti-fonda-za-manjine\/#primaryimage\"},\"thumbnailUrl\":\"https:\/\/sandzakpress.net\/arhiva\/wp-content\/uploads\/2011\/06\/cg-fond-300x231.jpg\",\"articleSection\":[\"Ro\u017eaje\",\"Berane\",\"Bijelo Polje\",\"Pljevlja\",\"Plav\"],\"inLanguage\":\"bs-BA\",\"potentialAction\":[{\"@type\":\"CommentAction\",\"name\":\"Comment\",\"target\":[\"https:\/\/sandzakpress.net\/arhiva\/konacan-izvjestaj-o-reviziji-godisnjeg-finansijskog-izjestaja-i-reviziji-efektivnosti-fonda-za-manjine\/#respond\"]}]},{\"@type\":\"WebPage\",\"@id\":\"https:\/\/sandzakpress.net\/arhiva\/konacan-izvjestaj-o-reviziji-godisnjeg-finansijskog-izjestaja-i-reviziji-efektivnosti-fonda-za-manjine\/\",\"url\":\"https:\/\/sandzakpress.net\/arhiva\/konacan-izvjestaj-o-reviziji-godisnjeg-finansijskog-izjestaja-i-reviziji-efektivnosti-fonda-za-manjine\/\",\"name\":\"Kona\u010dan izvje\u0161taj o reviziji Godi\u0161njeg finansijskog izje\u0161taja i reviziji efektivnosti Fonda za manjine\",\"isPartOf\":{\"@id\":\"https:\/\/sandzakpress.net\/arhiva\/#website\"},\"primaryImageOfPage\":{\"@id\":\"https:\/\/sandzakpress.net\/arhiva\/konacan-izvjestaj-o-reviziji-godisnjeg-finansijskog-izjestaja-i-reviziji-efektivnosti-fonda-za-manjine\/#primaryimage\"},\"image\":{\"@id\":\"https:\/\/sandzakpress.net\/arhiva\/konacan-izvjestaj-o-reviziji-godisnjeg-finansijskog-izjestaja-i-reviziji-efektivnosti-fonda-za-manjine\/#primaryimage\"},\"thumbnailUrl\":\"https:\/\/sandzakpress.net\/arhiva\/wp-content\/uploads\/2011\/06\/cg-fond-300x231.jpg\",\"datePublished\":\"2011-06-23T08:18:37+00:00\",\"breadcrumb\":{\"@id\":\"https:\/\/sandzakpress.net\/arhiva\/konacan-izvjestaj-o-reviziji-godisnjeg-finansijskog-izjestaja-i-reviziji-efektivnosti-fonda-za-manjine\/#breadcrumb\"},\"inLanguage\":\"bs-BA\",\"potentialAction\":[{\"@type\":\"ReadAction\",\"target\":[\"https:\/\/sandzakpress.net\/arhiva\/konacan-izvjestaj-o-reviziji-godisnjeg-finansijskog-izjestaja-i-reviziji-efektivnosti-fonda-za-manjine\/\"]}]},{\"@type\":\"ImageObject\",\"inLanguage\":\"bs-BA\",\"@id\":\"https:\/\/sandzakpress.net\/arhiva\/konacan-izvjestaj-o-reviziji-godisnjeg-finansijskog-izjestaja-i-reviziji-efektivnosti-fonda-za-manjine\/#primaryimage\",\"url\":\"https:\/\/sandzakpress.net\/arhiva\/wp-content\/uploads\/2011\/06\/cg-fond-300x231.jpg\",\"contentUrl\":\"https:\/\/sandzakpress.net\/arhiva\/wp-content\/uploads\/2011\/06\/cg-fond-300x231.jpg\",\"width\":300,\"height\":231},{\"@type\":\"BreadcrumbList\",\"@id\":\"https:\/\/sandzakpress.net\/arhiva\/konacan-izvjestaj-o-reviziji-godisnjeg-finansijskog-izjestaja-i-reviziji-efektivnosti-fonda-za-manjine\/#breadcrumb\",\"itemListElement\":[{\"@type\":\"ListItem\",\"position\":1,\"name\":\"Home\",\"item\":\"https:\/\/sandzakpress.net\/arhiva\/\"},{\"@type\":\"ListItem\",\"position\":2,\"name\":\"Kona\u010dan izvje\u0161taj o reviziji Godi\u0161njeg finansijskog izje\u0161taja i reviziji efektivnosti Fonda za manjine\"}]},{\"@type\":\"WebSite\",\"@id\":\"https:\/\/sandzakpress.net\/arhiva\/#website\",\"url\":\"https:\/\/sandzakpress.net\/arhiva\/\",\"name\":\"Sand\u017eak PRESS\",\"description\":\"Prve elektronske novine u Sand\u017eaku\",\"publisher\":{\"@id\":\"https:\/\/sandzakpress.net\/arhiva\/#\/schema\/person\/6e72b67d6e51910a1117b3b483ba20bd\"},\"potentialAction\":[{\"@type\":\"SearchAction\",\"target\":{\"@type\":\"EntryPoint\",\"urlTemplate\":\"https:\/\/sandzakpress.net\/arhiva\/?s={search_term_string}\"},\"query-input\":{\"@type\":\"PropertyValueSpecification\",\"valueRequired\":true,\"valueName\":\"search_term_string\"}}],\"inLanguage\":\"bs-BA\"},{\"@type\":[\"Person\",\"Organization\"],\"@id\":\"https:\/\/sandzakpress.net\/arhiva\/#\/schema\/person\/6e72b67d6e51910a1117b3b483ba20bd\",\"name\":\"Kul\",\"image\":{\"@type\":\"ImageObject\",\"inLanguage\":\"bs-BA\",\"@id\":\"https:\/\/sandzakpress.net\/arhiva\/#\/schema\/person\/image\/\",\"url\":\"https:\/\/secure.gravatar.com\/avatar\/42263f39aa27ac04c43cab85c280eb2e?s=96&d=mm&r=pg\",\"contentUrl\":\"https:\/\/secure.gravatar.com\/avatar\/42263f39aa27ac04c43cab85c280eb2e?s=96&d=mm&r=pg\",\"caption\":\"Kul\"},\"logo\":{\"@id\":\"https:\/\/sandzakpress.net\/arhiva\/#\/schema\/person\/image\/\"}},{\"@type\":\"Person\",\"@id\":\"\",\"url\":\"https:\/\/sandzakpress.net\/arhiva\/author\/\"}]}<\/script>\n<!-- \/ Yoast SEO Premium plugin. -->","yoast_head_json":{"title":"Kona\u010dan izvje\u0161taj o reviziji Godi\u0161njeg finansijskog izje\u0161taja i reviziji efektivnosti Fonda za manjine","robots":{"index":"index","follow":"follow","max-snippet":"max-snippet:-1","max-image-preview":"max-image-preview:large","max-video-preview":"max-video-preview:-1"},"canonical":"https:\/\/sandzakpress.net\/arhiva\/konacan-izvjestaj-o-reviziji-godisnjeg-finansijskog-izjestaja-i-reviziji-efektivnosti-fonda-za-manjine\/","og_locale":"bs_BA","og_type":"article","og_title":"Kona\u010dan izvje\u0161taj o reviziji Godi\u0161njeg finansijskog izje\u0161taja i reviziji efektivnosti Fonda za manjine","og_description":"Ju\u017eni Sand\u017eak &#8211; Ovdje mo\u017eete preuzeti kna\u010dan izvje\u0161taj o reviziji Godi\u0161njeg finansijskog izvje\u0161taja i reviziji efikasnosti Fonda za manjine koji je uradila Dr\u017eavna revizorska institucija. Izvjestaj o reviziji Godisnjeg finansijskog izvjestaja i reviziji efektivnosti Fonda za manjine za 2010. godinu Izvor: Bosnjaci.org","og_url":"https:\/\/sandzakpress.net\/arhiva\/konacan-izvjestaj-o-reviziji-godisnjeg-finansijskog-izjestaja-i-reviziji-efektivnosti-fonda-za-manjine\/","og_site_name":"Sand\u017eak PRESS","article_published_time":"2011-06-23T08:18:37+00:00","og_image":[{"width":300,"height":231,"url":"https:\/\/sandzakpress.net\/arhiva\/wp-content\/uploads\/2011\/06\/cg-fond-300x231.jpg","type":"image\/jpeg"}],"twitter_card":"summary_large_image","twitter_misc":{"Written by":""},"schema":{"@context":"https:\/\/schema.org","@graph":[{"@type":"Article","@id":"https:\/\/sandzakpress.net\/arhiva\/konacan-izvjestaj-o-reviziji-godisnjeg-finansijskog-izjestaja-i-reviziji-efektivnosti-fonda-za-manjine\/#article","isPartOf":{"@id":"https:\/\/sandzakpress.net\/arhiva\/konacan-izvjestaj-o-reviziji-godisnjeg-finansijskog-izjestaja-i-reviziji-efektivnosti-fonda-za-manjine\/"},"author":{"name":"","@id":""},"headline":"Kona\u010dan izvje\u0161taj o reviziji Godi\u0161njeg finansijskog izje\u0161taja i reviziji efektivnosti Fonda za manjine","datePublished":"2011-06-23T08:18:37+00:00","mainEntityOfPage":{"@id":"https:\/\/sandzakpress.net\/arhiva\/konacan-izvjestaj-o-reviziji-godisnjeg-finansijskog-izjestaja-i-reviziji-efektivnosti-fonda-za-manjine\/"},"wordCount":67,"commentCount":0,"publisher":{"@id":"https:\/\/sandzakpress.net\/arhiva\/#\/schema\/person\/6e72b67d6e51910a1117b3b483ba20bd"},"image":{"@id":"https:\/\/sandzakpress.net\/arhiva\/konacan-izvjestaj-o-reviziji-godisnjeg-finansijskog-izjestaja-i-reviziji-efektivnosti-fonda-za-manjine\/#primaryimage"},"thumbnailUrl":"https:\/\/sandzakpress.net\/arhiva\/wp-content\/uploads\/2011\/06\/cg-fond-300x231.jpg","articleSection":["Ro\u017eaje","Berane","Bijelo Polje","Pljevlja","Plav"],"inLanguage":"bs-BA","potentialAction":[{"@type":"CommentAction","name":"Comment","target":["https:\/\/sandzakpress.net\/arhiva\/konacan-izvjestaj-o-reviziji-godisnjeg-finansijskog-izjestaja-i-reviziji-efektivnosti-fonda-za-manjine\/#respond"]}]},{"@type":"WebPage","@id":"https:\/\/sandzakpress.net\/arhiva\/konacan-izvjestaj-o-reviziji-godisnjeg-finansijskog-izjestaja-i-reviziji-efektivnosti-fonda-za-manjine\/","url":"https:\/\/sandzakpress.net\/arhiva\/konacan-izvjestaj-o-reviziji-godisnjeg-finansijskog-izjestaja-i-reviziji-efektivnosti-fonda-za-manjine\/","name":"Kona\u010dan izvje\u0161taj o reviziji Godi\u0161njeg finansijskog izje\u0161taja i reviziji efektivnosti Fonda za manjine","isPartOf":{"@id":"https:\/\/sandzakpress.net\/arhiva\/#website"},"primaryImageOfPage":{"@id":"https:\/\/sandzakpress.net\/arhiva\/konacan-izvjestaj-o-reviziji-godisnjeg-finansijskog-izjestaja-i-reviziji-efektivnosti-fonda-za-manjine\/#primaryimage"},"image":{"@id":"https:\/\/sandzakpress.net\/arhiva\/konacan-izvjestaj-o-reviziji-godisnjeg-finansijskog-izjestaja-i-reviziji-efektivnosti-fonda-za-manjine\/#primaryimage"},"thumbnailUrl":"https:\/\/sandzakpress.net\/arhiva\/wp-content\/uploads\/2011\/06\/cg-fond-300x231.jpg","datePublished":"2011-06-23T08:18:37+00:00","breadcrumb":{"@id":"https:\/\/sandzakpress.net\/arhiva\/konacan-izvjestaj-o-reviziji-godisnjeg-finansijskog-izjestaja-i-reviziji-efektivnosti-fonda-za-manjine\/#breadcrumb"},"inLanguage":"bs-BA","potentialAction":[{"@type":"ReadAction","target":["https:\/\/sandzakpress.net\/arhiva\/konacan-izvjestaj-o-reviziji-godisnjeg-finansijskog-izjestaja-i-reviziji-efektivnosti-fonda-za-manjine\/"]}]},{"@type":"ImageObject","inLanguage":"bs-BA","@id":"https:\/\/sandzakpress.net\/arhiva\/konacan-izvjestaj-o-reviziji-godisnjeg-finansijskog-izjestaja-i-reviziji-efektivnosti-fonda-za-manjine\/#primaryimage","url":"https:\/\/sandzakpress.net\/arhiva\/wp-content\/uploads\/2011\/06\/cg-fond-300x231.jpg","contentUrl":"https:\/\/sandzakpress.net\/arhiva\/wp-content\/uploads\/2011\/06\/cg-fond-300x231.jpg","width":300,"height":231},{"@type":"BreadcrumbList","@id":"https:\/\/sandzakpress.net\/arhiva\/konacan-izvjestaj-o-reviziji-godisnjeg-finansijskog-izjestaja-i-reviziji-efektivnosti-fonda-za-manjine\/#breadcrumb","itemListElement":[{"@type":"ListItem","position":1,"name":"Home","item":"https:\/\/sandzakpress.net\/arhiva\/"},{"@type":"ListItem","position":2,"name":"Kona\u010dan izvje\u0161taj o reviziji Godi\u0161njeg finansijskog izje\u0161taja i reviziji efektivnosti Fonda za manjine"}]},{"@type":"WebSite","@id":"https:\/\/sandzakpress.net\/arhiva\/#website","url":"https:\/\/sandzakpress.net\/arhiva\/","name":"Sand\u017eak PRESS","description":"Prve elektronske novine u Sand\u017eaku","publisher":{"@id":"https:\/\/sandzakpress.net\/arhiva\/#\/schema\/person\/6e72b67d6e51910a1117b3b483ba20bd"},"potentialAction":[{"@type":"SearchAction","target":{"@type":"EntryPoint","urlTemplate":"https:\/\/sandzakpress.net\/arhiva\/?s={search_term_string}"},"query-input":{"@type":"PropertyValueSpecification","valueRequired":true,"valueName":"search_term_string"}}],"inLanguage":"bs-BA"},{"@type":["Person","Organization"],"@id":"https:\/\/sandzakpress.net\/arhiva\/#\/schema\/person\/6e72b67d6e51910a1117b3b483ba20bd","name":"Kul","image":{"@type":"ImageObject","inLanguage":"bs-BA","@id":"https:\/\/sandzakpress.net\/arhiva\/#\/schema\/person\/image\/","url":"https:\/\/secure.gravatar.com\/avatar\/42263f39aa27ac04c43cab85c280eb2e?s=96&d=mm&r=pg","contentUrl":"https:\/\/secure.gravatar.com\/avatar\/42263f39aa27ac04c43cab85c280eb2e?s=96&d=mm&r=pg","caption":"Kul"},"logo":{"@id":"https:\/\/sandzakpress.net\/arhiva\/#\/schema\/person\/image\/"}},{"@type":"Person","@id":"","url":"https:\/\/sandzakpress.net\/arhiva\/author\/"}]}},"_links":{"self":[{"href":"https:\/\/sandzakpress.net\/arhiva\/wp-json\/wp\/v2\/posts\/17072"}],"collection":[{"href":"https:\/\/sandzakpress.net\/arhiva\/wp-json\/wp\/v2\/posts"}],"about":[{"href":"https:\/\/sandzakpress.net\/arhiva\/wp-json\/wp\/v2\/types\/post"}],"author":[{"embeddable":true,"href":"https:\/\/sandzakpress.net\/arhiva\/wp-json\/wp\/v2\/users\/13"}],"replies":[{"embeddable":true,"href":"https:\/\/sandzakpress.net\/arhiva\/wp-json\/wp\/v2\/comments?post=17072"}],"version-history":[{"count":0,"href":"https:\/\/sandzakpress.net\/arhiva\/wp-json\/wp\/v2\/posts\/17072\/revisions"}],"wp:featuredmedia":[{"embeddable":true,"href":"https:\/\/sandzakpress.net\/arhiva\/wp-json\/wp\/v2\/media\/17073"}],"wp:attachment":[{"href":"https:\/\/sandzakpress.net\/arhiva\/wp-json\/wp\/v2\/media?parent=17072"}],"wp:term":[{"taxonomy":"category","embeddable":true,"href":"https:\/\/sandzakpress.net\/arhiva\/wp-json\/wp\/v2\/categories?post=17072"},{"taxonomy":"post_tag","embeddable":true,"href":"https:\/\/sandzakpress.net\/arhiva\/wp-json\/wp\/v2\/tags?post=17072"}],"curies":[{"name":"wp","href":"https:\/\/api.w.org\/{rel}","templated":true}]}}