{"id":170605,"date":"2016-10-13T20:07:29","date_gmt":"2016-10-13T18:07:29","guid":{"rendered":"https:\/\/sandzakpress.net\/arhiva\/?p=170605"},"modified":"2016-10-13T20:07:29","modified_gmt":"2016-10-13T18:07:29","slug":"kandidati-bdz-sandzaka-izabrani-za-direktore-javnih-preduzeca-u-prijepolju","status":"publish","type":"post","link":"https:\/\/sandzakpress.net\/arhiva\/kandidati-bdz-sandzaka-izabrani-za-direktore-javnih-preduzeca-u-prijepolju\/","title":{"rendered":"Kandidati BDZ Sand\u017eaka izabrani za direktore javnih preduze\u0107a u Prijepolju"},"content":{"rendered":"<p><img loading=\"lazy\" decoding=\"async\" class=\"aligncenter size-full wp-image-170606\" src=\"https:\/\/sandzakpress.net\/arhiva\/wp-content\/uploads\/2016\/10\/direkori-bdz-prijepolje.jpg\" alt=\"direkori-bdz-prijepolje\" width=\"1048\" height=\"472\" srcset=\"https:\/\/sandzakpress.net\/arhiva\/wp-content\/uploads\/2016\/10\/direkori-bdz-prijepolje.jpg 1048w, https:\/\/sandzakpress.net\/arhiva\/wp-content\/uploads\/2016\/10\/direkori-bdz-prijepolje-768x346.jpg 768w, https:\/\/sandzakpress.net\/arhiva\/wp-content\/uploads\/2016\/10\/direkori-bdz-prijepolje-616x277.jpg 616w\" sizes=\"(max-width: 1048px) 100vw, 1048px\" \/><strong>Na ju\u010dera\u0161njoj Skup\u0161tini donijete su odluke o razrije\u0161enju starih i postavljanju novih direktora javnih preduze\u0107a u Prijepolju. Kandidati BDZ San\u017eaka izabrani za v.d. direktore ovih preduze\u0107a.<\/strong><\/p>\n<p>Na funkciju v.d. direktora Centra za socijalni rad postavljena je Sabira Had\u017eiabdi\u0107, za v.d. direktora Direkcije za izgradnju izabran je Remzija Fetahovi\u0107, dok je za v.d. na\u010delnika op\u0161tinske uprave postavljena Sabira Hod\u017ei\u0107. Gospo\u0111a Had\u017eiabdi\u0107 isti\u010de da su na 3 od 5 funkcija dogovorenih po koalicionom dogovoru iz BDZ Sand\u017eaka u Prijepolju postavljene \u017eene, \u0161to, dodaje, pokazuje kakav je polo\u017eaj \u017eena u ovoj stranci.<\/p>\n<p>Remzija Fetahovi\u0107 isti\u010de da su gra\u0111ani ogor\u010deni na prethodni rad Direkcije, dok su na pozicijama direktora bili \u010dlanovi prethodne vlasti okupljene oko SDP-a. On dodaje da \u0107e odmah od dana primopredaje du\u017enosti ova Direkcija krenuti sa ozbiljnijim radom.<\/p>\n<p>V.d. na\u010delnica op\u0161tinske uprave Sabira Hod\u017ei\u0107 isti\u010de da je glavni zadatak da se radi u skladu sa zakonom i na op\u0161te dobrto svih gra\u0111ana Prijepolja.<\/p>\n<p>Podsje\u0107amo, vlast u Prijepolju obna\u0161a koalicija \u010diju okosnicu \u010dine SNS i BDZ Sand\u017eaka.<\/p>\n<div class=\"youtube-embed\" data-video_id=\"ZyrHOjlr9As\"><iframe loading=\"lazy\" title=\"IZABRANI NOVI DIREKTORI JAVNIH PREDUZE\u0106A I USTANOVA U PRIJEPOLJU\" width=\"696\" height=\"522\" src=\"https:\/\/www.youtube.com\/embed\/ZyrHOjlr9As?feature=oembed&#038;enablejsapi=1\" frameborder=\"0\" allow=\"accelerometer; autoplay; encrypted-media; gyroscope; picture-in-picture\" allowfullscreen><\/iframe><\/div>\n<p>(SANA)<\/p>\n","protected":false},"excerpt":{"rendered":"<p>Na ju\u010dera\u0161njoj Skup\u0161tini donijete su odluke o razrije\u0161enju starih i postavljanju novih direktora javnih preduze\u0107a u Prijepolju. Kandidati BDZ San\u017eaka izabrani za v.d. direktore ovih preduze\u0107a. Na funkciju v.d. direktora Centra za socijalni rad postavljena je Sabira Had\u017eiabdi\u0107, za v.d. direktora Direkcije za izgradnju izabran je Remzija Fetahovi\u0107, dok je za v.d. na\u010delnika op\u0161tinske uprave [&hellip;]<\/p>\n","protected":false},"author":83,"featured_media":170606,"comment_status":"open","ping_status":"open","sticky":false,"template":"","format":"standard","meta":{"footnotes":""},"categories":[1,392,8957],"tags":[10223],"class_list":{"0":"post-170605","1":"post","2":"type-post","3":"status-publish","4":"format-standard","5":"has-post-thumbnail","7":"category-politika","8":"category-prijepolje_","9":"category-vijesti-dana","10":"tag-bdz"},"yoast_head":"<!-- This site is optimized with the Yoast SEO Premium plugin v23.1 (Yoast SEO v24.9) - https:\/\/yoast.com\/wordpress\/plugins\/seo\/ -->\n<title>Kandidati BDZ Sand\u017eaka izabrani za direktore javnih preduze\u0107a u Prijepolju<\/title>\n<meta name=\"robots\" content=\"index, follow, max-snippet:-1, max-image-preview:large, max-video-preview:-1\" \/>\n<link rel=\"canonical\" href=\"https:\/\/sandzakpress.net\/arhiva\/kandidati-bdz-sandzaka-izabrani-za-direktore-javnih-preduzeca-u-prijepolju\/\" \/>\n<meta property=\"og:locale\" content=\"bs_BA\" \/>\n<meta property=\"og:type\" content=\"article\" \/>\n<meta property=\"og:title\" content=\"Kandidati BDZ Sand\u017eaka izabrani za direktore javnih preduze\u0107a u Prijepolju\" \/>\n<meta property=\"og:description\" content=\"Na ju\u010dera\u0161njoj Skup\u0161tini donijete su odluke o razrije\u0161enju starih i postavljanju novih direktora javnih preduze\u0107a u Prijepolju. Kandidati BDZ San\u017eaka izabrani za v.d. direktore ovih preduze\u0107a. Na funkciju v.d. direktora Centra za socijalni rad postavljena je Sabira Had\u017eiabdi\u0107, za v.d. direktora Direkcije za izgradnju izabran je Remzija Fetahovi\u0107, dok je za v.d. na\u010delnika op\u0161tinske uprave [&hellip;]\" \/>\n<meta property=\"og:url\" content=\"https:\/\/sandzakpress.net\/arhiva\/kandidati-bdz-sandzaka-izabrani-za-direktore-javnih-preduzeca-u-prijepolju\/\" \/>\n<meta property=\"og:site_name\" content=\"Sand\u017eak PRESS\" \/>\n<meta property=\"article:published_time\" content=\"2016-10-13T18:07:29+00:00\" \/>\n<meta property=\"og:image\" content=\"https:\/\/sandzakpress.net\/arhiva\/wp-content\/uploads\/2016\/10\/direkori-bdz-prijepolje.jpg\" \/>\n\t<meta property=\"og:image:width\" content=\"1048\" \/>\n\t<meta property=\"og:image:height\" content=\"472\" \/>\n\t<meta property=\"og:image:type\" content=\"image\/jpeg\" \/>\n<meta name=\"author\" content=\"bosniak\" \/>\n<meta name=\"twitter:card\" content=\"summary_large_image\" \/>\n<meta name=\"twitter:label1\" content=\"Written by\" \/>\n\t<meta name=\"twitter:data1\" content=\"bosniak\" \/>\n\t<meta name=\"twitter:label2\" content=\"Est. reading time\" \/>\n\t<meta name=\"twitter:data2\" content=\"1 minuta\" \/>\n<script type=\"application\/ld+json\" class=\"yoast-schema-graph\">{\"@context\":\"https:\/\/schema.org\",\"@graph\":[{\"@type\":\"Article\",\"@id\":\"https:\/\/sandzakpress.net\/arhiva\/kandidati-bdz-sandzaka-izabrani-za-direktore-javnih-preduzeca-u-prijepolju\/#article\",\"isPartOf\":{\"@id\":\"https:\/\/sandzakpress.net\/arhiva\/kandidati-bdz-sandzaka-izabrani-za-direktore-javnih-preduzeca-u-prijepolju\/\"},\"author\":{\"name\":\"bosniak\",\"@id\":\"https:\/\/sandzakpress.net\/arhiva\/#\/schema\/person\/c8baee722073534b583ea7bdb2e36c02\"},\"headline\":\"Kandidati BDZ Sand\u017eaka izabrani za direktore javnih preduze\u0107a u Prijepolju\",\"datePublished\":\"2016-10-13T18:07:29+00:00\",\"mainEntityOfPage\":{\"@id\":\"https:\/\/sandzakpress.net\/arhiva\/kandidati-bdz-sandzaka-izabrani-za-direktore-javnih-preduzeca-u-prijepolju\/\"},\"wordCount\":218,\"commentCount\":14,\"publisher\":{\"@id\":\"https:\/\/sandzakpress.net\/arhiva\/#\/schema\/person\/6e72b67d6e51910a1117b3b483ba20bd\"},\"image\":{\"@id\":\"https:\/\/sandzakpress.net\/arhiva\/kandidati-bdz-sandzaka-izabrani-za-direktore-javnih-preduzeca-u-prijepolju\/#primaryimage\"},\"thumbnailUrl\":\"https:\/\/sandzakpress.net\/arhiva\/wp-content\/uploads\/2016\/10\/direkori-bdz-prijepolje.jpg\",\"keywords\":[\"BDZ\"],\"articleSection\":[\"Politika\",\"Prijepolje\",\"VIJESTI DANA\"],\"inLanguage\":\"bs-BA\",\"potentialAction\":[{\"@type\":\"CommentAction\",\"name\":\"Comment\",\"target\":[\"https:\/\/sandzakpress.net\/arhiva\/kandidati-bdz-sandzaka-izabrani-za-direktore-javnih-preduzeca-u-prijepolju\/#respond\"]}]},{\"@type\":\"WebPage\",\"@id\":\"https:\/\/sandzakpress.net\/arhiva\/kandidati-bdz-sandzaka-izabrani-za-direktore-javnih-preduzeca-u-prijepolju\/\",\"url\":\"https:\/\/sandzakpress.net\/arhiva\/kandidati-bdz-sandzaka-izabrani-za-direktore-javnih-preduzeca-u-prijepolju\/\",\"name\":\"Kandidati BDZ Sand\u017eaka izabrani za direktore javnih preduze\u0107a u Prijepolju\",\"isPartOf\":{\"@id\":\"https:\/\/sandzakpress.net\/arhiva\/#website\"},\"primaryImageOfPage\":{\"@id\":\"https:\/\/sandzakpress.net\/arhiva\/kandidati-bdz-sandzaka-izabrani-za-direktore-javnih-preduzeca-u-prijepolju\/#primaryimage\"},\"image\":{\"@id\":\"https:\/\/sandzakpress.net\/arhiva\/kandidati-bdz-sandzaka-izabrani-za-direktore-javnih-preduzeca-u-prijepolju\/#primaryimage\"},\"thumbnailUrl\":\"https:\/\/sandzakpress.net\/arhiva\/wp-content\/uploads\/2016\/10\/direkori-bdz-prijepolje.jpg\",\"datePublished\":\"2016-10-13T18:07:29+00:00\",\"breadcrumb\":{\"@id\":\"https:\/\/sandzakpress.net\/arhiva\/kandidati-bdz-sandzaka-izabrani-za-direktore-javnih-preduzeca-u-prijepolju\/#breadcrumb\"},\"inLanguage\":\"bs-BA\",\"potentialAction\":[{\"@type\":\"ReadAction\",\"target\":[\"https:\/\/sandzakpress.net\/arhiva\/kandidati-bdz-sandzaka-izabrani-za-direktore-javnih-preduzeca-u-prijepolju\/\"]}]},{\"@type\":\"ImageObject\",\"inLanguage\":\"bs-BA\",\"@id\":\"https:\/\/sandzakpress.net\/arhiva\/kandidati-bdz-sandzaka-izabrani-za-direktore-javnih-preduzeca-u-prijepolju\/#primaryimage\",\"url\":\"https:\/\/sandzakpress.net\/arhiva\/wp-content\/uploads\/2016\/10\/direkori-bdz-prijepolje.jpg\",\"contentUrl\":\"https:\/\/sandzakpress.net\/arhiva\/wp-content\/uploads\/2016\/10\/direkori-bdz-prijepolje.jpg\",\"width\":1048,\"height\":472},{\"@type\":\"BreadcrumbList\",\"@id\":\"https:\/\/sandzakpress.net\/arhiva\/kandidati-bdz-sandzaka-izabrani-za-direktore-javnih-preduzeca-u-prijepolju\/#breadcrumb\",\"itemListElement\":[{\"@type\":\"ListItem\",\"position\":1,\"name\":\"Home\",\"item\":\"https:\/\/sandzakpress.net\/arhiva\/\"},{\"@type\":\"ListItem\",\"position\":2,\"name\":\"Kandidati BDZ Sand\u017eaka izabrani za direktore javnih preduze\u0107a u Prijepolju\"}]},{\"@type\":\"WebSite\",\"@id\":\"https:\/\/sandzakpress.net\/arhiva\/#website\",\"url\":\"https:\/\/sandzakpress.net\/arhiva\/\",\"name\":\"Sand\u017eak PRESS\",\"description\":\"Prve elektronske novine u Sand\u017eaku\",\"publisher\":{\"@id\":\"https:\/\/sandzakpress.net\/arhiva\/#\/schema\/person\/6e72b67d6e51910a1117b3b483ba20bd\"},\"potentialAction\":[{\"@type\":\"SearchAction\",\"target\":{\"@type\":\"EntryPoint\",\"urlTemplate\":\"https:\/\/sandzakpress.net\/arhiva\/?s={search_term_string}\"},\"query-input\":{\"@type\":\"PropertyValueSpecification\",\"valueRequired\":true,\"valueName\":\"search_term_string\"}}],\"inLanguage\":\"bs-BA\"},{\"@type\":[\"Person\",\"Organization\"],\"@id\":\"https:\/\/sandzakpress.net\/arhiva\/#\/schema\/person\/6e72b67d6e51910a1117b3b483ba20bd\",\"name\":\"Kul\",\"image\":{\"@type\":\"ImageObject\",\"inLanguage\":\"bs-BA\",\"@id\":\"https:\/\/sandzakpress.net\/arhiva\/#\/schema\/person\/image\/\",\"url\":\"https:\/\/secure.gravatar.com\/avatar\/42263f39aa27ac04c43cab85c280eb2e?s=96&d=mm&r=pg\",\"contentUrl\":\"https:\/\/secure.gravatar.com\/avatar\/42263f39aa27ac04c43cab85c280eb2e?s=96&d=mm&r=pg\",\"caption\":\"Kul\"},\"logo\":{\"@id\":\"https:\/\/sandzakpress.net\/arhiva\/#\/schema\/person\/image\/\"}},{\"@type\":\"Person\",\"@id\":\"https:\/\/sandzakpress.net\/arhiva\/#\/schema\/person\/c8baee722073534b583ea7bdb2e36c02\",\"name\":\"bosniak\",\"image\":{\"@type\":\"ImageObject\",\"inLanguage\":\"bs-BA\",\"@id\":\"https:\/\/sandzakpress.net\/arhiva\/#\/schema\/person\/image\/\",\"url\":\"https:\/\/secure.gravatar.com\/avatar\/a04fd330bfe3a36a72a0ad4a6d89fca7?s=96&d=mm&r=pg\",\"contentUrl\":\"https:\/\/secure.gravatar.com\/avatar\/a04fd330bfe3a36a72a0ad4a6d89fca7?s=96&d=mm&r=pg\",\"caption\":\"bosniak\"},\"url\":\"https:\/\/sandzakpress.net\/arhiva\/author\/bosniak\/\"}]}<\/script>\n<!-- \/ Yoast SEO Premium plugin. -->","yoast_head_json":{"title":"Kandidati BDZ Sand\u017eaka izabrani za direktore javnih preduze\u0107a u Prijepolju","robots":{"index":"index","follow":"follow","max-snippet":"max-snippet:-1","max-image-preview":"max-image-preview:large","max-video-preview":"max-video-preview:-1"},"canonical":"https:\/\/sandzakpress.net\/arhiva\/kandidati-bdz-sandzaka-izabrani-za-direktore-javnih-preduzeca-u-prijepolju\/","og_locale":"bs_BA","og_type":"article","og_title":"Kandidati BDZ Sand\u017eaka izabrani za direktore javnih preduze\u0107a u Prijepolju","og_description":"Na ju\u010dera\u0161njoj Skup\u0161tini donijete su odluke o razrije\u0161enju starih i postavljanju novih direktora javnih preduze\u0107a u Prijepolju. Kandidati BDZ San\u017eaka izabrani za v.d. direktore ovih preduze\u0107a. Na funkciju v.d. direktora Centra za socijalni rad postavljena je Sabira Had\u017eiabdi\u0107, za v.d. direktora Direkcije za izgradnju izabran je Remzija Fetahovi\u0107, dok je za v.d. na\u010delnika op\u0161tinske uprave [&hellip;]","og_url":"https:\/\/sandzakpress.net\/arhiva\/kandidati-bdz-sandzaka-izabrani-za-direktore-javnih-preduzeca-u-prijepolju\/","og_site_name":"Sand\u017eak PRESS","article_published_time":"2016-10-13T18:07:29+00:00","og_image":[{"width":1048,"height":472,"url":"https:\/\/sandzakpress.net\/arhiva\/wp-content\/uploads\/2016\/10\/direkori-bdz-prijepolje.jpg","type":"image\/jpeg"}],"author":"bosniak","twitter_card":"summary_large_image","twitter_misc":{"Written by":"bosniak","Est. reading time":"1 minuta"},"schema":{"@context":"https:\/\/schema.org","@graph":[{"@type":"Article","@id":"https:\/\/sandzakpress.net\/arhiva\/kandidati-bdz-sandzaka-izabrani-za-direktore-javnih-preduzeca-u-prijepolju\/#article","isPartOf":{"@id":"https:\/\/sandzakpress.net\/arhiva\/kandidati-bdz-sandzaka-izabrani-za-direktore-javnih-preduzeca-u-prijepolju\/"},"author":{"name":"bosniak","@id":"https:\/\/sandzakpress.net\/arhiva\/#\/schema\/person\/c8baee722073534b583ea7bdb2e36c02"},"headline":"Kandidati BDZ Sand\u017eaka izabrani za direktore javnih preduze\u0107a u Prijepolju","datePublished":"2016-10-13T18:07:29+00:00","mainEntityOfPage":{"@id":"https:\/\/sandzakpress.net\/arhiva\/kandidati-bdz-sandzaka-izabrani-za-direktore-javnih-preduzeca-u-prijepolju\/"},"wordCount":218,"commentCount":14,"publisher":{"@id":"https:\/\/sandzakpress.net\/arhiva\/#\/schema\/person\/6e72b67d6e51910a1117b3b483ba20bd"},"image":{"@id":"https:\/\/sandzakpress.net\/arhiva\/kandidati-bdz-sandzaka-izabrani-za-direktore-javnih-preduzeca-u-prijepolju\/#primaryimage"},"thumbnailUrl":"https:\/\/sandzakpress.net\/arhiva\/wp-content\/uploads\/2016\/10\/direkori-bdz-prijepolje.jpg","keywords":["BDZ"],"articleSection":["Politika","Prijepolje","VIJESTI DANA"],"inLanguage":"bs-BA","potentialAction":[{"@type":"CommentAction","name":"Comment","target":["https:\/\/sandzakpress.net\/arhiva\/kandidati-bdz-sandzaka-izabrani-za-direktore-javnih-preduzeca-u-prijepolju\/#respond"]}]},{"@type":"WebPage","@id":"https:\/\/sandzakpress.net\/arhiva\/kandidati-bdz-sandzaka-izabrani-za-direktore-javnih-preduzeca-u-prijepolju\/","url":"https:\/\/sandzakpress.net\/arhiva\/kandidati-bdz-sandzaka-izabrani-za-direktore-javnih-preduzeca-u-prijepolju\/","name":"Kandidati BDZ Sand\u017eaka izabrani za direktore javnih preduze\u0107a u Prijepolju","isPartOf":{"@id":"https:\/\/sandzakpress.net\/arhiva\/#website"},"primaryImageOfPage":{"@id":"https:\/\/sandzakpress.net\/arhiva\/kandidati-bdz-sandzaka-izabrani-za-direktore-javnih-preduzeca-u-prijepolju\/#primaryimage"},"image":{"@id":"https:\/\/sandzakpress.net\/arhiva\/kandidati-bdz-sandzaka-izabrani-za-direktore-javnih-preduzeca-u-prijepolju\/#primaryimage"},"thumbnailUrl":"https:\/\/sandzakpress.net\/arhiva\/wp-content\/uploads\/2016\/10\/direkori-bdz-prijepolje.jpg","datePublished":"2016-10-13T18:07:29+00:00","breadcrumb":{"@id":"https:\/\/sandzakpress.net\/arhiva\/kandidati-bdz-sandzaka-izabrani-za-direktore-javnih-preduzeca-u-prijepolju\/#breadcrumb"},"inLanguage":"bs-BA","potentialAction":[{"@type":"ReadAction","target":["https:\/\/sandzakpress.net\/arhiva\/kandidati-bdz-sandzaka-izabrani-za-direktore-javnih-preduzeca-u-prijepolju\/"]}]},{"@type":"ImageObject","inLanguage":"bs-BA","@id":"https:\/\/sandzakpress.net\/arhiva\/kandidati-bdz-sandzaka-izabrani-za-direktore-javnih-preduzeca-u-prijepolju\/#primaryimage","url":"https:\/\/sandzakpress.net\/arhiva\/wp-content\/uploads\/2016\/10\/direkori-bdz-prijepolje.jpg","contentUrl":"https:\/\/sandzakpress.net\/arhiva\/wp-content\/uploads\/2016\/10\/direkori-bdz-prijepolje.jpg","width":1048,"height":472},{"@type":"BreadcrumbList","@id":"https:\/\/sandzakpress.net\/arhiva\/kandidati-bdz-sandzaka-izabrani-za-direktore-javnih-preduzeca-u-prijepolju\/#breadcrumb","itemListElement":[{"@type":"ListItem","position":1,"name":"Home","item":"https:\/\/sandzakpress.net\/arhiva\/"},{"@type":"ListItem","position":2,"name":"Kandidati BDZ Sand\u017eaka izabrani za direktore javnih preduze\u0107a u Prijepolju"}]},{"@type":"WebSite","@id":"https:\/\/sandzakpress.net\/arhiva\/#website","url":"https:\/\/sandzakpress.net\/arhiva\/","name":"Sand\u017eak PRESS","description":"Prve elektronske novine u Sand\u017eaku","publisher":{"@id":"https:\/\/sandzakpress.net\/arhiva\/#\/schema\/person\/6e72b67d6e51910a1117b3b483ba20bd"},"potentialAction":[{"@type":"SearchAction","target":{"@type":"EntryPoint","urlTemplate":"https:\/\/sandzakpress.net\/arhiva\/?s={search_term_string}"},"query-input":{"@type":"PropertyValueSpecification","valueRequired":true,"valueName":"search_term_string"}}],"inLanguage":"bs-BA"},{"@type":["Person","Organization"],"@id":"https:\/\/sandzakpress.net\/arhiva\/#\/schema\/person\/6e72b67d6e51910a1117b3b483ba20bd","name":"Kul","image":{"@type":"ImageObject","inLanguage":"bs-BA","@id":"https:\/\/sandzakpress.net\/arhiva\/#\/schema\/person\/image\/","url":"https:\/\/secure.gravatar.com\/avatar\/42263f39aa27ac04c43cab85c280eb2e?s=96&d=mm&r=pg","contentUrl":"https:\/\/secure.gravatar.com\/avatar\/42263f39aa27ac04c43cab85c280eb2e?s=96&d=mm&r=pg","caption":"Kul"},"logo":{"@id":"https:\/\/sandzakpress.net\/arhiva\/#\/schema\/person\/image\/"}},{"@type":"Person","@id":"https:\/\/sandzakpress.net\/arhiva\/#\/schema\/person\/c8baee722073534b583ea7bdb2e36c02","name":"bosniak","image":{"@type":"ImageObject","inLanguage":"bs-BA","@id":"https:\/\/sandzakpress.net\/arhiva\/#\/schema\/person\/image\/","url":"https:\/\/secure.gravatar.com\/avatar\/a04fd330bfe3a36a72a0ad4a6d89fca7?s=96&d=mm&r=pg","contentUrl":"https:\/\/secure.gravatar.com\/avatar\/a04fd330bfe3a36a72a0ad4a6d89fca7?s=96&d=mm&r=pg","caption":"bosniak"},"url":"https:\/\/sandzakpress.net\/arhiva\/author\/bosniak\/"}]}},"_links":{"self":[{"href":"https:\/\/sandzakpress.net\/arhiva\/wp-json\/wp\/v2\/posts\/170605"}],"collection":[{"href":"https:\/\/sandzakpress.net\/arhiva\/wp-json\/wp\/v2\/posts"}],"about":[{"href":"https:\/\/sandzakpress.net\/arhiva\/wp-json\/wp\/v2\/types\/post"}],"author":[{"embeddable":true,"href":"https:\/\/sandzakpress.net\/arhiva\/wp-json\/wp\/v2\/users\/83"}],"replies":[{"embeddable":true,"href":"https:\/\/sandzakpress.net\/arhiva\/wp-json\/wp\/v2\/comments?post=170605"}],"version-history":[{"count":0,"href":"https:\/\/sandzakpress.net\/arhiva\/wp-json\/wp\/v2\/posts\/170605\/revisions"}],"wp:featuredmedia":[{"embeddable":true,"href":"https:\/\/sandzakpress.net\/arhiva\/wp-json\/wp\/v2\/media\/170606"}],"wp:attachment":[{"href":"https:\/\/sandzakpress.net\/arhiva\/wp-json\/wp\/v2\/media?parent=170605"}],"wp:term":[{"taxonomy":"category","embeddable":true,"href":"https:\/\/sandzakpress.net\/arhiva\/wp-json\/wp\/v2\/categories?post=170605"},{"taxonomy":"post_tag","embeddable":true,"href":"https:\/\/sandzakpress.net\/arhiva\/wp-json\/wp\/v2\/tags?post=170605"}],"curies":[{"name":"wp","href":"https:\/\/api.w.org\/{rel}","templated":true}]}}