{"id":170306,"date":"2016-10-10T10:19:13","date_gmt":"2016-10-10T08:19:13","guid":{"rendered":"https:\/\/sandzakpress.net\/arhiva\/?p=170306"},"modified":"2016-10-10T10:22:11","modified_gmt":"2016-10-10T08:22:11","slug":"bosnjacka-omladina-priboja-u-posjeti-banu-i-bnf-u-sarajevu","status":"publish","type":"post","link":"https:\/\/sandzakpress.net\/arhiva\/bosnjacka-omladina-priboja-u-posjeti-banu-i-bnf-u-sarajevu\/","title":{"rendered":"Bo\u0161nja\u010dka omladina Priboja u posjeti BANU i BNF u Sarajevu"},"content":{"rendered":"<p><strong><img loading=\"lazy\" decoding=\"async\" class=\"alignnone size-large wp-image-170305\" src=\"https:\/\/sandzakpress.net\/arhiva\/wp-content\/uploads\/2016\/10\/DSCN1973-1-616x462.jpg\" alt=\"dscn1973\" width=\"600\" height=\"450\" srcset=\"https:\/\/sandzakpress.net\/arhiva\/wp-content\/uploads\/2016\/10\/DSCN1973-1-616x462.jpg 616w, https:\/\/sandzakpress.net\/arhiva\/wp-content\/uploads\/2016\/10\/DSCN1973-1-768x576.jpg 768w, https:\/\/sandzakpress.net\/arhiva\/wp-content\/uploads\/2016\/10\/DSCN1973-1-1400x1050.jpg 1400w\" sizes=\"(max-width: 600px) 100vw, 600px\" \/>Priboj, BiH &#8211; Udru\u017eenje \u201cBo\u0161nja\u010dka omladina Priboja\u201d organizirala je 08. oktobra 2016. godine jednodnevnu posjetu Sarajevu. Omladinci i omladinke Udru\u017eenja imali su\u00a0 priliku obi\u0107i zna\u010dajne institucije Bo\u0161njaka u Sarajevu \u2013 Bo\u0161nja\u010dku akademiju nauka i umjetnosti (BANU), Bo\u0161nja\u010dku nacionalnu fondaciju (BNF) i Svjetski bo\u0161nja\u010dki kongres (SBK).<\/strong><\/p>\n<p>Omladinu je u Sarajevu do\u010dekala Almedina Zukorli\u0107, izvr\u0161ni sekretar BANU, koja ih je ugostila i provela kroz prostorije Akademije.<\/p>\n<p>Nakon toga, omladini se obratio predsjednik BNF-a Hako Duljevi\u0107 isti\u010du\u0107i\u00a0ulogu nacionalnih institucija, njihove aktivnosti ukazav\u0161i time na zna\u010daj institucionalnog djelovanja Bo\u0161njaka, naro\u010dito njihovog mladog nara\u0161taja.<\/p>\n<p>Duljevi\u0107 se zahvalio omladincima na posjeti te je naglasio da je upravo omladina ta koja mora biti elita u svim segmentima dru\u0161tva i raditi na svojoj organiziranosti.<\/p>\n<p>Bo\u0161nja\u010dka omladina Priboja izrazila je interesovanje za intenziviranje saradnje sa bo\u0161nja\u010dkim institucijama u Sarajevu kroz planirane projekte.<\/p>\n<p>Razgovor sa Hakom Duljevi\u0107em i Almedinom Zukorli\u0107 nastavio se uz kahvu i dru\u017eenje u hotelu Evropa.<\/p>\n<p>Pored predavanja i edukativnih programa, omladina je imala i slobodno vrijeme za obilazak grada, \u0161oping i razonodu. Omladinci su svoje dru\u017eenje zavr\u0161ili u kasnim popodnevnim satima, kada su i krenuli za Priboj.<\/p>\n<p><img loading=\"lazy\" decoding=\"async\" class=\"alignnone size-large wp-image-170307\" src=\"https:\/\/sandzakpress.net\/arhiva\/wp-content\/uploads\/2016\/10\/DSCN1976-616x462.jpg\" alt=\"dscn1976\" width=\"600\" height=\"450\" srcset=\"https:\/\/sandzakpress.net\/arhiva\/wp-content\/uploads\/2016\/10\/DSCN1976-616x462.jpg 616w, https:\/\/sandzakpress.net\/arhiva\/wp-content\/uploads\/2016\/10\/DSCN1976-768x576.jpg 768w, https:\/\/sandzakpress.net\/arhiva\/wp-content\/uploads\/2016\/10\/DSCN1976-1400x1050.jpg 1400w\" sizes=\"(max-width: 600px) 100vw, 600px\" \/> <img loading=\"lazy\" decoding=\"async\" class=\"alignnone size-large wp-image-170304\" src=\"https:\/\/sandzakpress.net\/arhiva\/wp-content\/uploads\/2016\/10\/DSCN1970-616x462.jpg\" alt=\"dscn1970\" width=\"600\" height=\"450\" srcset=\"https:\/\/sandzakpress.net\/arhiva\/wp-content\/uploads\/2016\/10\/DSCN1970-616x462.jpg 616w, https:\/\/sandzakpress.net\/arhiva\/wp-content\/uploads\/2016\/10\/DSCN1970-768x576.jpg 768w, https:\/\/sandzakpress.net\/arhiva\/wp-content\/uploads\/2016\/10\/DSCN1970-1400x1050.jpg 1400w\" sizes=\"(max-width: 600px) 100vw, 600px\" \/> <img loading=\"lazy\" decoding=\"async\" class=\"alignnone size-large wp-image-170303\" src=\"https:\/\/sandzakpress.net\/arhiva\/wp-content\/uploads\/2016\/10\/DSCN1961-616x462.jpg\" alt=\"dscn1961\" width=\"600\" height=\"450\" srcset=\"https:\/\/sandzakpress.net\/arhiva\/wp-content\/uploads\/2016\/10\/DSCN1961-616x462.jpg 616w, https:\/\/sandzakpress.net\/arhiva\/wp-content\/uploads\/2016\/10\/DSCN1961-768x576.jpg 768w, https:\/\/sandzakpress.net\/arhiva\/wp-content\/uploads\/2016\/10\/DSCN1961-1400x1050.jpg 1400w\" sizes=\"(max-width: 600px) 100vw, 600px\" \/> <img loading=\"lazy\" decoding=\"async\" class=\"alignnone size-large wp-image-170302\" src=\"https:\/\/sandzakpress.net\/arhiva\/wp-content\/uploads\/2016\/10\/14650613_662490823913852_204644298801659183_n-616x462.jpg\" alt=\"14650613_662490823913852_204644298801659183_n\" width=\"600\" height=\"450\" srcset=\"https:\/\/sandzakpress.net\/arhiva\/wp-content\/uploads\/2016\/10\/14650613_662490823913852_204644298801659183_n-616x462.jpg 616w, https:\/\/sandzakpress.net\/arhiva\/wp-content\/uploads\/2016\/10\/14650613_662490823913852_204644298801659183_n-768x576.jpg 768w, https:\/\/sandzakpress.net\/arhiva\/wp-content\/uploads\/2016\/10\/14650613_662490823913852_204644298801659183_n.jpg 960w\" sizes=\"(max-width: 600px) 100vw, 600px\" \/> <img loading=\"lazy\" decoding=\"async\" class=\"alignnone size-large wp-image-170299\" src=\"https:\/\/sandzakpress.net\/arhiva\/wp-content\/uploads\/2016\/10\/14517594_662490573913877_8822415250855072749_n-1-616x462.jpg\" alt=\"14517594_662490573913877_8822415250855072749_n-1\" width=\"600\" height=\"450\" srcset=\"https:\/\/sandzakpress.net\/arhiva\/wp-content\/uploads\/2016\/10\/14517594_662490573913877_8822415250855072749_n-1-616x462.jpg 616w, https:\/\/sandzakpress.net\/arhiva\/wp-content\/uploads\/2016\/10\/14517594_662490573913877_8822415250855072749_n-1-768x576.jpg 768w, https:\/\/sandzakpress.net\/arhiva\/wp-content\/uploads\/2016\/10\/14517594_662490573913877_8822415250855072749_n-1.jpg 960w\" sizes=\"(max-width: 600px) 100vw, 600px\" \/> <img loading=\"lazy\" decoding=\"async\" class=\"alignnone size-large wp-image-170300\" src=\"https:\/\/sandzakpress.net\/arhiva\/wp-content\/uploads\/2016\/10\/14591576_662490447247223_1141072156262981258_n-616x462.jpg\" alt=\"14591576_662490447247223_1141072156262981258_n\" width=\"600\" height=\"450\" srcset=\"https:\/\/sandzakpress.net\/arhiva\/wp-content\/uploads\/2016\/10\/14591576_662490447247223_1141072156262981258_n-616x462.jpg 616w, https:\/\/sandzakpress.net\/arhiva\/wp-content\/uploads\/2016\/10\/14591576_662490447247223_1141072156262981258_n-768x576.jpg 768w, https:\/\/sandzakpress.net\/arhiva\/wp-content\/uploads\/2016\/10\/14591576_662490447247223_1141072156262981258_n.jpg 960w\" sizes=\"(max-width: 600px) 100vw, 600px\" \/> <img loading=\"lazy\" decoding=\"async\" class=\"alignnone size-large wp-image-170301\" src=\"https:\/\/sandzakpress.net\/arhiva\/wp-content\/uploads\/2016\/10\/14591695_662490417247226_4743603450787083933_n-616x462.jpg\" alt=\"14591695_662490417247226_4743603450787083933_n\" width=\"600\" height=\"450\" srcset=\"https:\/\/sandzakpress.net\/arhiva\/wp-content\/uploads\/2016\/10\/14591695_662490417247226_4743603450787083933_n-616x462.jpg 616w, https:\/\/sandzakpress.net\/arhiva\/wp-content\/uploads\/2016\/10\/14591695_662490417247226_4743603450787083933_n-768x576.jpg 768w, https:\/\/sandzakpress.net\/arhiva\/wp-content\/uploads\/2016\/10\/14591695_662490417247226_4743603450787083933_n.jpg 960w\" sizes=\"(max-width: 600px) 100vw, 600px\" \/><\/p>\n","protected":false},"excerpt":{"rendered":"<p>Priboj, BiH &#8211; Udru\u017eenje \u201cBo\u0161nja\u010dka omladina Priboja\u201d organizirala je 08. oktobra 2016. godine jednodnevnu posjetu Sarajevu. Omladinci i omladinke Udru\u017eenja imali su\u00a0 priliku obi\u0107i zna\u010dajne institucije Bo\u0161njaka u Sarajevu \u2013 Bo\u0161nja\u010dku akademiju nauka i umjetnosti (BANU), Bo\u0161nja\u010dku nacionalnu fondaciju (BNF) i Svjetski bo\u0161nja\u010dki kongres (SBK). Omladinu je u Sarajevu do\u010dekala Almedina Zukorli\u0107, izvr\u0161ni sekretar BANU, [&hellip;]<\/p>\n","protected":false},"author":501,"featured_media":170308,"comment_status":"open","ping_status":"open","sticky":false,"template":"","format":"standard","meta":{"footnotes":""},"categories":[800,2860,393,8957],"tags":[],"class_list":{"0":"post-170306","1":"post","2":"type-post","3":"status-publish","4":"format-standard","5":"has-post-thumbnail","7":"category-nacija","8":"category-bosna-i-hercegovina-gradovi","9":"category-priboj","10":"category-vijesti-dana"},"yoast_head":"<!-- This site is optimized with the Yoast SEO Premium plugin v23.1 (Yoast SEO v24.9) - https:\/\/yoast.com\/wordpress\/plugins\/seo\/ -->\n<title>Bo\u0161nja\u010dka omladina Priboja u posjeti BANU i BNF u Sarajevu<\/title>\n<meta name=\"robots\" content=\"index, follow, max-snippet:-1, max-image-preview:large, max-video-preview:-1\" \/>\n<link rel=\"canonical\" href=\"https:\/\/sandzakpress.net\/arhiva\/bosnjacka-omladina-priboja-u-posjeti-banu-i-bnf-u-sarajevu\/\" \/>\n<meta property=\"og:locale\" content=\"bs_BA\" \/>\n<meta property=\"og:type\" content=\"article\" \/>\n<meta property=\"og:title\" content=\"Bo\u0161nja\u010dka omladina Priboja u posjeti BANU i BNF u Sarajevu\" \/>\n<meta property=\"og:description\" content=\"Priboj, BiH &#8211; Udru\u017eenje \u201cBo\u0161nja\u010dka omladina Priboja\u201d organizirala je 08. oktobra 2016. godine jednodnevnu posjetu Sarajevu. Omladinci i omladinke Udru\u017eenja imali su\u00a0 priliku obi\u0107i zna\u010dajne institucije Bo\u0161njaka u Sarajevu \u2013 Bo\u0161nja\u010dku akademiju nauka i umjetnosti (BANU), Bo\u0161nja\u010dku nacionalnu fondaciju (BNF) i Svjetski bo\u0161nja\u010dki kongres (SBK). Omladinu je u Sarajevu do\u010dekala Almedina Zukorli\u0107, izvr\u0161ni sekretar BANU, [&hellip;]\" \/>\n<meta property=\"og:url\" content=\"https:\/\/sandzakpress.net\/arhiva\/bosnjacka-omladina-priboja-u-posjeti-banu-i-bnf-u-sarajevu\/\" \/>\n<meta property=\"og:site_name\" content=\"Sand\u017eak PRESS\" \/>\n<meta property=\"article:published_time\" content=\"2016-10-10T08:19:13+00:00\" \/>\n<meta property=\"article:modified_time\" content=\"2016-10-10T08:22:11+00:00\" \/>\n<meta property=\"og:image\" content=\"https:\/\/sandzakpress.net\/arhiva\/wp-content\/uploads\/2016\/10\/14591576_662490447247223_1141072156262981258_n-1.jpg\" \/>\n\t<meta property=\"og:image:width\" content=\"960\" \/>\n\t<meta property=\"og:image:height\" content=\"720\" \/>\n\t<meta property=\"og:image:type\" content=\"image\/jpeg\" \/>\n<meta name=\"author\" content=\"SM\" \/>\n<meta name=\"twitter:card\" content=\"summary_large_image\" \/>\n<meta name=\"twitter:label1\" content=\"Written by\" \/>\n\t<meta name=\"twitter:data1\" content=\"SM\" \/>\n\t<meta name=\"twitter:label2\" content=\"Est. reading time\" \/>\n\t<meta name=\"twitter:data2\" content=\"1 minuta\" \/>\n<script type=\"application\/ld+json\" class=\"yoast-schema-graph\">{\"@context\":\"https:\/\/schema.org\",\"@graph\":[{\"@type\":\"Article\",\"@id\":\"https:\/\/sandzakpress.net\/arhiva\/bosnjacka-omladina-priboja-u-posjeti-banu-i-bnf-u-sarajevu\/#article\",\"isPartOf\":{\"@id\":\"https:\/\/sandzakpress.net\/arhiva\/bosnjacka-omladina-priboja-u-posjeti-banu-i-bnf-u-sarajevu\/\"},\"author\":{\"name\":\"SM\",\"@id\":\"https:\/\/sandzakpress.net\/arhiva\/#\/schema\/person\/32f63b6bc693126333e4b1d8cccb52ac\"},\"headline\":\"Bo\u0161nja\u010dka omladina Priboja u posjeti BANU i BNF u Sarajevu\",\"datePublished\":\"2016-10-10T08:19:13+00:00\",\"dateModified\":\"2016-10-10T08:22:11+00:00\",\"mainEntityOfPage\":{\"@id\":\"https:\/\/sandzakpress.net\/arhiva\/bosnjacka-omladina-priboja-u-posjeti-banu-i-bnf-u-sarajevu\/\"},\"wordCount\":222,\"commentCount\":0,\"publisher\":{\"@id\":\"https:\/\/sandzakpress.net\/arhiva\/#\/schema\/person\/6e72b67d6e51910a1117b3b483ba20bd\"},\"image\":{\"@id\":\"https:\/\/sandzakpress.net\/arhiva\/bosnjacka-omladina-priboja-u-posjeti-banu-i-bnf-u-sarajevu\/#primaryimage\"},\"thumbnailUrl\":\"https:\/\/sandzakpress.net\/arhiva\/wp-content\/uploads\/2016\/10\/14591576_662490447247223_1141072156262981258_n-1.jpg\",\"articleSection\":[\"Nacija\",\"Bosna i Hercegovina\",\"Priboj\",\"VIJESTI DANA\"],\"inLanguage\":\"bs-BA\",\"potentialAction\":[{\"@type\":\"CommentAction\",\"name\":\"Comment\",\"target\":[\"https:\/\/sandzakpress.net\/arhiva\/bosnjacka-omladina-priboja-u-posjeti-banu-i-bnf-u-sarajevu\/#respond\"]}]},{\"@type\":\"WebPage\",\"@id\":\"https:\/\/sandzakpress.net\/arhiva\/bosnjacka-omladina-priboja-u-posjeti-banu-i-bnf-u-sarajevu\/\",\"url\":\"https:\/\/sandzakpress.net\/arhiva\/bosnjacka-omladina-priboja-u-posjeti-banu-i-bnf-u-sarajevu\/\",\"name\":\"Bo\u0161nja\u010dka omladina Priboja u posjeti BANU i BNF u Sarajevu\",\"isPartOf\":{\"@id\":\"https:\/\/sandzakpress.net\/arhiva\/#website\"},\"primaryImageOfPage\":{\"@id\":\"https:\/\/sandzakpress.net\/arhiva\/bosnjacka-omladina-priboja-u-posjeti-banu-i-bnf-u-sarajevu\/#primaryimage\"},\"image\":{\"@id\":\"https:\/\/sandzakpress.net\/arhiva\/bosnjacka-omladina-priboja-u-posjeti-banu-i-bnf-u-sarajevu\/#primaryimage\"},\"thumbnailUrl\":\"https:\/\/sandzakpress.net\/arhiva\/wp-content\/uploads\/2016\/10\/14591576_662490447247223_1141072156262981258_n-1.jpg\",\"datePublished\":\"2016-10-10T08:19:13+00:00\",\"dateModified\":\"2016-10-10T08:22:11+00:00\",\"breadcrumb\":{\"@id\":\"https:\/\/sandzakpress.net\/arhiva\/bosnjacka-omladina-priboja-u-posjeti-banu-i-bnf-u-sarajevu\/#breadcrumb\"},\"inLanguage\":\"bs-BA\",\"potentialAction\":[{\"@type\":\"ReadAction\",\"target\":[\"https:\/\/sandzakpress.net\/arhiva\/bosnjacka-omladina-priboja-u-posjeti-banu-i-bnf-u-sarajevu\/\"]}]},{\"@type\":\"ImageObject\",\"inLanguage\":\"bs-BA\",\"@id\":\"https:\/\/sandzakpress.net\/arhiva\/bosnjacka-omladina-priboja-u-posjeti-banu-i-bnf-u-sarajevu\/#primaryimage\",\"url\":\"https:\/\/sandzakpress.net\/arhiva\/wp-content\/uploads\/2016\/10\/14591576_662490447247223_1141072156262981258_n-1.jpg\",\"contentUrl\":\"https:\/\/sandzakpress.net\/arhiva\/wp-content\/uploads\/2016\/10\/14591576_662490447247223_1141072156262981258_n-1.jpg\",\"width\":960,\"height\":720},{\"@type\":\"BreadcrumbList\",\"@id\":\"https:\/\/sandzakpress.net\/arhiva\/bosnjacka-omladina-priboja-u-posjeti-banu-i-bnf-u-sarajevu\/#breadcrumb\",\"itemListElement\":[{\"@type\":\"ListItem\",\"position\":1,\"name\":\"Home\",\"item\":\"https:\/\/sandzakpress.net\/arhiva\/\"},{\"@type\":\"ListItem\",\"position\":2,\"name\":\"Bo\u0161nja\u010dka omladina Priboja u posjeti BANU i BNF u Sarajevu\"}]},{\"@type\":\"WebSite\",\"@id\":\"https:\/\/sandzakpress.net\/arhiva\/#website\",\"url\":\"https:\/\/sandzakpress.net\/arhiva\/\",\"name\":\"Sand\u017eak PRESS\",\"description\":\"Prve elektronske novine u Sand\u017eaku\",\"publisher\":{\"@id\":\"https:\/\/sandzakpress.net\/arhiva\/#\/schema\/person\/6e72b67d6e51910a1117b3b483ba20bd\"},\"potentialAction\":[{\"@type\":\"SearchAction\",\"target\":{\"@type\":\"EntryPoint\",\"urlTemplate\":\"https:\/\/sandzakpress.net\/arhiva\/?s={search_term_string}\"},\"query-input\":{\"@type\":\"PropertyValueSpecification\",\"valueRequired\":true,\"valueName\":\"search_term_string\"}}],\"inLanguage\":\"bs-BA\"},{\"@type\":[\"Person\",\"Organization\"],\"@id\":\"https:\/\/sandzakpress.net\/arhiva\/#\/schema\/person\/6e72b67d6e51910a1117b3b483ba20bd\",\"name\":\"Kul\",\"image\":{\"@type\":\"ImageObject\",\"inLanguage\":\"bs-BA\",\"@id\":\"https:\/\/sandzakpress.net\/arhiva\/#\/schema\/person\/image\/\",\"url\":\"https:\/\/secure.gravatar.com\/avatar\/42263f39aa27ac04c43cab85c280eb2e?s=96&d=mm&r=pg\",\"contentUrl\":\"https:\/\/secure.gravatar.com\/avatar\/42263f39aa27ac04c43cab85c280eb2e?s=96&d=mm&r=pg\",\"caption\":\"Kul\"},\"logo\":{\"@id\":\"https:\/\/sandzakpress.net\/arhiva\/#\/schema\/person\/image\/\"}},{\"@type\":\"Person\",\"@id\":\"https:\/\/sandzakpress.net\/arhiva\/#\/schema\/person\/32f63b6bc693126333e4b1d8cccb52ac\",\"name\":\"SM\",\"image\":{\"@type\":\"ImageObject\",\"inLanguage\":\"bs-BA\",\"@id\":\"https:\/\/sandzakpress.net\/arhiva\/#\/schema\/person\/image\/\",\"url\":\"https:\/\/secure.gravatar.com\/avatar\/e06a45a606f1dee973ded6565c9e653e?s=96&d=mm&r=pg\",\"contentUrl\":\"https:\/\/secure.gravatar.com\/avatar\/e06a45a606f1dee973ded6565c9e653e?s=96&d=mm&r=pg\",\"caption\":\"SM\"},\"url\":\"https:\/\/sandzakpress.net\/arhiva\/author\/sandzakmedia\/\"}]}<\/script>\n<!-- \/ Yoast SEO Premium plugin. -->","yoast_head_json":{"title":"Bo\u0161nja\u010dka omladina Priboja u posjeti BANU i BNF u Sarajevu","robots":{"index":"index","follow":"follow","max-snippet":"max-snippet:-1","max-image-preview":"max-image-preview:large","max-video-preview":"max-video-preview:-1"},"canonical":"https:\/\/sandzakpress.net\/arhiva\/bosnjacka-omladina-priboja-u-posjeti-banu-i-bnf-u-sarajevu\/","og_locale":"bs_BA","og_type":"article","og_title":"Bo\u0161nja\u010dka omladina Priboja u posjeti BANU i BNF u Sarajevu","og_description":"Priboj, BiH &#8211; Udru\u017eenje \u201cBo\u0161nja\u010dka omladina Priboja\u201d organizirala je 08. oktobra 2016. godine jednodnevnu posjetu Sarajevu. Omladinci i omladinke Udru\u017eenja imali su\u00a0 priliku obi\u0107i zna\u010dajne institucije Bo\u0161njaka u Sarajevu \u2013 Bo\u0161nja\u010dku akademiju nauka i umjetnosti (BANU), Bo\u0161nja\u010dku nacionalnu fondaciju (BNF) i Svjetski bo\u0161nja\u010dki kongres (SBK). Omladinu je u Sarajevu do\u010dekala Almedina Zukorli\u0107, izvr\u0161ni sekretar BANU, [&hellip;]","og_url":"https:\/\/sandzakpress.net\/arhiva\/bosnjacka-omladina-priboja-u-posjeti-banu-i-bnf-u-sarajevu\/","og_site_name":"Sand\u017eak PRESS","article_published_time":"2016-10-10T08:19:13+00:00","article_modified_time":"2016-10-10T08:22:11+00:00","og_image":[{"width":960,"height":720,"url":"https:\/\/sandzakpress.net\/arhiva\/wp-content\/uploads\/2016\/10\/14591576_662490447247223_1141072156262981258_n-1.jpg","type":"image\/jpeg"}],"author":"SM","twitter_card":"summary_large_image","twitter_misc":{"Written by":"SM","Est. reading time":"1 minuta"},"schema":{"@context":"https:\/\/schema.org","@graph":[{"@type":"Article","@id":"https:\/\/sandzakpress.net\/arhiva\/bosnjacka-omladina-priboja-u-posjeti-banu-i-bnf-u-sarajevu\/#article","isPartOf":{"@id":"https:\/\/sandzakpress.net\/arhiva\/bosnjacka-omladina-priboja-u-posjeti-banu-i-bnf-u-sarajevu\/"},"author":{"name":"SM","@id":"https:\/\/sandzakpress.net\/arhiva\/#\/schema\/person\/32f63b6bc693126333e4b1d8cccb52ac"},"headline":"Bo\u0161nja\u010dka omladina Priboja u posjeti BANU i BNF u Sarajevu","datePublished":"2016-10-10T08:19:13+00:00","dateModified":"2016-10-10T08:22:11+00:00","mainEntityOfPage":{"@id":"https:\/\/sandzakpress.net\/arhiva\/bosnjacka-omladina-priboja-u-posjeti-banu-i-bnf-u-sarajevu\/"},"wordCount":222,"commentCount":0,"publisher":{"@id":"https:\/\/sandzakpress.net\/arhiva\/#\/schema\/person\/6e72b67d6e51910a1117b3b483ba20bd"},"image":{"@id":"https:\/\/sandzakpress.net\/arhiva\/bosnjacka-omladina-priboja-u-posjeti-banu-i-bnf-u-sarajevu\/#primaryimage"},"thumbnailUrl":"https:\/\/sandzakpress.net\/arhiva\/wp-content\/uploads\/2016\/10\/14591576_662490447247223_1141072156262981258_n-1.jpg","articleSection":["Nacija","Bosna i Hercegovina","Priboj","VIJESTI DANA"],"inLanguage":"bs-BA","potentialAction":[{"@type":"CommentAction","name":"Comment","target":["https:\/\/sandzakpress.net\/arhiva\/bosnjacka-omladina-priboja-u-posjeti-banu-i-bnf-u-sarajevu\/#respond"]}]},{"@type":"WebPage","@id":"https:\/\/sandzakpress.net\/arhiva\/bosnjacka-omladina-priboja-u-posjeti-banu-i-bnf-u-sarajevu\/","url":"https:\/\/sandzakpress.net\/arhiva\/bosnjacka-omladina-priboja-u-posjeti-banu-i-bnf-u-sarajevu\/","name":"Bo\u0161nja\u010dka omladina Priboja u posjeti BANU i BNF u Sarajevu","isPartOf":{"@id":"https:\/\/sandzakpress.net\/arhiva\/#website"},"primaryImageOfPage":{"@id":"https:\/\/sandzakpress.net\/arhiva\/bosnjacka-omladina-priboja-u-posjeti-banu-i-bnf-u-sarajevu\/#primaryimage"},"image":{"@id":"https:\/\/sandzakpress.net\/arhiva\/bosnjacka-omladina-priboja-u-posjeti-banu-i-bnf-u-sarajevu\/#primaryimage"},"thumbnailUrl":"https:\/\/sandzakpress.net\/arhiva\/wp-content\/uploads\/2016\/10\/14591576_662490447247223_1141072156262981258_n-1.jpg","datePublished":"2016-10-10T08:19:13+00:00","dateModified":"2016-10-10T08:22:11+00:00","breadcrumb":{"@id":"https:\/\/sandzakpress.net\/arhiva\/bosnjacka-omladina-priboja-u-posjeti-banu-i-bnf-u-sarajevu\/#breadcrumb"},"inLanguage":"bs-BA","potentialAction":[{"@type":"ReadAction","target":["https:\/\/sandzakpress.net\/arhiva\/bosnjacka-omladina-priboja-u-posjeti-banu-i-bnf-u-sarajevu\/"]}]},{"@type":"ImageObject","inLanguage":"bs-BA","@id":"https:\/\/sandzakpress.net\/arhiva\/bosnjacka-omladina-priboja-u-posjeti-banu-i-bnf-u-sarajevu\/#primaryimage","url":"https:\/\/sandzakpress.net\/arhiva\/wp-content\/uploads\/2016\/10\/14591576_662490447247223_1141072156262981258_n-1.jpg","contentUrl":"https:\/\/sandzakpress.net\/arhiva\/wp-content\/uploads\/2016\/10\/14591576_662490447247223_1141072156262981258_n-1.jpg","width":960,"height":720},{"@type":"BreadcrumbList","@id":"https:\/\/sandzakpress.net\/arhiva\/bosnjacka-omladina-priboja-u-posjeti-banu-i-bnf-u-sarajevu\/#breadcrumb","itemListElement":[{"@type":"ListItem","position":1,"name":"Home","item":"https:\/\/sandzakpress.net\/arhiva\/"},{"@type":"ListItem","position":2,"name":"Bo\u0161nja\u010dka omladina Priboja u posjeti BANU i BNF u Sarajevu"}]},{"@type":"WebSite","@id":"https:\/\/sandzakpress.net\/arhiva\/#website","url":"https:\/\/sandzakpress.net\/arhiva\/","name":"Sand\u017eak PRESS","description":"Prve elektronske novine u Sand\u017eaku","publisher":{"@id":"https:\/\/sandzakpress.net\/arhiva\/#\/schema\/person\/6e72b67d6e51910a1117b3b483ba20bd"},"potentialAction":[{"@type":"SearchAction","target":{"@type":"EntryPoint","urlTemplate":"https:\/\/sandzakpress.net\/arhiva\/?s={search_term_string}"},"query-input":{"@type":"PropertyValueSpecification","valueRequired":true,"valueName":"search_term_string"}}],"inLanguage":"bs-BA"},{"@type":["Person","Organization"],"@id":"https:\/\/sandzakpress.net\/arhiva\/#\/schema\/person\/6e72b67d6e51910a1117b3b483ba20bd","name":"Kul","image":{"@type":"ImageObject","inLanguage":"bs-BA","@id":"https:\/\/sandzakpress.net\/arhiva\/#\/schema\/person\/image\/","url":"https:\/\/secure.gravatar.com\/avatar\/42263f39aa27ac04c43cab85c280eb2e?s=96&d=mm&r=pg","contentUrl":"https:\/\/secure.gravatar.com\/avatar\/42263f39aa27ac04c43cab85c280eb2e?s=96&d=mm&r=pg","caption":"Kul"},"logo":{"@id":"https:\/\/sandzakpress.net\/arhiva\/#\/schema\/person\/image\/"}},{"@type":"Person","@id":"https:\/\/sandzakpress.net\/arhiva\/#\/schema\/person\/32f63b6bc693126333e4b1d8cccb52ac","name":"SM","image":{"@type":"ImageObject","inLanguage":"bs-BA","@id":"https:\/\/sandzakpress.net\/arhiva\/#\/schema\/person\/image\/","url":"https:\/\/secure.gravatar.com\/avatar\/e06a45a606f1dee973ded6565c9e653e?s=96&d=mm&r=pg","contentUrl":"https:\/\/secure.gravatar.com\/avatar\/e06a45a606f1dee973ded6565c9e653e?s=96&d=mm&r=pg","caption":"SM"},"url":"https:\/\/sandzakpress.net\/arhiva\/author\/sandzakmedia\/"}]}},"_links":{"self":[{"href":"https:\/\/sandzakpress.net\/arhiva\/wp-json\/wp\/v2\/posts\/170306"}],"collection":[{"href":"https:\/\/sandzakpress.net\/arhiva\/wp-json\/wp\/v2\/posts"}],"about":[{"href":"https:\/\/sandzakpress.net\/arhiva\/wp-json\/wp\/v2\/types\/post"}],"author":[{"embeddable":true,"href":"https:\/\/sandzakpress.net\/arhiva\/wp-json\/wp\/v2\/users\/501"}],"replies":[{"embeddable":true,"href":"https:\/\/sandzakpress.net\/arhiva\/wp-json\/wp\/v2\/comments?post=170306"}],"version-history":[{"count":0,"href":"https:\/\/sandzakpress.net\/arhiva\/wp-json\/wp\/v2\/posts\/170306\/revisions"}],"wp:featuredmedia":[{"embeddable":true,"href":"https:\/\/sandzakpress.net\/arhiva\/wp-json\/wp\/v2\/media\/170308"}],"wp:attachment":[{"href":"https:\/\/sandzakpress.net\/arhiva\/wp-json\/wp\/v2\/media?parent=170306"}],"wp:term":[{"taxonomy":"category","embeddable":true,"href":"https:\/\/sandzakpress.net\/arhiva\/wp-json\/wp\/v2\/categories?post=170306"},{"taxonomy":"post_tag","embeddable":true,"href":"https:\/\/sandzakpress.net\/arhiva\/wp-json\/wp\/v2\/tags?post=170306"}],"curies":[{"name":"wp","href":"https:\/\/api.w.org\/{rel}","templated":true}]}}