{"id":16981,"date":"2011-06-14T20:34:49","date_gmt":"2011-06-14T18:34:49","guid":{"rendered":"https:\/\/sandzakpress.net\/arhiva\/?p=16981"},"modified":"2011-06-14T20:34:49","modified_gmt":"2011-06-14T18:34:49","slug":"dss-isti-cilj-vanu-i-banu","status":"publish","type":"post","link":"https:\/\/sandzakpress.net\/arhiva\/dss-isti-cilj-vanu-i-banu\/","title":{"rendered":"DSS: Isti cilj VANU i BANU"},"content":{"rendered":"<p><strong><a href=\"https:\/\/sandzakpress.net\/arhiva\/wp-content\/uploads\/2011\/06\/milenko_jovanov-12-150.jpg\"><img loading=\"lazy\" decoding=\"async\" class=\"alignleft size-full wp-image-16982\" src=\"https:\/\/sandzakpress.net\/arhiva\/wp-content\/uploads\/2011\/06\/milenko_jovanov-12-150.jpg\" alt=\"\" width=\"150\" height=\"150\" srcset=\"https:\/\/sandzakpress.net\/arhiva\/wp-content\/uploads\/2011\/06\/milenko_jovanov-12-150.jpg 150w, https:\/\/sandzakpress.net\/arhiva\/wp-content\/uploads\/2011\/06\/milenko_jovanov-12-150-90x90.jpg 90w, https:\/\/sandzakpress.net\/arhiva\/wp-content\/uploads\/2011\/06\/milenko_jovanov-12-150-125x125.jpg 125w\" sizes=\"(max-width: 150px) 100vw, 150px\" \/><\/a>Sjeverni Sand\u017eak &#8211; Usvajanje neustavnog Statuta Vojvodine otvorilo je vrata za antiustavno i antidr\u017eavno djelovanje ekstremisti\u010dkih grupa i pojedinaca u Srbiji i za osnovanje Vojvo\u0111anske akademije nauka i umjetnosti (VANU) u Novom Sadu, kao i osnivanje Bo\u0161nja\u010dke akadmije nauka i umjetnosti (BANU) u Novom pazaru, saop\u0107io je vojvo\u0111anski odbor Demokratske stranke Srbije.<\/strong><\/p>\n<p>Naime, nakon \u0161to je u Statutu AP Vojvodine, potpuno neustavno i protivzakonito, predvi\u0111eno postojanje Vojvo\u0111anske akademije nauka i umjetnosti (VANU), u Novom Pazaru, po istom receptu i sa istim ciljem osnovana je Bo\u0161nja\u010dka akademija nauka i umjetnosti (BANU).<\/p>\n<p>Sada je potpuno jasno da je zahvaljuju\u0107i Demokratskoj stranci i njenim koalicionim partnerima Srbija postala zemlja u kojoj \u0107e svaki ekstremista \u017eeljan promocije, od Novog Sada do Novog Pazara, osnovati svoju Akademiju nauka i umjetnosti, crtati &#8220;granice&#8221;, imati &#8220;glavni grad&#8221; i predstavni\u0161tva u inostranstvu, izjavio je portparol pokrjinskog DSS Milenko Jovanov.<\/p>\n<p>Da bi ovakve pojave bile sprije\u010dene Ustavni sud Srbije mora, nakon godinu i po dana \u0107utanja, dati svoj sud o brojnim neustavnim odredbama sadr\u017eanim u Statutu AP Vojvodine, ocijenio je on.<\/p>\n<p>Jovanov je tako\u0111er rekao da \u0107e se jedino tako svim akterima politi\u010dke scene u Srbiji jasno staviti do znanja da se Ustav i zakoni Srbije moraju po\u0161tovati.<\/p>\n<p>Izvor:<strong> Glas-Javnosti.rs<\/strong><\/p>\n","protected":false},"excerpt":{"rendered":"<p>Sjeverni Sand\u017eak &#8211; Usvajanje neustavnog Statuta Vojvodine otvorilo je vrata za antiustavno i antidr\u017eavno djelovanje ekstremisti\u010dkih grupa i pojedinaca u Srbiji i za osnovanje Vojvo\u0111anske akademije nauka i umjetnosti (VANU) u Novom Sadu, kao i osnivanje Bo\u0161nja\u010dke akadmije nauka i umjetnosti (BANU) u Novom pazaru, saop\u0107io je vojvo\u0111anski odbor Demokratske stranke Srbije. Naime, nakon \u0161to [&hellip;]<\/p>\n","protected":false},"author":13,"featured_media":16982,"comment_status":"open","ping_status":"open","sticky":false,"template":"","format":"standard","meta":{"footnotes":""},"categories":[72,1,52,327,392,393,394],"tags":[],"class_list":{"0":"post-16981","1":"post","2":"type-post","3":"status-publish","4":"format-standard","5":"has-post-thumbnail","7":"category-novi-pazar","8":"category-politika","9":"category-sjenica","10":"category-tutin","11":"category-prijepolje_","12":"category-priboj","13":"category-nova-varos"},"yoast_head":"<!-- This site is optimized with the Yoast SEO Premium plugin v23.1 (Yoast SEO v24.9) - https:\/\/yoast.com\/wordpress\/plugins\/seo\/ -->\n<title>DSS: Isti cilj VANU i BANU<\/title>\n<meta name=\"robots\" content=\"index, follow, max-snippet:-1, max-image-preview:large, max-video-preview:-1\" \/>\n<link rel=\"canonical\" href=\"https:\/\/sandzakpress.net\/arhiva\/dss-isti-cilj-vanu-i-banu\/\" \/>\n<meta property=\"og:locale\" content=\"bs_BA\" \/>\n<meta property=\"og:type\" content=\"article\" \/>\n<meta property=\"og:title\" content=\"DSS: Isti cilj VANU i BANU\" \/>\n<meta property=\"og:description\" content=\"Sjeverni Sand\u017eak &#8211; Usvajanje neustavnog Statuta Vojvodine otvorilo je vrata za antiustavno i antidr\u017eavno djelovanje ekstremisti\u010dkih grupa i pojedinaca u Srbiji i za osnovanje Vojvo\u0111anske akademije nauka i umjetnosti (VANU) u Novom Sadu, kao i osnivanje Bo\u0161nja\u010dke akadmije nauka i umjetnosti (BANU) u Novom pazaru, saop\u0107io je vojvo\u0111anski odbor Demokratske stranke Srbije. Naime, nakon \u0161to [&hellip;]\" \/>\n<meta property=\"og:url\" content=\"https:\/\/sandzakpress.net\/arhiva\/dss-isti-cilj-vanu-i-banu\/\" \/>\n<meta property=\"og:site_name\" content=\"Sand\u017eak PRESS\" \/>\n<meta property=\"article:published_time\" content=\"2011-06-14T18:34:49+00:00\" \/>\n<meta property=\"og:image\" content=\"https:\/\/sandzakpress.net\/arhiva\/wp-content\/uploads\/2011\/06\/milenko_jovanov-12-150.jpg\" \/>\n\t<meta property=\"og:image:width\" content=\"150\" \/>\n\t<meta property=\"og:image:height\" content=\"150\" \/>\n\t<meta property=\"og:image:type\" content=\"image\/jpeg\" \/>\n<meta name=\"twitter:card\" content=\"summary_large_image\" \/>\n<meta name=\"twitter:label1\" content=\"Written by\" \/>\n\t<meta name=\"twitter:data1\" content=\"\" \/>\n\t<meta name=\"twitter:label2\" content=\"Est. reading time\" \/>\n\t<meta name=\"twitter:data2\" content=\"1 minuta\" \/>\n<script type=\"application\/ld+json\" class=\"yoast-schema-graph\">{\"@context\":\"https:\/\/schema.org\",\"@graph\":[{\"@type\":\"Article\",\"@id\":\"https:\/\/sandzakpress.net\/arhiva\/dss-isti-cilj-vanu-i-banu\/#article\",\"isPartOf\":{\"@id\":\"https:\/\/sandzakpress.net\/arhiva\/dss-isti-cilj-vanu-i-banu\/\"},\"author\":{\"name\":\"\",\"@id\":\"\"},\"headline\":\"DSS: Isti cilj VANU i BANU\",\"datePublished\":\"2011-06-14T18:34:49+00:00\",\"mainEntityOfPage\":{\"@id\":\"https:\/\/sandzakpress.net\/arhiva\/dss-isti-cilj-vanu-i-banu\/\"},\"wordCount\":227,\"commentCount\":19,\"publisher\":{\"@id\":\"https:\/\/sandzakpress.net\/arhiva\/#\/schema\/person\/6e72b67d6e51910a1117b3b483ba20bd\"},\"image\":{\"@id\":\"https:\/\/sandzakpress.net\/arhiva\/dss-isti-cilj-vanu-i-banu\/#primaryimage\"},\"thumbnailUrl\":\"https:\/\/sandzakpress.net\/arhiva\/wp-content\/uploads\/2011\/06\/milenko_jovanov-12-150.jpg\",\"articleSection\":[\"Novi Pazar\",\"Politika\",\"Sjenica\",\"Tutin\",\"Prijepolje\",\"Priboj\",\"Nova Varo\u0161\"],\"inLanguage\":\"bs-BA\",\"potentialAction\":[{\"@type\":\"CommentAction\",\"name\":\"Comment\",\"target\":[\"https:\/\/sandzakpress.net\/arhiva\/dss-isti-cilj-vanu-i-banu\/#respond\"]}]},{\"@type\":\"WebPage\",\"@id\":\"https:\/\/sandzakpress.net\/arhiva\/dss-isti-cilj-vanu-i-banu\/\",\"url\":\"https:\/\/sandzakpress.net\/arhiva\/dss-isti-cilj-vanu-i-banu\/\",\"name\":\"DSS: Isti cilj VANU i BANU\",\"isPartOf\":{\"@id\":\"https:\/\/sandzakpress.net\/arhiva\/#website\"},\"primaryImageOfPage\":{\"@id\":\"https:\/\/sandzakpress.net\/arhiva\/dss-isti-cilj-vanu-i-banu\/#primaryimage\"},\"image\":{\"@id\":\"https:\/\/sandzakpress.net\/arhiva\/dss-isti-cilj-vanu-i-banu\/#primaryimage\"},\"thumbnailUrl\":\"https:\/\/sandzakpress.net\/arhiva\/wp-content\/uploads\/2011\/06\/milenko_jovanov-12-150.jpg\",\"datePublished\":\"2011-06-14T18:34:49+00:00\",\"breadcrumb\":{\"@id\":\"https:\/\/sandzakpress.net\/arhiva\/dss-isti-cilj-vanu-i-banu\/#breadcrumb\"},\"inLanguage\":\"bs-BA\",\"potentialAction\":[{\"@type\":\"ReadAction\",\"target\":[\"https:\/\/sandzakpress.net\/arhiva\/dss-isti-cilj-vanu-i-banu\/\"]}]},{\"@type\":\"ImageObject\",\"inLanguage\":\"bs-BA\",\"@id\":\"https:\/\/sandzakpress.net\/arhiva\/dss-isti-cilj-vanu-i-banu\/#primaryimage\",\"url\":\"https:\/\/sandzakpress.net\/arhiva\/wp-content\/uploads\/2011\/06\/milenko_jovanov-12-150.jpg\",\"contentUrl\":\"https:\/\/sandzakpress.net\/arhiva\/wp-content\/uploads\/2011\/06\/milenko_jovanov-12-150.jpg\",\"width\":150,\"height\":150},{\"@type\":\"BreadcrumbList\",\"@id\":\"https:\/\/sandzakpress.net\/arhiva\/dss-isti-cilj-vanu-i-banu\/#breadcrumb\",\"itemListElement\":[{\"@type\":\"ListItem\",\"position\":1,\"name\":\"Home\",\"item\":\"https:\/\/sandzakpress.net\/arhiva\/\"},{\"@type\":\"ListItem\",\"position\":2,\"name\":\"DSS: Isti cilj VANU i BANU\"}]},{\"@type\":\"WebSite\",\"@id\":\"https:\/\/sandzakpress.net\/arhiva\/#website\",\"url\":\"https:\/\/sandzakpress.net\/arhiva\/\",\"name\":\"Sand\u017eak PRESS\",\"description\":\"Prve elektronske novine u Sand\u017eaku\",\"publisher\":{\"@id\":\"https:\/\/sandzakpress.net\/arhiva\/#\/schema\/person\/6e72b67d6e51910a1117b3b483ba20bd\"},\"potentialAction\":[{\"@type\":\"SearchAction\",\"target\":{\"@type\":\"EntryPoint\",\"urlTemplate\":\"https:\/\/sandzakpress.net\/arhiva\/?s={search_term_string}\"},\"query-input\":{\"@type\":\"PropertyValueSpecification\",\"valueRequired\":true,\"valueName\":\"search_term_string\"}}],\"inLanguage\":\"bs-BA\"},{\"@type\":[\"Person\",\"Organization\"],\"@id\":\"https:\/\/sandzakpress.net\/arhiva\/#\/schema\/person\/6e72b67d6e51910a1117b3b483ba20bd\",\"name\":\"Kul\",\"image\":{\"@type\":\"ImageObject\",\"inLanguage\":\"bs-BA\",\"@id\":\"https:\/\/sandzakpress.net\/arhiva\/#\/schema\/person\/image\/\",\"url\":\"https:\/\/secure.gravatar.com\/avatar\/42263f39aa27ac04c43cab85c280eb2e?s=96&d=mm&r=pg\",\"contentUrl\":\"https:\/\/secure.gravatar.com\/avatar\/42263f39aa27ac04c43cab85c280eb2e?s=96&d=mm&r=pg\",\"caption\":\"Kul\"},\"logo\":{\"@id\":\"https:\/\/sandzakpress.net\/arhiva\/#\/schema\/person\/image\/\"}},{\"@type\":\"Person\",\"@id\":\"\",\"url\":\"https:\/\/sandzakpress.net\/arhiva\/author\/\"}]}<\/script>\n<!-- \/ Yoast SEO Premium plugin. -->","yoast_head_json":{"title":"DSS: Isti cilj VANU i BANU","robots":{"index":"index","follow":"follow","max-snippet":"max-snippet:-1","max-image-preview":"max-image-preview:large","max-video-preview":"max-video-preview:-1"},"canonical":"https:\/\/sandzakpress.net\/arhiva\/dss-isti-cilj-vanu-i-banu\/","og_locale":"bs_BA","og_type":"article","og_title":"DSS: Isti cilj VANU i BANU","og_description":"Sjeverni Sand\u017eak &#8211; Usvajanje neustavnog Statuta Vojvodine otvorilo je vrata za antiustavno i antidr\u017eavno djelovanje ekstremisti\u010dkih grupa i pojedinaca u Srbiji i za osnovanje Vojvo\u0111anske akademije nauka i umjetnosti (VANU) u Novom Sadu, kao i osnivanje Bo\u0161nja\u010dke akadmije nauka i umjetnosti (BANU) u Novom pazaru, saop\u0107io je vojvo\u0111anski odbor Demokratske stranke Srbije. Naime, nakon \u0161to [&hellip;]","og_url":"https:\/\/sandzakpress.net\/arhiva\/dss-isti-cilj-vanu-i-banu\/","og_site_name":"Sand\u017eak PRESS","article_published_time":"2011-06-14T18:34:49+00:00","og_image":[{"width":150,"height":150,"url":"https:\/\/sandzakpress.net\/arhiva\/wp-content\/uploads\/2011\/06\/milenko_jovanov-12-150.jpg","type":"image\/jpeg"}],"twitter_card":"summary_large_image","twitter_misc":{"Written by":"","Est. reading time":"1 minuta"},"schema":{"@context":"https:\/\/schema.org","@graph":[{"@type":"Article","@id":"https:\/\/sandzakpress.net\/arhiva\/dss-isti-cilj-vanu-i-banu\/#article","isPartOf":{"@id":"https:\/\/sandzakpress.net\/arhiva\/dss-isti-cilj-vanu-i-banu\/"},"author":{"name":"","@id":""},"headline":"DSS: Isti cilj VANU i BANU","datePublished":"2011-06-14T18:34:49+00:00","mainEntityOfPage":{"@id":"https:\/\/sandzakpress.net\/arhiva\/dss-isti-cilj-vanu-i-banu\/"},"wordCount":227,"commentCount":19,"publisher":{"@id":"https:\/\/sandzakpress.net\/arhiva\/#\/schema\/person\/6e72b67d6e51910a1117b3b483ba20bd"},"image":{"@id":"https:\/\/sandzakpress.net\/arhiva\/dss-isti-cilj-vanu-i-banu\/#primaryimage"},"thumbnailUrl":"https:\/\/sandzakpress.net\/arhiva\/wp-content\/uploads\/2011\/06\/milenko_jovanov-12-150.jpg","articleSection":["Novi Pazar","Politika","Sjenica","Tutin","Prijepolje","Priboj","Nova Varo\u0161"],"inLanguage":"bs-BA","potentialAction":[{"@type":"CommentAction","name":"Comment","target":["https:\/\/sandzakpress.net\/arhiva\/dss-isti-cilj-vanu-i-banu\/#respond"]}]},{"@type":"WebPage","@id":"https:\/\/sandzakpress.net\/arhiva\/dss-isti-cilj-vanu-i-banu\/","url":"https:\/\/sandzakpress.net\/arhiva\/dss-isti-cilj-vanu-i-banu\/","name":"DSS: Isti cilj VANU i BANU","isPartOf":{"@id":"https:\/\/sandzakpress.net\/arhiva\/#website"},"primaryImageOfPage":{"@id":"https:\/\/sandzakpress.net\/arhiva\/dss-isti-cilj-vanu-i-banu\/#primaryimage"},"image":{"@id":"https:\/\/sandzakpress.net\/arhiva\/dss-isti-cilj-vanu-i-banu\/#primaryimage"},"thumbnailUrl":"https:\/\/sandzakpress.net\/arhiva\/wp-content\/uploads\/2011\/06\/milenko_jovanov-12-150.jpg","datePublished":"2011-06-14T18:34:49+00:00","breadcrumb":{"@id":"https:\/\/sandzakpress.net\/arhiva\/dss-isti-cilj-vanu-i-banu\/#breadcrumb"},"inLanguage":"bs-BA","potentialAction":[{"@type":"ReadAction","target":["https:\/\/sandzakpress.net\/arhiva\/dss-isti-cilj-vanu-i-banu\/"]}]},{"@type":"ImageObject","inLanguage":"bs-BA","@id":"https:\/\/sandzakpress.net\/arhiva\/dss-isti-cilj-vanu-i-banu\/#primaryimage","url":"https:\/\/sandzakpress.net\/arhiva\/wp-content\/uploads\/2011\/06\/milenko_jovanov-12-150.jpg","contentUrl":"https:\/\/sandzakpress.net\/arhiva\/wp-content\/uploads\/2011\/06\/milenko_jovanov-12-150.jpg","width":150,"height":150},{"@type":"BreadcrumbList","@id":"https:\/\/sandzakpress.net\/arhiva\/dss-isti-cilj-vanu-i-banu\/#breadcrumb","itemListElement":[{"@type":"ListItem","position":1,"name":"Home","item":"https:\/\/sandzakpress.net\/arhiva\/"},{"@type":"ListItem","position":2,"name":"DSS: Isti cilj VANU i BANU"}]},{"@type":"WebSite","@id":"https:\/\/sandzakpress.net\/arhiva\/#website","url":"https:\/\/sandzakpress.net\/arhiva\/","name":"Sand\u017eak PRESS","description":"Prve elektronske novine u Sand\u017eaku","publisher":{"@id":"https:\/\/sandzakpress.net\/arhiva\/#\/schema\/person\/6e72b67d6e51910a1117b3b483ba20bd"},"potentialAction":[{"@type":"SearchAction","target":{"@type":"EntryPoint","urlTemplate":"https:\/\/sandzakpress.net\/arhiva\/?s={search_term_string}"},"query-input":{"@type":"PropertyValueSpecification","valueRequired":true,"valueName":"search_term_string"}}],"inLanguage":"bs-BA"},{"@type":["Person","Organization"],"@id":"https:\/\/sandzakpress.net\/arhiva\/#\/schema\/person\/6e72b67d6e51910a1117b3b483ba20bd","name":"Kul","image":{"@type":"ImageObject","inLanguage":"bs-BA","@id":"https:\/\/sandzakpress.net\/arhiva\/#\/schema\/person\/image\/","url":"https:\/\/secure.gravatar.com\/avatar\/42263f39aa27ac04c43cab85c280eb2e?s=96&d=mm&r=pg","contentUrl":"https:\/\/secure.gravatar.com\/avatar\/42263f39aa27ac04c43cab85c280eb2e?s=96&d=mm&r=pg","caption":"Kul"},"logo":{"@id":"https:\/\/sandzakpress.net\/arhiva\/#\/schema\/person\/image\/"}},{"@type":"Person","@id":"","url":"https:\/\/sandzakpress.net\/arhiva\/author\/"}]}},"_links":{"self":[{"href":"https:\/\/sandzakpress.net\/arhiva\/wp-json\/wp\/v2\/posts\/16981"}],"collection":[{"href":"https:\/\/sandzakpress.net\/arhiva\/wp-json\/wp\/v2\/posts"}],"about":[{"href":"https:\/\/sandzakpress.net\/arhiva\/wp-json\/wp\/v2\/types\/post"}],"author":[{"embeddable":true,"href":"https:\/\/sandzakpress.net\/arhiva\/wp-json\/wp\/v2\/users\/13"}],"replies":[{"embeddable":true,"href":"https:\/\/sandzakpress.net\/arhiva\/wp-json\/wp\/v2\/comments?post=16981"}],"version-history":[{"count":0,"href":"https:\/\/sandzakpress.net\/arhiva\/wp-json\/wp\/v2\/posts\/16981\/revisions"}],"wp:featuredmedia":[{"embeddable":true,"href":"https:\/\/sandzakpress.net\/arhiva\/wp-json\/wp\/v2\/media\/16982"}],"wp:attachment":[{"href":"https:\/\/sandzakpress.net\/arhiva\/wp-json\/wp\/v2\/media?parent=16981"}],"wp:term":[{"taxonomy":"category","embeddable":true,"href":"https:\/\/sandzakpress.net\/arhiva\/wp-json\/wp\/v2\/categories?post=16981"},{"taxonomy":"post_tag","embeddable":true,"href":"https:\/\/sandzakpress.net\/arhiva\/wp-json\/wp\/v2\/tags?post=16981"}],"curies":[{"name":"wp","href":"https:\/\/api.w.org\/{rel}","templated":true}]}}