{"id":169453,"date":"2016-09-28T21:51:04","date_gmt":"2016-09-28T19:51:04","guid":{"rendered":"https:\/\/sandzakpress.net\/arhiva\/?p=169453"},"modified":"2016-09-28T21:51:04","modified_gmt":"2016-09-28T19:51:04","slug":"bkz-obiljezila-dan-bosnjaka-u-makedoniji-28-septembar","status":"publish","type":"post","link":"https:\/\/sandzakpress.net\/arhiva\/bkz-obiljezila-dan-bosnjaka-u-makedoniji-28-septembar\/","title":{"rendered":"BKZ obilje\u017eila Dan Bo\u0161njaka u Makedoniji &#8211; 28. septembar"},"content":{"rendered":"<p><img loading=\"lazy\" decoding=\"async\" class=\"alignnone wp-image-26979 size-large\" src=\"http:\/\/sanapress.info\/wp-content\/uploads\/2016\/09\/1-7-1024x768.jpg\" alt=\"1\" width=\"1024\" height=\"768\" \/><\/p>\n<p><strong>27. i 28. septembra 1993. u opkoljenom Sarajevu odr\u017ean je Bo\u0161nja\u010dki sabor, na kojem su bo\u0161nja\u010dki intelektualci donijeli dvije historijske odluke: Usvojili su Deklaraciju kojom su vratili zabranjeno ime muslimanskog naroda &#8211; Bo\u0161njak i opredijelili se za jedinstvenu dr\u017eavu BiH u njenim historijskim granicama te odbili podjelu BiH.<\/strong><\/p>\n<p>Prigodnom manifestacijom u sve\u010danoj sali hotela Bushi u Skoplju, ve\u010deras, 23 godine nakon, 28. septembra 2016. obilje\u017een je Dan Bo\u0161njaka u Republici Makedoniji u organizaciji Bo\u0161nja\u010dke kulturne zajednice u Makedoniji.<\/p>\n<p>Na sve\u010danosti je promovirano jedno od prvih kapitalnih izdanja Svjetskog bo\u0161nja\u010dkog kongresa Enciklopedija sand\u017ea\u010dko-bo\u0161nja\u010dke knji\u017eevnosti.<\/p>\n<p>Pored predstavnika bo\u0161nja\u010dkih nacionalnih, kulturnih i politi\u010dkih organizacija, skupu su prisustvovali i predstavnici turskih i albanskih organizacija, te predstavnici javnih ustanova u Makedoniji.<\/p>\n<p>Skup je otpo\u010deo intonacijom makedonske i bosanske himne.<\/p>\n<p>Na po\u010detku se u svojstvu doma\u0107ina obratio predsjednik BKZ u Makedoniji prof. D\u017eemil Bektovi\u0107, koji je \u010destitao Bo\u0161njacima blagdan, te se zahvalio bo\u0161nja\u010dkim intelektualcima koji su prije 23 godine i zvani\u010dno nam omogu\u0107ili da sebe zovemo svojim imenom Bo\u0161njacima, i da svoj jezik zovemo pravim imenom, bosanskim jezikom.<\/p>\n<p>BKZ shodno njegovoj va\u017enosti ovaj skup organizira ve\u0107 petu godinu za redom, kazao je Bektovi\u0107 te u nastavku svog obra\u0107anja govorio je o historijskom kontinuitetu Bo\u0161njaka u Makedoniji.<\/p>\n<p>On je naglasio i pozvao dr\u017eavne organe da posebno obrate pa\u017enju i\u00a0u narednom periodu Bo\u0161njacima omogu\u0107e nastavu na bosanskom jeziku, te kroz ispravan popis ustanoviti ta\u010dan broj Bo\u0161njaka u Makedoniji na osnovu kojeg se Bo\u0161njaci mogu ravnomjerno uklju\u010diti u javni \u017eivot Makedonije.<\/p>\n<p>Vise od 600 godina Bo\u0161njaci egzistiraju u Makedoniji. Brojni su bo\u0161nja\u010dki velikani koji su egzistirali na tlu sada\u0161nje Makedonije poput vakifa i utemeljitelja Skoplja Isa-bega Ishakovi\u0107a, Mustafa-pase, Jahja-pase, posljednje bosanske princeze Katarine-Emina \u010dije turbe govori da Bosna postoji 650 godina, potom Nasuh efendi Matrak\u010dija, Alija Avdovi\u0107a, te brojni aktuelni poput akademika Ferida Muhi\u0107a, Fehima Huskovi\u0107a i drugih, zaklju\u010dio je Bektovi\u0107.<\/p>\n<p>U drugom dijelu skupa promocijom Eciklopedije sand\u017ea\u010dko-bo\u0161nja\u010dke knji\u017eevnosti prisutni su imali prilike slu\u0161ati o svom jeziku od onih koji su najpozvaniji da o njemu govore, predsjednika Bo\u0161nja\u010dke kulturne zajednice dr. Admira Muratovi\u0107a i dr. Jahje Fehratovi\u0107a &#8211; autora Prva dva toma Enciklopedije, profesora sand\u017ea\u010dko-bo\u0161nja\u010dke knji\u017eevnosti i bosanskog jezika na Internacionalnom univerzitetu u Novom Pazaru.<\/p>\n<p>Dr. Admir Muratovi\u0107 je poru\u010dio Bo\u0161njacima da se vi\u0161e nemaju razloga bojati za svoje nacionalno ime i jezik, jer Enciklopedija sand\u017ea\u010dko-bo\u0161nja\u010dke knji\u017eevnosti ih zauvijek \u010duva od zaborava, a kada osiguramo ime i jezik, osigurali smo i svoju mati\u010dnu dr\u017eavu Bosnu i Hercegovinu. Zato ne boj te se za ime Bo\u0161njak, jezik bosanski i dr\u017eavu Bosnu, oni su sigurni, rije\u010di su kojima je dr. Muratovi\u0107 otpo\u010deo izlaganje.<\/p>\n<p>U nastavku izlaganja on je prenio svoja iskustva i zapa\u017eanja tokom nastanka ovog kapitalnog djela te zaklju\u010daka do kojih je do\u0161ao kao sudionik njegovog nastanka.<\/p>\n<p>Dr. Muratovi\u0107 je kazao da su Bo\u0161njaci najvi\u0161e uradili u najte\u017eim godinama. 1993. opkoljeno i ratno je Sarajevo, otmica u Sjeverinu, otmica u \u0160trpcima, sa druge strane pored Svebo\u0161nja\u010dkog sabora u Bosni, u Sand\u017eaku se osniva Me\u0161ihat, koji je osnova za osnivanje Internacionalnog univerziteta, a koji je osnova za nastanak Enciklopedije sand\u017ea\u010dko-bo\u0161nja\u010dke knji\u017eevnosti.<\/p>\n<p>Na kraju se obratio i sam autor dr. Jahja Fehratovic, koji je u ime delegacije sa kojom je prisutan na skupu \u010destitao Bo\u010dnjacima dana\u0161nji blagdan.<\/p>\n<p>On se na po\u010detku prisjetio dana kada su prije 5 godina sa prisutnim intelektualcima kada su osnivali BKZ sa liderom Muftijom Zukorli\u0107em, te podijelio radost \u0161to danas nakon 5 godina ubiraju zajedni\u010dke plodove rada.<\/p>\n<p>Bo\u0161njaci su tokom svog dugogodi\u0161njeg bitstvovanja na tlu Makedonije, sebe i svoju kulturu ugradili u dana\u0161nju Makedoniju. Zato Bo\u0161njaci zaslu\u017euju da im se u Republici Makedoniji daju sva prava na nacionalnom i kulturno-tradicijskom polju.<\/p>\n<p>Mnogo je autora spomenutih u Enciklopediji me\u0111u njima i Ahmeda Valija i njegove Askname, zbog koje smo kao narod jedni od kulturno najbogatijih naroda, kazao je dr. Fehratovi\u0107.<\/p>\n<p>On je potvrdio da je nastanak institucija klju\u010dan u nastanku Enciklopedije. Da na Internacionalnom univerzitetu ne postoji smjer bo\u0161nja\u010dka knji\u017eevnost, sigurno toga ne bi bilo.<\/p>\n<p>Dr. Fehratovi\u0107 je kazao da je Enciklopedijom \u017eelio da sa\u010duva od zaborava sve kulturolo\u0161ke vrijednosti Bo\u0161njaka, koje su uslijed dugogodi\u0161njeg uni\u0161tavanja kulturne ba\u0161tine Bo\u0161njaka i Sand\u017eaka, bile na rubu zaborava.<\/p>\n<p>Tokom izrade Enciklopedije, Fehratovi\u0107 nagla\u0161ava, da je nailazio na veliku otima\u010dinu kulturnog blaga Bo\u0161njaka, navode\u0107i primjere pjesama u kojima su zamjenom muslimanskih imena srpskim, otimane izvorne pjesme Bo\u0161njaka, ali obzirom na islamsku duhovnu protkanost, nije bilo mogu\u0107e potpuno izmijeniti nit pjesama. Pa je tako u nekim pjesmama bilo kako Jovo i Mara a\u0161ikuju nakon jacije namaza, \u0161to potvr\u0111uje prethodnu tezu, kazao je Fehratovi\u0107 i dodao da je usmena knji\u017eevnost odigrala klju\u010dnu ulogu u o\u010duvanju jezi\u010dke kulture Bo\u0161njaka.<\/p>\n<p>SANA<br \/><img loading=\"lazy\" decoding=\"async\" class=\"alignnone wp-image-26980 size-full\" src=\"http:\/\/sanapress.info\/wp-content\/uploads\/2016\/09\/2-7.jpg\" alt=\"2\" width=\"1280\" height=\"960\" \/> <img loading=\"lazy\" decoding=\"async\" class=\"alignnone wp-image-26981 size-large\" src=\"http:\/\/sanapress.info\/wp-content\/uploads\/2016\/09\/3-6-1024x768.jpg\" alt=\"3\" width=\"1024\" height=\"768\" \/> <img loading=\"lazy\" decoding=\"async\" class=\"alignnone wp-image-26982 size-large\" src=\"http:\/\/sanapress.info\/wp-content\/uploads\/2016\/09\/4-5-1024x576.jpg\" alt=\"4\" width=\"1024\" height=\"576\" \/><\/p>\n","protected":false},"excerpt":{"rendered":"<p>27. i 28. septembra 1993. u opkoljenom Sarajevu odr\u017ean je Bo\u0161nja\u010dki sabor, na kojem su bo\u0161nja\u010dki intelektualci donijeli dvije historijske odluke: Usvojili su Deklaraciju kojom su vratili zabranjeno ime muslimanskog naroda &#8211; Bo\u0161njak i opredijelili se za jedinstvenu dr\u017eavu BiH u njenim historijskim granicama te odbili podjelu BiH. Prigodnom manifestacijom u sve\u010danoj sali hotela Bushi [&hellip;]<\/p>\n","protected":false},"author":83,"featured_media":169454,"comment_status":"open","ping_status":"open","sticky":false,"template":"","format":"standard","meta":{"footnotes":""},"categories":[1,2691,8957],"tags":[],"class_list":{"0":"post-169453","1":"post","2":"type-post","3":"status-publish","4":"format-standard","5":"has-post-thumbnail","7":"category-politika","8":"category-makedonija","9":"category-vijesti-dana"},"yoast_head":"<!-- This site is optimized with the Yoast SEO Premium plugin v23.1 (Yoast SEO v24.9) - https:\/\/yoast.com\/wordpress\/plugins\/seo\/ -->\n<title>BKZ obilje\u017eila Dan Bo\u0161njaka u Makedoniji - 28. septembar<\/title>\n<meta name=\"robots\" content=\"index, follow, max-snippet:-1, max-image-preview:large, max-video-preview:-1\" \/>\n<link rel=\"canonical\" href=\"https:\/\/sandzakpress.net\/arhiva\/bkz-obiljezila-dan-bosnjaka-u-makedoniji-28-septembar\/\" \/>\n<meta property=\"og:locale\" content=\"bs_BA\" \/>\n<meta property=\"og:type\" content=\"article\" \/>\n<meta property=\"og:title\" content=\"BKZ obilje\u017eila Dan Bo\u0161njaka u Makedoniji - 28. septembar\" \/>\n<meta property=\"og:description\" content=\"27. i 28. septembra 1993. u opkoljenom Sarajevu odr\u017ean je Bo\u0161nja\u010dki sabor, na kojem su bo\u0161nja\u010dki intelektualci donijeli dvije historijske odluke: Usvojili su Deklaraciju kojom su vratili zabranjeno ime muslimanskog naroda &#8211; Bo\u0161njak i opredijelili se za jedinstvenu dr\u017eavu BiH u njenim historijskim granicama te odbili podjelu BiH. Prigodnom manifestacijom u sve\u010danoj sali hotela Bushi [&hellip;]\" \/>\n<meta property=\"og:url\" content=\"https:\/\/sandzakpress.net\/arhiva\/bkz-obiljezila-dan-bosnjaka-u-makedoniji-28-septembar\/\" \/>\n<meta property=\"og:site_name\" content=\"Sand\u017eak PRESS\" \/>\n<meta property=\"article:published_time\" content=\"2016-09-28T19:51:04+00:00\" \/>\n<meta property=\"og:image\" content=\"https:\/\/sandzakpress.net\/arhiva\/wp-content\/uploads\/2016\/09\/1-7-1024x768.jpg\" \/>\n\t<meta property=\"og:image:width\" content=\"1024\" \/>\n\t<meta property=\"og:image:height\" content=\"768\" \/>\n\t<meta property=\"og:image:type\" content=\"image\/jpeg\" \/>\n<meta name=\"author\" content=\"bosniak\" \/>\n<meta name=\"twitter:card\" content=\"summary_large_image\" \/>\n<meta name=\"twitter:label1\" content=\"Written by\" \/>\n\t<meta name=\"twitter:data1\" content=\"bosniak\" \/>\n\t<meta name=\"twitter:label2\" content=\"Est. reading time\" \/>\n\t<meta name=\"twitter:data2\" content=\"4 minute\" \/>\n<script type=\"application\/ld+json\" class=\"yoast-schema-graph\">{\"@context\":\"https:\/\/schema.org\",\"@graph\":[{\"@type\":\"Article\",\"@id\":\"https:\/\/sandzakpress.net\/arhiva\/bkz-obiljezila-dan-bosnjaka-u-makedoniji-28-septembar\/#article\",\"isPartOf\":{\"@id\":\"https:\/\/sandzakpress.net\/arhiva\/bkz-obiljezila-dan-bosnjaka-u-makedoniji-28-septembar\/\"},\"author\":{\"name\":\"bosniak\",\"@id\":\"https:\/\/sandzakpress.net\/arhiva\/#\/schema\/person\/c8baee722073534b583ea7bdb2e36c02\"},\"headline\":\"BKZ obilje\u017eila Dan Bo\u0161njaka u Makedoniji &#8211; 28. septembar\",\"datePublished\":\"2016-09-28T19:51:04+00:00\",\"mainEntityOfPage\":{\"@id\":\"https:\/\/sandzakpress.net\/arhiva\/bkz-obiljezila-dan-bosnjaka-u-makedoniji-28-septembar\/\"},\"wordCount\":888,\"commentCount\":0,\"publisher\":{\"@id\":\"https:\/\/sandzakpress.net\/arhiva\/#\/schema\/person\/6e72b67d6e51910a1117b3b483ba20bd\"},\"image\":{\"@id\":\"https:\/\/sandzakpress.net\/arhiva\/bkz-obiljezila-dan-bosnjaka-u-makedoniji-28-septembar\/#primaryimage\"},\"thumbnailUrl\":\"https:\/\/sandzakpress.net\/arhiva\/wp-content\/uploads\/2016\/09\/1-7-1024x768.jpg\",\"articleSection\":[\"Politika\",\"Makedonija\",\"VIJESTI DANA\"],\"inLanguage\":\"bs-BA\",\"potentialAction\":[{\"@type\":\"CommentAction\",\"name\":\"Comment\",\"target\":[\"https:\/\/sandzakpress.net\/arhiva\/bkz-obiljezila-dan-bosnjaka-u-makedoniji-28-septembar\/#respond\"]}]},{\"@type\":\"WebPage\",\"@id\":\"https:\/\/sandzakpress.net\/arhiva\/bkz-obiljezila-dan-bosnjaka-u-makedoniji-28-septembar\/\",\"url\":\"https:\/\/sandzakpress.net\/arhiva\/bkz-obiljezila-dan-bosnjaka-u-makedoniji-28-septembar\/\",\"name\":\"BKZ obilje\u017eila Dan Bo\u0161njaka u Makedoniji - 28. septembar\",\"isPartOf\":{\"@id\":\"https:\/\/sandzakpress.net\/arhiva\/#website\"},\"primaryImageOfPage\":{\"@id\":\"https:\/\/sandzakpress.net\/arhiva\/bkz-obiljezila-dan-bosnjaka-u-makedoniji-28-septembar\/#primaryimage\"},\"image\":{\"@id\":\"https:\/\/sandzakpress.net\/arhiva\/bkz-obiljezila-dan-bosnjaka-u-makedoniji-28-septembar\/#primaryimage\"},\"thumbnailUrl\":\"https:\/\/sandzakpress.net\/arhiva\/wp-content\/uploads\/2016\/09\/1-7-1024x768.jpg\",\"datePublished\":\"2016-09-28T19:51:04+00:00\",\"breadcrumb\":{\"@id\":\"https:\/\/sandzakpress.net\/arhiva\/bkz-obiljezila-dan-bosnjaka-u-makedoniji-28-septembar\/#breadcrumb\"},\"inLanguage\":\"bs-BA\",\"potentialAction\":[{\"@type\":\"ReadAction\",\"target\":[\"https:\/\/sandzakpress.net\/arhiva\/bkz-obiljezila-dan-bosnjaka-u-makedoniji-28-septembar\/\"]}]},{\"@type\":\"ImageObject\",\"inLanguage\":\"bs-BA\",\"@id\":\"https:\/\/sandzakpress.net\/arhiva\/bkz-obiljezila-dan-bosnjaka-u-makedoniji-28-septembar\/#primaryimage\",\"url\":\"https:\/\/sandzakpress.net\/arhiva\/wp-content\/uploads\/2016\/09\/1-7-1024x768.jpg\",\"contentUrl\":\"https:\/\/sandzakpress.net\/arhiva\/wp-content\/uploads\/2016\/09\/1-7-1024x768.jpg\",\"width\":1024,\"height\":768},{\"@type\":\"BreadcrumbList\",\"@id\":\"https:\/\/sandzakpress.net\/arhiva\/bkz-obiljezila-dan-bosnjaka-u-makedoniji-28-septembar\/#breadcrumb\",\"itemListElement\":[{\"@type\":\"ListItem\",\"position\":1,\"name\":\"Home\",\"item\":\"https:\/\/sandzakpress.net\/arhiva\/\"},{\"@type\":\"ListItem\",\"position\":2,\"name\":\"BKZ obilje\u017eila Dan Bo\u0161njaka u Makedoniji &#8211; 28. septembar\"}]},{\"@type\":\"WebSite\",\"@id\":\"https:\/\/sandzakpress.net\/arhiva\/#website\",\"url\":\"https:\/\/sandzakpress.net\/arhiva\/\",\"name\":\"Sand\u017eak PRESS\",\"description\":\"Prve elektronske novine u Sand\u017eaku\",\"publisher\":{\"@id\":\"https:\/\/sandzakpress.net\/arhiva\/#\/schema\/person\/6e72b67d6e51910a1117b3b483ba20bd\"},\"potentialAction\":[{\"@type\":\"SearchAction\",\"target\":{\"@type\":\"EntryPoint\",\"urlTemplate\":\"https:\/\/sandzakpress.net\/arhiva\/?s={search_term_string}\"},\"query-input\":{\"@type\":\"PropertyValueSpecification\",\"valueRequired\":true,\"valueName\":\"search_term_string\"}}],\"inLanguage\":\"bs-BA\"},{\"@type\":[\"Person\",\"Organization\"],\"@id\":\"https:\/\/sandzakpress.net\/arhiva\/#\/schema\/person\/6e72b67d6e51910a1117b3b483ba20bd\",\"name\":\"Kul\",\"image\":{\"@type\":\"ImageObject\",\"inLanguage\":\"bs-BA\",\"@id\":\"https:\/\/sandzakpress.net\/arhiva\/#\/schema\/person\/image\/\",\"url\":\"https:\/\/secure.gravatar.com\/avatar\/42263f39aa27ac04c43cab85c280eb2e?s=96&d=mm&r=pg\",\"contentUrl\":\"https:\/\/secure.gravatar.com\/avatar\/42263f39aa27ac04c43cab85c280eb2e?s=96&d=mm&r=pg\",\"caption\":\"Kul\"},\"logo\":{\"@id\":\"https:\/\/sandzakpress.net\/arhiva\/#\/schema\/person\/image\/\"}},{\"@type\":\"Person\",\"@id\":\"https:\/\/sandzakpress.net\/arhiva\/#\/schema\/person\/c8baee722073534b583ea7bdb2e36c02\",\"name\":\"bosniak\",\"image\":{\"@type\":\"ImageObject\",\"inLanguage\":\"bs-BA\",\"@id\":\"https:\/\/sandzakpress.net\/arhiva\/#\/schema\/person\/image\/\",\"url\":\"https:\/\/secure.gravatar.com\/avatar\/a04fd330bfe3a36a72a0ad4a6d89fca7?s=96&d=mm&r=pg\",\"contentUrl\":\"https:\/\/secure.gravatar.com\/avatar\/a04fd330bfe3a36a72a0ad4a6d89fca7?s=96&d=mm&r=pg\",\"caption\":\"bosniak\"},\"url\":\"https:\/\/sandzakpress.net\/arhiva\/author\/bosniak\/\"}]}<\/script>\n<!-- \/ Yoast SEO Premium plugin. -->","yoast_head_json":{"title":"BKZ obilje\u017eila Dan Bo\u0161njaka u Makedoniji - 28. septembar","robots":{"index":"index","follow":"follow","max-snippet":"max-snippet:-1","max-image-preview":"max-image-preview:large","max-video-preview":"max-video-preview:-1"},"canonical":"https:\/\/sandzakpress.net\/arhiva\/bkz-obiljezila-dan-bosnjaka-u-makedoniji-28-septembar\/","og_locale":"bs_BA","og_type":"article","og_title":"BKZ obilje\u017eila Dan Bo\u0161njaka u Makedoniji - 28. septembar","og_description":"27. i 28. septembra 1993. u opkoljenom Sarajevu odr\u017ean je Bo\u0161nja\u010dki sabor, na kojem su bo\u0161nja\u010dki intelektualci donijeli dvije historijske odluke: Usvojili su Deklaraciju kojom su vratili zabranjeno ime muslimanskog naroda &#8211; Bo\u0161njak i opredijelili se za jedinstvenu dr\u017eavu BiH u njenim historijskim granicama te odbili podjelu BiH. Prigodnom manifestacijom u sve\u010danoj sali hotela Bushi [&hellip;]","og_url":"https:\/\/sandzakpress.net\/arhiva\/bkz-obiljezila-dan-bosnjaka-u-makedoniji-28-septembar\/","og_site_name":"Sand\u017eak PRESS","article_published_time":"2016-09-28T19:51:04+00:00","og_image":[{"width":1024,"height":768,"url":"https:\/\/sandzakpress.net\/arhiva\/wp-content\/uploads\/2016\/09\/1-7-1024x768.jpg","type":"image\/jpeg"}],"author":"bosniak","twitter_card":"summary_large_image","twitter_misc":{"Written by":"bosniak","Est. reading time":"4 minute"},"schema":{"@context":"https:\/\/schema.org","@graph":[{"@type":"Article","@id":"https:\/\/sandzakpress.net\/arhiva\/bkz-obiljezila-dan-bosnjaka-u-makedoniji-28-septembar\/#article","isPartOf":{"@id":"https:\/\/sandzakpress.net\/arhiva\/bkz-obiljezila-dan-bosnjaka-u-makedoniji-28-septembar\/"},"author":{"name":"bosniak","@id":"https:\/\/sandzakpress.net\/arhiva\/#\/schema\/person\/c8baee722073534b583ea7bdb2e36c02"},"headline":"BKZ obilje\u017eila Dan Bo\u0161njaka u Makedoniji &#8211; 28. septembar","datePublished":"2016-09-28T19:51:04+00:00","mainEntityOfPage":{"@id":"https:\/\/sandzakpress.net\/arhiva\/bkz-obiljezila-dan-bosnjaka-u-makedoniji-28-septembar\/"},"wordCount":888,"commentCount":0,"publisher":{"@id":"https:\/\/sandzakpress.net\/arhiva\/#\/schema\/person\/6e72b67d6e51910a1117b3b483ba20bd"},"image":{"@id":"https:\/\/sandzakpress.net\/arhiva\/bkz-obiljezila-dan-bosnjaka-u-makedoniji-28-septembar\/#primaryimage"},"thumbnailUrl":"https:\/\/sandzakpress.net\/arhiva\/wp-content\/uploads\/2016\/09\/1-7-1024x768.jpg","articleSection":["Politika","Makedonija","VIJESTI DANA"],"inLanguage":"bs-BA","potentialAction":[{"@type":"CommentAction","name":"Comment","target":["https:\/\/sandzakpress.net\/arhiva\/bkz-obiljezila-dan-bosnjaka-u-makedoniji-28-septembar\/#respond"]}]},{"@type":"WebPage","@id":"https:\/\/sandzakpress.net\/arhiva\/bkz-obiljezila-dan-bosnjaka-u-makedoniji-28-septembar\/","url":"https:\/\/sandzakpress.net\/arhiva\/bkz-obiljezila-dan-bosnjaka-u-makedoniji-28-septembar\/","name":"BKZ obilje\u017eila Dan Bo\u0161njaka u Makedoniji - 28. septembar","isPartOf":{"@id":"https:\/\/sandzakpress.net\/arhiva\/#website"},"primaryImageOfPage":{"@id":"https:\/\/sandzakpress.net\/arhiva\/bkz-obiljezila-dan-bosnjaka-u-makedoniji-28-septembar\/#primaryimage"},"image":{"@id":"https:\/\/sandzakpress.net\/arhiva\/bkz-obiljezila-dan-bosnjaka-u-makedoniji-28-septembar\/#primaryimage"},"thumbnailUrl":"https:\/\/sandzakpress.net\/arhiva\/wp-content\/uploads\/2016\/09\/1-7-1024x768.jpg","datePublished":"2016-09-28T19:51:04+00:00","breadcrumb":{"@id":"https:\/\/sandzakpress.net\/arhiva\/bkz-obiljezila-dan-bosnjaka-u-makedoniji-28-septembar\/#breadcrumb"},"inLanguage":"bs-BA","potentialAction":[{"@type":"ReadAction","target":["https:\/\/sandzakpress.net\/arhiva\/bkz-obiljezila-dan-bosnjaka-u-makedoniji-28-septembar\/"]}]},{"@type":"ImageObject","inLanguage":"bs-BA","@id":"https:\/\/sandzakpress.net\/arhiva\/bkz-obiljezila-dan-bosnjaka-u-makedoniji-28-septembar\/#primaryimage","url":"https:\/\/sandzakpress.net\/arhiva\/wp-content\/uploads\/2016\/09\/1-7-1024x768.jpg","contentUrl":"https:\/\/sandzakpress.net\/arhiva\/wp-content\/uploads\/2016\/09\/1-7-1024x768.jpg","width":1024,"height":768},{"@type":"BreadcrumbList","@id":"https:\/\/sandzakpress.net\/arhiva\/bkz-obiljezila-dan-bosnjaka-u-makedoniji-28-septembar\/#breadcrumb","itemListElement":[{"@type":"ListItem","position":1,"name":"Home","item":"https:\/\/sandzakpress.net\/arhiva\/"},{"@type":"ListItem","position":2,"name":"BKZ obilje\u017eila Dan Bo\u0161njaka u Makedoniji &#8211; 28. septembar"}]},{"@type":"WebSite","@id":"https:\/\/sandzakpress.net\/arhiva\/#website","url":"https:\/\/sandzakpress.net\/arhiva\/","name":"Sand\u017eak PRESS","description":"Prve elektronske novine u Sand\u017eaku","publisher":{"@id":"https:\/\/sandzakpress.net\/arhiva\/#\/schema\/person\/6e72b67d6e51910a1117b3b483ba20bd"},"potentialAction":[{"@type":"SearchAction","target":{"@type":"EntryPoint","urlTemplate":"https:\/\/sandzakpress.net\/arhiva\/?s={search_term_string}"},"query-input":{"@type":"PropertyValueSpecification","valueRequired":true,"valueName":"search_term_string"}}],"inLanguage":"bs-BA"},{"@type":["Person","Organization"],"@id":"https:\/\/sandzakpress.net\/arhiva\/#\/schema\/person\/6e72b67d6e51910a1117b3b483ba20bd","name":"Kul","image":{"@type":"ImageObject","inLanguage":"bs-BA","@id":"https:\/\/sandzakpress.net\/arhiva\/#\/schema\/person\/image\/","url":"https:\/\/secure.gravatar.com\/avatar\/42263f39aa27ac04c43cab85c280eb2e?s=96&d=mm&r=pg","contentUrl":"https:\/\/secure.gravatar.com\/avatar\/42263f39aa27ac04c43cab85c280eb2e?s=96&d=mm&r=pg","caption":"Kul"},"logo":{"@id":"https:\/\/sandzakpress.net\/arhiva\/#\/schema\/person\/image\/"}},{"@type":"Person","@id":"https:\/\/sandzakpress.net\/arhiva\/#\/schema\/person\/c8baee722073534b583ea7bdb2e36c02","name":"bosniak","image":{"@type":"ImageObject","inLanguage":"bs-BA","@id":"https:\/\/sandzakpress.net\/arhiva\/#\/schema\/person\/image\/","url":"https:\/\/secure.gravatar.com\/avatar\/a04fd330bfe3a36a72a0ad4a6d89fca7?s=96&d=mm&r=pg","contentUrl":"https:\/\/secure.gravatar.com\/avatar\/a04fd330bfe3a36a72a0ad4a6d89fca7?s=96&d=mm&r=pg","caption":"bosniak"},"url":"https:\/\/sandzakpress.net\/arhiva\/author\/bosniak\/"}]}},"_links":{"self":[{"href":"https:\/\/sandzakpress.net\/arhiva\/wp-json\/wp\/v2\/posts\/169453"}],"collection":[{"href":"https:\/\/sandzakpress.net\/arhiva\/wp-json\/wp\/v2\/posts"}],"about":[{"href":"https:\/\/sandzakpress.net\/arhiva\/wp-json\/wp\/v2\/types\/post"}],"author":[{"embeddable":true,"href":"https:\/\/sandzakpress.net\/arhiva\/wp-json\/wp\/v2\/users\/83"}],"replies":[{"embeddable":true,"href":"https:\/\/sandzakpress.net\/arhiva\/wp-json\/wp\/v2\/comments?post=169453"}],"version-history":[{"count":0,"href":"https:\/\/sandzakpress.net\/arhiva\/wp-json\/wp\/v2\/posts\/169453\/revisions"}],"wp:featuredmedia":[{"embeddable":true,"href":"https:\/\/sandzakpress.net\/arhiva\/wp-json\/wp\/v2\/media\/169454"}],"wp:attachment":[{"href":"https:\/\/sandzakpress.net\/arhiva\/wp-json\/wp\/v2\/media?parent=169453"}],"wp:term":[{"taxonomy":"category","embeddable":true,"href":"https:\/\/sandzakpress.net\/arhiva\/wp-json\/wp\/v2\/categories?post=169453"},{"taxonomy":"post_tag","embeddable":true,"href":"https:\/\/sandzakpress.net\/arhiva\/wp-json\/wp\/v2\/tags?post=169453"}],"curies":[{"name":"wp","href":"https:\/\/api.w.org\/{rel}","templated":true}]}}