{"id":1691,"date":"2010-01-26T17:29:25","date_gmt":"2010-01-26T16:29:25","guid":{"rendered":"https:\/\/sandzakpress.net\/arhiva\/?p=1691"},"modified":"2010-01-26T17:29:25","modified_gmt":"2010-01-26T16:29:25","slug":"afirmacija-nacionalnog-kulturnog-i-vjerskog-identiteta-bosnjaka","status":"publish","type":"post","link":"https:\/\/sandzakpress.net\/arhiva\/afirmacija-nacionalnog-kulturnog-i-vjerskog-identiteta-bosnjaka\/","title":{"rendered":"Afirmacija nacionalnog, kulturnog i vjerskog identiteta Bo\u0161njaka"},"content":{"rendered":"<p><strong><a href=\"https:\/\/sandzakpress.net\/arhiva\/wp-content\/uploads\/2010\/01\/bkz-kzs.jpg\"><img loading=\"lazy\" decoding=\"async\" class=\"alignleft size-medium wp-image-1692\" title=\"bkz-kzs\" src=\"https:\/\/sandzakpress.net\/arhiva\/wp-content\/uploads\/2010\/01\/bkz-kzs-300x199.jpg\" alt=\"\" width=\"300\" height=\"199\" \/><\/a>Novi Pazar &#8211; Danas je Bo\u0161nja\u010dka kulturna zajednica u svojim prostorijama koje se nalaze u prizemlju zgrade Fakulteta za islamske studije u Novom Pazaru odr\u017eala prvu konferenciju za \u0161tampu. <\/strong><\/p>\n<p>Na ovoj konferenciji promovisani su ciljevi organizacije i najavljena je Promotivna skup\u0161tina koja \u0107e biti odr\u017eana u utorak 26.01.2010. godine u Koncertnoj dvorani Doma kulture u Novom pazaru u 13 \u010dasova.   Osnovna ideja formiranja Bo\u0161nja\u010dke kulturne zajednice (BKZ) je borba za o\u010duvanje i afirmaciju nacionalnog, kulturnog i verskog identiteta Bo\u0161njaka kao i borba za po\u0161tovanje zakonom garantonanih prava.\u00a0 Zajednica je formirana u decembru mjesecu pro\u0161le godine i registrovana, prema re\u010dima njenog predsjednika Dr. Mevluda Dudi\u0107a, kao nestrana\u010dka organizacija.<\/p>\n<p>\u201cSvoj cilj Bo\u0161nja\u010dka kulturna zajednica ostvariva\u0107e kroz razvijanje i osna\u017eivanje svijesti o bo\u0161nja\u010dkoj kulturi u svjetskoj zajednici kultura, kao i kroz istra\u017eivanje i predstavljanje svih kulturnih sadr\u017eaja u okviru nastojanja da Bo\u0161njaci sebi osiguraju ravnopravan polo\u017eaj u svijetskoj zajednici naroda. Zadatak nam je povezivanje bo\u0161nja\u010dkih organizacija, dru\u0161tava i ustanova i uspostavljanje prijateljskih veza sa ostalim narodima, a prioritet \u0161kolovanje bo\u0161nja\u010dke mlade\u017ei u skladu i sa potrebama na\u0161eg naroda.\u201d kazao je izme\u0111u ostalog Dudi\u0107.<br \/>\nPrema rije\u010dima zamjenika predsjednika, Mr. Nusreta Nicevi\u0107a, uloga\u00a0 Bo\u0161nja\u010dke kulturne zajednice je \u201cda vrednostima koje promovi\u0161e otvori pitanje re\u0161avanja mnogih problema u Srbiji\u201d.<\/p>\n<p>Na pitanje da li postoji nekakva sli\u010dnost ove Zajednice i Nacionalnog savjeta Bo\u0161njaka, re\u010deno je da ako postoji podudarnost, ona je rezultat op\u0161teg interesa da se neka pitanja rije\u0161e. \u201eBKZ je nastala, kako je na konferenciji saop\u0161tio Samir Tandir predsjednik Izvr\u0161nog odbora BKZ, \u201ckao otpor op\u0161toj politizaciji dru\u0161tva i pasivnosti postoje\u0107ih institucija.\u201d<\/p>\n<p>Na promotivnoj skup\u0161tini Bo\u0161nja\u010dke kulturne zajednice bi\u0107e promovisan statut organizacije, kao i kadrovska struktura kojom raspola\u017ee organizacija. Najavljen je veliku broj gostiju iz doma\u0107eg ali i inostranog javnog, kulturnog i politi\u010dkog \u017eivota.<br \/>\nIz Bo\u0161nja\u010dke kulturne zajednice upu\u0107en je poziv gra\u0111anima bo\u0161nja\u010dke nacionalnosti da se upi\u0161u u poseban bira\u010dki spisak i osiguraju u\u010de\u0161\u0107e na predstoje\u0107im izborima za izbor novih\u00a0 \u010dlanova u Bo\u0161nja\u010dki nacionalni savjet.<\/p>\n<p>Izvor: <strong>IslamskaZajednica.org<\/strong><\/p>\n","protected":false},"excerpt":{"rendered":"<p>Novi Pazar &#8211; Danas je Bo\u0161nja\u010dka kulturna zajednica u svojim prostorijama koje se nalaze u prizemlju zgrade Fakulteta za islamske studije u Novom Pazaru odr\u017eala prvu konferenciju za \u0161tampu. Na ovoj konferenciji promovisani su ciljevi organizacije i najavljena je Promotivna skup\u0161tina koja \u0107e biti odr\u017eana u utorak 26.01.2010. godine u Koncertnoj dvorani Doma kulture u [&hellip;]<\/p>\n","protected":false},"author":83,"featured_media":1692,"comment_status":"open","ping_status":"open","sticky":false,"template":"","format":"standard","meta":{"footnotes":""},"categories":[1],"tags":[],"class_list":{"0":"post-1691","1":"post","2":"type-post","3":"status-publish","4":"format-standard","5":"has-post-thumbnail","7":"category-politika"},"yoast_head":"<!-- This site is optimized with the Yoast SEO Premium plugin v23.1 (Yoast SEO v24.9) - https:\/\/yoast.com\/wordpress\/plugins\/seo\/ -->\n<title>Afirmacija nacionalnog, kulturnog i vjerskog identiteta Bo\u0161njaka<\/title>\n<meta name=\"robots\" content=\"index, follow, max-snippet:-1, max-image-preview:large, max-video-preview:-1\" \/>\n<link rel=\"canonical\" href=\"https:\/\/sandzakpress.net\/arhiva\/afirmacija-nacionalnog-kulturnog-i-vjerskog-identiteta-bosnjaka\/\" \/>\n<meta property=\"og:locale\" content=\"bs_BA\" \/>\n<meta property=\"og:type\" content=\"article\" \/>\n<meta property=\"og:title\" content=\"Afirmacija nacionalnog, kulturnog i vjerskog identiteta Bo\u0161njaka\" \/>\n<meta property=\"og:description\" content=\"Novi Pazar &#8211; Danas je Bo\u0161nja\u010dka kulturna zajednica u svojim prostorijama koje se nalaze u prizemlju zgrade Fakulteta za islamske studije u Novom Pazaru odr\u017eala prvu konferenciju za \u0161tampu. Na ovoj konferenciji promovisani su ciljevi organizacije i najavljena je Promotivna skup\u0161tina koja \u0107e biti odr\u017eana u utorak 26.01.2010. godine u Koncertnoj dvorani Doma kulture u [&hellip;]\" \/>\n<meta property=\"og:url\" content=\"https:\/\/sandzakpress.net\/arhiva\/afirmacija-nacionalnog-kulturnog-i-vjerskog-identiteta-bosnjaka\/\" \/>\n<meta property=\"og:site_name\" content=\"Sand\u017eak PRESS\" \/>\n<meta property=\"article:published_time\" content=\"2010-01-26T16:29:25+00:00\" \/>\n<meta property=\"og:image\" content=\"https:\/\/sandzakpress.net\/arhiva\/wp-content\/uploads\/2010\/01\/bkz-kzs.jpg\" \/>\n\t<meta property=\"og:image:width\" content=\"600\" \/>\n\t<meta property=\"og:image:height\" content=\"399\" \/>\n\t<meta property=\"og:image:type\" content=\"image\/jpeg\" \/>\n<meta name=\"author\" content=\"bosniak\" \/>\n<meta name=\"twitter:card\" content=\"summary_large_image\" \/>\n<meta name=\"twitter:label1\" content=\"Written by\" \/>\n\t<meta name=\"twitter:data1\" content=\"bosniak\" \/>\n\t<meta name=\"twitter:label2\" content=\"Est. reading time\" \/>\n\t<meta name=\"twitter:data2\" content=\"2 minute\" \/>\n<script type=\"application\/ld+json\" class=\"yoast-schema-graph\">{\"@context\":\"https:\/\/schema.org\",\"@graph\":[{\"@type\":\"Article\",\"@id\":\"https:\/\/sandzakpress.net\/arhiva\/afirmacija-nacionalnog-kulturnog-i-vjerskog-identiteta-bosnjaka\/#article\",\"isPartOf\":{\"@id\":\"https:\/\/sandzakpress.net\/arhiva\/afirmacija-nacionalnog-kulturnog-i-vjerskog-identiteta-bosnjaka\/\"},\"author\":{\"name\":\"bosniak\",\"@id\":\"https:\/\/sandzakpress.net\/arhiva\/#\/schema\/person\/c8baee722073534b583ea7bdb2e36c02\"},\"headline\":\"Afirmacija nacionalnog, kulturnog i vjerskog identiteta Bo\u0161njaka\",\"datePublished\":\"2010-01-26T16:29:25+00:00\",\"mainEntityOfPage\":{\"@id\":\"https:\/\/sandzakpress.net\/arhiva\/afirmacija-nacionalnog-kulturnog-i-vjerskog-identiteta-bosnjaka\/\"},\"wordCount\":395,\"commentCount\":0,\"publisher\":{\"@id\":\"https:\/\/sandzakpress.net\/arhiva\/#\/schema\/person\/6e72b67d6e51910a1117b3b483ba20bd\"},\"image\":{\"@id\":\"https:\/\/sandzakpress.net\/arhiva\/afirmacija-nacionalnog-kulturnog-i-vjerskog-identiteta-bosnjaka\/#primaryimage\"},\"thumbnailUrl\":\"https:\/\/sandzakpress.net\/arhiva\/wp-content\/uploads\/2010\/01\/bkz-kzs.jpg\",\"articleSection\":[\"Politika\"],\"inLanguage\":\"bs-BA\",\"potentialAction\":[{\"@type\":\"CommentAction\",\"name\":\"Comment\",\"target\":[\"https:\/\/sandzakpress.net\/arhiva\/afirmacija-nacionalnog-kulturnog-i-vjerskog-identiteta-bosnjaka\/#respond\"]}]},{\"@type\":\"WebPage\",\"@id\":\"https:\/\/sandzakpress.net\/arhiva\/afirmacija-nacionalnog-kulturnog-i-vjerskog-identiteta-bosnjaka\/\",\"url\":\"https:\/\/sandzakpress.net\/arhiva\/afirmacija-nacionalnog-kulturnog-i-vjerskog-identiteta-bosnjaka\/\",\"name\":\"Afirmacija nacionalnog, kulturnog i vjerskog identiteta Bo\u0161njaka\",\"isPartOf\":{\"@id\":\"https:\/\/sandzakpress.net\/arhiva\/#website\"},\"primaryImageOfPage\":{\"@id\":\"https:\/\/sandzakpress.net\/arhiva\/afirmacija-nacionalnog-kulturnog-i-vjerskog-identiteta-bosnjaka\/#primaryimage\"},\"image\":{\"@id\":\"https:\/\/sandzakpress.net\/arhiva\/afirmacija-nacionalnog-kulturnog-i-vjerskog-identiteta-bosnjaka\/#primaryimage\"},\"thumbnailUrl\":\"https:\/\/sandzakpress.net\/arhiva\/wp-content\/uploads\/2010\/01\/bkz-kzs.jpg\",\"datePublished\":\"2010-01-26T16:29:25+00:00\",\"breadcrumb\":{\"@id\":\"https:\/\/sandzakpress.net\/arhiva\/afirmacija-nacionalnog-kulturnog-i-vjerskog-identiteta-bosnjaka\/#breadcrumb\"},\"inLanguage\":\"bs-BA\",\"potentialAction\":[{\"@type\":\"ReadAction\",\"target\":[\"https:\/\/sandzakpress.net\/arhiva\/afirmacija-nacionalnog-kulturnog-i-vjerskog-identiteta-bosnjaka\/\"]}]},{\"@type\":\"ImageObject\",\"inLanguage\":\"bs-BA\",\"@id\":\"https:\/\/sandzakpress.net\/arhiva\/afirmacija-nacionalnog-kulturnog-i-vjerskog-identiteta-bosnjaka\/#primaryimage\",\"url\":\"https:\/\/sandzakpress.net\/arhiva\/wp-content\/uploads\/2010\/01\/bkz-kzs.jpg\",\"contentUrl\":\"https:\/\/sandzakpress.net\/arhiva\/wp-content\/uploads\/2010\/01\/bkz-kzs.jpg\",\"width\":600,\"height\":399},{\"@type\":\"BreadcrumbList\",\"@id\":\"https:\/\/sandzakpress.net\/arhiva\/afirmacija-nacionalnog-kulturnog-i-vjerskog-identiteta-bosnjaka\/#breadcrumb\",\"itemListElement\":[{\"@type\":\"ListItem\",\"position\":1,\"name\":\"Home\",\"item\":\"https:\/\/sandzakpress.net\/arhiva\/\"},{\"@type\":\"ListItem\",\"position\":2,\"name\":\"Afirmacija nacionalnog, kulturnog i vjerskog identiteta Bo\u0161njaka\"}]},{\"@type\":\"WebSite\",\"@id\":\"https:\/\/sandzakpress.net\/arhiva\/#website\",\"url\":\"https:\/\/sandzakpress.net\/arhiva\/\",\"name\":\"Sand\u017eak PRESS\",\"description\":\"Prve elektronske novine u Sand\u017eaku\",\"publisher\":{\"@id\":\"https:\/\/sandzakpress.net\/arhiva\/#\/schema\/person\/6e72b67d6e51910a1117b3b483ba20bd\"},\"potentialAction\":[{\"@type\":\"SearchAction\",\"target\":{\"@type\":\"EntryPoint\",\"urlTemplate\":\"https:\/\/sandzakpress.net\/arhiva\/?s={search_term_string}\"},\"query-input\":{\"@type\":\"PropertyValueSpecification\",\"valueRequired\":true,\"valueName\":\"search_term_string\"}}],\"inLanguage\":\"bs-BA\"},{\"@type\":[\"Person\",\"Organization\"],\"@id\":\"https:\/\/sandzakpress.net\/arhiva\/#\/schema\/person\/6e72b67d6e51910a1117b3b483ba20bd\",\"name\":\"Kul\",\"image\":{\"@type\":\"ImageObject\",\"inLanguage\":\"bs-BA\",\"@id\":\"https:\/\/sandzakpress.net\/arhiva\/#\/schema\/person\/image\/\",\"url\":\"https:\/\/secure.gravatar.com\/avatar\/42263f39aa27ac04c43cab85c280eb2e?s=96&d=mm&r=pg\",\"contentUrl\":\"https:\/\/secure.gravatar.com\/avatar\/42263f39aa27ac04c43cab85c280eb2e?s=96&d=mm&r=pg\",\"caption\":\"Kul\"},\"logo\":{\"@id\":\"https:\/\/sandzakpress.net\/arhiva\/#\/schema\/person\/image\/\"}},{\"@type\":\"Person\",\"@id\":\"https:\/\/sandzakpress.net\/arhiva\/#\/schema\/person\/c8baee722073534b583ea7bdb2e36c02\",\"name\":\"bosniak\",\"image\":{\"@type\":\"ImageObject\",\"inLanguage\":\"bs-BA\",\"@id\":\"https:\/\/sandzakpress.net\/arhiva\/#\/schema\/person\/image\/\",\"url\":\"https:\/\/secure.gravatar.com\/avatar\/a04fd330bfe3a36a72a0ad4a6d89fca7?s=96&d=mm&r=pg\",\"contentUrl\":\"https:\/\/secure.gravatar.com\/avatar\/a04fd330bfe3a36a72a0ad4a6d89fca7?s=96&d=mm&r=pg\",\"caption\":\"bosniak\"},\"url\":\"https:\/\/sandzakpress.net\/arhiva\/author\/bosniak\/\"}]}<\/script>\n<!-- \/ Yoast SEO Premium plugin. -->","yoast_head_json":{"title":"Afirmacija nacionalnog, kulturnog i vjerskog identiteta Bo\u0161njaka","robots":{"index":"index","follow":"follow","max-snippet":"max-snippet:-1","max-image-preview":"max-image-preview:large","max-video-preview":"max-video-preview:-1"},"canonical":"https:\/\/sandzakpress.net\/arhiva\/afirmacija-nacionalnog-kulturnog-i-vjerskog-identiteta-bosnjaka\/","og_locale":"bs_BA","og_type":"article","og_title":"Afirmacija nacionalnog, kulturnog i vjerskog identiteta Bo\u0161njaka","og_description":"Novi Pazar &#8211; Danas je Bo\u0161nja\u010dka kulturna zajednica u svojim prostorijama koje se nalaze u prizemlju zgrade Fakulteta za islamske studije u Novom Pazaru odr\u017eala prvu konferenciju za \u0161tampu. Na ovoj konferenciji promovisani su ciljevi organizacije i najavljena je Promotivna skup\u0161tina koja \u0107e biti odr\u017eana u utorak 26.01.2010. godine u Koncertnoj dvorani Doma kulture u [&hellip;]","og_url":"https:\/\/sandzakpress.net\/arhiva\/afirmacija-nacionalnog-kulturnog-i-vjerskog-identiteta-bosnjaka\/","og_site_name":"Sand\u017eak PRESS","article_published_time":"2010-01-26T16:29:25+00:00","og_image":[{"width":600,"height":399,"url":"https:\/\/sandzakpress.net\/arhiva\/wp-content\/uploads\/2010\/01\/bkz-kzs.jpg","type":"image\/jpeg"}],"author":"bosniak","twitter_card":"summary_large_image","twitter_misc":{"Written by":"bosniak","Est. reading time":"2 minute"},"schema":{"@context":"https:\/\/schema.org","@graph":[{"@type":"Article","@id":"https:\/\/sandzakpress.net\/arhiva\/afirmacija-nacionalnog-kulturnog-i-vjerskog-identiteta-bosnjaka\/#article","isPartOf":{"@id":"https:\/\/sandzakpress.net\/arhiva\/afirmacija-nacionalnog-kulturnog-i-vjerskog-identiteta-bosnjaka\/"},"author":{"name":"bosniak","@id":"https:\/\/sandzakpress.net\/arhiva\/#\/schema\/person\/c8baee722073534b583ea7bdb2e36c02"},"headline":"Afirmacija nacionalnog, kulturnog i vjerskog identiteta Bo\u0161njaka","datePublished":"2010-01-26T16:29:25+00:00","mainEntityOfPage":{"@id":"https:\/\/sandzakpress.net\/arhiva\/afirmacija-nacionalnog-kulturnog-i-vjerskog-identiteta-bosnjaka\/"},"wordCount":395,"commentCount":0,"publisher":{"@id":"https:\/\/sandzakpress.net\/arhiva\/#\/schema\/person\/6e72b67d6e51910a1117b3b483ba20bd"},"image":{"@id":"https:\/\/sandzakpress.net\/arhiva\/afirmacija-nacionalnog-kulturnog-i-vjerskog-identiteta-bosnjaka\/#primaryimage"},"thumbnailUrl":"https:\/\/sandzakpress.net\/arhiva\/wp-content\/uploads\/2010\/01\/bkz-kzs.jpg","articleSection":["Politika"],"inLanguage":"bs-BA","potentialAction":[{"@type":"CommentAction","name":"Comment","target":["https:\/\/sandzakpress.net\/arhiva\/afirmacija-nacionalnog-kulturnog-i-vjerskog-identiteta-bosnjaka\/#respond"]}]},{"@type":"WebPage","@id":"https:\/\/sandzakpress.net\/arhiva\/afirmacija-nacionalnog-kulturnog-i-vjerskog-identiteta-bosnjaka\/","url":"https:\/\/sandzakpress.net\/arhiva\/afirmacija-nacionalnog-kulturnog-i-vjerskog-identiteta-bosnjaka\/","name":"Afirmacija nacionalnog, kulturnog i vjerskog identiteta Bo\u0161njaka","isPartOf":{"@id":"https:\/\/sandzakpress.net\/arhiva\/#website"},"primaryImageOfPage":{"@id":"https:\/\/sandzakpress.net\/arhiva\/afirmacija-nacionalnog-kulturnog-i-vjerskog-identiteta-bosnjaka\/#primaryimage"},"image":{"@id":"https:\/\/sandzakpress.net\/arhiva\/afirmacija-nacionalnog-kulturnog-i-vjerskog-identiteta-bosnjaka\/#primaryimage"},"thumbnailUrl":"https:\/\/sandzakpress.net\/arhiva\/wp-content\/uploads\/2010\/01\/bkz-kzs.jpg","datePublished":"2010-01-26T16:29:25+00:00","breadcrumb":{"@id":"https:\/\/sandzakpress.net\/arhiva\/afirmacija-nacionalnog-kulturnog-i-vjerskog-identiteta-bosnjaka\/#breadcrumb"},"inLanguage":"bs-BA","potentialAction":[{"@type":"ReadAction","target":["https:\/\/sandzakpress.net\/arhiva\/afirmacija-nacionalnog-kulturnog-i-vjerskog-identiteta-bosnjaka\/"]}]},{"@type":"ImageObject","inLanguage":"bs-BA","@id":"https:\/\/sandzakpress.net\/arhiva\/afirmacija-nacionalnog-kulturnog-i-vjerskog-identiteta-bosnjaka\/#primaryimage","url":"https:\/\/sandzakpress.net\/arhiva\/wp-content\/uploads\/2010\/01\/bkz-kzs.jpg","contentUrl":"https:\/\/sandzakpress.net\/arhiva\/wp-content\/uploads\/2010\/01\/bkz-kzs.jpg","width":600,"height":399},{"@type":"BreadcrumbList","@id":"https:\/\/sandzakpress.net\/arhiva\/afirmacija-nacionalnog-kulturnog-i-vjerskog-identiteta-bosnjaka\/#breadcrumb","itemListElement":[{"@type":"ListItem","position":1,"name":"Home","item":"https:\/\/sandzakpress.net\/arhiva\/"},{"@type":"ListItem","position":2,"name":"Afirmacija nacionalnog, kulturnog i vjerskog identiteta Bo\u0161njaka"}]},{"@type":"WebSite","@id":"https:\/\/sandzakpress.net\/arhiva\/#website","url":"https:\/\/sandzakpress.net\/arhiva\/","name":"Sand\u017eak PRESS","description":"Prve elektronske novine u Sand\u017eaku","publisher":{"@id":"https:\/\/sandzakpress.net\/arhiva\/#\/schema\/person\/6e72b67d6e51910a1117b3b483ba20bd"},"potentialAction":[{"@type":"SearchAction","target":{"@type":"EntryPoint","urlTemplate":"https:\/\/sandzakpress.net\/arhiva\/?s={search_term_string}"},"query-input":{"@type":"PropertyValueSpecification","valueRequired":true,"valueName":"search_term_string"}}],"inLanguage":"bs-BA"},{"@type":["Person","Organization"],"@id":"https:\/\/sandzakpress.net\/arhiva\/#\/schema\/person\/6e72b67d6e51910a1117b3b483ba20bd","name":"Kul","image":{"@type":"ImageObject","inLanguage":"bs-BA","@id":"https:\/\/sandzakpress.net\/arhiva\/#\/schema\/person\/image\/","url":"https:\/\/secure.gravatar.com\/avatar\/42263f39aa27ac04c43cab85c280eb2e?s=96&d=mm&r=pg","contentUrl":"https:\/\/secure.gravatar.com\/avatar\/42263f39aa27ac04c43cab85c280eb2e?s=96&d=mm&r=pg","caption":"Kul"},"logo":{"@id":"https:\/\/sandzakpress.net\/arhiva\/#\/schema\/person\/image\/"}},{"@type":"Person","@id":"https:\/\/sandzakpress.net\/arhiva\/#\/schema\/person\/c8baee722073534b583ea7bdb2e36c02","name":"bosniak","image":{"@type":"ImageObject","inLanguage":"bs-BA","@id":"https:\/\/sandzakpress.net\/arhiva\/#\/schema\/person\/image\/","url":"https:\/\/secure.gravatar.com\/avatar\/a04fd330bfe3a36a72a0ad4a6d89fca7?s=96&d=mm&r=pg","contentUrl":"https:\/\/secure.gravatar.com\/avatar\/a04fd330bfe3a36a72a0ad4a6d89fca7?s=96&d=mm&r=pg","caption":"bosniak"},"url":"https:\/\/sandzakpress.net\/arhiva\/author\/bosniak\/"}]}},"_links":{"self":[{"href":"https:\/\/sandzakpress.net\/arhiva\/wp-json\/wp\/v2\/posts\/1691"}],"collection":[{"href":"https:\/\/sandzakpress.net\/arhiva\/wp-json\/wp\/v2\/posts"}],"about":[{"href":"https:\/\/sandzakpress.net\/arhiva\/wp-json\/wp\/v2\/types\/post"}],"author":[{"embeddable":true,"href":"https:\/\/sandzakpress.net\/arhiva\/wp-json\/wp\/v2\/users\/83"}],"replies":[{"embeddable":true,"href":"https:\/\/sandzakpress.net\/arhiva\/wp-json\/wp\/v2\/comments?post=1691"}],"version-history":[{"count":0,"href":"https:\/\/sandzakpress.net\/arhiva\/wp-json\/wp\/v2\/posts\/1691\/revisions"}],"wp:featuredmedia":[{"embeddable":true,"href":"https:\/\/sandzakpress.net\/arhiva\/wp-json\/wp\/v2\/media\/1692"}],"wp:attachment":[{"href":"https:\/\/sandzakpress.net\/arhiva\/wp-json\/wp\/v2\/media?parent=1691"}],"wp:term":[{"taxonomy":"category","embeddable":true,"href":"https:\/\/sandzakpress.net\/arhiva\/wp-json\/wp\/v2\/categories?post=1691"},{"taxonomy":"post_tag","embeddable":true,"href":"https:\/\/sandzakpress.net\/arhiva\/wp-json\/wp\/v2\/tags?post=1691"}],"curies":[{"name":"wp","href":"https:\/\/api.w.org\/{rel}","templated":true}]}}