{"id":168913,"date":"2016-09-22T21:05:31","date_gmt":"2016-09-22T19:05:31","guid":{"rendered":"https:\/\/sandzakpress.net\/arhiva\/?p=168913"},"modified":"2016-09-22T21:05:31","modified_gmt":"2016-09-22T19:05:31","slug":"crna-gora-zatvorenik-pogoden-hicem-iz-snajpera","status":"publish","type":"post","link":"https:\/\/sandzakpress.net\/arhiva\/crna-gora-zatvorenik-pogoden-hicem-iz-snajpera\/","title":{"rendered":"Crna Gora: Zatvorenik pogo\u0111en hicem iz snajpera"},"content":{"rendered":"<p>&nbsp;<\/p>\n<p><strong><img decoding=\"async\" src=\"http:\/\/www.sandzacke.rs\/wp-content\/uploads\/2016\/09\/snajperista-660x330.jpg\" alt=\"snajperista\" \/><\/strong><\/p>\n<p><strong>Kotoranin Dalibor \u0110uri\u0107 preminuo je u Klini\u010dkom centru Crne Gore nakon \u0161to je hicem iz snajpera upucan u Zavodu za izvr\u0161enje krivi\u010dnih sankcija, dok je \u0161etao zatvorskim krugom.<\/strong><\/p>\n<p>Policija je u Rogamima, kod Duklje, prona\u0161la zapaljeno vozilo koje su najverovatnije koristili napada\u010di, javljaju \u201cVijesti\u201d. Nije saop\u0161teno koje je marke vozilo na kojem su bile italijanske registarske oznake.<\/p>\n<p>\u0110uri\u0107 je u policijskoj evidenciji registrovan pripadnik takozvanog \u0161kaljarskog klana, na \u010dijem je \u010delu Jovan Vukoti\u0107.<\/p>\n<p>\u0110uri\u0107 je dva puta bio meta napada\u010da. Tokom 2006. godine ranjen je u napadu u Kotoru, a sumnjalo se da je na njega tada pucao Slobodan Stevovi\u0107 (29), koji je ne\u0161to kasnije ubijen na Dor\u0107olu.<\/p>\n<p>U septembru 2011. godine povre\u0111en je i u eksploziji bombe koja je bila postavljena u ulazu zgrade na Novom Beogradu.<\/p>\n<p>U zatvoru se nalazio od oktobra 2014. zbog dvogodi\u0161nje kazne za iznudu, a u toku mu je bilo i su\u0111enje zbog nasilni\u010dkog pona\u0161anja.<\/p>\n<p>Rat me\u0111u kotorskim kriminalnim klanovima bukti od kraja 2014. godine, nakon \u0161to je u \u0160paniji ukraden tovar od 200 kilograma kokaina.<\/p>\n<p>(Alo!)<\/p>\n","protected":false},"excerpt":{"rendered":"<p>&nbsp; Kotoranin Dalibor \u0110uri\u0107 preminuo je u Klini\u010dkom centru Crne Gore nakon \u0161to je hicem iz snajpera upucan u Zavodu za izvr\u0161enje krivi\u010dnih sankcija, dok je \u0161etao zatvorskim krugom. Policija je u Rogamima, kod Duklje, prona\u0161la zapaljeno vozilo koje su najverovatnije koristili napada\u010di, javljaju \u201cVijesti\u201d. Nije saop\u0161teno koje je marke vozilo na kojem su bile [&hellip;]<\/p>\n","protected":false},"author":83,"featured_media":168914,"comment_status":"open","ping_status":"open","sticky":false,"template":"","format":"standard","meta":{"footnotes":""},"categories":[10308,801,8957],"tags":[],"class_list":{"0":"post-168913","1":"post","2":"type-post","3":"status-publish","4":"format-standard","5":"has-post-thumbnail","7":"category-crna-gora","8":"category-crna_hronika","9":"category-vijesti-dana"},"yoast_head":"<!-- This site is optimized with the Yoast SEO Premium plugin v23.1 (Yoast SEO v24.9) - https:\/\/yoast.com\/wordpress\/plugins\/seo\/ -->\n<title>Crna Gora: Zatvorenik pogo\u0111en hicem iz snajpera<\/title>\n<meta name=\"robots\" content=\"index, follow, max-snippet:-1, max-image-preview:large, max-video-preview:-1\" \/>\n<link rel=\"canonical\" href=\"https:\/\/sandzakpress.net\/arhiva\/crna-gora-zatvorenik-pogoden-hicem-iz-snajpera\/\" \/>\n<meta property=\"og:locale\" content=\"bs_BA\" \/>\n<meta property=\"og:type\" content=\"article\" \/>\n<meta property=\"og:title\" content=\"Crna Gora: Zatvorenik pogo\u0111en hicem iz snajpera\" \/>\n<meta property=\"og:description\" content=\"&nbsp; Kotoranin Dalibor \u0110uri\u0107 preminuo je u Klini\u010dkom centru Crne Gore nakon \u0161to je hicem iz snajpera upucan u Zavodu za izvr\u0161enje krivi\u010dnih sankcija, dok je \u0161etao zatvorskim krugom. Policija je u Rogamima, kod Duklje, prona\u0161la zapaljeno vozilo koje su najverovatnije koristili napada\u010di, javljaju \u201cVijesti\u201d. Nije saop\u0161teno koje je marke vozilo na kojem su bile [&hellip;]\" \/>\n<meta property=\"og:url\" content=\"https:\/\/sandzakpress.net\/arhiva\/crna-gora-zatvorenik-pogoden-hicem-iz-snajpera\/\" \/>\n<meta property=\"og:site_name\" content=\"Sand\u017eak PRESS\" \/>\n<meta property=\"article:published_time\" content=\"2016-09-22T19:05:31+00:00\" \/>\n<meta property=\"og:image\" content=\"https:\/\/sandzakpress.net\/arhiva\/wp-content\/uploads\/2016\/09\/snajperista-660x330.jpg\" \/>\n\t<meta property=\"og:image:width\" content=\"660\" \/>\n\t<meta property=\"og:image:height\" content=\"330\" \/>\n\t<meta property=\"og:image:type\" content=\"image\/jpeg\" \/>\n<meta name=\"author\" content=\"bosniak\" \/>\n<meta name=\"twitter:card\" content=\"summary_large_image\" \/>\n<meta name=\"twitter:label1\" content=\"Written by\" \/>\n\t<meta name=\"twitter:data1\" content=\"bosniak\" \/>\n\t<meta name=\"twitter:label2\" content=\"Est. reading time\" \/>\n\t<meta name=\"twitter:data2\" content=\"1 minuta\" \/>\n<script type=\"application\/ld+json\" class=\"yoast-schema-graph\">{\"@context\":\"https:\/\/schema.org\",\"@graph\":[{\"@type\":\"Article\",\"@id\":\"https:\/\/sandzakpress.net\/arhiva\/crna-gora-zatvorenik-pogoden-hicem-iz-snajpera\/#article\",\"isPartOf\":{\"@id\":\"https:\/\/sandzakpress.net\/arhiva\/crna-gora-zatvorenik-pogoden-hicem-iz-snajpera\/\"},\"author\":{\"name\":\"bosniak\",\"@id\":\"https:\/\/sandzakpress.net\/arhiva\/#\/schema\/person\/c8baee722073534b583ea7bdb2e36c02\"},\"headline\":\"Crna Gora: Zatvorenik pogo\u0111en hicem iz snajpera\",\"datePublished\":\"2016-09-22T19:05:31+00:00\",\"mainEntityOfPage\":{\"@id\":\"https:\/\/sandzakpress.net\/arhiva\/crna-gora-zatvorenik-pogoden-hicem-iz-snajpera\/\"},\"wordCount\":191,\"commentCount\":0,\"publisher\":{\"@id\":\"https:\/\/sandzakpress.net\/arhiva\/#\/schema\/person\/6e72b67d6e51910a1117b3b483ba20bd\"},\"image\":{\"@id\":\"https:\/\/sandzakpress.net\/arhiva\/crna-gora-zatvorenik-pogoden-hicem-iz-snajpera\/#primaryimage\"},\"thumbnailUrl\":\"https:\/\/sandzakpress.net\/arhiva\/wp-content\/uploads\/2016\/09\/snajperista-660x330.jpg\",\"articleSection\":[\"Crna Gora\",\"Hronika\",\"VIJESTI DANA\"],\"inLanguage\":\"bs-BA\",\"potentialAction\":[{\"@type\":\"CommentAction\",\"name\":\"Comment\",\"target\":[\"https:\/\/sandzakpress.net\/arhiva\/crna-gora-zatvorenik-pogoden-hicem-iz-snajpera\/#respond\"]}]},{\"@type\":\"WebPage\",\"@id\":\"https:\/\/sandzakpress.net\/arhiva\/crna-gora-zatvorenik-pogoden-hicem-iz-snajpera\/\",\"url\":\"https:\/\/sandzakpress.net\/arhiva\/crna-gora-zatvorenik-pogoden-hicem-iz-snajpera\/\",\"name\":\"Crna Gora: Zatvorenik pogo\u0111en hicem iz snajpera\",\"isPartOf\":{\"@id\":\"https:\/\/sandzakpress.net\/arhiva\/#website\"},\"primaryImageOfPage\":{\"@id\":\"https:\/\/sandzakpress.net\/arhiva\/crna-gora-zatvorenik-pogoden-hicem-iz-snajpera\/#primaryimage\"},\"image\":{\"@id\":\"https:\/\/sandzakpress.net\/arhiva\/crna-gora-zatvorenik-pogoden-hicem-iz-snajpera\/#primaryimage\"},\"thumbnailUrl\":\"https:\/\/sandzakpress.net\/arhiva\/wp-content\/uploads\/2016\/09\/snajperista-660x330.jpg\",\"datePublished\":\"2016-09-22T19:05:31+00:00\",\"breadcrumb\":{\"@id\":\"https:\/\/sandzakpress.net\/arhiva\/crna-gora-zatvorenik-pogoden-hicem-iz-snajpera\/#breadcrumb\"},\"inLanguage\":\"bs-BA\",\"potentialAction\":[{\"@type\":\"ReadAction\",\"target\":[\"https:\/\/sandzakpress.net\/arhiva\/crna-gora-zatvorenik-pogoden-hicem-iz-snajpera\/\"]}]},{\"@type\":\"ImageObject\",\"inLanguage\":\"bs-BA\",\"@id\":\"https:\/\/sandzakpress.net\/arhiva\/crna-gora-zatvorenik-pogoden-hicem-iz-snajpera\/#primaryimage\",\"url\":\"https:\/\/sandzakpress.net\/arhiva\/wp-content\/uploads\/2016\/09\/snajperista-660x330.jpg\",\"contentUrl\":\"https:\/\/sandzakpress.net\/arhiva\/wp-content\/uploads\/2016\/09\/snajperista-660x330.jpg\",\"width\":660,\"height\":330},{\"@type\":\"BreadcrumbList\",\"@id\":\"https:\/\/sandzakpress.net\/arhiva\/crna-gora-zatvorenik-pogoden-hicem-iz-snajpera\/#breadcrumb\",\"itemListElement\":[{\"@type\":\"ListItem\",\"position\":1,\"name\":\"Home\",\"item\":\"https:\/\/sandzakpress.net\/arhiva\/\"},{\"@type\":\"ListItem\",\"position\":2,\"name\":\"Crna Gora: Zatvorenik pogo\u0111en hicem iz snajpera\"}]},{\"@type\":\"WebSite\",\"@id\":\"https:\/\/sandzakpress.net\/arhiva\/#website\",\"url\":\"https:\/\/sandzakpress.net\/arhiva\/\",\"name\":\"Sand\u017eak PRESS\",\"description\":\"Prve elektronske novine u Sand\u017eaku\",\"publisher\":{\"@id\":\"https:\/\/sandzakpress.net\/arhiva\/#\/schema\/person\/6e72b67d6e51910a1117b3b483ba20bd\"},\"potentialAction\":[{\"@type\":\"SearchAction\",\"target\":{\"@type\":\"EntryPoint\",\"urlTemplate\":\"https:\/\/sandzakpress.net\/arhiva\/?s={search_term_string}\"},\"query-input\":{\"@type\":\"PropertyValueSpecification\",\"valueRequired\":true,\"valueName\":\"search_term_string\"}}],\"inLanguage\":\"bs-BA\"},{\"@type\":[\"Person\",\"Organization\"],\"@id\":\"https:\/\/sandzakpress.net\/arhiva\/#\/schema\/person\/6e72b67d6e51910a1117b3b483ba20bd\",\"name\":\"Kul\",\"image\":{\"@type\":\"ImageObject\",\"inLanguage\":\"bs-BA\",\"@id\":\"https:\/\/sandzakpress.net\/arhiva\/#\/schema\/person\/image\/\",\"url\":\"https:\/\/secure.gravatar.com\/avatar\/42263f39aa27ac04c43cab85c280eb2e?s=96&d=mm&r=pg\",\"contentUrl\":\"https:\/\/secure.gravatar.com\/avatar\/42263f39aa27ac04c43cab85c280eb2e?s=96&d=mm&r=pg\",\"caption\":\"Kul\"},\"logo\":{\"@id\":\"https:\/\/sandzakpress.net\/arhiva\/#\/schema\/person\/image\/\"}},{\"@type\":\"Person\",\"@id\":\"https:\/\/sandzakpress.net\/arhiva\/#\/schema\/person\/c8baee722073534b583ea7bdb2e36c02\",\"name\":\"bosniak\",\"image\":{\"@type\":\"ImageObject\",\"inLanguage\":\"bs-BA\",\"@id\":\"https:\/\/sandzakpress.net\/arhiva\/#\/schema\/person\/image\/\",\"url\":\"https:\/\/secure.gravatar.com\/avatar\/a04fd330bfe3a36a72a0ad4a6d89fca7?s=96&d=mm&r=pg\",\"contentUrl\":\"https:\/\/secure.gravatar.com\/avatar\/a04fd330bfe3a36a72a0ad4a6d89fca7?s=96&d=mm&r=pg\",\"caption\":\"bosniak\"},\"url\":\"https:\/\/sandzakpress.net\/arhiva\/author\/bosniak\/\"}]}<\/script>\n<!-- \/ Yoast SEO Premium plugin. -->","yoast_head_json":{"title":"Crna Gora: Zatvorenik pogo\u0111en hicem iz snajpera","robots":{"index":"index","follow":"follow","max-snippet":"max-snippet:-1","max-image-preview":"max-image-preview:large","max-video-preview":"max-video-preview:-1"},"canonical":"https:\/\/sandzakpress.net\/arhiva\/crna-gora-zatvorenik-pogoden-hicem-iz-snajpera\/","og_locale":"bs_BA","og_type":"article","og_title":"Crna Gora: Zatvorenik pogo\u0111en hicem iz snajpera","og_description":"&nbsp; Kotoranin Dalibor \u0110uri\u0107 preminuo je u Klini\u010dkom centru Crne Gore nakon \u0161to je hicem iz snajpera upucan u Zavodu za izvr\u0161enje krivi\u010dnih sankcija, dok je \u0161etao zatvorskim krugom. Policija je u Rogamima, kod Duklje, prona\u0161la zapaljeno vozilo koje su najverovatnije koristili napada\u010di, javljaju \u201cVijesti\u201d. Nije saop\u0161teno koje je marke vozilo na kojem su bile [&hellip;]","og_url":"https:\/\/sandzakpress.net\/arhiva\/crna-gora-zatvorenik-pogoden-hicem-iz-snajpera\/","og_site_name":"Sand\u017eak PRESS","article_published_time":"2016-09-22T19:05:31+00:00","og_image":[{"width":660,"height":330,"url":"https:\/\/sandzakpress.net\/arhiva\/wp-content\/uploads\/2016\/09\/snajperista-660x330.jpg","type":"image\/jpeg"}],"author":"bosniak","twitter_card":"summary_large_image","twitter_misc":{"Written by":"bosniak","Est. reading time":"1 minuta"},"schema":{"@context":"https:\/\/schema.org","@graph":[{"@type":"Article","@id":"https:\/\/sandzakpress.net\/arhiva\/crna-gora-zatvorenik-pogoden-hicem-iz-snajpera\/#article","isPartOf":{"@id":"https:\/\/sandzakpress.net\/arhiva\/crna-gora-zatvorenik-pogoden-hicem-iz-snajpera\/"},"author":{"name":"bosniak","@id":"https:\/\/sandzakpress.net\/arhiva\/#\/schema\/person\/c8baee722073534b583ea7bdb2e36c02"},"headline":"Crna Gora: Zatvorenik pogo\u0111en hicem iz snajpera","datePublished":"2016-09-22T19:05:31+00:00","mainEntityOfPage":{"@id":"https:\/\/sandzakpress.net\/arhiva\/crna-gora-zatvorenik-pogoden-hicem-iz-snajpera\/"},"wordCount":191,"commentCount":0,"publisher":{"@id":"https:\/\/sandzakpress.net\/arhiva\/#\/schema\/person\/6e72b67d6e51910a1117b3b483ba20bd"},"image":{"@id":"https:\/\/sandzakpress.net\/arhiva\/crna-gora-zatvorenik-pogoden-hicem-iz-snajpera\/#primaryimage"},"thumbnailUrl":"https:\/\/sandzakpress.net\/arhiva\/wp-content\/uploads\/2016\/09\/snajperista-660x330.jpg","articleSection":["Crna Gora","Hronika","VIJESTI DANA"],"inLanguage":"bs-BA","potentialAction":[{"@type":"CommentAction","name":"Comment","target":["https:\/\/sandzakpress.net\/arhiva\/crna-gora-zatvorenik-pogoden-hicem-iz-snajpera\/#respond"]}]},{"@type":"WebPage","@id":"https:\/\/sandzakpress.net\/arhiva\/crna-gora-zatvorenik-pogoden-hicem-iz-snajpera\/","url":"https:\/\/sandzakpress.net\/arhiva\/crna-gora-zatvorenik-pogoden-hicem-iz-snajpera\/","name":"Crna Gora: Zatvorenik pogo\u0111en hicem iz snajpera","isPartOf":{"@id":"https:\/\/sandzakpress.net\/arhiva\/#website"},"primaryImageOfPage":{"@id":"https:\/\/sandzakpress.net\/arhiva\/crna-gora-zatvorenik-pogoden-hicem-iz-snajpera\/#primaryimage"},"image":{"@id":"https:\/\/sandzakpress.net\/arhiva\/crna-gora-zatvorenik-pogoden-hicem-iz-snajpera\/#primaryimage"},"thumbnailUrl":"https:\/\/sandzakpress.net\/arhiva\/wp-content\/uploads\/2016\/09\/snajperista-660x330.jpg","datePublished":"2016-09-22T19:05:31+00:00","breadcrumb":{"@id":"https:\/\/sandzakpress.net\/arhiva\/crna-gora-zatvorenik-pogoden-hicem-iz-snajpera\/#breadcrumb"},"inLanguage":"bs-BA","potentialAction":[{"@type":"ReadAction","target":["https:\/\/sandzakpress.net\/arhiva\/crna-gora-zatvorenik-pogoden-hicem-iz-snajpera\/"]}]},{"@type":"ImageObject","inLanguage":"bs-BA","@id":"https:\/\/sandzakpress.net\/arhiva\/crna-gora-zatvorenik-pogoden-hicem-iz-snajpera\/#primaryimage","url":"https:\/\/sandzakpress.net\/arhiva\/wp-content\/uploads\/2016\/09\/snajperista-660x330.jpg","contentUrl":"https:\/\/sandzakpress.net\/arhiva\/wp-content\/uploads\/2016\/09\/snajperista-660x330.jpg","width":660,"height":330},{"@type":"BreadcrumbList","@id":"https:\/\/sandzakpress.net\/arhiva\/crna-gora-zatvorenik-pogoden-hicem-iz-snajpera\/#breadcrumb","itemListElement":[{"@type":"ListItem","position":1,"name":"Home","item":"https:\/\/sandzakpress.net\/arhiva\/"},{"@type":"ListItem","position":2,"name":"Crna Gora: Zatvorenik pogo\u0111en hicem iz snajpera"}]},{"@type":"WebSite","@id":"https:\/\/sandzakpress.net\/arhiva\/#website","url":"https:\/\/sandzakpress.net\/arhiva\/","name":"Sand\u017eak PRESS","description":"Prve elektronske novine u Sand\u017eaku","publisher":{"@id":"https:\/\/sandzakpress.net\/arhiva\/#\/schema\/person\/6e72b67d6e51910a1117b3b483ba20bd"},"potentialAction":[{"@type":"SearchAction","target":{"@type":"EntryPoint","urlTemplate":"https:\/\/sandzakpress.net\/arhiva\/?s={search_term_string}"},"query-input":{"@type":"PropertyValueSpecification","valueRequired":true,"valueName":"search_term_string"}}],"inLanguage":"bs-BA"},{"@type":["Person","Organization"],"@id":"https:\/\/sandzakpress.net\/arhiva\/#\/schema\/person\/6e72b67d6e51910a1117b3b483ba20bd","name":"Kul","image":{"@type":"ImageObject","inLanguage":"bs-BA","@id":"https:\/\/sandzakpress.net\/arhiva\/#\/schema\/person\/image\/","url":"https:\/\/secure.gravatar.com\/avatar\/42263f39aa27ac04c43cab85c280eb2e?s=96&d=mm&r=pg","contentUrl":"https:\/\/secure.gravatar.com\/avatar\/42263f39aa27ac04c43cab85c280eb2e?s=96&d=mm&r=pg","caption":"Kul"},"logo":{"@id":"https:\/\/sandzakpress.net\/arhiva\/#\/schema\/person\/image\/"}},{"@type":"Person","@id":"https:\/\/sandzakpress.net\/arhiva\/#\/schema\/person\/c8baee722073534b583ea7bdb2e36c02","name":"bosniak","image":{"@type":"ImageObject","inLanguage":"bs-BA","@id":"https:\/\/sandzakpress.net\/arhiva\/#\/schema\/person\/image\/","url":"https:\/\/secure.gravatar.com\/avatar\/a04fd330bfe3a36a72a0ad4a6d89fca7?s=96&d=mm&r=pg","contentUrl":"https:\/\/secure.gravatar.com\/avatar\/a04fd330bfe3a36a72a0ad4a6d89fca7?s=96&d=mm&r=pg","caption":"bosniak"},"url":"https:\/\/sandzakpress.net\/arhiva\/author\/bosniak\/"}]}},"_links":{"self":[{"href":"https:\/\/sandzakpress.net\/arhiva\/wp-json\/wp\/v2\/posts\/168913"}],"collection":[{"href":"https:\/\/sandzakpress.net\/arhiva\/wp-json\/wp\/v2\/posts"}],"about":[{"href":"https:\/\/sandzakpress.net\/arhiva\/wp-json\/wp\/v2\/types\/post"}],"author":[{"embeddable":true,"href":"https:\/\/sandzakpress.net\/arhiva\/wp-json\/wp\/v2\/users\/83"}],"replies":[{"embeddable":true,"href":"https:\/\/sandzakpress.net\/arhiva\/wp-json\/wp\/v2\/comments?post=168913"}],"version-history":[{"count":0,"href":"https:\/\/sandzakpress.net\/arhiva\/wp-json\/wp\/v2\/posts\/168913\/revisions"}],"wp:featuredmedia":[{"embeddable":true,"href":"https:\/\/sandzakpress.net\/arhiva\/wp-json\/wp\/v2\/media\/168914"}],"wp:attachment":[{"href":"https:\/\/sandzakpress.net\/arhiva\/wp-json\/wp\/v2\/media?parent=168913"}],"wp:term":[{"taxonomy":"category","embeddable":true,"href":"https:\/\/sandzakpress.net\/arhiva\/wp-json\/wp\/v2\/categories?post=168913"},{"taxonomy":"post_tag","embeddable":true,"href":"https:\/\/sandzakpress.net\/arhiva\/wp-json\/wp\/v2\/tags?post=168913"}],"curies":[{"name":"wp","href":"https:\/\/api.w.org\/{rel}","templated":true}]}}