{"id":168905,"date":"2016-09-22T20:22:24","date_gmt":"2016-09-22T18:22:24","guid":{"rendered":"https:\/\/sandzakpress.net\/arhiva\/?p=168905"},"modified":"2016-09-23T06:55:51","modified_gmt":"2016-09-23T04:55:51","slug":"hukic-televizija-mi-ne-dozvoljava-da-boksujem-protiv-enada-licine","status":"publish","type":"post","link":"https:\/\/sandzakpress.net\/arhiva\/hukic-televizija-mi-ne-dozvoljava-da-boksujem-protiv-enada-licine\/","title":{"rendered":"Huki\u0107 &#8211; Televizija mi ne dozvoljava da boksujem protiv Enada Li\u010dine"},"content":{"rendered":"<p><img loading=\"lazy\" decoding=\"async\" class=\"\" src=\"http:\/\/i2.wp.com\/SandzakHaber.net\/wp-content\/uploads\/2016\/09\/huka.jpg?resize=696%2C522\" width=\"601\" height=\"451\" \/><\/p>\n<p><strong>Njema\u010dka, Sand\u017eak &#8211; Pazarsku \u010dar\u0161iju uzdrmala je vijest da \u0107e Huki\u0107 i Li\u010dina boksovati jedan protiv drugoga.<\/strong><\/p>\n<p>Danas se novim postom oglasio Marco Huk (Muamer Huki\u0107) koji ka\u017ee da je kontaktirao svoju televiziju evo \u0161ta su mu oni rekli: \u201cNaravno da kao broj jedan ne ostajem imun na prozivke potencijalnih protivnika, \u010dak i ako se radi o mnogo lo\u0161e plasiranim, jer se uvijek sjetim svojih po\u010detaka.<\/p>\n<p>S tim u vezi odgovorio sam na prozivke EL i kontaktirao medijsku ku\u0107u koja stoji iza mog lika i dijela koja je odreagovala, citiram, ovako: Da li si ozbiljan? Doti\u010dnog EL smo jedva na\u0161li na rang listi na nekom 200 mjestu! Kao i \u0161to sam zna\u0161 da bi mogao uop\u0161te da boksuje protiv tebe, morao bi da bude me\u0111u prvih petnaest a ne na 200 mjestu rang liste.\u201d<\/p>\n<p>(sandzakhaber.net)<\/p>\n<p>&nbsp;<\/p>\n","protected":false},"excerpt":{"rendered":"<p>Njema\u010dka, Sand\u017eak &#8211; Pazarsku \u010dar\u0161iju uzdrmala je vijest da \u0107e Huki\u0107 i Li\u010dina boksovati jedan protiv drugoga. Danas se novim postom oglasio Marco Huk (Muamer Huki\u0107) koji ka\u017ee da je kontaktirao svoju televiziju evo \u0161ta su mu oni rekli: \u201cNaravno da kao broj jedan ne ostajem imun na prozivke potencijalnih protivnika, \u010dak i ako se [&hellip;]<\/p>\n","protected":false},"author":509,"featured_media":168907,"comment_status":"open","ping_status":"open","sticky":false,"template":"","format":"standard","meta":{"footnotes":""},"categories":[9538,13,8957,798,10193],"tags":[],"class_list":{"0":"post-168905","1":"post","2":"type-post","3":"status-publish","4":"format-standard","5":"has-post-thumbnail","7":"category-njemacka-dijaspora-gradovi-vase-vijesti","8":"category-sport","9":"category-vijesti-dana","10":"category-teme","11":"category-sandzak-2"},"yoast_head":"<!-- This site is optimized with the Yoast SEO Premium plugin v23.1 (Yoast SEO v24.9) - https:\/\/yoast.com\/wordpress\/plugins\/seo\/ -->\n<title>Huki\u0107 - Televizija mi ne dozvoljava da boksujem protiv Enada Li\u010dine<\/title>\n<meta name=\"robots\" content=\"index, follow, max-snippet:-1, max-image-preview:large, max-video-preview:-1\" \/>\n<link rel=\"canonical\" href=\"https:\/\/sandzakpress.net\/arhiva\/hukic-televizija-mi-ne-dozvoljava-da-boksujem-protiv-enada-licine\/\" \/>\n<meta property=\"og:locale\" content=\"bs_BA\" \/>\n<meta property=\"og:type\" content=\"article\" \/>\n<meta property=\"og:title\" content=\"Huki\u0107 - Televizija mi ne dozvoljava da boksujem protiv Enada Li\u010dine\" \/>\n<meta property=\"og:description\" content=\"Njema\u010dka, Sand\u017eak &#8211; Pazarsku \u010dar\u0161iju uzdrmala je vijest da \u0107e Huki\u0107 i Li\u010dina boksovati jedan protiv drugoga. Danas se novim postom oglasio Marco Huk (Muamer Huki\u0107) koji ka\u017ee da je kontaktirao svoju televiziju evo \u0161ta su mu oni rekli: \u201cNaravno da kao broj jedan ne ostajem imun na prozivke potencijalnih protivnika, \u010dak i ako se [&hellip;]\" \/>\n<meta property=\"og:url\" content=\"https:\/\/sandzakpress.net\/arhiva\/hukic-televizija-mi-ne-dozvoljava-da-boksujem-protiv-enada-licine\/\" \/>\n<meta property=\"og:site_name\" content=\"Sand\u017eak PRESS\" \/>\n<meta property=\"article:published_time\" content=\"2016-09-22T18:22:24+00:00\" \/>\n<meta property=\"article:modified_time\" content=\"2016-09-23T04:55:51+00:00\" \/>\n<meta property=\"og:image\" content=\"https:\/\/sandzakpress.net\/arhiva\/wp-content\/uploads\/2016\/09\/huka-1.jpg\" \/>\n\t<meta property=\"og:image:width\" content=\"696\" \/>\n\t<meta property=\"og:image:height\" content=\"522\" \/>\n\t<meta property=\"og:image:type\" content=\"image\/jpeg\" \/>\n<meta name=\"author\" content=\"Agencija\" \/>\n<meta name=\"twitter:card\" content=\"summary_large_image\" \/>\n<meta name=\"twitter:label1\" content=\"Written by\" \/>\n\t<meta name=\"twitter:data1\" content=\"Agencija\" \/>\n\t<meta name=\"twitter:label2\" content=\"Est. reading time\" \/>\n\t<meta name=\"twitter:data2\" content=\"1 minuta\" \/>\n<script type=\"application\/ld+json\" class=\"yoast-schema-graph\">{\"@context\":\"https:\/\/schema.org\",\"@graph\":[{\"@type\":\"Article\",\"@id\":\"https:\/\/sandzakpress.net\/arhiva\/hukic-televizija-mi-ne-dozvoljava-da-boksujem-protiv-enada-licine\/#article\",\"isPartOf\":{\"@id\":\"https:\/\/sandzakpress.net\/arhiva\/hukic-televizija-mi-ne-dozvoljava-da-boksujem-protiv-enada-licine\/\"},\"author\":{\"name\":\"Agencija\",\"@id\":\"https:\/\/sandzakpress.net\/arhiva\/#\/schema\/person\/cb59d7e3ab91ab90dd680ad0305a6185\"},\"headline\":\"Huki\u0107 &#8211; Televizija mi ne dozvoljava da boksujem protiv Enada Li\u010dine\",\"datePublished\":\"2016-09-22T18:22:24+00:00\",\"dateModified\":\"2016-09-23T04:55:51+00:00\",\"mainEntityOfPage\":{\"@id\":\"https:\/\/sandzakpress.net\/arhiva\/hukic-televizija-mi-ne-dozvoljava-da-boksujem-protiv-enada-licine\/\"},\"wordCount\":159,\"commentCount\":11,\"publisher\":{\"@id\":\"https:\/\/sandzakpress.net\/arhiva\/#\/schema\/person\/6e72b67d6e51910a1117b3b483ba20bd\"},\"image\":{\"@id\":\"https:\/\/sandzakpress.net\/arhiva\/hukic-televizija-mi-ne-dozvoljava-da-boksujem-protiv-enada-licine\/#primaryimage\"},\"thumbnailUrl\":\"https:\/\/sandzakpress.net\/arhiva\/wp-content\/uploads\/2016\/09\/huka-1.jpg\",\"articleSection\":[\"Njema\u010dka\",\"Sport\",\"VIJESTI DANA\",\"NAJNOVIJE\",\"Sand\u017eak\"],\"inLanguage\":\"bs-BA\",\"potentialAction\":[{\"@type\":\"CommentAction\",\"name\":\"Comment\",\"target\":[\"https:\/\/sandzakpress.net\/arhiva\/hukic-televizija-mi-ne-dozvoljava-da-boksujem-protiv-enada-licine\/#respond\"]}]},{\"@type\":\"WebPage\",\"@id\":\"https:\/\/sandzakpress.net\/arhiva\/hukic-televizija-mi-ne-dozvoljava-da-boksujem-protiv-enada-licine\/\",\"url\":\"https:\/\/sandzakpress.net\/arhiva\/hukic-televizija-mi-ne-dozvoljava-da-boksujem-protiv-enada-licine\/\",\"name\":\"Huki\u0107 - Televizija mi ne dozvoljava da boksujem protiv Enada Li\u010dine\",\"isPartOf\":{\"@id\":\"https:\/\/sandzakpress.net\/arhiva\/#website\"},\"primaryImageOfPage\":{\"@id\":\"https:\/\/sandzakpress.net\/arhiva\/hukic-televizija-mi-ne-dozvoljava-da-boksujem-protiv-enada-licine\/#primaryimage\"},\"image\":{\"@id\":\"https:\/\/sandzakpress.net\/arhiva\/hukic-televizija-mi-ne-dozvoljava-da-boksujem-protiv-enada-licine\/#primaryimage\"},\"thumbnailUrl\":\"https:\/\/sandzakpress.net\/arhiva\/wp-content\/uploads\/2016\/09\/huka-1.jpg\",\"datePublished\":\"2016-09-22T18:22:24+00:00\",\"dateModified\":\"2016-09-23T04:55:51+00:00\",\"breadcrumb\":{\"@id\":\"https:\/\/sandzakpress.net\/arhiva\/hukic-televizija-mi-ne-dozvoljava-da-boksujem-protiv-enada-licine\/#breadcrumb\"},\"inLanguage\":\"bs-BA\",\"potentialAction\":[{\"@type\":\"ReadAction\",\"target\":[\"https:\/\/sandzakpress.net\/arhiva\/hukic-televizija-mi-ne-dozvoljava-da-boksujem-protiv-enada-licine\/\"]}]},{\"@type\":\"ImageObject\",\"inLanguage\":\"bs-BA\",\"@id\":\"https:\/\/sandzakpress.net\/arhiva\/hukic-televizija-mi-ne-dozvoljava-da-boksujem-protiv-enada-licine\/#primaryimage\",\"url\":\"https:\/\/sandzakpress.net\/arhiva\/wp-content\/uploads\/2016\/09\/huka-1.jpg\",\"contentUrl\":\"https:\/\/sandzakpress.net\/arhiva\/wp-content\/uploads\/2016\/09\/huka-1.jpg\",\"width\":696,\"height\":522},{\"@type\":\"BreadcrumbList\",\"@id\":\"https:\/\/sandzakpress.net\/arhiva\/hukic-televizija-mi-ne-dozvoljava-da-boksujem-protiv-enada-licine\/#breadcrumb\",\"itemListElement\":[{\"@type\":\"ListItem\",\"position\":1,\"name\":\"Home\",\"item\":\"https:\/\/sandzakpress.net\/arhiva\/\"},{\"@type\":\"ListItem\",\"position\":2,\"name\":\"Huki\u0107 &#8211; Televizija mi ne dozvoljava da boksujem protiv Enada Li\u010dine\"}]},{\"@type\":\"WebSite\",\"@id\":\"https:\/\/sandzakpress.net\/arhiva\/#website\",\"url\":\"https:\/\/sandzakpress.net\/arhiva\/\",\"name\":\"Sand\u017eak PRESS\",\"description\":\"Prve elektronske novine u Sand\u017eaku\",\"publisher\":{\"@id\":\"https:\/\/sandzakpress.net\/arhiva\/#\/schema\/person\/6e72b67d6e51910a1117b3b483ba20bd\"},\"potentialAction\":[{\"@type\":\"SearchAction\",\"target\":{\"@type\":\"EntryPoint\",\"urlTemplate\":\"https:\/\/sandzakpress.net\/arhiva\/?s={search_term_string}\"},\"query-input\":{\"@type\":\"PropertyValueSpecification\",\"valueRequired\":true,\"valueName\":\"search_term_string\"}}],\"inLanguage\":\"bs-BA\"},{\"@type\":[\"Person\",\"Organization\"],\"@id\":\"https:\/\/sandzakpress.net\/arhiva\/#\/schema\/person\/6e72b67d6e51910a1117b3b483ba20bd\",\"name\":\"Kul\",\"image\":{\"@type\":\"ImageObject\",\"inLanguage\":\"bs-BA\",\"@id\":\"https:\/\/sandzakpress.net\/arhiva\/#\/schema\/person\/image\/\",\"url\":\"https:\/\/secure.gravatar.com\/avatar\/42263f39aa27ac04c43cab85c280eb2e?s=96&d=mm&r=pg\",\"contentUrl\":\"https:\/\/secure.gravatar.com\/avatar\/42263f39aa27ac04c43cab85c280eb2e?s=96&d=mm&r=pg\",\"caption\":\"Kul\"},\"logo\":{\"@id\":\"https:\/\/sandzakpress.net\/arhiva\/#\/schema\/person\/image\/\"}},{\"@type\":\"Person\",\"@id\":\"https:\/\/sandzakpress.net\/arhiva\/#\/schema\/person\/cb59d7e3ab91ab90dd680ad0305a6185\",\"name\":\"Agencija\",\"image\":{\"@type\":\"ImageObject\",\"inLanguage\":\"bs-BA\",\"@id\":\"https:\/\/sandzakpress.net\/arhiva\/#\/schema\/person\/image\/\",\"url\":\"https:\/\/secure.gravatar.com\/avatar\/4b7fafa80a22f0c2afe23966b3961fe0?s=96&d=mm&r=pg\",\"contentUrl\":\"https:\/\/secure.gravatar.com\/avatar\/4b7fafa80a22f0c2afe23966b3961fe0?s=96&d=mm&r=pg\",\"caption\":\"Agencija\"},\"url\":\"https:\/\/sandzakpress.net\/arhiva\/author\/agencija\/\"}]}<\/script>\n<!-- \/ Yoast SEO Premium plugin. -->","yoast_head_json":{"title":"Huki\u0107 - Televizija mi ne dozvoljava da boksujem protiv Enada Li\u010dine","robots":{"index":"index","follow":"follow","max-snippet":"max-snippet:-1","max-image-preview":"max-image-preview:large","max-video-preview":"max-video-preview:-1"},"canonical":"https:\/\/sandzakpress.net\/arhiva\/hukic-televizija-mi-ne-dozvoljava-da-boksujem-protiv-enada-licine\/","og_locale":"bs_BA","og_type":"article","og_title":"Huki\u0107 - Televizija mi ne dozvoljava da boksujem protiv Enada Li\u010dine","og_description":"Njema\u010dka, Sand\u017eak &#8211; Pazarsku \u010dar\u0161iju uzdrmala je vijest da \u0107e Huki\u0107 i Li\u010dina boksovati jedan protiv drugoga. Danas se novim postom oglasio Marco Huk (Muamer Huki\u0107) koji ka\u017ee da je kontaktirao svoju televiziju evo \u0161ta su mu oni rekli: \u201cNaravno da kao broj jedan ne ostajem imun na prozivke potencijalnih protivnika, \u010dak i ako se [&hellip;]","og_url":"https:\/\/sandzakpress.net\/arhiva\/hukic-televizija-mi-ne-dozvoljava-da-boksujem-protiv-enada-licine\/","og_site_name":"Sand\u017eak PRESS","article_published_time":"2016-09-22T18:22:24+00:00","article_modified_time":"2016-09-23T04:55:51+00:00","og_image":[{"width":696,"height":522,"url":"https:\/\/sandzakpress.net\/arhiva\/wp-content\/uploads\/2016\/09\/huka-1.jpg","type":"image\/jpeg"}],"author":"Agencija","twitter_card":"summary_large_image","twitter_misc":{"Written by":"Agencija","Est. reading time":"1 minuta"},"schema":{"@context":"https:\/\/schema.org","@graph":[{"@type":"Article","@id":"https:\/\/sandzakpress.net\/arhiva\/hukic-televizija-mi-ne-dozvoljava-da-boksujem-protiv-enada-licine\/#article","isPartOf":{"@id":"https:\/\/sandzakpress.net\/arhiva\/hukic-televizija-mi-ne-dozvoljava-da-boksujem-protiv-enada-licine\/"},"author":{"name":"Agencija","@id":"https:\/\/sandzakpress.net\/arhiva\/#\/schema\/person\/cb59d7e3ab91ab90dd680ad0305a6185"},"headline":"Huki\u0107 &#8211; Televizija mi ne dozvoljava da boksujem protiv Enada Li\u010dine","datePublished":"2016-09-22T18:22:24+00:00","dateModified":"2016-09-23T04:55:51+00:00","mainEntityOfPage":{"@id":"https:\/\/sandzakpress.net\/arhiva\/hukic-televizija-mi-ne-dozvoljava-da-boksujem-protiv-enada-licine\/"},"wordCount":159,"commentCount":11,"publisher":{"@id":"https:\/\/sandzakpress.net\/arhiva\/#\/schema\/person\/6e72b67d6e51910a1117b3b483ba20bd"},"image":{"@id":"https:\/\/sandzakpress.net\/arhiva\/hukic-televizija-mi-ne-dozvoljava-da-boksujem-protiv-enada-licine\/#primaryimage"},"thumbnailUrl":"https:\/\/sandzakpress.net\/arhiva\/wp-content\/uploads\/2016\/09\/huka-1.jpg","articleSection":["Njema\u010dka","Sport","VIJESTI DANA","NAJNOVIJE","Sand\u017eak"],"inLanguage":"bs-BA","potentialAction":[{"@type":"CommentAction","name":"Comment","target":["https:\/\/sandzakpress.net\/arhiva\/hukic-televizija-mi-ne-dozvoljava-da-boksujem-protiv-enada-licine\/#respond"]}]},{"@type":"WebPage","@id":"https:\/\/sandzakpress.net\/arhiva\/hukic-televizija-mi-ne-dozvoljava-da-boksujem-protiv-enada-licine\/","url":"https:\/\/sandzakpress.net\/arhiva\/hukic-televizija-mi-ne-dozvoljava-da-boksujem-protiv-enada-licine\/","name":"Huki\u0107 - Televizija mi ne dozvoljava da boksujem protiv Enada Li\u010dine","isPartOf":{"@id":"https:\/\/sandzakpress.net\/arhiva\/#website"},"primaryImageOfPage":{"@id":"https:\/\/sandzakpress.net\/arhiva\/hukic-televizija-mi-ne-dozvoljava-da-boksujem-protiv-enada-licine\/#primaryimage"},"image":{"@id":"https:\/\/sandzakpress.net\/arhiva\/hukic-televizija-mi-ne-dozvoljava-da-boksujem-protiv-enada-licine\/#primaryimage"},"thumbnailUrl":"https:\/\/sandzakpress.net\/arhiva\/wp-content\/uploads\/2016\/09\/huka-1.jpg","datePublished":"2016-09-22T18:22:24+00:00","dateModified":"2016-09-23T04:55:51+00:00","breadcrumb":{"@id":"https:\/\/sandzakpress.net\/arhiva\/hukic-televizija-mi-ne-dozvoljava-da-boksujem-protiv-enada-licine\/#breadcrumb"},"inLanguage":"bs-BA","potentialAction":[{"@type":"ReadAction","target":["https:\/\/sandzakpress.net\/arhiva\/hukic-televizija-mi-ne-dozvoljava-da-boksujem-protiv-enada-licine\/"]}]},{"@type":"ImageObject","inLanguage":"bs-BA","@id":"https:\/\/sandzakpress.net\/arhiva\/hukic-televizija-mi-ne-dozvoljava-da-boksujem-protiv-enada-licine\/#primaryimage","url":"https:\/\/sandzakpress.net\/arhiva\/wp-content\/uploads\/2016\/09\/huka-1.jpg","contentUrl":"https:\/\/sandzakpress.net\/arhiva\/wp-content\/uploads\/2016\/09\/huka-1.jpg","width":696,"height":522},{"@type":"BreadcrumbList","@id":"https:\/\/sandzakpress.net\/arhiva\/hukic-televizija-mi-ne-dozvoljava-da-boksujem-protiv-enada-licine\/#breadcrumb","itemListElement":[{"@type":"ListItem","position":1,"name":"Home","item":"https:\/\/sandzakpress.net\/arhiva\/"},{"@type":"ListItem","position":2,"name":"Huki\u0107 &#8211; Televizija mi ne dozvoljava da boksujem protiv Enada Li\u010dine"}]},{"@type":"WebSite","@id":"https:\/\/sandzakpress.net\/arhiva\/#website","url":"https:\/\/sandzakpress.net\/arhiva\/","name":"Sand\u017eak PRESS","description":"Prve elektronske novine u Sand\u017eaku","publisher":{"@id":"https:\/\/sandzakpress.net\/arhiva\/#\/schema\/person\/6e72b67d6e51910a1117b3b483ba20bd"},"potentialAction":[{"@type":"SearchAction","target":{"@type":"EntryPoint","urlTemplate":"https:\/\/sandzakpress.net\/arhiva\/?s={search_term_string}"},"query-input":{"@type":"PropertyValueSpecification","valueRequired":true,"valueName":"search_term_string"}}],"inLanguage":"bs-BA"},{"@type":["Person","Organization"],"@id":"https:\/\/sandzakpress.net\/arhiva\/#\/schema\/person\/6e72b67d6e51910a1117b3b483ba20bd","name":"Kul","image":{"@type":"ImageObject","inLanguage":"bs-BA","@id":"https:\/\/sandzakpress.net\/arhiva\/#\/schema\/person\/image\/","url":"https:\/\/secure.gravatar.com\/avatar\/42263f39aa27ac04c43cab85c280eb2e?s=96&d=mm&r=pg","contentUrl":"https:\/\/secure.gravatar.com\/avatar\/42263f39aa27ac04c43cab85c280eb2e?s=96&d=mm&r=pg","caption":"Kul"},"logo":{"@id":"https:\/\/sandzakpress.net\/arhiva\/#\/schema\/person\/image\/"}},{"@type":"Person","@id":"https:\/\/sandzakpress.net\/arhiva\/#\/schema\/person\/cb59d7e3ab91ab90dd680ad0305a6185","name":"Agencija","image":{"@type":"ImageObject","inLanguage":"bs-BA","@id":"https:\/\/sandzakpress.net\/arhiva\/#\/schema\/person\/image\/","url":"https:\/\/secure.gravatar.com\/avatar\/4b7fafa80a22f0c2afe23966b3961fe0?s=96&d=mm&r=pg","contentUrl":"https:\/\/secure.gravatar.com\/avatar\/4b7fafa80a22f0c2afe23966b3961fe0?s=96&d=mm&r=pg","caption":"Agencija"},"url":"https:\/\/sandzakpress.net\/arhiva\/author\/agencija\/"}]}},"_links":{"self":[{"href":"https:\/\/sandzakpress.net\/arhiva\/wp-json\/wp\/v2\/posts\/168905"}],"collection":[{"href":"https:\/\/sandzakpress.net\/arhiva\/wp-json\/wp\/v2\/posts"}],"about":[{"href":"https:\/\/sandzakpress.net\/arhiva\/wp-json\/wp\/v2\/types\/post"}],"author":[{"embeddable":true,"href":"https:\/\/sandzakpress.net\/arhiva\/wp-json\/wp\/v2\/users\/509"}],"replies":[{"embeddable":true,"href":"https:\/\/sandzakpress.net\/arhiva\/wp-json\/wp\/v2\/comments?post=168905"}],"version-history":[{"count":0,"href":"https:\/\/sandzakpress.net\/arhiva\/wp-json\/wp\/v2\/posts\/168905\/revisions"}],"wp:featuredmedia":[{"embeddable":true,"href":"https:\/\/sandzakpress.net\/arhiva\/wp-json\/wp\/v2\/media\/168907"}],"wp:attachment":[{"href":"https:\/\/sandzakpress.net\/arhiva\/wp-json\/wp\/v2\/media?parent=168905"}],"wp:term":[{"taxonomy":"category","embeddable":true,"href":"https:\/\/sandzakpress.net\/arhiva\/wp-json\/wp\/v2\/categories?post=168905"},{"taxonomy":"post_tag","embeddable":true,"href":"https:\/\/sandzakpress.net\/arhiva\/wp-json\/wp\/v2\/tags?post=168905"}],"curies":[{"name":"wp","href":"https:\/\/api.w.org\/{rel}","templated":true}]}}