{"id":168353,"date":"2016-09-16T12:44:29","date_gmt":"2016-09-16T10:44:29","guid":{"rendered":"https:\/\/sandzakpress.net\/arhiva\/supruga-osudenog-bojana-cvijana-na-kandidatskoj-listi-za-ovogodisnje-izbore"},"modified":"2016-09-16T12:44:29","modified_gmt":"2016-09-16T10:44:29","slug":"supruga-osudenog-bojana-cvijana-na-kandidatskoj-listi-za-ovogodisnje-izbore","status":"publish","type":"post","link":"https:\/\/sandzakpress.net\/arhiva\/supruga-osudenog-bojana-cvijana-na-kandidatskoj-listi-za-ovogodisnje-izbore\/","title":{"rendered":"Supruga osu\u0111enog Bojana Cvijana na kandidatskoj listi za ovogodi\u0161nje izbore"},"content":{"rendered":"<p><strong><a href=\"http:\/\/bosnapress.net\/wp-content\/uploads\/2016\/09\/b_160915075.jpg\"><img loading=\"lazy\" decoding=\"async\" class=\"alignnone size-large wp-image-187863\" src=\"http:\/\/bosnapress.net\/wp-content\/uploads\/2016\/09\/b_160915075-616x409.jpg\" alt=\"b_160915075\" width=\"600\" height=\"398\" \/><\/a>Sarajevo \u2013 Na kandidatskim listama za ovogodi\u0161nje Lokalne izbore u BiH na\u0161li su se neki zanimljivi kandidati. Pjeva\u010dima, glumcima, borcima i drugim kandidatima zanimljivim javnosti sada se pridru\u017eila i Miljana Cvijan, supruga Bojana Cvijana koji je ju\u010der u Sudu BiH osu\u0111en na 20 godina zatvora zbog vi\u0161e kriminalnih djela.<\/strong><\/p>\n<div class=\"clanakTekst\">\n<div class=\"tekst clanak_vijesti\">Miljana Cvijan kandidatkinja je za Op\u0107insko vije\u0107e Novo Sarajevo iz Saveza za bolju budu\u0107nost (SBB). Cvijan se mo\u017ee na\u0107i pod visokim rednim brojem 4, a uz njeno ime je i parola \u201cMi garantujemo stabilnost\u201c.<\/p>\n<p>Bojan Cvijan ju\u010der je <a href=\"http:\/\/www.klix.ba\/vijesti\/bih\/optuzeni-u-predmetu-lutka-dobili-ukupno-101-godinu-zatvora-prvooptuzeni-cvijan-osudjen-na-20-godina\/160914011\" target=\"_blank\">osu\u0111en<\/a> na 20 godina zatvora za krivi\u010dno djelo organizovanog kriminala u vezi s krivi\u010dnim djelom razbojni\u0161tva, ubistva i dogovora za izvr\u0161enje krivi\u010dnog djela.<\/p>\n<p>Cvijan je uhap\u0161en 2012. godine u okviru akcije \u201cLutka\u201d sa jo\u0161 30 osoba, a njegova grupa dobila je reputaciju \u201c<a href=\"http:\/\/www.klix.ba\/vijesti\/bih\/detalji-predmeta-lutka-najveca-zlocinacka-organizacija-u-bih-milionske-pljacke-i-teska-ubistva\/160914048\" target=\"_blank\">najve\u0107e zlo\u010dina\u010dke organizacije u BiH<\/a>\u201c.<\/p>\n<\/div>\n<div class=\"clearfix\"><\/div>\n<\/div>\n<div class=\"clearfix\">\u00a0(klix)<\/div>\n<div class=\"col-sm-6 l\"><\/div>\n<p>Pogledajte vijest na izvornom sajtu:<\/p>\n<p><a href=\"http:\/\/bosnapress.net\/supruga-osudenog-bojana-cvijana-na-kandidatskoj-listi-za-ovogodisnje-izbore\/\" target=\"_blank\">Supruga osu\u0111enog Bojana Cvijana na kandidatskoj listi za ovogodi\u0161nje izbore<\/a><\/p>\n","protected":false},"excerpt":{"rendered":"<p>Sarajevo \u2013 Na kandidatskim listama za ovogodi\u0161nje Lokalne izbore u BiH na\u0161li su se neki zanimljivi kandidati. Pjeva\u010dima, glumcima, borcima i drugim kandidatima zanimljivim javnosti sada se pridru\u017eila i Miljana Cvijan, supruga Bojana Cvijana koji je ju\u010der u Sudu BiH osu\u0111en na 20 godina zatvora zbog vi\u0161e kriminalnih djela. Miljana Cvijan kandidatkinja je za Op\u0107insko [&hellip;]<\/p>\n","protected":false},"author":83,"featured_media":168355,"comment_status":"open","ping_status":"open","sticky":false,"template":"","format":"standard","meta":{"footnotes":""},"categories":[10513],"tags":[10466],"class_list":{"0":"post-168353","1":"post","2":"type-post","3":"status-publish","4":"format-standard","5":"has-post-thumbnail","7":"category-bosna-press","8":"tag-bosna-i-hercegovina"},"yoast_head":"<!-- This site is optimized with the Yoast SEO Premium plugin v23.1 (Yoast SEO v24.9) - https:\/\/yoast.com\/wordpress\/plugins\/seo\/ -->\n<title>Supruga osu\u0111enog Bojana Cvijana na kandidatskoj listi za ovogodi\u0161nje izbore<\/title>\n<meta name=\"robots\" content=\"index, follow, max-snippet:-1, max-image-preview:large, max-video-preview:-1\" \/>\n<link rel=\"canonical\" href=\"https:\/\/sandzakpress.net\/arhiva\/supruga-osudenog-bojana-cvijana-na-kandidatskoj-listi-za-ovogodisnje-izbore\/\" \/>\n<meta property=\"og:locale\" content=\"bs_BA\" \/>\n<meta property=\"og:type\" content=\"article\" \/>\n<meta property=\"og:title\" content=\"Supruga osu\u0111enog Bojana Cvijana na kandidatskoj listi za ovogodi\u0161nje izbore\" \/>\n<meta property=\"og:description\" content=\"Sarajevo \u2013 Na kandidatskim listama za ovogodi\u0161nje Lokalne izbore u BiH na\u0161li su se neki zanimljivi kandidati. Pjeva\u010dima, glumcima, borcima i drugim kandidatima zanimljivim javnosti sada se pridru\u017eila i Miljana Cvijan, supruga Bojana Cvijana koji je ju\u010der u Sudu BiH osu\u0111en na 20 godina zatvora zbog vi\u0161e kriminalnih djela. Miljana Cvijan kandidatkinja je za Op\u0107insko [&hellip;]\" \/>\n<meta property=\"og:url\" content=\"https:\/\/sandzakpress.net\/arhiva\/supruga-osudenog-bojana-cvijana-na-kandidatskoj-listi-za-ovogodisnje-izbore\/\" \/>\n<meta property=\"og:site_name\" content=\"Sand\u017eak PRESS\" \/>\n<meta property=\"article:published_time\" content=\"2016-09-16T10:44:29+00:00\" \/>\n<meta property=\"og:image\" content=\"https:\/\/sandzakpress.net\/arhiva\/wp-content\/uploads\/2016\/09\/b_160915075-616x409-1.jpg\" \/>\n\t<meta property=\"og:image:width\" content=\"616\" \/>\n\t<meta property=\"og:image:height\" content=\"409\" \/>\n\t<meta property=\"og:image:type\" content=\"image\/jpeg\" \/>\n<meta name=\"author\" content=\"bosniak\" \/>\n<meta name=\"twitter:card\" content=\"summary_large_image\" \/>\n<meta name=\"twitter:label1\" content=\"Written by\" \/>\n\t<meta name=\"twitter:data1\" content=\"bosniak\" \/>\n\t<meta name=\"twitter:label2\" content=\"Est. reading time\" \/>\n\t<meta name=\"twitter:data2\" content=\"1 minuta\" \/>\n<script type=\"application\/ld+json\" class=\"yoast-schema-graph\">{\"@context\":\"https:\/\/schema.org\",\"@graph\":[{\"@type\":\"Article\",\"@id\":\"https:\/\/sandzakpress.net\/arhiva\/supruga-osudenog-bojana-cvijana-na-kandidatskoj-listi-za-ovogodisnje-izbore\/#article\",\"isPartOf\":{\"@id\":\"https:\/\/sandzakpress.net\/arhiva\/supruga-osudenog-bojana-cvijana-na-kandidatskoj-listi-za-ovogodisnje-izbore\/\"},\"author\":{\"name\":\"bosniak\",\"@id\":\"https:\/\/sandzakpress.net\/arhiva\/#\/schema\/person\/c8baee722073534b583ea7bdb2e36c02\"},\"headline\":\"Supruga osu\u0111enog Bojana Cvijana na kandidatskoj listi za ovogodi\u0161nje izbore\",\"datePublished\":\"2016-09-16T10:44:29+00:00\",\"mainEntityOfPage\":{\"@id\":\"https:\/\/sandzakpress.net\/arhiva\/supruga-osudenog-bojana-cvijana-na-kandidatskoj-listi-za-ovogodisnje-izbore\/\"},\"wordCount\":181,\"commentCount\":1,\"publisher\":{\"@id\":\"https:\/\/sandzakpress.net\/arhiva\/#\/schema\/person\/6e72b67d6e51910a1117b3b483ba20bd\"},\"image\":{\"@id\":\"https:\/\/sandzakpress.net\/arhiva\/supruga-osudenog-bojana-cvijana-na-kandidatskoj-listi-za-ovogodisnje-izbore\/#primaryimage\"},\"thumbnailUrl\":\"https:\/\/sandzakpress.net\/arhiva\/wp-content\/uploads\/2016\/09\/b_160915075-616x409-1.jpg\",\"keywords\":[\"Bosna i Hercegovina\"],\"articleSection\":[\"Bosna PRESS\"],\"inLanguage\":\"bs-BA\",\"potentialAction\":[{\"@type\":\"CommentAction\",\"name\":\"Comment\",\"target\":[\"https:\/\/sandzakpress.net\/arhiva\/supruga-osudenog-bojana-cvijana-na-kandidatskoj-listi-za-ovogodisnje-izbore\/#respond\"]}]},{\"@type\":\"WebPage\",\"@id\":\"https:\/\/sandzakpress.net\/arhiva\/supruga-osudenog-bojana-cvijana-na-kandidatskoj-listi-za-ovogodisnje-izbore\/\",\"url\":\"https:\/\/sandzakpress.net\/arhiva\/supruga-osudenog-bojana-cvijana-na-kandidatskoj-listi-za-ovogodisnje-izbore\/\",\"name\":\"Supruga osu\u0111enog Bojana Cvijana na kandidatskoj listi za ovogodi\u0161nje izbore\",\"isPartOf\":{\"@id\":\"https:\/\/sandzakpress.net\/arhiva\/#website\"},\"primaryImageOfPage\":{\"@id\":\"https:\/\/sandzakpress.net\/arhiva\/supruga-osudenog-bojana-cvijana-na-kandidatskoj-listi-za-ovogodisnje-izbore\/#primaryimage\"},\"image\":{\"@id\":\"https:\/\/sandzakpress.net\/arhiva\/supruga-osudenog-bojana-cvijana-na-kandidatskoj-listi-za-ovogodisnje-izbore\/#primaryimage\"},\"thumbnailUrl\":\"https:\/\/sandzakpress.net\/arhiva\/wp-content\/uploads\/2016\/09\/b_160915075-616x409-1.jpg\",\"datePublished\":\"2016-09-16T10:44:29+00:00\",\"breadcrumb\":{\"@id\":\"https:\/\/sandzakpress.net\/arhiva\/supruga-osudenog-bojana-cvijana-na-kandidatskoj-listi-za-ovogodisnje-izbore\/#breadcrumb\"},\"inLanguage\":\"bs-BA\",\"potentialAction\":[{\"@type\":\"ReadAction\",\"target\":[\"https:\/\/sandzakpress.net\/arhiva\/supruga-osudenog-bojana-cvijana-na-kandidatskoj-listi-za-ovogodisnje-izbore\/\"]}]},{\"@type\":\"ImageObject\",\"inLanguage\":\"bs-BA\",\"@id\":\"https:\/\/sandzakpress.net\/arhiva\/supruga-osudenog-bojana-cvijana-na-kandidatskoj-listi-za-ovogodisnje-izbore\/#primaryimage\",\"url\":\"https:\/\/sandzakpress.net\/arhiva\/wp-content\/uploads\/2016\/09\/b_160915075-616x409-1.jpg\",\"contentUrl\":\"https:\/\/sandzakpress.net\/arhiva\/wp-content\/uploads\/2016\/09\/b_160915075-616x409-1.jpg\",\"width\":616,\"height\":409},{\"@type\":\"BreadcrumbList\",\"@id\":\"https:\/\/sandzakpress.net\/arhiva\/supruga-osudenog-bojana-cvijana-na-kandidatskoj-listi-za-ovogodisnje-izbore\/#breadcrumb\",\"itemListElement\":[{\"@type\":\"ListItem\",\"position\":1,\"name\":\"Home\",\"item\":\"https:\/\/sandzakpress.net\/arhiva\/\"},{\"@type\":\"ListItem\",\"position\":2,\"name\":\"Supruga osu\u0111enog Bojana Cvijana na kandidatskoj listi za ovogodi\u0161nje izbore\"}]},{\"@type\":\"WebSite\",\"@id\":\"https:\/\/sandzakpress.net\/arhiva\/#website\",\"url\":\"https:\/\/sandzakpress.net\/arhiva\/\",\"name\":\"Sand\u017eak PRESS\",\"description\":\"Prve elektronske novine u Sand\u017eaku\",\"publisher\":{\"@id\":\"https:\/\/sandzakpress.net\/arhiva\/#\/schema\/person\/6e72b67d6e51910a1117b3b483ba20bd\"},\"potentialAction\":[{\"@type\":\"SearchAction\",\"target\":{\"@type\":\"EntryPoint\",\"urlTemplate\":\"https:\/\/sandzakpress.net\/arhiva\/?s={search_term_string}\"},\"query-input\":{\"@type\":\"PropertyValueSpecification\",\"valueRequired\":true,\"valueName\":\"search_term_string\"}}],\"inLanguage\":\"bs-BA\"},{\"@type\":[\"Person\",\"Organization\"],\"@id\":\"https:\/\/sandzakpress.net\/arhiva\/#\/schema\/person\/6e72b67d6e51910a1117b3b483ba20bd\",\"name\":\"Kul\",\"image\":{\"@type\":\"ImageObject\",\"inLanguage\":\"bs-BA\",\"@id\":\"https:\/\/sandzakpress.net\/arhiva\/#\/schema\/person\/image\/\",\"url\":\"https:\/\/secure.gravatar.com\/avatar\/42263f39aa27ac04c43cab85c280eb2e?s=96&d=mm&r=pg\",\"contentUrl\":\"https:\/\/secure.gravatar.com\/avatar\/42263f39aa27ac04c43cab85c280eb2e?s=96&d=mm&r=pg\",\"caption\":\"Kul\"},\"logo\":{\"@id\":\"https:\/\/sandzakpress.net\/arhiva\/#\/schema\/person\/image\/\"}},{\"@type\":\"Person\",\"@id\":\"https:\/\/sandzakpress.net\/arhiva\/#\/schema\/person\/c8baee722073534b583ea7bdb2e36c02\",\"name\":\"bosniak\",\"image\":{\"@type\":\"ImageObject\",\"inLanguage\":\"bs-BA\",\"@id\":\"https:\/\/sandzakpress.net\/arhiva\/#\/schema\/person\/image\/\",\"url\":\"https:\/\/secure.gravatar.com\/avatar\/a04fd330bfe3a36a72a0ad4a6d89fca7?s=96&d=mm&r=pg\",\"contentUrl\":\"https:\/\/secure.gravatar.com\/avatar\/a04fd330bfe3a36a72a0ad4a6d89fca7?s=96&d=mm&r=pg\",\"caption\":\"bosniak\"},\"url\":\"https:\/\/sandzakpress.net\/arhiva\/author\/bosniak\/\"}]}<\/script>\n<!-- \/ Yoast SEO Premium plugin. -->","yoast_head_json":{"title":"Supruga osu\u0111enog Bojana Cvijana na kandidatskoj listi za ovogodi\u0161nje izbore","robots":{"index":"index","follow":"follow","max-snippet":"max-snippet:-1","max-image-preview":"max-image-preview:large","max-video-preview":"max-video-preview:-1"},"canonical":"https:\/\/sandzakpress.net\/arhiva\/supruga-osudenog-bojana-cvijana-na-kandidatskoj-listi-za-ovogodisnje-izbore\/","og_locale":"bs_BA","og_type":"article","og_title":"Supruga osu\u0111enog Bojana Cvijana na kandidatskoj listi za ovogodi\u0161nje izbore","og_description":"Sarajevo \u2013 Na kandidatskim listama za ovogodi\u0161nje Lokalne izbore u BiH na\u0161li su se neki zanimljivi kandidati. Pjeva\u010dima, glumcima, borcima i drugim kandidatima zanimljivim javnosti sada se pridru\u017eila i Miljana Cvijan, supruga Bojana Cvijana koji je ju\u010der u Sudu BiH osu\u0111en na 20 godina zatvora zbog vi\u0161e kriminalnih djela. Miljana Cvijan kandidatkinja je za Op\u0107insko [&hellip;]","og_url":"https:\/\/sandzakpress.net\/arhiva\/supruga-osudenog-bojana-cvijana-na-kandidatskoj-listi-za-ovogodisnje-izbore\/","og_site_name":"Sand\u017eak PRESS","article_published_time":"2016-09-16T10:44:29+00:00","og_image":[{"width":616,"height":409,"url":"https:\/\/sandzakpress.net\/arhiva\/wp-content\/uploads\/2016\/09\/b_160915075-616x409-1.jpg","type":"image\/jpeg"}],"author":"bosniak","twitter_card":"summary_large_image","twitter_misc":{"Written by":"bosniak","Est. reading time":"1 minuta"},"schema":{"@context":"https:\/\/schema.org","@graph":[{"@type":"Article","@id":"https:\/\/sandzakpress.net\/arhiva\/supruga-osudenog-bojana-cvijana-na-kandidatskoj-listi-za-ovogodisnje-izbore\/#article","isPartOf":{"@id":"https:\/\/sandzakpress.net\/arhiva\/supruga-osudenog-bojana-cvijana-na-kandidatskoj-listi-za-ovogodisnje-izbore\/"},"author":{"name":"bosniak","@id":"https:\/\/sandzakpress.net\/arhiva\/#\/schema\/person\/c8baee722073534b583ea7bdb2e36c02"},"headline":"Supruga osu\u0111enog Bojana Cvijana na kandidatskoj listi za ovogodi\u0161nje izbore","datePublished":"2016-09-16T10:44:29+00:00","mainEntityOfPage":{"@id":"https:\/\/sandzakpress.net\/arhiva\/supruga-osudenog-bojana-cvijana-na-kandidatskoj-listi-za-ovogodisnje-izbore\/"},"wordCount":181,"commentCount":1,"publisher":{"@id":"https:\/\/sandzakpress.net\/arhiva\/#\/schema\/person\/6e72b67d6e51910a1117b3b483ba20bd"},"image":{"@id":"https:\/\/sandzakpress.net\/arhiva\/supruga-osudenog-bojana-cvijana-na-kandidatskoj-listi-za-ovogodisnje-izbore\/#primaryimage"},"thumbnailUrl":"https:\/\/sandzakpress.net\/arhiva\/wp-content\/uploads\/2016\/09\/b_160915075-616x409-1.jpg","keywords":["Bosna i Hercegovina"],"articleSection":["Bosna PRESS"],"inLanguage":"bs-BA","potentialAction":[{"@type":"CommentAction","name":"Comment","target":["https:\/\/sandzakpress.net\/arhiva\/supruga-osudenog-bojana-cvijana-na-kandidatskoj-listi-za-ovogodisnje-izbore\/#respond"]}]},{"@type":"WebPage","@id":"https:\/\/sandzakpress.net\/arhiva\/supruga-osudenog-bojana-cvijana-na-kandidatskoj-listi-za-ovogodisnje-izbore\/","url":"https:\/\/sandzakpress.net\/arhiva\/supruga-osudenog-bojana-cvijana-na-kandidatskoj-listi-za-ovogodisnje-izbore\/","name":"Supruga osu\u0111enog Bojana Cvijana na kandidatskoj listi za ovogodi\u0161nje izbore","isPartOf":{"@id":"https:\/\/sandzakpress.net\/arhiva\/#website"},"primaryImageOfPage":{"@id":"https:\/\/sandzakpress.net\/arhiva\/supruga-osudenog-bojana-cvijana-na-kandidatskoj-listi-za-ovogodisnje-izbore\/#primaryimage"},"image":{"@id":"https:\/\/sandzakpress.net\/arhiva\/supruga-osudenog-bojana-cvijana-na-kandidatskoj-listi-za-ovogodisnje-izbore\/#primaryimage"},"thumbnailUrl":"https:\/\/sandzakpress.net\/arhiva\/wp-content\/uploads\/2016\/09\/b_160915075-616x409-1.jpg","datePublished":"2016-09-16T10:44:29+00:00","breadcrumb":{"@id":"https:\/\/sandzakpress.net\/arhiva\/supruga-osudenog-bojana-cvijana-na-kandidatskoj-listi-za-ovogodisnje-izbore\/#breadcrumb"},"inLanguage":"bs-BA","potentialAction":[{"@type":"ReadAction","target":["https:\/\/sandzakpress.net\/arhiva\/supruga-osudenog-bojana-cvijana-na-kandidatskoj-listi-za-ovogodisnje-izbore\/"]}]},{"@type":"ImageObject","inLanguage":"bs-BA","@id":"https:\/\/sandzakpress.net\/arhiva\/supruga-osudenog-bojana-cvijana-na-kandidatskoj-listi-za-ovogodisnje-izbore\/#primaryimage","url":"https:\/\/sandzakpress.net\/arhiva\/wp-content\/uploads\/2016\/09\/b_160915075-616x409-1.jpg","contentUrl":"https:\/\/sandzakpress.net\/arhiva\/wp-content\/uploads\/2016\/09\/b_160915075-616x409-1.jpg","width":616,"height":409},{"@type":"BreadcrumbList","@id":"https:\/\/sandzakpress.net\/arhiva\/supruga-osudenog-bojana-cvijana-na-kandidatskoj-listi-za-ovogodisnje-izbore\/#breadcrumb","itemListElement":[{"@type":"ListItem","position":1,"name":"Home","item":"https:\/\/sandzakpress.net\/arhiva\/"},{"@type":"ListItem","position":2,"name":"Supruga osu\u0111enog Bojana Cvijana na kandidatskoj listi za ovogodi\u0161nje izbore"}]},{"@type":"WebSite","@id":"https:\/\/sandzakpress.net\/arhiva\/#website","url":"https:\/\/sandzakpress.net\/arhiva\/","name":"Sand\u017eak PRESS","description":"Prve elektronske novine u Sand\u017eaku","publisher":{"@id":"https:\/\/sandzakpress.net\/arhiva\/#\/schema\/person\/6e72b67d6e51910a1117b3b483ba20bd"},"potentialAction":[{"@type":"SearchAction","target":{"@type":"EntryPoint","urlTemplate":"https:\/\/sandzakpress.net\/arhiva\/?s={search_term_string}"},"query-input":{"@type":"PropertyValueSpecification","valueRequired":true,"valueName":"search_term_string"}}],"inLanguage":"bs-BA"},{"@type":["Person","Organization"],"@id":"https:\/\/sandzakpress.net\/arhiva\/#\/schema\/person\/6e72b67d6e51910a1117b3b483ba20bd","name":"Kul","image":{"@type":"ImageObject","inLanguage":"bs-BA","@id":"https:\/\/sandzakpress.net\/arhiva\/#\/schema\/person\/image\/","url":"https:\/\/secure.gravatar.com\/avatar\/42263f39aa27ac04c43cab85c280eb2e?s=96&d=mm&r=pg","contentUrl":"https:\/\/secure.gravatar.com\/avatar\/42263f39aa27ac04c43cab85c280eb2e?s=96&d=mm&r=pg","caption":"Kul"},"logo":{"@id":"https:\/\/sandzakpress.net\/arhiva\/#\/schema\/person\/image\/"}},{"@type":"Person","@id":"https:\/\/sandzakpress.net\/arhiva\/#\/schema\/person\/c8baee722073534b583ea7bdb2e36c02","name":"bosniak","image":{"@type":"ImageObject","inLanguage":"bs-BA","@id":"https:\/\/sandzakpress.net\/arhiva\/#\/schema\/person\/image\/","url":"https:\/\/secure.gravatar.com\/avatar\/a04fd330bfe3a36a72a0ad4a6d89fca7?s=96&d=mm&r=pg","contentUrl":"https:\/\/secure.gravatar.com\/avatar\/a04fd330bfe3a36a72a0ad4a6d89fca7?s=96&d=mm&r=pg","caption":"bosniak"},"url":"https:\/\/sandzakpress.net\/arhiva\/author\/bosniak\/"}]}},"_links":{"self":[{"href":"https:\/\/sandzakpress.net\/arhiva\/wp-json\/wp\/v2\/posts\/168353"}],"collection":[{"href":"https:\/\/sandzakpress.net\/arhiva\/wp-json\/wp\/v2\/posts"}],"about":[{"href":"https:\/\/sandzakpress.net\/arhiva\/wp-json\/wp\/v2\/types\/post"}],"author":[{"embeddable":true,"href":"https:\/\/sandzakpress.net\/arhiva\/wp-json\/wp\/v2\/users\/83"}],"replies":[{"embeddable":true,"href":"https:\/\/sandzakpress.net\/arhiva\/wp-json\/wp\/v2\/comments?post=168353"}],"version-history":[{"count":0,"href":"https:\/\/sandzakpress.net\/arhiva\/wp-json\/wp\/v2\/posts\/168353\/revisions"}],"wp:featuredmedia":[{"embeddable":true,"href":"https:\/\/sandzakpress.net\/arhiva\/wp-json\/wp\/v2\/media\/168355"}],"wp:attachment":[{"href":"https:\/\/sandzakpress.net\/arhiva\/wp-json\/wp\/v2\/media?parent=168353"}],"wp:term":[{"taxonomy":"category","embeddable":true,"href":"https:\/\/sandzakpress.net\/arhiva\/wp-json\/wp\/v2\/categories?post=168353"},{"taxonomy":"post_tag","embeddable":true,"href":"https:\/\/sandzakpress.net\/arhiva\/wp-json\/wp\/v2\/tags?post=168353"}],"curies":[{"name":"wp","href":"https:\/\/api.w.org\/{rel}","templated":true}]}}