{"id":168181,"date":"2016-09-14T12:43:29","date_gmt":"2016-09-14T10:43:29","guid":{"rendered":"https:\/\/sandzakpress.net\/arhiva\/?p=168181"},"modified":"2016-09-14T12:50:46","modified_gmt":"2016-09-14T10:50:46","slug":"zukorlic-informatika-da-bude-obavezan-predmet","status":"publish","type":"post","link":"https:\/\/sandzakpress.net\/arhiva\/zukorlic-informatika-da-bude-obavezan-predmet\/","title":{"rendered":"Zukorli\u0107: Informatika da bude obavezan predmet"},"content":{"rendered":"<p><strong><img decoding=\"async\" class=\"aligncenter\" src=\"http:\/\/ocdn.eu\/pulscms-transforms\/1\/POgktkqTURBXy80NWEwYzBlOGIyMjY5ZjM4NjAyZTc4ZDM4YTJlZjc0Zi5qcGVnk5UCzQMUAMLDlQLNAdYAwsOVB9kyL3B1bHNjbXMvTURBXy8xZDc0Y2I0MTcwNTk1MDQzNjYyOWNhYmQ2MDZmNTBmNi5wbmcHwgA\" alt=\"Muamer Zukorli\u0107\" \/><\/strong><\/p>\n<p><strong>Predsjednik skup\u0161tinskog odbora za obrazovanje, nauku i tehnolo\u0161ki razvoj Muamer Zukorli\u0107 izjavio je danas da \u0107e se boriti za to da informatika bude obavezan predmet u osnovnim \u0161kolama.<\/strong><\/p>\n<div id=\"detail\" class=\"detail intext\">\n<p>Zukorli\u0107 je novinarima poslije sjednice Nacionalnog prosvjetnog savjeta rekao da ne postoji nijedan argument za dvoumljenje da li taj predmet treba da bude obavezan.<\/p>\n<div id=\"firstParagraphBlock\">&#8220;Mislim da ovo dru\u0161tvo nema alternativu ukoliko se dvoumi oko informatike. To je prosto ne\u0161to \u0161to bi moralo da se podrazumijeva&#8221;, istakao je Zukorli\u0107.<\/div>\n<p>Ka\u017ee jo\u0161 da upravo razli\u010diti stavovi, koji se mogu \u010duti iz parlamenta, univerziteta ili vlade predstavljaju jednu od klju\u010dnih ko\u010dnica i za reforme, ali i za dalji razvoj.<\/p>\n<p>Tako\u0111er, Zukorli\u0107 je izrazio zadovoljstvo \u0161to se o njegovom prijedlogu za rad odbora kojim predsjedava razgovaralo na sjednici nacionalnog prosvjetnog savjeta, rekav\u0161i da je \u010duo konstruktivne prijedloge, \u0161to mu je i bio cilj.<\/p>\n<p>&#8220;Veoma sam se ugodno osje\u0107ao jer su diskusije bile konstruktivne, a to je i bio cilj &#8211; ne da mi ne\u0161to nametnemo odboru ili parlamentu ve\u0107 da dobijemo to \u0161to se mo\u017ee u ovoj dr\u017eavi od pameti koje sigurno ima, ali koja je rasuta po razli\u010ditim tijelima&#8221;, rekao je on.<\/p>\n<p>On je najavio da \u0107e nakon \u0161to \u010duje i druge primjedbe zakazati sjednicu odbora na kojoj \u0107e se o tome raspravljati i kona\u010dno usvojiti.<\/p>\n<p>Ministar prosvjete, nauke i tehnolo\u0161kog razvoja Mladen \u0160ar\u010devi\u0107 rekao je novinarima povodom razli\u010ditih stavova o uvo\u0111enju informatike kao obaveznog predmeta da \u0107e se u narednih godinu dana &#8220;snimiti infrastruktura&#8221; i da je ona sada na nivou od 89 od sto sa tendencijom rasta.<\/p>\n<p>Odr\u017eavanje ra\u010dunara je, dodao je, tako\u0111er na visokom nivou, a sa lokalnim samoupravama \u0107e se i dalje raditi na tome.<\/p>\n<p>&#8220;Sada je ozbiljna prilika da se krene i da mi imamo sve one sisteme koji su ko\u010dili ovu pri\u010du&#8221;, rekao je \u0160ar\u010devi\u0107.<\/p>\n<p>Predsjednik nacionalnog prosvjetnog savjeta Aleksandar Lipkovski ponovio je stav tog tijela o uvo\u0111enju informatike kao obaveznog predmeta.<\/p>\n<p>&#8220;Nije savjet rekao da taj predmet ne treba da bude obavezan ve\u0107 da u ovom trenutku ne treba da bude obavezan zato \u0161to nisu poznati tehni\u010dko-stru\u010dni i drugi organizacioni uslovi u kojima \u0107e se on izvoditi. Ima puno problema na koje smo tra\u017eili odgovore, ministar je obe\u0107ao da \u0107e to u narednom periodu da se rje\u0161ava&#8221;, rekao je Lipkovski.<\/p>\n<p>On je me\u0111u tim problemima naveo pitanje tehni\u010dke opreme, odr\u017eavanja, te da li su obezbije\u0111ene licence za softver.<\/p>\n<p>Lipkovski je komentari\u0161u\u0107i prijedlog Muamera Zukorli\u0107a o radi skup\u0161tinskog odbora rekao da je dobro da to bude javni dokument kako bi \u0161ira javnost mogla da da mi\u0161ljenje, da je iznijeto niz primjedbi, ali da \u0107e se o tome jo\u0161 razgovarati.<\/p>\n<\/div>\n<div class=\"clearfix\">\u00a0<\/div>\n<div class=\"fixed borderB socialBottom\">\u00a0Izvor: <strong>blic.rs<\/strong><\/div>\n","protected":false},"excerpt":{"rendered":"<p>Predsjednik skup\u0161tinskog odbora za obrazovanje, nauku i tehnolo\u0161ki razvoj Muamer Zukorli\u0107 izjavio je danas da \u0107e se boriti za to da informatika bude obavezan predmet u osnovnim \u0161kolama. Zukorli\u0107 je novinarima poslije sjednice Nacionalnog prosvjetnog savjeta rekao da ne postoji nijedan argument za dvoumljenje da li taj predmet treba da bude obavezan. &#8220;Mislim da ovo [&hellip;]<\/p>\n","protected":false},"author":125,"featured_media":168186,"comment_status":"open","ping_status":"open","sticky":false,"template":"","format":"standard","meta":{"footnotes":""},"categories":[10307,4,8957],"tags":[],"class_list":{"0":"post-168181","1":"post","2":"type-post","3":"status-publish","4":"format-standard","5":"has-post-thumbnail","7":"category-srbija","8":"category-obrazovanje","9":"category-vijesti-dana"},"yoast_head":"<!-- This site is optimized with the Yoast SEO Premium plugin v23.1 (Yoast SEO v24.9) - https:\/\/yoast.com\/wordpress\/plugins\/seo\/ -->\n<title>Zukorli\u0107: Informatika da bude obavezan predmet<\/title>\n<meta name=\"robots\" content=\"index, follow, max-snippet:-1, max-image-preview:large, max-video-preview:-1\" \/>\n<link rel=\"canonical\" href=\"https:\/\/sandzakpress.net\/arhiva\/zukorlic-informatika-da-bude-obavezan-predmet\/\" \/>\n<meta property=\"og:locale\" content=\"bs_BA\" \/>\n<meta property=\"og:type\" content=\"article\" \/>\n<meta property=\"og:title\" content=\"Zukorli\u0107: Informatika da bude obavezan predmet\" \/>\n<meta property=\"og:description\" content=\"Predsjednik skup\u0161tinskog odbora za obrazovanje, nauku i tehnolo\u0161ki razvoj Muamer Zukorli\u0107 izjavio je danas da \u0107e se boriti za to da informatika bude obavezan predmet u osnovnim \u0161kolama. Zukorli\u0107 je novinarima poslije sjednice Nacionalnog prosvjetnog savjeta rekao da ne postoji nijedan argument za dvoumljenje da li taj predmet treba da bude obavezan. &#8220;Mislim da ovo [&hellip;]\" \/>\n<meta property=\"og:url\" content=\"https:\/\/sandzakpress.net\/arhiva\/zukorlic-informatika-da-bude-obavezan-predmet\/\" \/>\n<meta property=\"og:site_name\" content=\"Sand\u017eak PRESS\" \/>\n<meta property=\"article:published_time\" content=\"2016-09-14T10:43:29+00:00\" \/>\n<meta property=\"article:modified_time\" content=\"2016-09-14T10:50:46+00:00\" \/>\n<meta property=\"og:image\" content=\"https:\/\/sandzakpress.net\/arhiva\/wp-content\/uploads\/2016\/09\/POgktkqTURBXy80NWEwYzBlOGIyMjY5ZjM4NjAyZTc4ZDM4YTJlZjc0Zi5qcGVnk5UCzQMUAMLDlQLNAdYAwsOVB9kyL3B1bHNjbXMvTURBXy8xZDc0Y2I0MTcwNTk1MDQzNjYyOWNhYmQ2MDZmNTBmNi5wbmcHwgA-2-1.jpg\" \/>\n\t<meta property=\"og:image:width\" content=\"369\" \/>\n\t<meta property=\"og:image:height\" content=\"325\" \/>\n\t<meta property=\"og:image:type\" content=\"image\/jpeg\" \/>\n<meta name=\"author\" content=\"Korektor\" \/>\n<meta name=\"twitter:card\" content=\"summary_large_image\" \/>\n<meta name=\"twitter:label1\" content=\"Written by\" \/>\n\t<meta name=\"twitter:data1\" content=\"Korektor\" \/>\n\t<meta name=\"twitter:label2\" content=\"Est. reading time\" \/>\n\t<meta name=\"twitter:data2\" content=\"2 minute\" \/>\n<script type=\"application\/ld+json\" class=\"yoast-schema-graph\">{\"@context\":\"https:\/\/schema.org\",\"@graph\":[{\"@type\":\"Article\",\"@id\":\"https:\/\/sandzakpress.net\/arhiva\/zukorlic-informatika-da-bude-obavezan-predmet\/#article\",\"isPartOf\":{\"@id\":\"https:\/\/sandzakpress.net\/arhiva\/zukorlic-informatika-da-bude-obavezan-predmet\/\"},\"author\":{\"name\":\"Korektor\",\"@id\":\"https:\/\/sandzakpress.net\/arhiva\/#\/schema\/person\/b71f9565a8a6ce38c0200f1cf59c368c\"},\"headline\":\"Zukorli\u0107: Informatika da bude obavezan predmet\",\"datePublished\":\"2016-09-14T10:43:29+00:00\",\"dateModified\":\"2016-09-14T10:50:46+00:00\",\"mainEntityOfPage\":{\"@id\":\"https:\/\/sandzakpress.net\/arhiva\/zukorlic-informatika-da-bude-obavezan-predmet\/\"},\"wordCount\":479,\"commentCount\":12,\"publisher\":{\"@id\":\"https:\/\/sandzakpress.net\/arhiva\/#\/schema\/person\/6e72b67d6e51910a1117b3b483ba20bd\"},\"image\":{\"@id\":\"https:\/\/sandzakpress.net\/arhiva\/zukorlic-informatika-da-bude-obavezan-predmet\/#primaryimage\"},\"thumbnailUrl\":\"https:\/\/sandzakpress.net\/arhiva\/wp-content\/uploads\/2016\/09\/POgktkqTURBXy80NWEwYzBlOGIyMjY5ZjM4NjAyZTc4ZDM4YTJlZjc0Zi5qcGVnk5UCzQMUAMLDlQLNAdYAwsOVB9kyL3B1bHNjbXMvTURBXy8xZDc0Y2I0MTcwNTk1MDQzNjYyOWNhYmQ2MDZmNTBmNi5wbmcHwgA-2-1.jpg\",\"articleSection\":[\"Srbija\",\"Obrazovanje\",\"VIJESTI DANA\"],\"inLanguage\":\"bs-BA\",\"potentialAction\":[{\"@type\":\"CommentAction\",\"name\":\"Comment\",\"target\":[\"https:\/\/sandzakpress.net\/arhiva\/zukorlic-informatika-da-bude-obavezan-predmet\/#respond\"]}]},{\"@type\":\"WebPage\",\"@id\":\"https:\/\/sandzakpress.net\/arhiva\/zukorlic-informatika-da-bude-obavezan-predmet\/\",\"url\":\"https:\/\/sandzakpress.net\/arhiva\/zukorlic-informatika-da-bude-obavezan-predmet\/\",\"name\":\"Zukorli\u0107: Informatika da bude obavezan predmet\",\"isPartOf\":{\"@id\":\"https:\/\/sandzakpress.net\/arhiva\/#website\"},\"primaryImageOfPage\":{\"@id\":\"https:\/\/sandzakpress.net\/arhiva\/zukorlic-informatika-da-bude-obavezan-predmet\/#primaryimage\"},\"image\":{\"@id\":\"https:\/\/sandzakpress.net\/arhiva\/zukorlic-informatika-da-bude-obavezan-predmet\/#primaryimage\"},\"thumbnailUrl\":\"https:\/\/sandzakpress.net\/arhiva\/wp-content\/uploads\/2016\/09\/POgktkqTURBXy80NWEwYzBlOGIyMjY5ZjM4NjAyZTc4ZDM4YTJlZjc0Zi5qcGVnk5UCzQMUAMLDlQLNAdYAwsOVB9kyL3B1bHNjbXMvTURBXy8xZDc0Y2I0MTcwNTk1MDQzNjYyOWNhYmQ2MDZmNTBmNi5wbmcHwgA-2-1.jpg\",\"datePublished\":\"2016-09-14T10:43:29+00:00\",\"dateModified\":\"2016-09-14T10:50:46+00:00\",\"breadcrumb\":{\"@id\":\"https:\/\/sandzakpress.net\/arhiva\/zukorlic-informatika-da-bude-obavezan-predmet\/#breadcrumb\"},\"inLanguage\":\"bs-BA\",\"potentialAction\":[{\"@type\":\"ReadAction\",\"target\":[\"https:\/\/sandzakpress.net\/arhiva\/zukorlic-informatika-da-bude-obavezan-predmet\/\"]}]},{\"@type\":\"ImageObject\",\"inLanguage\":\"bs-BA\",\"@id\":\"https:\/\/sandzakpress.net\/arhiva\/zukorlic-informatika-da-bude-obavezan-predmet\/#primaryimage\",\"url\":\"https:\/\/sandzakpress.net\/arhiva\/wp-content\/uploads\/2016\/09\/POgktkqTURBXy80NWEwYzBlOGIyMjY5ZjM4NjAyZTc4ZDM4YTJlZjc0Zi5qcGVnk5UCzQMUAMLDlQLNAdYAwsOVB9kyL3B1bHNjbXMvTURBXy8xZDc0Y2I0MTcwNTk1MDQzNjYyOWNhYmQ2MDZmNTBmNi5wbmcHwgA-2-1.jpg\",\"contentUrl\":\"https:\/\/sandzakpress.net\/arhiva\/wp-content\/uploads\/2016\/09\/POgktkqTURBXy80NWEwYzBlOGIyMjY5ZjM4NjAyZTc4ZDM4YTJlZjc0Zi5qcGVnk5UCzQMUAMLDlQLNAdYAwsOVB9kyL3B1bHNjbXMvTURBXy8xZDc0Y2I0MTcwNTk1MDQzNjYyOWNhYmQ2MDZmNTBmNi5wbmcHwgA-2-1.jpg\",\"width\":369,\"height\":325},{\"@type\":\"BreadcrumbList\",\"@id\":\"https:\/\/sandzakpress.net\/arhiva\/zukorlic-informatika-da-bude-obavezan-predmet\/#breadcrumb\",\"itemListElement\":[{\"@type\":\"ListItem\",\"position\":1,\"name\":\"Home\",\"item\":\"https:\/\/sandzakpress.net\/arhiva\/\"},{\"@type\":\"ListItem\",\"position\":2,\"name\":\"Zukorli\u0107: Informatika da bude obavezan predmet\"}]},{\"@type\":\"WebSite\",\"@id\":\"https:\/\/sandzakpress.net\/arhiva\/#website\",\"url\":\"https:\/\/sandzakpress.net\/arhiva\/\",\"name\":\"Sand\u017eak PRESS\",\"description\":\"Prve elektronske novine u Sand\u017eaku\",\"publisher\":{\"@id\":\"https:\/\/sandzakpress.net\/arhiva\/#\/schema\/person\/6e72b67d6e51910a1117b3b483ba20bd\"},\"potentialAction\":[{\"@type\":\"SearchAction\",\"target\":{\"@type\":\"EntryPoint\",\"urlTemplate\":\"https:\/\/sandzakpress.net\/arhiva\/?s={search_term_string}\"},\"query-input\":{\"@type\":\"PropertyValueSpecification\",\"valueRequired\":true,\"valueName\":\"search_term_string\"}}],\"inLanguage\":\"bs-BA\"},{\"@type\":[\"Person\",\"Organization\"],\"@id\":\"https:\/\/sandzakpress.net\/arhiva\/#\/schema\/person\/6e72b67d6e51910a1117b3b483ba20bd\",\"name\":\"Kul\",\"image\":{\"@type\":\"ImageObject\",\"inLanguage\":\"bs-BA\",\"@id\":\"https:\/\/sandzakpress.net\/arhiva\/#\/schema\/person\/image\/\",\"url\":\"https:\/\/secure.gravatar.com\/avatar\/42263f39aa27ac04c43cab85c280eb2e?s=96&d=mm&r=pg\",\"contentUrl\":\"https:\/\/secure.gravatar.com\/avatar\/42263f39aa27ac04c43cab85c280eb2e?s=96&d=mm&r=pg\",\"caption\":\"Kul\"},\"logo\":{\"@id\":\"https:\/\/sandzakpress.net\/arhiva\/#\/schema\/person\/image\/\"}},{\"@type\":\"Person\",\"@id\":\"https:\/\/sandzakpress.net\/arhiva\/#\/schema\/person\/b71f9565a8a6ce38c0200f1cf59c368c\",\"name\":\"Korektor\",\"image\":{\"@type\":\"ImageObject\",\"inLanguage\":\"bs-BA\",\"@id\":\"https:\/\/sandzakpress.net\/arhiva\/#\/schema\/person\/image\/\",\"url\":\"https:\/\/secure.gravatar.com\/avatar\/ae3388ff9b8eb74e0751a069466905f6?s=96&d=mm&r=pg\",\"contentUrl\":\"https:\/\/secure.gravatar.com\/avatar\/ae3388ff9b8eb74e0751a069466905f6?s=96&d=mm&r=pg\",\"caption\":\"Korektor\"},\"url\":\"https:\/\/sandzakpress.net\/arhiva\/author\/korektor\/\"}]}<\/script>\n<!-- \/ Yoast SEO Premium plugin. -->","yoast_head_json":{"title":"Zukorli\u0107: Informatika da bude obavezan predmet","robots":{"index":"index","follow":"follow","max-snippet":"max-snippet:-1","max-image-preview":"max-image-preview:large","max-video-preview":"max-video-preview:-1"},"canonical":"https:\/\/sandzakpress.net\/arhiva\/zukorlic-informatika-da-bude-obavezan-predmet\/","og_locale":"bs_BA","og_type":"article","og_title":"Zukorli\u0107: Informatika da bude obavezan predmet","og_description":"Predsjednik skup\u0161tinskog odbora za obrazovanje, nauku i tehnolo\u0161ki razvoj Muamer Zukorli\u0107 izjavio je danas da \u0107e se boriti za to da informatika bude obavezan predmet u osnovnim \u0161kolama. Zukorli\u0107 je novinarima poslije sjednice Nacionalnog prosvjetnog savjeta rekao da ne postoji nijedan argument za dvoumljenje da li taj predmet treba da bude obavezan. &#8220;Mislim da ovo [&hellip;]","og_url":"https:\/\/sandzakpress.net\/arhiva\/zukorlic-informatika-da-bude-obavezan-predmet\/","og_site_name":"Sand\u017eak PRESS","article_published_time":"2016-09-14T10:43:29+00:00","article_modified_time":"2016-09-14T10:50:46+00:00","og_image":[{"width":369,"height":325,"url":"https:\/\/sandzakpress.net\/arhiva\/wp-content\/uploads\/2016\/09\/POgktkqTURBXy80NWEwYzBlOGIyMjY5ZjM4NjAyZTc4ZDM4YTJlZjc0Zi5qcGVnk5UCzQMUAMLDlQLNAdYAwsOVB9kyL3B1bHNjbXMvTURBXy8xZDc0Y2I0MTcwNTk1MDQzNjYyOWNhYmQ2MDZmNTBmNi5wbmcHwgA-2-1.jpg","type":"image\/jpeg"}],"author":"Korektor","twitter_card":"summary_large_image","twitter_misc":{"Written by":"Korektor","Est. reading time":"2 minute"},"schema":{"@context":"https:\/\/schema.org","@graph":[{"@type":"Article","@id":"https:\/\/sandzakpress.net\/arhiva\/zukorlic-informatika-da-bude-obavezan-predmet\/#article","isPartOf":{"@id":"https:\/\/sandzakpress.net\/arhiva\/zukorlic-informatika-da-bude-obavezan-predmet\/"},"author":{"name":"Korektor","@id":"https:\/\/sandzakpress.net\/arhiva\/#\/schema\/person\/b71f9565a8a6ce38c0200f1cf59c368c"},"headline":"Zukorli\u0107: Informatika da bude obavezan predmet","datePublished":"2016-09-14T10:43:29+00:00","dateModified":"2016-09-14T10:50:46+00:00","mainEntityOfPage":{"@id":"https:\/\/sandzakpress.net\/arhiva\/zukorlic-informatika-da-bude-obavezan-predmet\/"},"wordCount":479,"commentCount":12,"publisher":{"@id":"https:\/\/sandzakpress.net\/arhiva\/#\/schema\/person\/6e72b67d6e51910a1117b3b483ba20bd"},"image":{"@id":"https:\/\/sandzakpress.net\/arhiva\/zukorlic-informatika-da-bude-obavezan-predmet\/#primaryimage"},"thumbnailUrl":"https:\/\/sandzakpress.net\/arhiva\/wp-content\/uploads\/2016\/09\/POgktkqTURBXy80NWEwYzBlOGIyMjY5ZjM4NjAyZTc4ZDM4YTJlZjc0Zi5qcGVnk5UCzQMUAMLDlQLNAdYAwsOVB9kyL3B1bHNjbXMvTURBXy8xZDc0Y2I0MTcwNTk1MDQzNjYyOWNhYmQ2MDZmNTBmNi5wbmcHwgA-2-1.jpg","articleSection":["Srbija","Obrazovanje","VIJESTI DANA"],"inLanguage":"bs-BA","potentialAction":[{"@type":"CommentAction","name":"Comment","target":["https:\/\/sandzakpress.net\/arhiva\/zukorlic-informatika-da-bude-obavezan-predmet\/#respond"]}]},{"@type":"WebPage","@id":"https:\/\/sandzakpress.net\/arhiva\/zukorlic-informatika-da-bude-obavezan-predmet\/","url":"https:\/\/sandzakpress.net\/arhiva\/zukorlic-informatika-da-bude-obavezan-predmet\/","name":"Zukorli\u0107: Informatika da bude obavezan predmet","isPartOf":{"@id":"https:\/\/sandzakpress.net\/arhiva\/#website"},"primaryImageOfPage":{"@id":"https:\/\/sandzakpress.net\/arhiva\/zukorlic-informatika-da-bude-obavezan-predmet\/#primaryimage"},"image":{"@id":"https:\/\/sandzakpress.net\/arhiva\/zukorlic-informatika-da-bude-obavezan-predmet\/#primaryimage"},"thumbnailUrl":"https:\/\/sandzakpress.net\/arhiva\/wp-content\/uploads\/2016\/09\/POgktkqTURBXy80NWEwYzBlOGIyMjY5ZjM4NjAyZTc4ZDM4YTJlZjc0Zi5qcGVnk5UCzQMUAMLDlQLNAdYAwsOVB9kyL3B1bHNjbXMvTURBXy8xZDc0Y2I0MTcwNTk1MDQzNjYyOWNhYmQ2MDZmNTBmNi5wbmcHwgA-2-1.jpg","datePublished":"2016-09-14T10:43:29+00:00","dateModified":"2016-09-14T10:50:46+00:00","breadcrumb":{"@id":"https:\/\/sandzakpress.net\/arhiva\/zukorlic-informatika-da-bude-obavezan-predmet\/#breadcrumb"},"inLanguage":"bs-BA","potentialAction":[{"@type":"ReadAction","target":["https:\/\/sandzakpress.net\/arhiva\/zukorlic-informatika-da-bude-obavezan-predmet\/"]}]},{"@type":"ImageObject","inLanguage":"bs-BA","@id":"https:\/\/sandzakpress.net\/arhiva\/zukorlic-informatika-da-bude-obavezan-predmet\/#primaryimage","url":"https:\/\/sandzakpress.net\/arhiva\/wp-content\/uploads\/2016\/09\/POgktkqTURBXy80NWEwYzBlOGIyMjY5ZjM4NjAyZTc4ZDM4YTJlZjc0Zi5qcGVnk5UCzQMUAMLDlQLNAdYAwsOVB9kyL3B1bHNjbXMvTURBXy8xZDc0Y2I0MTcwNTk1MDQzNjYyOWNhYmQ2MDZmNTBmNi5wbmcHwgA-2-1.jpg","contentUrl":"https:\/\/sandzakpress.net\/arhiva\/wp-content\/uploads\/2016\/09\/POgktkqTURBXy80NWEwYzBlOGIyMjY5ZjM4NjAyZTc4ZDM4YTJlZjc0Zi5qcGVnk5UCzQMUAMLDlQLNAdYAwsOVB9kyL3B1bHNjbXMvTURBXy8xZDc0Y2I0MTcwNTk1MDQzNjYyOWNhYmQ2MDZmNTBmNi5wbmcHwgA-2-1.jpg","width":369,"height":325},{"@type":"BreadcrumbList","@id":"https:\/\/sandzakpress.net\/arhiva\/zukorlic-informatika-da-bude-obavezan-predmet\/#breadcrumb","itemListElement":[{"@type":"ListItem","position":1,"name":"Home","item":"https:\/\/sandzakpress.net\/arhiva\/"},{"@type":"ListItem","position":2,"name":"Zukorli\u0107: Informatika da bude obavezan predmet"}]},{"@type":"WebSite","@id":"https:\/\/sandzakpress.net\/arhiva\/#website","url":"https:\/\/sandzakpress.net\/arhiva\/","name":"Sand\u017eak PRESS","description":"Prve elektronske novine u Sand\u017eaku","publisher":{"@id":"https:\/\/sandzakpress.net\/arhiva\/#\/schema\/person\/6e72b67d6e51910a1117b3b483ba20bd"},"potentialAction":[{"@type":"SearchAction","target":{"@type":"EntryPoint","urlTemplate":"https:\/\/sandzakpress.net\/arhiva\/?s={search_term_string}"},"query-input":{"@type":"PropertyValueSpecification","valueRequired":true,"valueName":"search_term_string"}}],"inLanguage":"bs-BA"},{"@type":["Person","Organization"],"@id":"https:\/\/sandzakpress.net\/arhiva\/#\/schema\/person\/6e72b67d6e51910a1117b3b483ba20bd","name":"Kul","image":{"@type":"ImageObject","inLanguage":"bs-BA","@id":"https:\/\/sandzakpress.net\/arhiva\/#\/schema\/person\/image\/","url":"https:\/\/secure.gravatar.com\/avatar\/42263f39aa27ac04c43cab85c280eb2e?s=96&d=mm&r=pg","contentUrl":"https:\/\/secure.gravatar.com\/avatar\/42263f39aa27ac04c43cab85c280eb2e?s=96&d=mm&r=pg","caption":"Kul"},"logo":{"@id":"https:\/\/sandzakpress.net\/arhiva\/#\/schema\/person\/image\/"}},{"@type":"Person","@id":"https:\/\/sandzakpress.net\/arhiva\/#\/schema\/person\/b71f9565a8a6ce38c0200f1cf59c368c","name":"Korektor","image":{"@type":"ImageObject","inLanguage":"bs-BA","@id":"https:\/\/sandzakpress.net\/arhiva\/#\/schema\/person\/image\/","url":"https:\/\/secure.gravatar.com\/avatar\/ae3388ff9b8eb74e0751a069466905f6?s=96&d=mm&r=pg","contentUrl":"https:\/\/secure.gravatar.com\/avatar\/ae3388ff9b8eb74e0751a069466905f6?s=96&d=mm&r=pg","caption":"Korektor"},"url":"https:\/\/sandzakpress.net\/arhiva\/author\/korektor\/"}]}},"_links":{"self":[{"href":"https:\/\/sandzakpress.net\/arhiva\/wp-json\/wp\/v2\/posts\/168181"}],"collection":[{"href":"https:\/\/sandzakpress.net\/arhiva\/wp-json\/wp\/v2\/posts"}],"about":[{"href":"https:\/\/sandzakpress.net\/arhiva\/wp-json\/wp\/v2\/types\/post"}],"author":[{"embeddable":true,"href":"https:\/\/sandzakpress.net\/arhiva\/wp-json\/wp\/v2\/users\/125"}],"replies":[{"embeddable":true,"href":"https:\/\/sandzakpress.net\/arhiva\/wp-json\/wp\/v2\/comments?post=168181"}],"version-history":[{"count":0,"href":"https:\/\/sandzakpress.net\/arhiva\/wp-json\/wp\/v2\/posts\/168181\/revisions"}],"wp:featuredmedia":[{"embeddable":true,"href":"https:\/\/sandzakpress.net\/arhiva\/wp-json\/wp\/v2\/media\/168186"}],"wp:attachment":[{"href":"https:\/\/sandzakpress.net\/arhiva\/wp-json\/wp\/v2\/media?parent=168181"}],"wp:term":[{"taxonomy":"category","embeddable":true,"href":"https:\/\/sandzakpress.net\/arhiva\/wp-json\/wp\/v2\/categories?post=168181"},{"taxonomy":"post_tag","embeddable":true,"href":"https:\/\/sandzakpress.net\/arhiva\/wp-json\/wp\/v2\/tags?post=168181"}],"curies":[{"name":"wp","href":"https:\/\/api.w.org\/{rel}","templated":true}]}}