{"id":168042,"date":"2016-09-09T19:59:39","date_gmt":"2016-09-09T17:59:39","guid":{"rendered":"https:\/\/sandzakpress.net\/arhiva\/?p=168042"},"modified":"2016-09-10T12:04:34","modified_gmt":"2016-09-10T10:04:34","slug":"tefik-mujovic-negirao-sve-optuzbe-za-terorizam","status":"publish","type":"post","link":"https:\/\/sandzakpress.net\/arhiva\/tefik-mujovic-negirao-sve-optuzbe-za-terorizam\/","title":{"rendered":"Tefik Mujovi\u0107 negirao sve optu\u017ebe za terorizam"},"content":{"rendered":"<p><img loading=\"lazy\" decoding=\"async\" class=\"\" src=\"http:\/\/ocdn.eu\/pulscms-transforms\/1\/MxxktkqTURBXy85ODE1MTVmYzk2ZTg1ZjMyODNkNzJhMWUwZDBmMzliMC5qcGVnk5UCzQMUAMLDlQLNAdYAwsOVB9kyL3B1bHNjbXMvTURBXy8xZDc0Y2I0MTcwNTk1MDQzNjYyOWNhYmQ2MDZmNTBmNi5wbmcHwgA\" alt=\"Tefik Mujovi\u0107\" width=\"544\" height=\"420\" \/><\/p>\n<p><strong>Optu\u017eeni za niz krivi\u010dnih djela terorizma Tefik Mujovi\u0107 (35) iz Tutina negirao je danas u Specijalnom sudu optu\u017ebe za terorizam tvrde\u0107i da u Siriji nije u\u010destovao u ratnim dejstavima.<\/strong><\/p>\n<p>On je krajem maja deportovan iz Turske gdje je uhap\u0161en po sprskoj potjernici, a danas se u sudnici pojavio sa \u0161takama zbog povrede noge koju je, kako je rekao sudskom ve\u0107u zadobio kada je turska policija pucala na njega po\u0161\u009ato je poku\u0161\u009aao da pobjegne iz tamo\u0161\u009anjeg sabirnog centra u kojem je bio smje\u0161\u009ataj.<\/p>\n<p>Iznose\u0107i odbranu pred sudom, Mujovi\u0107 je pored ostalog naveo da je u Siriji bio u \u010detiri navrata, ali da u dijelu dr\u017e\u009eave u kojem je on boravio, nije bilo ratnih dejstava.<\/p>\n<p>On je optu\u017een za udru\u017eivanje radi terorizma, vrbovanje i obu\u010davanje za teroristi\u010dka dijela i finansiranje terorizma.<\/p>\n<p>Tako\u0111e je trvdio da nikada nosio uniformu ni oru\u017e\u009eje.<\/p>\n<p>Odgovaraju\u0107i na pitanje sudija, za\u0161to se vodi rat u Siriji, Mujovi\u0107 je rekao da se u Siriju ljudi ubijaju &#8220;zbog para iz Amerike&#8221;, a cio rat definisao kao &#8220;veliki biznis&#8221;.<\/p>\n<p>Negirao je i navode optu\u017e\u009enice da je preko Fejsbuka propagirao terorizam i pozivao na samoubila\u010dke akcije u Sand\u017eaku, Beogradu i Rimu, tvrde\u0107i da nema profil na toj dru\u0161tvenoj mre\u017ei.<\/p>\n<p>Sudu se danas obratio i Crnovr\u009aanin, navode\u0107i da se postupak protiv njega vodi samo zato \u0161\u009ato je musliman.<\/p>\n<p>&#8211; U\u010dinili ste mi veliku nepravdu. Vi me mrzite zato \u0161\u009ato sam musliman &#8211; rekao je Crnovr\u009aanin, obra\u0107aju\u0107i se sudskom ve\u0107u, koje mu je skrenulo pa\u017enju da u sudnici nema mjesta za vjeru, ve\u0107 da se u njoj utvr\u0111uje istina.<\/p>\n<p>(Blic)<\/p>\n","protected":false},"excerpt":{"rendered":"<p>Optu\u017eeni za niz krivi\u010dnih djela terorizma Tefik Mujovi\u0107 (35) iz Tutina negirao je danas u Specijalnom sudu optu\u017ebe za terorizam tvrde\u0107i da u Siriji nije u\u010destovao u ratnim dejstavima. On je krajem maja deportovan iz Turske gdje je uhap\u0161en po sprskoj potjernici, a danas se u sudnici pojavio sa \u0161takama zbog povrede noge koju je, [&hellip;]<\/p>\n","protected":false},"author":83,"featured_media":168050,"comment_status":"open","ping_status":"open","sticky":false,"template":"","format":"standard","meta":{"footnotes":""},"categories":[327,801,8957],"tags":[],"class_list":{"0":"post-168042","1":"post","2":"type-post","3":"status-publish","4":"format-standard","5":"has-post-thumbnail","7":"category-tutin","8":"category-crna_hronika","9":"category-vijesti-dana"},"yoast_head":"<!-- This site is optimized with the Yoast SEO Premium plugin v23.1 (Yoast SEO v24.9) - https:\/\/yoast.com\/wordpress\/plugins\/seo\/ -->\n<title>Tefik Mujovi\u0107 negirao sve optu\u017ebe za terorizam<\/title>\n<meta name=\"robots\" content=\"index, follow, max-snippet:-1, max-image-preview:large, max-video-preview:-1\" \/>\n<link rel=\"canonical\" href=\"https:\/\/sandzakpress.net\/arhiva\/tefik-mujovic-negirao-sve-optuzbe-za-terorizam\/\" \/>\n<meta property=\"og:locale\" content=\"bs_BA\" \/>\n<meta property=\"og:type\" content=\"article\" \/>\n<meta property=\"og:title\" content=\"Tefik Mujovi\u0107 negirao sve optu\u017ebe za terorizam\" \/>\n<meta property=\"og:description\" content=\"Optu\u017eeni za niz krivi\u010dnih djela terorizma Tefik Mujovi\u0107 (35) iz Tutina negirao je danas u Specijalnom sudu optu\u017ebe za terorizam tvrde\u0107i da u Siriji nije u\u010destovao u ratnim dejstavima. On je krajem maja deportovan iz Turske gdje je uhap\u0161en po sprskoj potjernici, a danas se u sudnici pojavio sa \u0161takama zbog povrede noge koju je, [&hellip;]\" \/>\n<meta property=\"og:url\" content=\"https:\/\/sandzakpress.net\/arhiva\/tefik-mujovic-negirao-sve-optuzbe-za-terorizam\/\" \/>\n<meta property=\"og:site_name\" content=\"Sand\u017eak PRESS\" \/>\n<meta property=\"article:published_time\" content=\"2016-09-09T17:59:39+00:00\" \/>\n<meta property=\"article:modified_time\" content=\"2016-09-10T10:04:34+00:00\" \/>\n<meta property=\"og:image\" content=\"https:\/\/sandzakpress.net\/arhiva\/wp-content\/uploads\/2016\/09\/MxxktkqTURBXy85ODE1MTVmYzk2ZTg1ZjMyODNkNzJhMWUwZDBmMzliMC5qcGVnk5UCzQMUAMLDlQLNAdYAwsOVB9kyL3B1bHNjbXMvTURBXy8xZDc0Y2I0MTcwNTk1MDQzNjYyOWNhYmQ2MDZmNTBmNi5wbmcHwgA.jpg\" \/>\n\t<meta property=\"og:image:width\" content=\"470\" \/>\n\t<meta property=\"og:image:height\" content=\"363\" \/>\n\t<meta property=\"og:image:type\" content=\"image\/jpeg\" \/>\n<meta name=\"author\" content=\"bosniak\" \/>\n<meta name=\"twitter:card\" content=\"summary_large_image\" \/>\n<meta name=\"twitter:label1\" content=\"Written by\" \/>\n\t<meta name=\"twitter:data1\" content=\"bosniak\" \/>\n\t<meta name=\"twitter:label2\" content=\"Est. reading time\" \/>\n\t<meta name=\"twitter:data2\" content=\"1 minuta\" \/>\n<script type=\"application\/ld+json\" class=\"yoast-schema-graph\">{\"@context\":\"https:\/\/schema.org\",\"@graph\":[{\"@type\":\"Article\",\"@id\":\"https:\/\/sandzakpress.net\/arhiva\/tefik-mujovic-negirao-sve-optuzbe-za-terorizam\/#article\",\"isPartOf\":{\"@id\":\"https:\/\/sandzakpress.net\/arhiva\/tefik-mujovic-negirao-sve-optuzbe-za-terorizam\/\"},\"author\":{\"name\":\"bosniak\",\"@id\":\"https:\/\/sandzakpress.net\/arhiva\/#\/schema\/person\/c8baee722073534b583ea7bdb2e36c02\"},\"headline\":\"Tefik Mujovi\u0107 negirao sve optu\u017ebe za terorizam\",\"datePublished\":\"2016-09-09T17:59:39+00:00\",\"dateModified\":\"2016-09-10T10:04:34+00:00\",\"mainEntityOfPage\":{\"@id\":\"https:\/\/sandzakpress.net\/arhiva\/tefik-mujovic-negirao-sve-optuzbe-za-terorizam\/\"},\"wordCount\":299,\"commentCount\":7,\"publisher\":{\"@id\":\"https:\/\/sandzakpress.net\/arhiva\/#\/schema\/person\/6e72b67d6e51910a1117b3b483ba20bd\"},\"image\":{\"@id\":\"https:\/\/sandzakpress.net\/arhiva\/tefik-mujovic-negirao-sve-optuzbe-za-terorizam\/#primaryimage\"},\"thumbnailUrl\":\"https:\/\/sandzakpress.net\/arhiva\/wp-content\/uploads\/2016\/09\/MxxktkqTURBXy85ODE1MTVmYzk2ZTg1ZjMyODNkNzJhMWUwZDBmMzliMC5qcGVnk5UCzQMUAMLDlQLNAdYAwsOVB9kyL3B1bHNjbXMvTURBXy8xZDc0Y2I0MTcwNTk1MDQzNjYyOWNhYmQ2MDZmNTBmNi5wbmcHwgA.jpg\",\"articleSection\":[\"Tutin\",\"Hronika\",\"VIJESTI DANA\"],\"inLanguage\":\"bs-BA\",\"potentialAction\":[{\"@type\":\"CommentAction\",\"name\":\"Comment\",\"target\":[\"https:\/\/sandzakpress.net\/arhiva\/tefik-mujovic-negirao-sve-optuzbe-za-terorizam\/#respond\"]}]},{\"@type\":\"WebPage\",\"@id\":\"https:\/\/sandzakpress.net\/arhiva\/tefik-mujovic-negirao-sve-optuzbe-za-terorizam\/\",\"url\":\"https:\/\/sandzakpress.net\/arhiva\/tefik-mujovic-negirao-sve-optuzbe-za-terorizam\/\",\"name\":\"Tefik Mujovi\u0107 negirao sve optu\u017ebe za terorizam\",\"isPartOf\":{\"@id\":\"https:\/\/sandzakpress.net\/arhiva\/#website\"},\"primaryImageOfPage\":{\"@id\":\"https:\/\/sandzakpress.net\/arhiva\/tefik-mujovic-negirao-sve-optuzbe-za-terorizam\/#primaryimage\"},\"image\":{\"@id\":\"https:\/\/sandzakpress.net\/arhiva\/tefik-mujovic-negirao-sve-optuzbe-za-terorizam\/#primaryimage\"},\"thumbnailUrl\":\"https:\/\/sandzakpress.net\/arhiva\/wp-content\/uploads\/2016\/09\/MxxktkqTURBXy85ODE1MTVmYzk2ZTg1ZjMyODNkNzJhMWUwZDBmMzliMC5qcGVnk5UCzQMUAMLDlQLNAdYAwsOVB9kyL3B1bHNjbXMvTURBXy8xZDc0Y2I0MTcwNTk1MDQzNjYyOWNhYmQ2MDZmNTBmNi5wbmcHwgA.jpg\",\"datePublished\":\"2016-09-09T17:59:39+00:00\",\"dateModified\":\"2016-09-10T10:04:34+00:00\",\"breadcrumb\":{\"@id\":\"https:\/\/sandzakpress.net\/arhiva\/tefik-mujovic-negirao-sve-optuzbe-za-terorizam\/#breadcrumb\"},\"inLanguage\":\"bs-BA\",\"potentialAction\":[{\"@type\":\"ReadAction\",\"target\":[\"https:\/\/sandzakpress.net\/arhiva\/tefik-mujovic-negirao-sve-optuzbe-za-terorizam\/\"]}]},{\"@type\":\"ImageObject\",\"inLanguage\":\"bs-BA\",\"@id\":\"https:\/\/sandzakpress.net\/arhiva\/tefik-mujovic-negirao-sve-optuzbe-za-terorizam\/#primaryimage\",\"url\":\"https:\/\/sandzakpress.net\/arhiva\/wp-content\/uploads\/2016\/09\/MxxktkqTURBXy85ODE1MTVmYzk2ZTg1ZjMyODNkNzJhMWUwZDBmMzliMC5qcGVnk5UCzQMUAMLDlQLNAdYAwsOVB9kyL3B1bHNjbXMvTURBXy8xZDc0Y2I0MTcwNTk1MDQzNjYyOWNhYmQ2MDZmNTBmNi5wbmcHwgA.jpg\",\"contentUrl\":\"https:\/\/sandzakpress.net\/arhiva\/wp-content\/uploads\/2016\/09\/MxxktkqTURBXy85ODE1MTVmYzk2ZTg1ZjMyODNkNzJhMWUwZDBmMzliMC5qcGVnk5UCzQMUAMLDlQLNAdYAwsOVB9kyL3B1bHNjbXMvTURBXy8xZDc0Y2I0MTcwNTk1MDQzNjYyOWNhYmQ2MDZmNTBmNi5wbmcHwgA.jpg\",\"width\":470,\"height\":363},{\"@type\":\"BreadcrumbList\",\"@id\":\"https:\/\/sandzakpress.net\/arhiva\/tefik-mujovic-negirao-sve-optuzbe-za-terorizam\/#breadcrumb\",\"itemListElement\":[{\"@type\":\"ListItem\",\"position\":1,\"name\":\"Home\",\"item\":\"https:\/\/sandzakpress.net\/arhiva\/\"},{\"@type\":\"ListItem\",\"position\":2,\"name\":\"Tefik Mujovi\u0107 negirao sve optu\u017ebe za terorizam\"}]},{\"@type\":\"WebSite\",\"@id\":\"https:\/\/sandzakpress.net\/arhiva\/#website\",\"url\":\"https:\/\/sandzakpress.net\/arhiva\/\",\"name\":\"Sand\u017eak PRESS\",\"description\":\"Prve elektronske novine u Sand\u017eaku\",\"publisher\":{\"@id\":\"https:\/\/sandzakpress.net\/arhiva\/#\/schema\/person\/6e72b67d6e51910a1117b3b483ba20bd\"},\"potentialAction\":[{\"@type\":\"SearchAction\",\"target\":{\"@type\":\"EntryPoint\",\"urlTemplate\":\"https:\/\/sandzakpress.net\/arhiva\/?s={search_term_string}\"},\"query-input\":{\"@type\":\"PropertyValueSpecification\",\"valueRequired\":true,\"valueName\":\"search_term_string\"}}],\"inLanguage\":\"bs-BA\"},{\"@type\":[\"Person\",\"Organization\"],\"@id\":\"https:\/\/sandzakpress.net\/arhiva\/#\/schema\/person\/6e72b67d6e51910a1117b3b483ba20bd\",\"name\":\"Kul\",\"image\":{\"@type\":\"ImageObject\",\"inLanguage\":\"bs-BA\",\"@id\":\"https:\/\/sandzakpress.net\/arhiva\/#\/schema\/person\/image\/\",\"url\":\"https:\/\/secure.gravatar.com\/avatar\/42263f39aa27ac04c43cab85c280eb2e?s=96&d=mm&r=pg\",\"contentUrl\":\"https:\/\/secure.gravatar.com\/avatar\/42263f39aa27ac04c43cab85c280eb2e?s=96&d=mm&r=pg\",\"caption\":\"Kul\"},\"logo\":{\"@id\":\"https:\/\/sandzakpress.net\/arhiva\/#\/schema\/person\/image\/\"}},{\"@type\":\"Person\",\"@id\":\"https:\/\/sandzakpress.net\/arhiva\/#\/schema\/person\/c8baee722073534b583ea7bdb2e36c02\",\"name\":\"bosniak\",\"image\":{\"@type\":\"ImageObject\",\"inLanguage\":\"bs-BA\",\"@id\":\"https:\/\/sandzakpress.net\/arhiva\/#\/schema\/person\/image\/\",\"url\":\"https:\/\/secure.gravatar.com\/avatar\/a04fd330bfe3a36a72a0ad4a6d89fca7?s=96&d=mm&r=pg\",\"contentUrl\":\"https:\/\/secure.gravatar.com\/avatar\/a04fd330bfe3a36a72a0ad4a6d89fca7?s=96&d=mm&r=pg\",\"caption\":\"bosniak\"},\"url\":\"https:\/\/sandzakpress.net\/arhiva\/author\/bosniak\/\"}]}<\/script>\n<!-- \/ Yoast SEO Premium plugin. -->","yoast_head_json":{"title":"Tefik Mujovi\u0107 negirao sve optu\u017ebe za terorizam","robots":{"index":"index","follow":"follow","max-snippet":"max-snippet:-1","max-image-preview":"max-image-preview:large","max-video-preview":"max-video-preview:-1"},"canonical":"https:\/\/sandzakpress.net\/arhiva\/tefik-mujovic-negirao-sve-optuzbe-za-terorizam\/","og_locale":"bs_BA","og_type":"article","og_title":"Tefik Mujovi\u0107 negirao sve optu\u017ebe za terorizam","og_description":"Optu\u017eeni za niz krivi\u010dnih djela terorizma Tefik Mujovi\u0107 (35) iz Tutina negirao je danas u Specijalnom sudu optu\u017ebe za terorizam tvrde\u0107i da u Siriji nije u\u010destovao u ratnim dejstavima. On je krajem maja deportovan iz Turske gdje je uhap\u0161en po sprskoj potjernici, a danas se u sudnici pojavio sa \u0161takama zbog povrede noge koju je, [&hellip;]","og_url":"https:\/\/sandzakpress.net\/arhiva\/tefik-mujovic-negirao-sve-optuzbe-za-terorizam\/","og_site_name":"Sand\u017eak PRESS","article_published_time":"2016-09-09T17:59:39+00:00","article_modified_time":"2016-09-10T10:04:34+00:00","og_image":[{"width":470,"height":363,"url":"https:\/\/sandzakpress.net\/arhiva\/wp-content\/uploads\/2016\/09\/MxxktkqTURBXy85ODE1MTVmYzk2ZTg1ZjMyODNkNzJhMWUwZDBmMzliMC5qcGVnk5UCzQMUAMLDlQLNAdYAwsOVB9kyL3B1bHNjbXMvTURBXy8xZDc0Y2I0MTcwNTk1MDQzNjYyOWNhYmQ2MDZmNTBmNi5wbmcHwgA.jpg","type":"image\/jpeg"}],"author":"bosniak","twitter_card":"summary_large_image","twitter_misc":{"Written by":"bosniak","Est. reading time":"1 minuta"},"schema":{"@context":"https:\/\/schema.org","@graph":[{"@type":"Article","@id":"https:\/\/sandzakpress.net\/arhiva\/tefik-mujovic-negirao-sve-optuzbe-za-terorizam\/#article","isPartOf":{"@id":"https:\/\/sandzakpress.net\/arhiva\/tefik-mujovic-negirao-sve-optuzbe-za-terorizam\/"},"author":{"name":"bosniak","@id":"https:\/\/sandzakpress.net\/arhiva\/#\/schema\/person\/c8baee722073534b583ea7bdb2e36c02"},"headline":"Tefik Mujovi\u0107 negirao sve optu\u017ebe za terorizam","datePublished":"2016-09-09T17:59:39+00:00","dateModified":"2016-09-10T10:04:34+00:00","mainEntityOfPage":{"@id":"https:\/\/sandzakpress.net\/arhiva\/tefik-mujovic-negirao-sve-optuzbe-za-terorizam\/"},"wordCount":299,"commentCount":7,"publisher":{"@id":"https:\/\/sandzakpress.net\/arhiva\/#\/schema\/person\/6e72b67d6e51910a1117b3b483ba20bd"},"image":{"@id":"https:\/\/sandzakpress.net\/arhiva\/tefik-mujovic-negirao-sve-optuzbe-za-terorizam\/#primaryimage"},"thumbnailUrl":"https:\/\/sandzakpress.net\/arhiva\/wp-content\/uploads\/2016\/09\/MxxktkqTURBXy85ODE1MTVmYzk2ZTg1ZjMyODNkNzJhMWUwZDBmMzliMC5qcGVnk5UCzQMUAMLDlQLNAdYAwsOVB9kyL3B1bHNjbXMvTURBXy8xZDc0Y2I0MTcwNTk1MDQzNjYyOWNhYmQ2MDZmNTBmNi5wbmcHwgA.jpg","articleSection":["Tutin","Hronika","VIJESTI DANA"],"inLanguage":"bs-BA","potentialAction":[{"@type":"CommentAction","name":"Comment","target":["https:\/\/sandzakpress.net\/arhiva\/tefik-mujovic-negirao-sve-optuzbe-za-terorizam\/#respond"]}]},{"@type":"WebPage","@id":"https:\/\/sandzakpress.net\/arhiva\/tefik-mujovic-negirao-sve-optuzbe-za-terorizam\/","url":"https:\/\/sandzakpress.net\/arhiva\/tefik-mujovic-negirao-sve-optuzbe-za-terorizam\/","name":"Tefik Mujovi\u0107 negirao sve optu\u017ebe za terorizam","isPartOf":{"@id":"https:\/\/sandzakpress.net\/arhiva\/#website"},"primaryImageOfPage":{"@id":"https:\/\/sandzakpress.net\/arhiva\/tefik-mujovic-negirao-sve-optuzbe-za-terorizam\/#primaryimage"},"image":{"@id":"https:\/\/sandzakpress.net\/arhiva\/tefik-mujovic-negirao-sve-optuzbe-za-terorizam\/#primaryimage"},"thumbnailUrl":"https:\/\/sandzakpress.net\/arhiva\/wp-content\/uploads\/2016\/09\/MxxktkqTURBXy85ODE1MTVmYzk2ZTg1ZjMyODNkNzJhMWUwZDBmMzliMC5qcGVnk5UCzQMUAMLDlQLNAdYAwsOVB9kyL3B1bHNjbXMvTURBXy8xZDc0Y2I0MTcwNTk1MDQzNjYyOWNhYmQ2MDZmNTBmNi5wbmcHwgA.jpg","datePublished":"2016-09-09T17:59:39+00:00","dateModified":"2016-09-10T10:04:34+00:00","breadcrumb":{"@id":"https:\/\/sandzakpress.net\/arhiva\/tefik-mujovic-negirao-sve-optuzbe-za-terorizam\/#breadcrumb"},"inLanguage":"bs-BA","potentialAction":[{"@type":"ReadAction","target":["https:\/\/sandzakpress.net\/arhiva\/tefik-mujovic-negirao-sve-optuzbe-za-terorizam\/"]}]},{"@type":"ImageObject","inLanguage":"bs-BA","@id":"https:\/\/sandzakpress.net\/arhiva\/tefik-mujovic-negirao-sve-optuzbe-za-terorizam\/#primaryimage","url":"https:\/\/sandzakpress.net\/arhiva\/wp-content\/uploads\/2016\/09\/MxxktkqTURBXy85ODE1MTVmYzk2ZTg1ZjMyODNkNzJhMWUwZDBmMzliMC5qcGVnk5UCzQMUAMLDlQLNAdYAwsOVB9kyL3B1bHNjbXMvTURBXy8xZDc0Y2I0MTcwNTk1MDQzNjYyOWNhYmQ2MDZmNTBmNi5wbmcHwgA.jpg","contentUrl":"https:\/\/sandzakpress.net\/arhiva\/wp-content\/uploads\/2016\/09\/MxxktkqTURBXy85ODE1MTVmYzk2ZTg1ZjMyODNkNzJhMWUwZDBmMzliMC5qcGVnk5UCzQMUAMLDlQLNAdYAwsOVB9kyL3B1bHNjbXMvTURBXy8xZDc0Y2I0MTcwNTk1MDQzNjYyOWNhYmQ2MDZmNTBmNi5wbmcHwgA.jpg","width":470,"height":363},{"@type":"BreadcrumbList","@id":"https:\/\/sandzakpress.net\/arhiva\/tefik-mujovic-negirao-sve-optuzbe-za-terorizam\/#breadcrumb","itemListElement":[{"@type":"ListItem","position":1,"name":"Home","item":"https:\/\/sandzakpress.net\/arhiva\/"},{"@type":"ListItem","position":2,"name":"Tefik Mujovi\u0107 negirao sve optu\u017ebe za terorizam"}]},{"@type":"WebSite","@id":"https:\/\/sandzakpress.net\/arhiva\/#website","url":"https:\/\/sandzakpress.net\/arhiva\/","name":"Sand\u017eak PRESS","description":"Prve elektronske novine u Sand\u017eaku","publisher":{"@id":"https:\/\/sandzakpress.net\/arhiva\/#\/schema\/person\/6e72b67d6e51910a1117b3b483ba20bd"},"potentialAction":[{"@type":"SearchAction","target":{"@type":"EntryPoint","urlTemplate":"https:\/\/sandzakpress.net\/arhiva\/?s={search_term_string}"},"query-input":{"@type":"PropertyValueSpecification","valueRequired":true,"valueName":"search_term_string"}}],"inLanguage":"bs-BA"},{"@type":["Person","Organization"],"@id":"https:\/\/sandzakpress.net\/arhiva\/#\/schema\/person\/6e72b67d6e51910a1117b3b483ba20bd","name":"Kul","image":{"@type":"ImageObject","inLanguage":"bs-BA","@id":"https:\/\/sandzakpress.net\/arhiva\/#\/schema\/person\/image\/","url":"https:\/\/secure.gravatar.com\/avatar\/42263f39aa27ac04c43cab85c280eb2e?s=96&d=mm&r=pg","contentUrl":"https:\/\/secure.gravatar.com\/avatar\/42263f39aa27ac04c43cab85c280eb2e?s=96&d=mm&r=pg","caption":"Kul"},"logo":{"@id":"https:\/\/sandzakpress.net\/arhiva\/#\/schema\/person\/image\/"}},{"@type":"Person","@id":"https:\/\/sandzakpress.net\/arhiva\/#\/schema\/person\/c8baee722073534b583ea7bdb2e36c02","name":"bosniak","image":{"@type":"ImageObject","inLanguage":"bs-BA","@id":"https:\/\/sandzakpress.net\/arhiva\/#\/schema\/person\/image\/","url":"https:\/\/secure.gravatar.com\/avatar\/a04fd330bfe3a36a72a0ad4a6d89fca7?s=96&d=mm&r=pg","contentUrl":"https:\/\/secure.gravatar.com\/avatar\/a04fd330bfe3a36a72a0ad4a6d89fca7?s=96&d=mm&r=pg","caption":"bosniak"},"url":"https:\/\/sandzakpress.net\/arhiva\/author\/bosniak\/"}]}},"_links":{"self":[{"href":"https:\/\/sandzakpress.net\/arhiva\/wp-json\/wp\/v2\/posts\/168042"}],"collection":[{"href":"https:\/\/sandzakpress.net\/arhiva\/wp-json\/wp\/v2\/posts"}],"about":[{"href":"https:\/\/sandzakpress.net\/arhiva\/wp-json\/wp\/v2\/types\/post"}],"author":[{"embeddable":true,"href":"https:\/\/sandzakpress.net\/arhiva\/wp-json\/wp\/v2\/users\/83"}],"replies":[{"embeddable":true,"href":"https:\/\/sandzakpress.net\/arhiva\/wp-json\/wp\/v2\/comments?post=168042"}],"version-history":[{"count":0,"href":"https:\/\/sandzakpress.net\/arhiva\/wp-json\/wp\/v2\/posts\/168042\/revisions"}],"wp:featuredmedia":[{"embeddable":true,"href":"https:\/\/sandzakpress.net\/arhiva\/wp-json\/wp\/v2\/media\/168050"}],"wp:attachment":[{"href":"https:\/\/sandzakpress.net\/arhiva\/wp-json\/wp\/v2\/media?parent=168042"}],"wp:term":[{"taxonomy":"category","embeddable":true,"href":"https:\/\/sandzakpress.net\/arhiva\/wp-json\/wp\/v2\/categories?post=168042"},{"taxonomy":"post_tag","embeddable":true,"href":"https:\/\/sandzakpress.net\/arhiva\/wp-json\/wp\/v2\/tags?post=168042"}],"curies":[{"name":"wp","href":"https:\/\/api.w.org\/{rel}","templated":true}]}}