{"id":16801,"date":"2011-06-07T11:29:23","date_gmt":"2011-06-07T09:29:23","guid":{"rendered":"https:\/\/sandzakpress.net\/arhiva\/?p=16801"},"modified":"2011-06-07T11:29:23","modified_gmt":"2011-06-07T09:29:23","slug":"ugljanin-upozorava-na-stanje-u-sandzaku","status":"publish","type":"post","link":"https:\/\/sandzakpress.net\/arhiva\/ugljanin-upozorava-na-stanje-u-sandzaku\/","title":{"rendered":"Ugljanin upozorava na stanje u Sand\u017eaku"},"content":{"rendered":"<p><strong><a href=\"https:\/\/sandzakpress.net\/arhiva\/wp-content\/uploads\/2011\/06\/images.jpgdgs.jpg\"><img loading=\"lazy\" decoding=\"async\" class=\"alignleft size-full wp-image-16802\" src=\"https:\/\/sandzakpress.net\/arhiva\/wp-content\/uploads\/2011\/06\/images.jpgdgs.jpg\" alt=\"\" width=\"250\" height=\"201\" \/><\/a>Sjeverni Sand\u017eak &#8211; Ministar bez portfelja Sulejman Ugljanin upozorio je da Sand\u017eak kao najnerazvijeniji dio zemlje mo\u017ee da postane meta politi\u010dkih avanturista koji nastoje da skupe politi\u010dke poene i da se bolje pozicioniraju.<\/strong><\/p>\n<p>Ugljanin je u intervjuu &#8220;Ve\u010dernjim Novostima&#8221; od utorka rekao da je protiv nacionalnih autonomija, ali da se mora omogu\u0107iti u\u010de\u0161\u0107e manjina u javnom \u017eivotu, kao i da treba pobolj\u0161ati uslove za \u017eivot gra\u0111ana.<\/p>\n<p>&#8220;Neophodno je da se institucionalno omogu\u0107i u\u010de\u0161\u0107e manjina u javnom \u017eivotu. Na primjer, u Novom Pazaru Bo\u0161njaci \u010dine 80 odsto gra\u0111ana, a u policiji u tom gradu je odnos obrnuto proporcionalan&#8221;, rekao je Ugljanin i dodao da je ista situacija i u drugim dr\u017eavnim organima.<\/p>\n<p>Govore\u0107i o ekonomiji, Ugljanin, lider Stranke demokratske akcije Sand\u017eaka, ukazao je da Novi Pazar ima najve\u0107i broj nezaposlenih u Srbiji, vi\u0161e od 51 odsto.<\/p>\n<p>&#8220;Te\u0161ka ekonomska situacija, siroma\u0161tvo, bezna\u0111e mladih ljudi. To su idealni uslovi da politi\u010dki avanturisti poku\u0161aju da zapaljivom retorikom skupe politi\u010dke poene i da se bolje pozicioniraju&#8221;, upozorio je on.<\/p>\n<p>Upitan da li se sla\u017ee sa glavnim muftijom Muamerom Ef. Zukorli\u0107em da Sand\u017eak treba da dobije autonomiju po uzoru na Vojvodinu, Ugljanin je rekao da su ciljevi njegove stranke br\u017ei ekonomski razvoj Sand\u017eaka i regionalna samouprava u okviru Srbije.<\/p>\n<p>&#8220;Ne bih da menjamo tezu i da pri\u010damo o nekakvim drugim statusima Sand\u017eaka kada imamo gladne i nezaposlene ljude, socijalni i politi\u010dki naboj&#8221;, rekao je Ugljanin.<\/p>\n<p>&#8220;Sand\u017eak je bio i ostao multinacionalan i moj stav je da nema nacionalnih autonomija&#8221;, rekao je Ugljanin.<\/p>\n<p>Izvor: <strong>RadioStoPlus.com<\/strong><\/p>\n","protected":false},"excerpt":{"rendered":"<p>Sjeverni Sand\u017eak &#8211; Ministar bez portfelja Sulejman Ugljanin upozorio je da Sand\u017eak kao najnerazvijeniji dio zemlje mo\u017ee da postane meta politi\u010dkih avanturista koji nastoje da skupe politi\u010dke poene i da se bolje pozicioniraju. Ugljanin je u intervjuu &#8220;Ve\u010dernjim Novostima&#8221; od utorka rekao da je protiv nacionalnih autonomija, ali da se mora omogu\u0107iti u\u010de\u0161\u0107e manjina u [&hellip;]<\/p>\n","protected":false},"author":13,"featured_media":16802,"comment_status":"open","ping_status":"open","sticky":false,"template":"","format":"standard","meta":{"footnotes":""},"categories":[72,52,327,3,392,393,394],"tags":[],"class_list":{"0":"post-16801","1":"post","2":"type-post","3":"status-publish","4":"format-standard","5":"has-post-thumbnail","7":"category-novi-pazar","8":"category-sjenica","9":"category-tutin","10":"category-privreda","11":"category-prijepolje_","12":"category-priboj","13":"category-nova-varos"},"yoast_head":"<!-- This site is optimized with the Yoast SEO Premium plugin v23.1 (Yoast SEO v24.9) - https:\/\/yoast.com\/wordpress\/plugins\/seo\/ -->\n<title>Ugljanin upozorava na stanje u Sand\u017eaku<\/title>\n<meta name=\"robots\" content=\"index, follow, max-snippet:-1, max-image-preview:large, max-video-preview:-1\" \/>\n<link rel=\"canonical\" href=\"https:\/\/sandzakpress.net\/arhiva\/ugljanin-upozorava-na-stanje-u-sandzaku\/\" \/>\n<meta property=\"og:locale\" content=\"bs_BA\" \/>\n<meta property=\"og:type\" content=\"article\" \/>\n<meta property=\"og:title\" content=\"Ugljanin upozorava na stanje u Sand\u017eaku\" \/>\n<meta property=\"og:description\" content=\"Sjeverni Sand\u017eak &#8211; Ministar bez portfelja Sulejman Ugljanin upozorio je da Sand\u017eak kao najnerazvijeniji dio zemlje mo\u017ee da postane meta politi\u010dkih avanturista koji nastoje da skupe politi\u010dke poene i da se bolje pozicioniraju. Ugljanin je u intervjuu &#8220;Ve\u010dernjim Novostima&#8221; od utorka rekao da je protiv nacionalnih autonomija, ali da se mora omogu\u0107iti u\u010de\u0161\u0107e manjina u [&hellip;]\" \/>\n<meta property=\"og:url\" content=\"https:\/\/sandzakpress.net\/arhiva\/ugljanin-upozorava-na-stanje-u-sandzaku\/\" \/>\n<meta property=\"og:site_name\" content=\"Sand\u017eak PRESS\" \/>\n<meta property=\"article:published_time\" content=\"2011-06-07T09:29:23+00:00\" \/>\n<meta property=\"og:image\" content=\"https:\/\/sandzakpress.net\/arhiva\/wp-content\/uploads\/2011\/06\/images.jpgdgs.jpg\" \/>\n\t<meta property=\"og:image:width\" content=\"250\" \/>\n\t<meta property=\"og:image:height\" content=\"201\" \/>\n\t<meta property=\"og:image:type\" content=\"image\/jpeg\" \/>\n<meta name=\"twitter:card\" content=\"summary_large_image\" \/>\n<meta name=\"twitter:label1\" content=\"Written by\" \/>\n\t<meta name=\"twitter:data1\" content=\"\" \/>\n\t<meta name=\"twitter:label2\" content=\"Est. reading time\" \/>\n\t<meta name=\"twitter:data2\" content=\"1 minuta\" \/>\n<script type=\"application\/ld+json\" class=\"yoast-schema-graph\">{\"@context\":\"https:\/\/schema.org\",\"@graph\":[{\"@type\":\"Article\",\"@id\":\"https:\/\/sandzakpress.net\/arhiva\/ugljanin-upozorava-na-stanje-u-sandzaku\/#article\",\"isPartOf\":{\"@id\":\"https:\/\/sandzakpress.net\/arhiva\/ugljanin-upozorava-na-stanje-u-sandzaku\/\"},\"author\":{\"name\":\"\",\"@id\":\"\"},\"headline\":\"Ugljanin upozorava na stanje u Sand\u017eaku\",\"datePublished\":\"2011-06-07T09:29:23+00:00\",\"mainEntityOfPage\":{\"@id\":\"https:\/\/sandzakpress.net\/arhiva\/ugljanin-upozorava-na-stanje-u-sandzaku\/\"},\"wordCount\":290,\"commentCount\":10,\"publisher\":{\"@id\":\"https:\/\/sandzakpress.net\/arhiva\/#\/schema\/person\/6e72b67d6e51910a1117b3b483ba20bd\"},\"image\":{\"@id\":\"https:\/\/sandzakpress.net\/arhiva\/ugljanin-upozorava-na-stanje-u-sandzaku\/#primaryimage\"},\"thumbnailUrl\":\"https:\/\/sandzakpress.net\/arhiva\/wp-content\/uploads\/2011\/06\/images.jpgdgs.jpg\",\"articleSection\":[\"Novi Pazar\",\"Sjenica\",\"Tutin\",\"Privreda\",\"Prijepolje\",\"Priboj\",\"Nova Varo\u0161\"],\"inLanguage\":\"bs-BA\",\"potentialAction\":[{\"@type\":\"CommentAction\",\"name\":\"Comment\",\"target\":[\"https:\/\/sandzakpress.net\/arhiva\/ugljanin-upozorava-na-stanje-u-sandzaku\/#respond\"]}]},{\"@type\":\"WebPage\",\"@id\":\"https:\/\/sandzakpress.net\/arhiva\/ugljanin-upozorava-na-stanje-u-sandzaku\/\",\"url\":\"https:\/\/sandzakpress.net\/arhiva\/ugljanin-upozorava-na-stanje-u-sandzaku\/\",\"name\":\"Ugljanin upozorava na stanje u Sand\u017eaku\",\"isPartOf\":{\"@id\":\"https:\/\/sandzakpress.net\/arhiva\/#website\"},\"primaryImageOfPage\":{\"@id\":\"https:\/\/sandzakpress.net\/arhiva\/ugljanin-upozorava-na-stanje-u-sandzaku\/#primaryimage\"},\"image\":{\"@id\":\"https:\/\/sandzakpress.net\/arhiva\/ugljanin-upozorava-na-stanje-u-sandzaku\/#primaryimage\"},\"thumbnailUrl\":\"https:\/\/sandzakpress.net\/arhiva\/wp-content\/uploads\/2011\/06\/images.jpgdgs.jpg\",\"datePublished\":\"2011-06-07T09:29:23+00:00\",\"breadcrumb\":{\"@id\":\"https:\/\/sandzakpress.net\/arhiva\/ugljanin-upozorava-na-stanje-u-sandzaku\/#breadcrumb\"},\"inLanguage\":\"bs-BA\",\"potentialAction\":[{\"@type\":\"ReadAction\",\"target\":[\"https:\/\/sandzakpress.net\/arhiva\/ugljanin-upozorava-na-stanje-u-sandzaku\/\"]}]},{\"@type\":\"ImageObject\",\"inLanguage\":\"bs-BA\",\"@id\":\"https:\/\/sandzakpress.net\/arhiva\/ugljanin-upozorava-na-stanje-u-sandzaku\/#primaryimage\",\"url\":\"https:\/\/sandzakpress.net\/arhiva\/wp-content\/uploads\/2011\/06\/images.jpgdgs.jpg\",\"contentUrl\":\"https:\/\/sandzakpress.net\/arhiva\/wp-content\/uploads\/2011\/06\/images.jpgdgs.jpg\",\"width\":250,\"height\":201},{\"@type\":\"BreadcrumbList\",\"@id\":\"https:\/\/sandzakpress.net\/arhiva\/ugljanin-upozorava-na-stanje-u-sandzaku\/#breadcrumb\",\"itemListElement\":[{\"@type\":\"ListItem\",\"position\":1,\"name\":\"Home\",\"item\":\"https:\/\/sandzakpress.net\/arhiva\/\"},{\"@type\":\"ListItem\",\"position\":2,\"name\":\"Ugljanin upozorava na stanje u Sand\u017eaku\"}]},{\"@type\":\"WebSite\",\"@id\":\"https:\/\/sandzakpress.net\/arhiva\/#website\",\"url\":\"https:\/\/sandzakpress.net\/arhiva\/\",\"name\":\"Sand\u017eak PRESS\",\"description\":\"Prve elektronske novine u Sand\u017eaku\",\"publisher\":{\"@id\":\"https:\/\/sandzakpress.net\/arhiva\/#\/schema\/person\/6e72b67d6e51910a1117b3b483ba20bd\"},\"potentialAction\":[{\"@type\":\"SearchAction\",\"target\":{\"@type\":\"EntryPoint\",\"urlTemplate\":\"https:\/\/sandzakpress.net\/arhiva\/?s={search_term_string}\"},\"query-input\":{\"@type\":\"PropertyValueSpecification\",\"valueRequired\":true,\"valueName\":\"search_term_string\"}}],\"inLanguage\":\"bs-BA\"},{\"@type\":[\"Person\",\"Organization\"],\"@id\":\"https:\/\/sandzakpress.net\/arhiva\/#\/schema\/person\/6e72b67d6e51910a1117b3b483ba20bd\",\"name\":\"Kul\",\"image\":{\"@type\":\"ImageObject\",\"inLanguage\":\"bs-BA\",\"@id\":\"https:\/\/sandzakpress.net\/arhiva\/#\/schema\/person\/image\/\",\"url\":\"https:\/\/secure.gravatar.com\/avatar\/42263f39aa27ac04c43cab85c280eb2e?s=96&d=mm&r=pg\",\"contentUrl\":\"https:\/\/secure.gravatar.com\/avatar\/42263f39aa27ac04c43cab85c280eb2e?s=96&d=mm&r=pg\",\"caption\":\"Kul\"},\"logo\":{\"@id\":\"https:\/\/sandzakpress.net\/arhiva\/#\/schema\/person\/image\/\"}},{\"@type\":\"Person\",\"@id\":\"\",\"url\":\"https:\/\/sandzakpress.net\/arhiva\/author\/\"}]}<\/script>\n<!-- \/ Yoast SEO Premium plugin. -->","yoast_head_json":{"title":"Ugljanin upozorava na stanje u Sand\u017eaku","robots":{"index":"index","follow":"follow","max-snippet":"max-snippet:-1","max-image-preview":"max-image-preview:large","max-video-preview":"max-video-preview:-1"},"canonical":"https:\/\/sandzakpress.net\/arhiva\/ugljanin-upozorava-na-stanje-u-sandzaku\/","og_locale":"bs_BA","og_type":"article","og_title":"Ugljanin upozorava na stanje u Sand\u017eaku","og_description":"Sjeverni Sand\u017eak &#8211; Ministar bez portfelja Sulejman Ugljanin upozorio je da Sand\u017eak kao najnerazvijeniji dio zemlje mo\u017ee da postane meta politi\u010dkih avanturista koji nastoje da skupe politi\u010dke poene i da se bolje pozicioniraju. Ugljanin je u intervjuu &#8220;Ve\u010dernjim Novostima&#8221; od utorka rekao da je protiv nacionalnih autonomija, ali da se mora omogu\u0107iti u\u010de\u0161\u0107e manjina u [&hellip;]","og_url":"https:\/\/sandzakpress.net\/arhiva\/ugljanin-upozorava-na-stanje-u-sandzaku\/","og_site_name":"Sand\u017eak PRESS","article_published_time":"2011-06-07T09:29:23+00:00","og_image":[{"width":250,"height":201,"url":"https:\/\/sandzakpress.net\/arhiva\/wp-content\/uploads\/2011\/06\/images.jpgdgs.jpg","type":"image\/jpeg"}],"twitter_card":"summary_large_image","twitter_misc":{"Written by":"","Est. reading time":"1 minuta"},"schema":{"@context":"https:\/\/schema.org","@graph":[{"@type":"Article","@id":"https:\/\/sandzakpress.net\/arhiva\/ugljanin-upozorava-na-stanje-u-sandzaku\/#article","isPartOf":{"@id":"https:\/\/sandzakpress.net\/arhiva\/ugljanin-upozorava-na-stanje-u-sandzaku\/"},"author":{"name":"","@id":""},"headline":"Ugljanin upozorava na stanje u Sand\u017eaku","datePublished":"2011-06-07T09:29:23+00:00","mainEntityOfPage":{"@id":"https:\/\/sandzakpress.net\/arhiva\/ugljanin-upozorava-na-stanje-u-sandzaku\/"},"wordCount":290,"commentCount":10,"publisher":{"@id":"https:\/\/sandzakpress.net\/arhiva\/#\/schema\/person\/6e72b67d6e51910a1117b3b483ba20bd"},"image":{"@id":"https:\/\/sandzakpress.net\/arhiva\/ugljanin-upozorava-na-stanje-u-sandzaku\/#primaryimage"},"thumbnailUrl":"https:\/\/sandzakpress.net\/arhiva\/wp-content\/uploads\/2011\/06\/images.jpgdgs.jpg","articleSection":["Novi Pazar","Sjenica","Tutin","Privreda","Prijepolje","Priboj","Nova Varo\u0161"],"inLanguage":"bs-BA","potentialAction":[{"@type":"CommentAction","name":"Comment","target":["https:\/\/sandzakpress.net\/arhiva\/ugljanin-upozorava-na-stanje-u-sandzaku\/#respond"]}]},{"@type":"WebPage","@id":"https:\/\/sandzakpress.net\/arhiva\/ugljanin-upozorava-na-stanje-u-sandzaku\/","url":"https:\/\/sandzakpress.net\/arhiva\/ugljanin-upozorava-na-stanje-u-sandzaku\/","name":"Ugljanin upozorava na stanje u Sand\u017eaku","isPartOf":{"@id":"https:\/\/sandzakpress.net\/arhiva\/#website"},"primaryImageOfPage":{"@id":"https:\/\/sandzakpress.net\/arhiva\/ugljanin-upozorava-na-stanje-u-sandzaku\/#primaryimage"},"image":{"@id":"https:\/\/sandzakpress.net\/arhiva\/ugljanin-upozorava-na-stanje-u-sandzaku\/#primaryimage"},"thumbnailUrl":"https:\/\/sandzakpress.net\/arhiva\/wp-content\/uploads\/2011\/06\/images.jpgdgs.jpg","datePublished":"2011-06-07T09:29:23+00:00","breadcrumb":{"@id":"https:\/\/sandzakpress.net\/arhiva\/ugljanin-upozorava-na-stanje-u-sandzaku\/#breadcrumb"},"inLanguage":"bs-BA","potentialAction":[{"@type":"ReadAction","target":["https:\/\/sandzakpress.net\/arhiva\/ugljanin-upozorava-na-stanje-u-sandzaku\/"]}]},{"@type":"ImageObject","inLanguage":"bs-BA","@id":"https:\/\/sandzakpress.net\/arhiva\/ugljanin-upozorava-na-stanje-u-sandzaku\/#primaryimage","url":"https:\/\/sandzakpress.net\/arhiva\/wp-content\/uploads\/2011\/06\/images.jpgdgs.jpg","contentUrl":"https:\/\/sandzakpress.net\/arhiva\/wp-content\/uploads\/2011\/06\/images.jpgdgs.jpg","width":250,"height":201},{"@type":"BreadcrumbList","@id":"https:\/\/sandzakpress.net\/arhiva\/ugljanin-upozorava-na-stanje-u-sandzaku\/#breadcrumb","itemListElement":[{"@type":"ListItem","position":1,"name":"Home","item":"https:\/\/sandzakpress.net\/arhiva\/"},{"@type":"ListItem","position":2,"name":"Ugljanin upozorava na stanje u Sand\u017eaku"}]},{"@type":"WebSite","@id":"https:\/\/sandzakpress.net\/arhiva\/#website","url":"https:\/\/sandzakpress.net\/arhiva\/","name":"Sand\u017eak PRESS","description":"Prve elektronske novine u Sand\u017eaku","publisher":{"@id":"https:\/\/sandzakpress.net\/arhiva\/#\/schema\/person\/6e72b67d6e51910a1117b3b483ba20bd"},"potentialAction":[{"@type":"SearchAction","target":{"@type":"EntryPoint","urlTemplate":"https:\/\/sandzakpress.net\/arhiva\/?s={search_term_string}"},"query-input":{"@type":"PropertyValueSpecification","valueRequired":true,"valueName":"search_term_string"}}],"inLanguage":"bs-BA"},{"@type":["Person","Organization"],"@id":"https:\/\/sandzakpress.net\/arhiva\/#\/schema\/person\/6e72b67d6e51910a1117b3b483ba20bd","name":"Kul","image":{"@type":"ImageObject","inLanguage":"bs-BA","@id":"https:\/\/sandzakpress.net\/arhiva\/#\/schema\/person\/image\/","url":"https:\/\/secure.gravatar.com\/avatar\/42263f39aa27ac04c43cab85c280eb2e?s=96&d=mm&r=pg","contentUrl":"https:\/\/secure.gravatar.com\/avatar\/42263f39aa27ac04c43cab85c280eb2e?s=96&d=mm&r=pg","caption":"Kul"},"logo":{"@id":"https:\/\/sandzakpress.net\/arhiva\/#\/schema\/person\/image\/"}},{"@type":"Person","@id":"","url":"https:\/\/sandzakpress.net\/arhiva\/author\/"}]}},"_links":{"self":[{"href":"https:\/\/sandzakpress.net\/arhiva\/wp-json\/wp\/v2\/posts\/16801"}],"collection":[{"href":"https:\/\/sandzakpress.net\/arhiva\/wp-json\/wp\/v2\/posts"}],"about":[{"href":"https:\/\/sandzakpress.net\/arhiva\/wp-json\/wp\/v2\/types\/post"}],"author":[{"embeddable":true,"href":"https:\/\/sandzakpress.net\/arhiva\/wp-json\/wp\/v2\/users\/13"}],"replies":[{"embeddable":true,"href":"https:\/\/sandzakpress.net\/arhiva\/wp-json\/wp\/v2\/comments?post=16801"}],"version-history":[{"count":0,"href":"https:\/\/sandzakpress.net\/arhiva\/wp-json\/wp\/v2\/posts\/16801\/revisions"}],"wp:featuredmedia":[{"embeddable":true,"href":"https:\/\/sandzakpress.net\/arhiva\/wp-json\/wp\/v2\/media\/16802"}],"wp:attachment":[{"href":"https:\/\/sandzakpress.net\/arhiva\/wp-json\/wp\/v2\/media?parent=16801"}],"wp:term":[{"taxonomy":"category","embeddable":true,"href":"https:\/\/sandzakpress.net\/arhiva\/wp-json\/wp\/v2\/categories?post=16801"},{"taxonomy":"post_tag","embeddable":true,"href":"https:\/\/sandzakpress.net\/arhiva\/wp-json\/wp\/v2\/tags?post=16801"}],"curies":[{"name":"wp","href":"https:\/\/api.w.org\/{rel}","templated":true}]}}