{"id":167787,"date":"2016-09-07T09:14:31","date_gmt":"2016-09-07T07:14:31","guid":{"rendered":"https:\/\/sandzakpress.net\/arhiva\/?p=167787"},"modified":"2016-09-07T09:14:31","modified_gmt":"2016-09-07T07:14:31","slug":"video-komentator-sport-kluba-turke-nazvao-odvratnima","status":"publish","type":"post","link":"https:\/\/sandzakpress.net\/arhiva\/video-komentator-sport-kluba-turke-nazvao-odvratnima\/","title":{"rendered":"Video: Komentator Sport kluba Turke nazvao &#8220;Odvratnima&#8221;"},"content":{"rendered":"<p><img loading=\"lazy\" decoding=\"async\" class=\"\" src=\"http:\/\/i2.wp.com\/SandzakHaber.net\/wp-content\/uploads\/2016\/09\/img_3436.jpg?resize=470%2C350\" width=\"600\" height=\"447\" \/><\/p>\n<p><strong>Turska, Hrvatska &#8211; Nogometa\u0161i Hrvatske i Turske sino\u0107 su odigrali jedan od derbija prvog kola europskih kvalifikacija za Svjetsko prvenstvo 2018. godine.<\/strong><\/p>\n<p>Me\u010d na zagreba\u010dkom Maksimiru je okon\u010dan bez pobjednika \u2013 rezultat je glasio 1:1, a oba gola su postignuta u prvom poluvremenu. Ovaj ishod vi\u0161e je odgovarao gostima \u010diji je selektor Fatih Terim u hrvatsku prijestolnicu do\u0161ao sa podmla\u0111enim sastavom i bez prve dvije zvijezde tima, bez Arde Turana i Semiha Senturka. Doma\u0107i su poveli pred kraj prvog poluvremena.<\/p>\n<p>Novi kapiten \u201eVatrenih\u201c Luka Modri\u0107 je oboren u \u0161esnaestercu Turske, sudija je pokazao na bijelu ta\u010dku, a siguran realizator najstro\u017ee kazne bio je Ivan Rakiti\u0107 u 44. minuti. Kada se o\u010dekivalo da \u0107e ovo biti kona\u010dan rezultat prvog poluvremena, gosti su stigli do poravnanja. U tre\u0107oj minuti nadoknade Emre Calhanoglu je \u017eestoko \u0161utirao, lopta je okrznula Ivana Peri\u0161i\u0107a i prevarila hrvatskog golmana za, kako se na kraju ispostavilo, kona\u010dnih 1:1.<\/p>\n<p>Prazni Maksimir Me\u010d je na Maksimiru igran pred praznim tribinama zbog kazne koju je izrekla UEFA, a da to ne bude najru\u017eniji dio utakmice i cijelog prvog kola kvalifikacija pobrinuo se komentator prvog kanala Sportkluba.<\/p>\n<p>Igrao se 87. minut i, po nepisanom pravilu koje preziru svi navija\u010di, gosti su \u201ekrali vrijeme\u201c kako bi osigurali osvajanje boda na te\u0161kom terenu, a pri padu jednog turskog nogometa\u0161a, komentator Sportkluba na srpskom jeziku kazao je: \u201eGube loptu Turci jo\u0161 jednom, ali ovo je sada ve\u0107 pomalo neprijatno, Turci samo le\u017ee po terenu\u2026 Odvratna reprezentacija.<\/p>\n<p>\u201c Ove rije\u010di izazvale su reakcije i osude u regiji<\/p>\n<p>Komentiranje utakmice u\u017eivo dozvoljava odre\u0111enu \u0161irinu i slobodu u radu, mnogi koji se bave ovim pozivom su poznati upravo po svojim \u0161alama ili simpati\u010dnim pore\u0111enjima. No, u granicama pristojnosti.<\/p>\n<p><iframe loading=\"lazy\" title=\"Hrvatska - Turska 1:1, komentator naziva ekipu Turske &quot;odvratnom reprezentacijom&quot;\" width=\"696\" height=\"392\" src=\"https:\/\/www.youtube.com\/embed\/QG6KG6p338o?feature=oembed\" frameborder=\"0\" allow=\"accelerometer; autoplay; encrypted-media; gyroscope; picture-in-picture\" allowfullscreen><\/iframe><\/p>\n<p>(sandzakhaber.net)<\/p>\n","protected":false},"excerpt":{"rendered":"<p>Turska, Hrvatska &#8211; Nogometa\u0161i Hrvatske i Turske sino\u0107 su odigrali jedan od derbija prvog kola europskih kvalifikacija za Svjetsko prvenstvo 2018. godine. Me\u010d na zagreba\u010dkom Maksimiru je okon\u010dan bez pobjednika \u2013 rezultat je glasio 1:1, a oba gola su postignuta u prvom poluvremenu. Ovaj ishod vi\u0161e je odgovarao gostima \u010diji je selektor Fatih Terim u [&hellip;]<\/p>\n","protected":false},"author":509,"featured_media":167789,"comment_status":"open","ping_status":"open","sticky":false,"template":"","format":"standard","meta":{"footnotes":""},"categories":[10306,9,798,2692],"tags":[],"class_list":{"0":"post-167787","1":"post","2":"type-post","3":"status-publish","4":"format-standard","5":"has-post-thumbnail","7":"category-hrvatska","8":"category-svijet","9":"category-teme","10":"category-turska-gradovi"},"yoast_head":"<!-- This site is optimized with the Yoast SEO Premium plugin v23.1 (Yoast SEO v24.9) - https:\/\/yoast.com\/wordpress\/plugins\/seo\/ -->\n<title>Video: Komentator Sport kluba Turke nazvao &quot;Odvratnima&quot;<\/title>\n<meta name=\"robots\" content=\"index, follow, max-snippet:-1, max-image-preview:large, max-video-preview:-1\" \/>\n<link rel=\"canonical\" href=\"https:\/\/sandzakpress.net\/arhiva\/video-komentator-sport-kluba-turke-nazvao-odvratnima\/\" \/>\n<meta property=\"og:locale\" content=\"bs_BA\" \/>\n<meta property=\"og:type\" content=\"article\" \/>\n<meta property=\"og:title\" content=\"Video: Komentator Sport kluba Turke nazvao &quot;Odvratnima&quot;\" \/>\n<meta property=\"og:description\" content=\"Turska, Hrvatska &#8211; Nogometa\u0161i Hrvatske i Turske sino\u0107 su odigrali jedan od derbija prvog kola europskih kvalifikacija za Svjetsko prvenstvo 2018. godine. Me\u010d na zagreba\u010dkom Maksimiru je okon\u010dan bez pobjednika \u2013 rezultat je glasio 1:1, a oba gola su postignuta u prvom poluvremenu. Ovaj ishod vi\u0161e je odgovarao gostima \u010diji je selektor Fatih Terim u [&hellip;]\" \/>\n<meta property=\"og:url\" content=\"https:\/\/sandzakpress.net\/arhiva\/video-komentator-sport-kluba-turke-nazvao-odvratnima\/\" \/>\n<meta property=\"og:site_name\" content=\"Sand\u017eak PRESS\" \/>\n<meta property=\"article:published_time\" content=\"2016-09-07T07:14:31+00:00\" \/>\n<meta property=\"og:image\" content=\"https:\/\/sandzakpress.net\/arhiva\/wp-content\/uploads\/2016\/09\/img_3436.jpg\" \/>\n\t<meta property=\"og:image:width\" content=\"470\" \/>\n\t<meta property=\"og:image:height\" content=\"350\" \/>\n\t<meta property=\"og:image:type\" content=\"image\/jpeg\" \/>\n<meta name=\"author\" content=\"Agencija\" \/>\n<meta name=\"twitter:card\" content=\"summary_large_image\" \/>\n<meta name=\"twitter:label1\" content=\"Written by\" \/>\n\t<meta name=\"twitter:data1\" content=\"Agencija\" \/>\n\t<meta name=\"twitter:label2\" content=\"Est. reading time\" \/>\n\t<meta name=\"twitter:data2\" content=\"2 minute\" \/>\n<script type=\"application\/ld+json\" class=\"yoast-schema-graph\">{\"@context\":\"https:\/\/schema.org\",\"@graph\":[{\"@type\":\"Article\",\"@id\":\"https:\/\/sandzakpress.net\/arhiva\/video-komentator-sport-kluba-turke-nazvao-odvratnima\/#article\",\"isPartOf\":{\"@id\":\"https:\/\/sandzakpress.net\/arhiva\/video-komentator-sport-kluba-turke-nazvao-odvratnima\/\"},\"author\":{\"name\":\"Agencija\",\"@id\":\"https:\/\/sandzakpress.net\/arhiva\/#\/schema\/person\/cb59d7e3ab91ab90dd680ad0305a6185\"},\"headline\":\"Video: Komentator Sport kluba Turke nazvao &#8220;Odvratnima&#8221;\",\"datePublished\":\"2016-09-07T07:14:31+00:00\",\"mainEntityOfPage\":{\"@id\":\"https:\/\/sandzakpress.net\/arhiva\/video-komentator-sport-kluba-turke-nazvao-odvratnima\/\"},\"wordCount\":314,\"commentCount\":4,\"publisher\":{\"@id\":\"https:\/\/sandzakpress.net\/arhiva\/#\/schema\/person\/6e72b67d6e51910a1117b3b483ba20bd\"},\"image\":{\"@id\":\"https:\/\/sandzakpress.net\/arhiva\/video-komentator-sport-kluba-turke-nazvao-odvratnima\/#primaryimage\"},\"thumbnailUrl\":\"https:\/\/sandzakpress.net\/arhiva\/wp-content\/uploads\/2016\/09\/img_3436.jpg\",\"articleSection\":[\"Hrvatska\",\"Svijet\",\"NAJNOVIJE\",\"Turska\"],\"inLanguage\":\"bs-BA\",\"potentialAction\":[{\"@type\":\"CommentAction\",\"name\":\"Comment\",\"target\":[\"https:\/\/sandzakpress.net\/arhiva\/video-komentator-sport-kluba-turke-nazvao-odvratnima\/#respond\"]}]},{\"@type\":\"WebPage\",\"@id\":\"https:\/\/sandzakpress.net\/arhiva\/video-komentator-sport-kluba-turke-nazvao-odvratnima\/\",\"url\":\"https:\/\/sandzakpress.net\/arhiva\/video-komentator-sport-kluba-turke-nazvao-odvratnima\/\",\"name\":\"Video: Komentator Sport kluba Turke nazvao \\\"Odvratnima\\\"\",\"isPartOf\":{\"@id\":\"https:\/\/sandzakpress.net\/arhiva\/#website\"},\"primaryImageOfPage\":{\"@id\":\"https:\/\/sandzakpress.net\/arhiva\/video-komentator-sport-kluba-turke-nazvao-odvratnima\/#primaryimage\"},\"image\":{\"@id\":\"https:\/\/sandzakpress.net\/arhiva\/video-komentator-sport-kluba-turke-nazvao-odvratnima\/#primaryimage\"},\"thumbnailUrl\":\"https:\/\/sandzakpress.net\/arhiva\/wp-content\/uploads\/2016\/09\/img_3436.jpg\",\"datePublished\":\"2016-09-07T07:14:31+00:00\",\"breadcrumb\":{\"@id\":\"https:\/\/sandzakpress.net\/arhiva\/video-komentator-sport-kluba-turke-nazvao-odvratnima\/#breadcrumb\"},\"inLanguage\":\"bs-BA\",\"potentialAction\":[{\"@type\":\"ReadAction\",\"target\":[\"https:\/\/sandzakpress.net\/arhiva\/video-komentator-sport-kluba-turke-nazvao-odvratnima\/\"]}]},{\"@type\":\"ImageObject\",\"inLanguage\":\"bs-BA\",\"@id\":\"https:\/\/sandzakpress.net\/arhiva\/video-komentator-sport-kluba-turke-nazvao-odvratnima\/#primaryimage\",\"url\":\"https:\/\/sandzakpress.net\/arhiva\/wp-content\/uploads\/2016\/09\/img_3436.jpg\",\"contentUrl\":\"https:\/\/sandzakpress.net\/arhiva\/wp-content\/uploads\/2016\/09\/img_3436.jpg\",\"width\":470,\"height\":350},{\"@type\":\"BreadcrumbList\",\"@id\":\"https:\/\/sandzakpress.net\/arhiva\/video-komentator-sport-kluba-turke-nazvao-odvratnima\/#breadcrumb\",\"itemListElement\":[{\"@type\":\"ListItem\",\"position\":1,\"name\":\"Home\",\"item\":\"https:\/\/sandzakpress.net\/arhiva\/\"},{\"@type\":\"ListItem\",\"position\":2,\"name\":\"Video: Komentator Sport kluba Turke nazvao &#8220;Odvratnima&#8221;\"}]},{\"@type\":\"WebSite\",\"@id\":\"https:\/\/sandzakpress.net\/arhiva\/#website\",\"url\":\"https:\/\/sandzakpress.net\/arhiva\/\",\"name\":\"Sand\u017eak PRESS\",\"description\":\"Prve elektronske novine u Sand\u017eaku\",\"publisher\":{\"@id\":\"https:\/\/sandzakpress.net\/arhiva\/#\/schema\/person\/6e72b67d6e51910a1117b3b483ba20bd\"},\"potentialAction\":[{\"@type\":\"SearchAction\",\"target\":{\"@type\":\"EntryPoint\",\"urlTemplate\":\"https:\/\/sandzakpress.net\/arhiva\/?s={search_term_string}\"},\"query-input\":{\"@type\":\"PropertyValueSpecification\",\"valueRequired\":true,\"valueName\":\"search_term_string\"}}],\"inLanguage\":\"bs-BA\"},{\"@type\":[\"Person\",\"Organization\"],\"@id\":\"https:\/\/sandzakpress.net\/arhiva\/#\/schema\/person\/6e72b67d6e51910a1117b3b483ba20bd\",\"name\":\"Kul\",\"image\":{\"@type\":\"ImageObject\",\"inLanguage\":\"bs-BA\",\"@id\":\"https:\/\/sandzakpress.net\/arhiva\/#\/schema\/person\/image\/\",\"url\":\"https:\/\/secure.gravatar.com\/avatar\/42263f39aa27ac04c43cab85c280eb2e?s=96&d=mm&r=pg\",\"contentUrl\":\"https:\/\/secure.gravatar.com\/avatar\/42263f39aa27ac04c43cab85c280eb2e?s=96&d=mm&r=pg\",\"caption\":\"Kul\"},\"logo\":{\"@id\":\"https:\/\/sandzakpress.net\/arhiva\/#\/schema\/person\/image\/\"}},{\"@type\":\"Person\",\"@id\":\"https:\/\/sandzakpress.net\/arhiva\/#\/schema\/person\/cb59d7e3ab91ab90dd680ad0305a6185\",\"name\":\"Agencija\",\"image\":{\"@type\":\"ImageObject\",\"inLanguage\":\"bs-BA\",\"@id\":\"https:\/\/sandzakpress.net\/arhiva\/#\/schema\/person\/image\/\",\"url\":\"https:\/\/secure.gravatar.com\/avatar\/4b7fafa80a22f0c2afe23966b3961fe0?s=96&d=mm&r=pg\",\"contentUrl\":\"https:\/\/secure.gravatar.com\/avatar\/4b7fafa80a22f0c2afe23966b3961fe0?s=96&d=mm&r=pg\",\"caption\":\"Agencija\"},\"url\":\"https:\/\/sandzakpress.net\/arhiva\/author\/agencija\/\"}]}<\/script>\n<!-- \/ Yoast SEO Premium plugin. -->","yoast_head_json":{"title":"Video: Komentator Sport kluba Turke nazvao \"Odvratnima\"","robots":{"index":"index","follow":"follow","max-snippet":"max-snippet:-1","max-image-preview":"max-image-preview:large","max-video-preview":"max-video-preview:-1"},"canonical":"https:\/\/sandzakpress.net\/arhiva\/video-komentator-sport-kluba-turke-nazvao-odvratnima\/","og_locale":"bs_BA","og_type":"article","og_title":"Video: Komentator Sport kluba Turke nazvao \"Odvratnima\"","og_description":"Turska, Hrvatska &#8211; Nogometa\u0161i Hrvatske i Turske sino\u0107 su odigrali jedan od derbija prvog kola europskih kvalifikacija za Svjetsko prvenstvo 2018. godine. Me\u010d na zagreba\u010dkom Maksimiru je okon\u010dan bez pobjednika \u2013 rezultat je glasio 1:1, a oba gola su postignuta u prvom poluvremenu. Ovaj ishod vi\u0161e je odgovarao gostima \u010diji je selektor Fatih Terim u [&hellip;]","og_url":"https:\/\/sandzakpress.net\/arhiva\/video-komentator-sport-kluba-turke-nazvao-odvratnima\/","og_site_name":"Sand\u017eak PRESS","article_published_time":"2016-09-07T07:14:31+00:00","og_image":[{"width":470,"height":350,"url":"https:\/\/sandzakpress.net\/arhiva\/wp-content\/uploads\/2016\/09\/img_3436.jpg","type":"image\/jpeg"}],"author":"Agencija","twitter_card":"summary_large_image","twitter_misc":{"Written by":"Agencija","Est. reading time":"2 minute"},"schema":{"@context":"https:\/\/schema.org","@graph":[{"@type":"Article","@id":"https:\/\/sandzakpress.net\/arhiva\/video-komentator-sport-kluba-turke-nazvao-odvratnima\/#article","isPartOf":{"@id":"https:\/\/sandzakpress.net\/arhiva\/video-komentator-sport-kluba-turke-nazvao-odvratnima\/"},"author":{"name":"Agencija","@id":"https:\/\/sandzakpress.net\/arhiva\/#\/schema\/person\/cb59d7e3ab91ab90dd680ad0305a6185"},"headline":"Video: Komentator Sport kluba Turke nazvao &#8220;Odvratnima&#8221;","datePublished":"2016-09-07T07:14:31+00:00","mainEntityOfPage":{"@id":"https:\/\/sandzakpress.net\/arhiva\/video-komentator-sport-kluba-turke-nazvao-odvratnima\/"},"wordCount":314,"commentCount":4,"publisher":{"@id":"https:\/\/sandzakpress.net\/arhiva\/#\/schema\/person\/6e72b67d6e51910a1117b3b483ba20bd"},"image":{"@id":"https:\/\/sandzakpress.net\/arhiva\/video-komentator-sport-kluba-turke-nazvao-odvratnima\/#primaryimage"},"thumbnailUrl":"https:\/\/sandzakpress.net\/arhiva\/wp-content\/uploads\/2016\/09\/img_3436.jpg","articleSection":["Hrvatska","Svijet","NAJNOVIJE","Turska"],"inLanguage":"bs-BA","potentialAction":[{"@type":"CommentAction","name":"Comment","target":["https:\/\/sandzakpress.net\/arhiva\/video-komentator-sport-kluba-turke-nazvao-odvratnima\/#respond"]}]},{"@type":"WebPage","@id":"https:\/\/sandzakpress.net\/arhiva\/video-komentator-sport-kluba-turke-nazvao-odvratnima\/","url":"https:\/\/sandzakpress.net\/arhiva\/video-komentator-sport-kluba-turke-nazvao-odvratnima\/","name":"Video: Komentator Sport kluba Turke nazvao \"Odvratnima\"","isPartOf":{"@id":"https:\/\/sandzakpress.net\/arhiva\/#website"},"primaryImageOfPage":{"@id":"https:\/\/sandzakpress.net\/arhiva\/video-komentator-sport-kluba-turke-nazvao-odvratnima\/#primaryimage"},"image":{"@id":"https:\/\/sandzakpress.net\/arhiva\/video-komentator-sport-kluba-turke-nazvao-odvratnima\/#primaryimage"},"thumbnailUrl":"https:\/\/sandzakpress.net\/arhiva\/wp-content\/uploads\/2016\/09\/img_3436.jpg","datePublished":"2016-09-07T07:14:31+00:00","breadcrumb":{"@id":"https:\/\/sandzakpress.net\/arhiva\/video-komentator-sport-kluba-turke-nazvao-odvratnima\/#breadcrumb"},"inLanguage":"bs-BA","potentialAction":[{"@type":"ReadAction","target":["https:\/\/sandzakpress.net\/arhiva\/video-komentator-sport-kluba-turke-nazvao-odvratnima\/"]}]},{"@type":"ImageObject","inLanguage":"bs-BA","@id":"https:\/\/sandzakpress.net\/arhiva\/video-komentator-sport-kluba-turke-nazvao-odvratnima\/#primaryimage","url":"https:\/\/sandzakpress.net\/arhiva\/wp-content\/uploads\/2016\/09\/img_3436.jpg","contentUrl":"https:\/\/sandzakpress.net\/arhiva\/wp-content\/uploads\/2016\/09\/img_3436.jpg","width":470,"height":350},{"@type":"BreadcrumbList","@id":"https:\/\/sandzakpress.net\/arhiva\/video-komentator-sport-kluba-turke-nazvao-odvratnima\/#breadcrumb","itemListElement":[{"@type":"ListItem","position":1,"name":"Home","item":"https:\/\/sandzakpress.net\/arhiva\/"},{"@type":"ListItem","position":2,"name":"Video: Komentator Sport kluba Turke nazvao &#8220;Odvratnima&#8221;"}]},{"@type":"WebSite","@id":"https:\/\/sandzakpress.net\/arhiva\/#website","url":"https:\/\/sandzakpress.net\/arhiva\/","name":"Sand\u017eak PRESS","description":"Prve elektronske novine u Sand\u017eaku","publisher":{"@id":"https:\/\/sandzakpress.net\/arhiva\/#\/schema\/person\/6e72b67d6e51910a1117b3b483ba20bd"},"potentialAction":[{"@type":"SearchAction","target":{"@type":"EntryPoint","urlTemplate":"https:\/\/sandzakpress.net\/arhiva\/?s={search_term_string}"},"query-input":{"@type":"PropertyValueSpecification","valueRequired":true,"valueName":"search_term_string"}}],"inLanguage":"bs-BA"},{"@type":["Person","Organization"],"@id":"https:\/\/sandzakpress.net\/arhiva\/#\/schema\/person\/6e72b67d6e51910a1117b3b483ba20bd","name":"Kul","image":{"@type":"ImageObject","inLanguage":"bs-BA","@id":"https:\/\/sandzakpress.net\/arhiva\/#\/schema\/person\/image\/","url":"https:\/\/secure.gravatar.com\/avatar\/42263f39aa27ac04c43cab85c280eb2e?s=96&d=mm&r=pg","contentUrl":"https:\/\/secure.gravatar.com\/avatar\/42263f39aa27ac04c43cab85c280eb2e?s=96&d=mm&r=pg","caption":"Kul"},"logo":{"@id":"https:\/\/sandzakpress.net\/arhiva\/#\/schema\/person\/image\/"}},{"@type":"Person","@id":"https:\/\/sandzakpress.net\/arhiva\/#\/schema\/person\/cb59d7e3ab91ab90dd680ad0305a6185","name":"Agencija","image":{"@type":"ImageObject","inLanguage":"bs-BA","@id":"https:\/\/sandzakpress.net\/arhiva\/#\/schema\/person\/image\/","url":"https:\/\/secure.gravatar.com\/avatar\/4b7fafa80a22f0c2afe23966b3961fe0?s=96&d=mm&r=pg","contentUrl":"https:\/\/secure.gravatar.com\/avatar\/4b7fafa80a22f0c2afe23966b3961fe0?s=96&d=mm&r=pg","caption":"Agencija"},"url":"https:\/\/sandzakpress.net\/arhiva\/author\/agencija\/"}]}},"_links":{"self":[{"href":"https:\/\/sandzakpress.net\/arhiva\/wp-json\/wp\/v2\/posts\/167787"}],"collection":[{"href":"https:\/\/sandzakpress.net\/arhiva\/wp-json\/wp\/v2\/posts"}],"about":[{"href":"https:\/\/sandzakpress.net\/arhiva\/wp-json\/wp\/v2\/types\/post"}],"author":[{"embeddable":true,"href":"https:\/\/sandzakpress.net\/arhiva\/wp-json\/wp\/v2\/users\/509"}],"replies":[{"embeddable":true,"href":"https:\/\/sandzakpress.net\/arhiva\/wp-json\/wp\/v2\/comments?post=167787"}],"version-history":[{"count":0,"href":"https:\/\/sandzakpress.net\/arhiva\/wp-json\/wp\/v2\/posts\/167787\/revisions"}],"wp:featuredmedia":[{"embeddable":true,"href":"https:\/\/sandzakpress.net\/arhiva\/wp-json\/wp\/v2\/media\/167789"}],"wp:attachment":[{"href":"https:\/\/sandzakpress.net\/arhiva\/wp-json\/wp\/v2\/media?parent=167787"}],"wp:term":[{"taxonomy":"category","embeddable":true,"href":"https:\/\/sandzakpress.net\/arhiva\/wp-json\/wp\/v2\/categories?post=167787"},{"taxonomy":"post_tag","embeddable":true,"href":"https:\/\/sandzakpress.net\/arhiva\/wp-json\/wp\/v2\/tags?post=167787"}],"curies":[{"name":"wp","href":"https:\/\/api.w.org\/{rel}","templated":true}]}}