{"id":1677,"date":"2010-01-25T13:18:40","date_gmt":"2010-01-25T12:18:40","guid":{"rendered":"https:\/\/sandzakpress.net\/arhiva\/?p=1677"},"modified":"2010-01-25T13:18:40","modified_gmt":"2010-01-25T12:18:40","slug":"broj-zrtava-razornog-zemljotresa-na-haitiju-300-000-osoba","status":"publish","type":"post","link":"https:\/\/sandzakpress.net\/arhiva\/broj-zrtava-razornog-zemljotresa-na-haitiju-300-000-osoba\/","title":{"rendered":"Broj \u017ertava razornog zemljotresa na Haitiju 300.000 osoba?"},"content":{"rendered":"<p><strong><a href=\"https:\/\/sandzakpress.net\/arhiva\/wp-content\/uploads\/2010\/01\/haiti-zrtve.jpg\"><img loading=\"lazy\" decoding=\"async\" class=\"alignleft size-medium wp-image-1678\" title=\"haiti-zrtve\" src=\"https:\/\/sandzakpress.net\/arhiva\/wp-content\/uploads\/2010\/01\/haiti-zrtve-300x195.jpg\" alt=\"\" width=\"300\" height=\"195\" \/><\/a>Haiti &#8211; Broj potvr\u0111enih \u017ertava razornog zemljotresa koji je prije dvije sedmice zahvatio Haiti porastao je na 150.000, ali to su tijela koja su prikupljena u prijestonici Port `o Prensu, pi\u0161e britanski dnevnik &#8220;Dejli telegraf&#8221;.<\/strong><\/p>\n<p>Prema pisanju lista, u ovaj broj nisu uklju\u010deni nastradali u drugim oblastima poput grada Leogana koji se nalazi u neposrednoj blizini epicentra zemljotresa i \u017dakmela na ju\u017enoj obali.<\/p>\n<p>List isti\u010de da nije ubrojan ni veliki broj tijela koja su ro\u0111aci spalili jer su nekoliko dana le\u017eala na ulici niti onih koja se nalaze ispod ru\u0161evina objekata.<\/p>\n<p>&#8220;Niko ne zna koliko se tijela nastradalih nalazi ispod ru\u0161evina &#8211; 200.000 ili 300.000?&#8221;, rekla je ministar za informisanje Haitija Meri-Lorens Lase\u017e i dodala da kona\u010dan broj \u017ertava mo\u017eda nikada ne\u0107e biti poznat.<\/p>\n<p>Radnici me\u0111unarodnih humanitarnih organizacija izjavili su da \u0107e ubrzati radove na Haitiju nakon \u0161to su izre\u010dene kritike da hrana, voda i lijekovi ne dolaze do \u017ertava koje \u017eive u nehumanim uslovima.<\/p>\n<p>Prema rije\u010dima direktora ameri\u010dke agencije za me\u0111unarodni razvoj Rad\u017eiva \u0160aha,\u00a0 obim uni\u0161tenja i posljedice su velike i\u00a0 potrebe pre\u017eivjelih ne mogu da se ispune \u017eeljenom brzinom.<\/p>\n<p>U kanadskom  gradu Montrealu danas \u0107e se sastati ministri iz 11 dr\u017eava radi koordinacije  me\u0111unarodne pomo\u0107i Haitiju.<\/p>\n<p>Prema rije\u010dima kanadskog ministra inostranih poslova Lorensa Kanona, na sastanku \u0107e biti izra\u0111ena jasnija\u00a0 zajedni\u010dka vizija na\u010dina na koji \u0107e biti ponovno obnovljena zemlja uni\u0161tena u zemljotresu.<\/p>\n<p>Sastanku \u0107e, izme\u0111u ostalih, prisustvovati ameri\u010dki dr\u017eavni sekretar Hilari Klinton, premijer Haitija \u017dan Maks Beleriv, \u0161ef francuske diplomatije Bernar Ku\u0161ner i direktor UN programa za razvoj Britanac D\u017eon Holms.<\/p>\n<p>Izvor: <strong>DnevniAvaz.ba<\/strong><\/p>\n","protected":false},"excerpt":{"rendered":"<p>Haiti &#8211; Broj potvr\u0111enih \u017ertava razornog zemljotresa koji je prije dvije sedmice zahvatio Haiti porastao je na 150.000, ali to su tijela koja su prikupljena u prijestonici Port `o Prensu, pi\u0161e britanski dnevnik &#8220;Dejli telegraf&#8221;. Prema pisanju lista, u ovaj broj nisu uklju\u010deni nastradali u drugim oblastima poput grada Leogana koji se nalazi u neposrednoj [&hellip;]<\/p>\n","protected":false},"author":83,"featured_media":1678,"comment_status":"open","ping_status":"open","sticky":false,"template":"","format":"standard","meta":{"footnotes":""},"categories":[9],"tags":[],"class_list":{"0":"post-1677","1":"post","2":"type-post","3":"status-publish","4":"format-standard","5":"has-post-thumbnail","7":"category-svijet"},"yoast_head":"<!-- This site is optimized with the Yoast SEO Premium plugin v23.1 (Yoast SEO v24.9) - https:\/\/yoast.com\/wordpress\/plugins\/seo\/ -->\n<title>Broj \u017ertava razornog zemljotresa na Haitiju 300.000 osoba?<\/title>\n<meta name=\"robots\" content=\"index, follow, max-snippet:-1, max-image-preview:large, max-video-preview:-1\" \/>\n<link rel=\"canonical\" href=\"https:\/\/sandzakpress.net\/arhiva\/broj-zrtava-razornog-zemljotresa-na-haitiju-300-000-osoba\/\" \/>\n<meta property=\"og:locale\" content=\"bs_BA\" \/>\n<meta property=\"og:type\" content=\"article\" \/>\n<meta property=\"og:title\" content=\"Broj \u017ertava razornog zemljotresa na Haitiju 300.000 osoba?\" \/>\n<meta property=\"og:description\" content=\"Haiti &#8211; Broj potvr\u0111enih \u017ertava razornog zemljotresa koji je prije dvije sedmice zahvatio Haiti porastao je na 150.000, ali to su tijela koja su prikupljena u prijestonici Port `o Prensu, pi\u0161e britanski dnevnik &#8220;Dejli telegraf&#8221;. Prema pisanju lista, u ovaj broj nisu uklju\u010deni nastradali u drugim oblastima poput grada Leogana koji se nalazi u neposrednoj [&hellip;]\" \/>\n<meta property=\"og:url\" content=\"https:\/\/sandzakpress.net\/arhiva\/broj-zrtava-razornog-zemljotresa-na-haitiju-300-000-osoba\/\" \/>\n<meta property=\"og:site_name\" content=\"Sand\u017eak PRESS\" \/>\n<meta property=\"article:published_time\" content=\"2010-01-25T12:18:40+00:00\" \/>\n<meta property=\"og:image\" content=\"https:\/\/sandzakpress.net\/arhiva\/wp-content\/uploads\/2010\/01\/haiti-zrtve.jpg\" \/>\n\t<meta property=\"og:image:width\" content=\"346\" \/>\n\t<meta property=\"og:image:height\" content=\"225\" \/>\n\t<meta property=\"og:image:type\" content=\"image\/jpeg\" \/>\n<meta name=\"author\" content=\"bosniak\" \/>\n<meta name=\"twitter:card\" content=\"summary_large_image\" \/>\n<meta name=\"twitter:label1\" content=\"Written by\" \/>\n\t<meta name=\"twitter:data1\" content=\"bosniak\" \/>\n\t<meta name=\"twitter:label2\" content=\"Est. reading time\" \/>\n\t<meta name=\"twitter:data2\" content=\"1 minuta\" \/>\n<script type=\"application\/ld+json\" class=\"yoast-schema-graph\">{\"@context\":\"https:\/\/schema.org\",\"@graph\":[{\"@type\":\"Article\",\"@id\":\"https:\/\/sandzakpress.net\/arhiva\/broj-zrtava-razornog-zemljotresa-na-haitiju-300-000-osoba\/#article\",\"isPartOf\":{\"@id\":\"https:\/\/sandzakpress.net\/arhiva\/broj-zrtava-razornog-zemljotresa-na-haitiju-300-000-osoba\/\"},\"author\":{\"name\":\"bosniak\",\"@id\":\"https:\/\/sandzakpress.net\/arhiva\/#\/schema\/person\/c8baee722073534b583ea7bdb2e36c02\"},\"headline\":\"Broj \u017ertava razornog zemljotresa na Haitiju 300.000 osoba?\",\"datePublished\":\"2010-01-25T12:18:40+00:00\",\"mainEntityOfPage\":{\"@id\":\"https:\/\/sandzakpress.net\/arhiva\/broj-zrtava-razornog-zemljotresa-na-haitiju-300-000-osoba\/\"},\"wordCount\":293,\"commentCount\":0,\"publisher\":{\"@id\":\"https:\/\/sandzakpress.net\/arhiva\/#\/schema\/person\/6e72b67d6e51910a1117b3b483ba20bd\"},\"image\":{\"@id\":\"https:\/\/sandzakpress.net\/arhiva\/broj-zrtava-razornog-zemljotresa-na-haitiju-300-000-osoba\/#primaryimage\"},\"thumbnailUrl\":\"https:\/\/sandzakpress.net\/arhiva\/wp-content\/uploads\/2010\/01\/haiti-zrtve.jpg\",\"articleSection\":[\"Svijet\"],\"inLanguage\":\"bs-BA\",\"potentialAction\":[{\"@type\":\"CommentAction\",\"name\":\"Comment\",\"target\":[\"https:\/\/sandzakpress.net\/arhiva\/broj-zrtava-razornog-zemljotresa-na-haitiju-300-000-osoba\/#respond\"]}]},{\"@type\":\"WebPage\",\"@id\":\"https:\/\/sandzakpress.net\/arhiva\/broj-zrtava-razornog-zemljotresa-na-haitiju-300-000-osoba\/\",\"url\":\"https:\/\/sandzakpress.net\/arhiva\/broj-zrtava-razornog-zemljotresa-na-haitiju-300-000-osoba\/\",\"name\":\"Broj \u017ertava razornog zemljotresa na Haitiju 300.000 osoba?\",\"isPartOf\":{\"@id\":\"https:\/\/sandzakpress.net\/arhiva\/#website\"},\"primaryImageOfPage\":{\"@id\":\"https:\/\/sandzakpress.net\/arhiva\/broj-zrtava-razornog-zemljotresa-na-haitiju-300-000-osoba\/#primaryimage\"},\"image\":{\"@id\":\"https:\/\/sandzakpress.net\/arhiva\/broj-zrtava-razornog-zemljotresa-na-haitiju-300-000-osoba\/#primaryimage\"},\"thumbnailUrl\":\"https:\/\/sandzakpress.net\/arhiva\/wp-content\/uploads\/2010\/01\/haiti-zrtve.jpg\",\"datePublished\":\"2010-01-25T12:18:40+00:00\",\"breadcrumb\":{\"@id\":\"https:\/\/sandzakpress.net\/arhiva\/broj-zrtava-razornog-zemljotresa-na-haitiju-300-000-osoba\/#breadcrumb\"},\"inLanguage\":\"bs-BA\",\"potentialAction\":[{\"@type\":\"ReadAction\",\"target\":[\"https:\/\/sandzakpress.net\/arhiva\/broj-zrtava-razornog-zemljotresa-na-haitiju-300-000-osoba\/\"]}]},{\"@type\":\"ImageObject\",\"inLanguage\":\"bs-BA\",\"@id\":\"https:\/\/sandzakpress.net\/arhiva\/broj-zrtava-razornog-zemljotresa-na-haitiju-300-000-osoba\/#primaryimage\",\"url\":\"https:\/\/sandzakpress.net\/arhiva\/wp-content\/uploads\/2010\/01\/haiti-zrtve.jpg\",\"contentUrl\":\"https:\/\/sandzakpress.net\/arhiva\/wp-content\/uploads\/2010\/01\/haiti-zrtve.jpg\",\"width\":346,\"height\":225},{\"@type\":\"BreadcrumbList\",\"@id\":\"https:\/\/sandzakpress.net\/arhiva\/broj-zrtava-razornog-zemljotresa-na-haitiju-300-000-osoba\/#breadcrumb\",\"itemListElement\":[{\"@type\":\"ListItem\",\"position\":1,\"name\":\"Home\",\"item\":\"https:\/\/sandzakpress.net\/arhiva\/\"},{\"@type\":\"ListItem\",\"position\":2,\"name\":\"Broj \u017ertava razornog zemljotresa na Haitiju 300.000 osoba?\"}]},{\"@type\":\"WebSite\",\"@id\":\"https:\/\/sandzakpress.net\/arhiva\/#website\",\"url\":\"https:\/\/sandzakpress.net\/arhiva\/\",\"name\":\"Sand\u017eak PRESS\",\"description\":\"Prve elektronske novine u Sand\u017eaku\",\"publisher\":{\"@id\":\"https:\/\/sandzakpress.net\/arhiva\/#\/schema\/person\/6e72b67d6e51910a1117b3b483ba20bd\"},\"potentialAction\":[{\"@type\":\"SearchAction\",\"target\":{\"@type\":\"EntryPoint\",\"urlTemplate\":\"https:\/\/sandzakpress.net\/arhiva\/?s={search_term_string}\"},\"query-input\":{\"@type\":\"PropertyValueSpecification\",\"valueRequired\":true,\"valueName\":\"search_term_string\"}}],\"inLanguage\":\"bs-BA\"},{\"@type\":[\"Person\",\"Organization\"],\"@id\":\"https:\/\/sandzakpress.net\/arhiva\/#\/schema\/person\/6e72b67d6e51910a1117b3b483ba20bd\",\"name\":\"Kul\",\"image\":{\"@type\":\"ImageObject\",\"inLanguage\":\"bs-BA\",\"@id\":\"https:\/\/sandzakpress.net\/arhiva\/#\/schema\/person\/image\/\",\"url\":\"https:\/\/secure.gravatar.com\/avatar\/42263f39aa27ac04c43cab85c280eb2e?s=96&d=mm&r=pg\",\"contentUrl\":\"https:\/\/secure.gravatar.com\/avatar\/42263f39aa27ac04c43cab85c280eb2e?s=96&d=mm&r=pg\",\"caption\":\"Kul\"},\"logo\":{\"@id\":\"https:\/\/sandzakpress.net\/arhiva\/#\/schema\/person\/image\/\"}},{\"@type\":\"Person\",\"@id\":\"https:\/\/sandzakpress.net\/arhiva\/#\/schema\/person\/c8baee722073534b583ea7bdb2e36c02\",\"name\":\"bosniak\",\"image\":{\"@type\":\"ImageObject\",\"inLanguage\":\"bs-BA\",\"@id\":\"https:\/\/sandzakpress.net\/arhiva\/#\/schema\/person\/image\/\",\"url\":\"https:\/\/secure.gravatar.com\/avatar\/a04fd330bfe3a36a72a0ad4a6d89fca7?s=96&d=mm&r=pg\",\"contentUrl\":\"https:\/\/secure.gravatar.com\/avatar\/a04fd330bfe3a36a72a0ad4a6d89fca7?s=96&d=mm&r=pg\",\"caption\":\"bosniak\"},\"url\":\"https:\/\/sandzakpress.net\/arhiva\/author\/bosniak\/\"}]}<\/script>\n<!-- \/ Yoast SEO Premium plugin. -->","yoast_head_json":{"title":"Broj \u017ertava razornog zemljotresa na Haitiju 300.000 osoba?","robots":{"index":"index","follow":"follow","max-snippet":"max-snippet:-1","max-image-preview":"max-image-preview:large","max-video-preview":"max-video-preview:-1"},"canonical":"https:\/\/sandzakpress.net\/arhiva\/broj-zrtava-razornog-zemljotresa-na-haitiju-300-000-osoba\/","og_locale":"bs_BA","og_type":"article","og_title":"Broj \u017ertava razornog zemljotresa na Haitiju 300.000 osoba?","og_description":"Haiti &#8211; Broj potvr\u0111enih \u017ertava razornog zemljotresa koji je prije dvije sedmice zahvatio Haiti porastao je na 150.000, ali to su tijela koja su prikupljena u prijestonici Port `o Prensu, pi\u0161e britanski dnevnik &#8220;Dejli telegraf&#8221;. Prema pisanju lista, u ovaj broj nisu uklju\u010deni nastradali u drugim oblastima poput grada Leogana koji se nalazi u neposrednoj [&hellip;]","og_url":"https:\/\/sandzakpress.net\/arhiva\/broj-zrtava-razornog-zemljotresa-na-haitiju-300-000-osoba\/","og_site_name":"Sand\u017eak PRESS","article_published_time":"2010-01-25T12:18:40+00:00","og_image":[{"width":346,"height":225,"url":"https:\/\/sandzakpress.net\/arhiva\/wp-content\/uploads\/2010\/01\/haiti-zrtve.jpg","type":"image\/jpeg"}],"author":"bosniak","twitter_card":"summary_large_image","twitter_misc":{"Written by":"bosniak","Est. reading time":"1 minuta"},"schema":{"@context":"https:\/\/schema.org","@graph":[{"@type":"Article","@id":"https:\/\/sandzakpress.net\/arhiva\/broj-zrtava-razornog-zemljotresa-na-haitiju-300-000-osoba\/#article","isPartOf":{"@id":"https:\/\/sandzakpress.net\/arhiva\/broj-zrtava-razornog-zemljotresa-na-haitiju-300-000-osoba\/"},"author":{"name":"bosniak","@id":"https:\/\/sandzakpress.net\/arhiva\/#\/schema\/person\/c8baee722073534b583ea7bdb2e36c02"},"headline":"Broj \u017ertava razornog zemljotresa na Haitiju 300.000 osoba?","datePublished":"2010-01-25T12:18:40+00:00","mainEntityOfPage":{"@id":"https:\/\/sandzakpress.net\/arhiva\/broj-zrtava-razornog-zemljotresa-na-haitiju-300-000-osoba\/"},"wordCount":293,"commentCount":0,"publisher":{"@id":"https:\/\/sandzakpress.net\/arhiva\/#\/schema\/person\/6e72b67d6e51910a1117b3b483ba20bd"},"image":{"@id":"https:\/\/sandzakpress.net\/arhiva\/broj-zrtava-razornog-zemljotresa-na-haitiju-300-000-osoba\/#primaryimage"},"thumbnailUrl":"https:\/\/sandzakpress.net\/arhiva\/wp-content\/uploads\/2010\/01\/haiti-zrtve.jpg","articleSection":["Svijet"],"inLanguage":"bs-BA","potentialAction":[{"@type":"CommentAction","name":"Comment","target":["https:\/\/sandzakpress.net\/arhiva\/broj-zrtava-razornog-zemljotresa-na-haitiju-300-000-osoba\/#respond"]}]},{"@type":"WebPage","@id":"https:\/\/sandzakpress.net\/arhiva\/broj-zrtava-razornog-zemljotresa-na-haitiju-300-000-osoba\/","url":"https:\/\/sandzakpress.net\/arhiva\/broj-zrtava-razornog-zemljotresa-na-haitiju-300-000-osoba\/","name":"Broj \u017ertava razornog zemljotresa na Haitiju 300.000 osoba?","isPartOf":{"@id":"https:\/\/sandzakpress.net\/arhiva\/#website"},"primaryImageOfPage":{"@id":"https:\/\/sandzakpress.net\/arhiva\/broj-zrtava-razornog-zemljotresa-na-haitiju-300-000-osoba\/#primaryimage"},"image":{"@id":"https:\/\/sandzakpress.net\/arhiva\/broj-zrtava-razornog-zemljotresa-na-haitiju-300-000-osoba\/#primaryimage"},"thumbnailUrl":"https:\/\/sandzakpress.net\/arhiva\/wp-content\/uploads\/2010\/01\/haiti-zrtve.jpg","datePublished":"2010-01-25T12:18:40+00:00","breadcrumb":{"@id":"https:\/\/sandzakpress.net\/arhiva\/broj-zrtava-razornog-zemljotresa-na-haitiju-300-000-osoba\/#breadcrumb"},"inLanguage":"bs-BA","potentialAction":[{"@type":"ReadAction","target":["https:\/\/sandzakpress.net\/arhiva\/broj-zrtava-razornog-zemljotresa-na-haitiju-300-000-osoba\/"]}]},{"@type":"ImageObject","inLanguage":"bs-BA","@id":"https:\/\/sandzakpress.net\/arhiva\/broj-zrtava-razornog-zemljotresa-na-haitiju-300-000-osoba\/#primaryimage","url":"https:\/\/sandzakpress.net\/arhiva\/wp-content\/uploads\/2010\/01\/haiti-zrtve.jpg","contentUrl":"https:\/\/sandzakpress.net\/arhiva\/wp-content\/uploads\/2010\/01\/haiti-zrtve.jpg","width":346,"height":225},{"@type":"BreadcrumbList","@id":"https:\/\/sandzakpress.net\/arhiva\/broj-zrtava-razornog-zemljotresa-na-haitiju-300-000-osoba\/#breadcrumb","itemListElement":[{"@type":"ListItem","position":1,"name":"Home","item":"https:\/\/sandzakpress.net\/arhiva\/"},{"@type":"ListItem","position":2,"name":"Broj \u017ertava razornog zemljotresa na Haitiju 300.000 osoba?"}]},{"@type":"WebSite","@id":"https:\/\/sandzakpress.net\/arhiva\/#website","url":"https:\/\/sandzakpress.net\/arhiva\/","name":"Sand\u017eak PRESS","description":"Prve elektronske novine u Sand\u017eaku","publisher":{"@id":"https:\/\/sandzakpress.net\/arhiva\/#\/schema\/person\/6e72b67d6e51910a1117b3b483ba20bd"},"potentialAction":[{"@type":"SearchAction","target":{"@type":"EntryPoint","urlTemplate":"https:\/\/sandzakpress.net\/arhiva\/?s={search_term_string}"},"query-input":{"@type":"PropertyValueSpecification","valueRequired":true,"valueName":"search_term_string"}}],"inLanguage":"bs-BA"},{"@type":["Person","Organization"],"@id":"https:\/\/sandzakpress.net\/arhiva\/#\/schema\/person\/6e72b67d6e51910a1117b3b483ba20bd","name":"Kul","image":{"@type":"ImageObject","inLanguage":"bs-BA","@id":"https:\/\/sandzakpress.net\/arhiva\/#\/schema\/person\/image\/","url":"https:\/\/secure.gravatar.com\/avatar\/42263f39aa27ac04c43cab85c280eb2e?s=96&d=mm&r=pg","contentUrl":"https:\/\/secure.gravatar.com\/avatar\/42263f39aa27ac04c43cab85c280eb2e?s=96&d=mm&r=pg","caption":"Kul"},"logo":{"@id":"https:\/\/sandzakpress.net\/arhiva\/#\/schema\/person\/image\/"}},{"@type":"Person","@id":"https:\/\/sandzakpress.net\/arhiva\/#\/schema\/person\/c8baee722073534b583ea7bdb2e36c02","name":"bosniak","image":{"@type":"ImageObject","inLanguage":"bs-BA","@id":"https:\/\/sandzakpress.net\/arhiva\/#\/schema\/person\/image\/","url":"https:\/\/secure.gravatar.com\/avatar\/a04fd330bfe3a36a72a0ad4a6d89fca7?s=96&d=mm&r=pg","contentUrl":"https:\/\/secure.gravatar.com\/avatar\/a04fd330bfe3a36a72a0ad4a6d89fca7?s=96&d=mm&r=pg","caption":"bosniak"},"url":"https:\/\/sandzakpress.net\/arhiva\/author\/bosniak\/"}]}},"_links":{"self":[{"href":"https:\/\/sandzakpress.net\/arhiva\/wp-json\/wp\/v2\/posts\/1677"}],"collection":[{"href":"https:\/\/sandzakpress.net\/arhiva\/wp-json\/wp\/v2\/posts"}],"about":[{"href":"https:\/\/sandzakpress.net\/arhiva\/wp-json\/wp\/v2\/types\/post"}],"author":[{"embeddable":true,"href":"https:\/\/sandzakpress.net\/arhiva\/wp-json\/wp\/v2\/users\/83"}],"replies":[{"embeddable":true,"href":"https:\/\/sandzakpress.net\/arhiva\/wp-json\/wp\/v2\/comments?post=1677"}],"version-history":[{"count":0,"href":"https:\/\/sandzakpress.net\/arhiva\/wp-json\/wp\/v2\/posts\/1677\/revisions"}],"wp:featuredmedia":[{"embeddable":true,"href":"https:\/\/sandzakpress.net\/arhiva\/wp-json\/wp\/v2\/media\/1678"}],"wp:attachment":[{"href":"https:\/\/sandzakpress.net\/arhiva\/wp-json\/wp\/v2\/media?parent=1677"}],"wp:term":[{"taxonomy":"category","embeddable":true,"href":"https:\/\/sandzakpress.net\/arhiva\/wp-json\/wp\/v2\/categories?post=1677"},{"taxonomy":"post_tag","embeddable":true,"href":"https:\/\/sandzakpress.net\/arhiva\/wp-json\/wp\/v2\/tags?post=1677"}],"curies":[{"name":"wp","href":"https:\/\/api.w.org\/{rel}","templated":true}]}}