{"id":16759,"date":"2011-06-03T09:54:11","date_gmt":"2011-06-03T07:54:11","guid":{"rendered":"https:\/\/sandzakpress.net\/arhiva\/?p=16759"},"modified":"2011-06-03T09:54:11","modified_gmt":"2011-06-03T07:54:11","slug":"povrijedeno-devet-osoba-u-sudaru-kod-bijelog-polja","status":"publish","type":"post","link":"https:\/\/sandzakpress.net\/arhiva\/povrijedeno-devet-osoba-u-sudaru-kod-bijelog-polja\/","title":{"rendered":"Povrije\u0111eno devet osoba u sudaru kod Bijelog Polja"},"content":{"rendered":"<p><strong><a href=\"https:\/\/sandzakpress.net\/arhiva\/wp-content\/uploads\/2011\/06\/mesto-nesrece.jpg\"><img loading=\"lazy\" decoding=\"async\" class=\"alignleft size-medium wp-image-16760\" src=\"https:\/\/sandzakpress.net\/arhiva\/wp-content\/uploads\/2011\/06\/mesto-nesrece-300x188.jpg\" alt=\"\" width=\"300\" height=\"188\" \/><\/a>Bijelo Polje &#8211; Devet osoba ozlije\u0111eno je u te\u0161kom sudaru autobusa &#8220;Podgorica ekspres&#8221; i \u0161lepera &#8220;skanija&#8221; iz Prijepolja, koji se u ponedjeljak nave\u010der dogodio u mjestu Slijepac most kod Bijelog polja.<\/strong><\/p>\n<p>U  sudaru te\u0161ko su nastradali Sr\u0111an Ma\u0161anovi\u0107 (37) iz Bara i Roza Ljumezi  (49) iz Kotora, dok su sa lak\u0161im povrijedama pro\u0161li Danijela Paji\u0107 (29) iz  Ni\u0161a, Miroslava Rako\u010devi\u0107 (53) i Radosav Ki\u0107ovi\u0107 (58) iz Podgorice i  Kosara Himi\u0107 (70) iz Kru\u0161evca. Ozljede  su zadobili Kadrija Neljkovi\u0107 (57) i Miodrag Kova\u010devi\u0107 (49) iz  Podgorice, voza\u010d i suvoza\u010d autobusa, u kojim su se nalazili povrije\u0111eni  putnici, kao i voza\u010d \u0161lepera, Prijepoljaca Elvis \u0106osovi\u0107 (21).<\/p>\n<p>Ma\u0161anovi\u0107  i Ljemezijeva su, nakon ukazivanja pomo\u0107i u bijelopoljskoj bolnici,  preba\u010deni u podgori\u010dki Klini\u010dki centar i nalaze se van \u017eivotne  opasnosti, dok su ostali ozlije\u0111eni zbrinuti u bijelopoljskoj bolnici.<\/p>\n<p>Prema  navodima voza\u010da autobusa Kadrija Neljkovi\u0107a, prilikom ulaska u  nepreglednu krivinu on je ugledao \u0161leper, koji je dva puta udario u  potporni zid.<\/p>\n<p>&#8211; Pobjegao sam na desnu  stranu i prava je sre\u0107a \u0161to sam to u\u010dinio, jer bi u suprotnom posljedice  bile katastrofalne &#8211; kazao je Neljkovi\u0107, dodaju\u0107i da je u autobusu bilo  20-ak putnika.<\/p>\n<p>Radosav Ki\u0107ovi\u0107, putnik koji je u autobusu sjedio blizu voza\u010da, ispri\u010dao je da se sve dogodilo veoma brzo.<\/p>\n<p>&#8211; Iza krivine\u00a0 se odjednom pojavio \u0161leper. Pomislio sam na najgore. Za\u010duo  se strahoviti tresak, a onda sam vidio rupu na glavi putnika koji je  sjedio blizu mene &#8211; ispri\u010dao je Ki\u0107ovi\u0107, dodaju\u0107i da su svi ostali \u017eivi  zahvaljuju\u0107i prisebnost \u0161ofera.<\/p>\n<p>Voza\u010d kamiona \u0106osovi\u0107 je ispri\u010dao da je izgubio kontrolu nad vozilom, najvjerojatnije zbog vla\u017enog kolnika.<\/p>\n<p>&#8211; I\u0161ao sam iz pravca Podgorice i u krivini\u00a0 sam osjetio da kamion proklizava, pa sam poku\u0161ao pobje\u0107i ka potpornom zidu. Prava je sre\u0107a da posljedice nisu jo\u0161 te\u017ee.<\/p>\n<p>Poslije  nesre\u0107e, nadle\u017eni su izvr\u0161ili uvi\u0111aj kako bi se utvrdile sve okolnosti  koje su dovele do ovog udesa, u kome, sre\u0107om, nije bilo poginulih.<\/p>\n<p>Izvor:<strong> Pravda.rs<\/strong><\/p>\n","protected":false},"excerpt":{"rendered":"<p>Bijelo Polje &#8211; Devet osoba ozlije\u0111eno je u te\u0161kom sudaru autobusa &#8220;Podgorica ekspres&#8221; i \u0161lepera &#8220;skanija&#8221; iz Prijepolja, koji se u ponedjeljak nave\u010der dogodio u mjestu Slijepac most kod Bijelog polja. U sudaru te\u0161ko su nastradali Sr\u0111an Ma\u0161anovi\u0107 (37) iz Bara i Roza Ljumezi (49) iz Kotora, dok su sa lak\u0161im povrijedama pro\u0161li Danijela Paji\u0107 [&hellip;]<\/p>\n","protected":false},"author":13,"featured_media":16760,"comment_status":"open","ping_status":"open","sticky":false,"template":"","format":"standard","meta":{"footnotes":""},"categories":[396],"tags":[],"class_list":{"0":"post-16759","1":"post","2":"type-post","3":"status-publish","4":"format-standard","5":"has-post-thumbnail","7":"category-bijelo_polje"},"yoast_head":"<!-- This site is optimized with the Yoast SEO Premium plugin v23.1 (Yoast SEO v24.9) - https:\/\/yoast.com\/wordpress\/plugins\/seo\/ -->\n<title>Povrije\u0111eno devet osoba u sudaru kod Bijelog Polja<\/title>\n<meta name=\"robots\" content=\"index, follow, max-snippet:-1, max-image-preview:large, max-video-preview:-1\" \/>\n<link rel=\"canonical\" href=\"https:\/\/sandzakpress.net\/arhiva\/povrijedeno-devet-osoba-u-sudaru-kod-bijelog-polja\/\" \/>\n<meta property=\"og:locale\" content=\"bs_BA\" \/>\n<meta property=\"og:type\" content=\"article\" \/>\n<meta property=\"og:title\" content=\"Povrije\u0111eno devet osoba u sudaru kod Bijelog Polja\" \/>\n<meta property=\"og:description\" content=\"Bijelo Polje &#8211; Devet osoba ozlije\u0111eno je u te\u0161kom sudaru autobusa &#8220;Podgorica ekspres&#8221; i \u0161lepera &#8220;skanija&#8221; iz Prijepolja, koji se u ponedjeljak nave\u010der dogodio u mjestu Slijepac most kod Bijelog polja. U sudaru te\u0161ko su nastradali Sr\u0111an Ma\u0161anovi\u0107 (37) iz Bara i Roza Ljumezi (49) iz Kotora, dok su sa lak\u0161im povrijedama pro\u0161li Danijela Paji\u0107 [&hellip;]\" \/>\n<meta property=\"og:url\" content=\"https:\/\/sandzakpress.net\/arhiva\/povrijedeno-devet-osoba-u-sudaru-kod-bijelog-polja\/\" \/>\n<meta property=\"og:site_name\" content=\"Sand\u017eak PRESS\" \/>\n<meta property=\"article:published_time\" content=\"2011-06-03T07:54:11+00:00\" \/>\n<meta property=\"og:image\" content=\"https:\/\/sandzakpress.net\/arhiva\/wp-content\/uploads\/2011\/06\/mesto-nesrece.jpg\" \/>\n\t<meta property=\"og:image:width\" content=\"616\" \/>\n\t<meta property=\"og:image:height\" content=\"386\" \/>\n\t<meta property=\"og:image:type\" content=\"image\/jpeg\" \/>\n<meta name=\"twitter:card\" content=\"summary_large_image\" \/>\n<meta name=\"twitter:label1\" content=\"Written by\" \/>\n\t<meta name=\"twitter:data1\" content=\"\" \/>\n\t<meta name=\"twitter:label2\" content=\"Est. reading time\" \/>\n\t<meta name=\"twitter:data2\" content=\"2 minute\" \/>\n<script type=\"application\/ld+json\" class=\"yoast-schema-graph\">{\"@context\":\"https:\/\/schema.org\",\"@graph\":[{\"@type\":\"Article\",\"@id\":\"https:\/\/sandzakpress.net\/arhiva\/povrijedeno-devet-osoba-u-sudaru-kod-bijelog-polja\/#article\",\"isPartOf\":{\"@id\":\"https:\/\/sandzakpress.net\/arhiva\/povrijedeno-devet-osoba-u-sudaru-kod-bijelog-polja\/\"},\"author\":{\"name\":\"\",\"@id\":\"\"},\"headline\":\"Povrije\u0111eno devet osoba u sudaru kod Bijelog Polja\",\"datePublished\":\"2011-06-03T07:54:11+00:00\",\"mainEntityOfPage\":{\"@id\":\"https:\/\/sandzakpress.net\/arhiva\/povrijedeno-devet-osoba-u-sudaru-kod-bijelog-polja\/\"},\"wordCount\":364,\"commentCount\":0,\"publisher\":{\"@id\":\"https:\/\/sandzakpress.net\/arhiva\/#\/schema\/person\/6e72b67d6e51910a1117b3b483ba20bd\"},\"image\":{\"@id\":\"https:\/\/sandzakpress.net\/arhiva\/povrijedeno-devet-osoba-u-sudaru-kod-bijelog-polja\/#primaryimage\"},\"thumbnailUrl\":\"https:\/\/sandzakpress.net\/arhiva\/wp-content\/uploads\/2011\/06\/mesto-nesrece.jpg\",\"articleSection\":[\"Bijelo Polje\"],\"inLanguage\":\"bs-BA\",\"potentialAction\":[{\"@type\":\"CommentAction\",\"name\":\"Comment\",\"target\":[\"https:\/\/sandzakpress.net\/arhiva\/povrijedeno-devet-osoba-u-sudaru-kod-bijelog-polja\/#respond\"]}]},{\"@type\":\"WebPage\",\"@id\":\"https:\/\/sandzakpress.net\/arhiva\/povrijedeno-devet-osoba-u-sudaru-kod-bijelog-polja\/\",\"url\":\"https:\/\/sandzakpress.net\/arhiva\/povrijedeno-devet-osoba-u-sudaru-kod-bijelog-polja\/\",\"name\":\"Povrije\u0111eno devet osoba u sudaru kod Bijelog Polja\",\"isPartOf\":{\"@id\":\"https:\/\/sandzakpress.net\/arhiva\/#website\"},\"primaryImageOfPage\":{\"@id\":\"https:\/\/sandzakpress.net\/arhiva\/povrijedeno-devet-osoba-u-sudaru-kod-bijelog-polja\/#primaryimage\"},\"image\":{\"@id\":\"https:\/\/sandzakpress.net\/arhiva\/povrijedeno-devet-osoba-u-sudaru-kod-bijelog-polja\/#primaryimage\"},\"thumbnailUrl\":\"https:\/\/sandzakpress.net\/arhiva\/wp-content\/uploads\/2011\/06\/mesto-nesrece.jpg\",\"datePublished\":\"2011-06-03T07:54:11+00:00\",\"breadcrumb\":{\"@id\":\"https:\/\/sandzakpress.net\/arhiva\/povrijedeno-devet-osoba-u-sudaru-kod-bijelog-polja\/#breadcrumb\"},\"inLanguage\":\"bs-BA\",\"potentialAction\":[{\"@type\":\"ReadAction\",\"target\":[\"https:\/\/sandzakpress.net\/arhiva\/povrijedeno-devet-osoba-u-sudaru-kod-bijelog-polja\/\"]}]},{\"@type\":\"ImageObject\",\"inLanguage\":\"bs-BA\",\"@id\":\"https:\/\/sandzakpress.net\/arhiva\/povrijedeno-devet-osoba-u-sudaru-kod-bijelog-polja\/#primaryimage\",\"url\":\"https:\/\/sandzakpress.net\/arhiva\/wp-content\/uploads\/2011\/06\/mesto-nesrece.jpg\",\"contentUrl\":\"https:\/\/sandzakpress.net\/arhiva\/wp-content\/uploads\/2011\/06\/mesto-nesrece.jpg\",\"width\":616,\"height\":386},{\"@type\":\"BreadcrumbList\",\"@id\":\"https:\/\/sandzakpress.net\/arhiva\/povrijedeno-devet-osoba-u-sudaru-kod-bijelog-polja\/#breadcrumb\",\"itemListElement\":[{\"@type\":\"ListItem\",\"position\":1,\"name\":\"Home\",\"item\":\"https:\/\/sandzakpress.net\/arhiva\/\"},{\"@type\":\"ListItem\",\"position\":2,\"name\":\"Povrije\u0111eno devet osoba u sudaru kod Bijelog Polja\"}]},{\"@type\":\"WebSite\",\"@id\":\"https:\/\/sandzakpress.net\/arhiva\/#website\",\"url\":\"https:\/\/sandzakpress.net\/arhiva\/\",\"name\":\"Sand\u017eak PRESS\",\"description\":\"Prve elektronske novine u Sand\u017eaku\",\"publisher\":{\"@id\":\"https:\/\/sandzakpress.net\/arhiva\/#\/schema\/person\/6e72b67d6e51910a1117b3b483ba20bd\"},\"potentialAction\":[{\"@type\":\"SearchAction\",\"target\":{\"@type\":\"EntryPoint\",\"urlTemplate\":\"https:\/\/sandzakpress.net\/arhiva\/?s={search_term_string}\"},\"query-input\":{\"@type\":\"PropertyValueSpecification\",\"valueRequired\":true,\"valueName\":\"search_term_string\"}}],\"inLanguage\":\"bs-BA\"},{\"@type\":[\"Person\",\"Organization\"],\"@id\":\"https:\/\/sandzakpress.net\/arhiva\/#\/schema\/person\/6e72b67d6e51910a1117b3b483ba20bd\",\"name\":\"Kul\",\"image\":{\"@type\":\"ImageObject\",\"inLanguage\":\"bs-BA\",\"@id\":\"https:\/\/sandzakpress.net\/arhiva\/#\/schema\/person\/image\/\",\"url\":\"https:\/\/secure.gravatar.com\/avatar\/42263f39aa27ac04c43cab85c280eb2e?s=96&d=mm&r=pg\",\"contentUrl\":\"https:\/\/secure.gravatar.com\/avatar\/42263f39aa27ac04c43cab85c280eb2e?s=96&d=mm&r=pg\",\"caption\":\"Kul\"},\"logo\":{\"@id\":\"https:\/\/sandzakpress.net\/arhiva\/#\/schema\/person\/image\/\"}},{\"@type\":\"Person\",\"@id\":\"\",\"url\":\"https:\/\/sandzakpress.net\/arhiva\/author\/\"}]}<\/script>\n<!-- \/ Yoast SEO Premium plugin. -->","yoast_head_json":{"title":"Povrije\u0111eno devet osoba u sudaru kod Bijelog Polja","robots":{"index":"index","follow":"follow","max-snippet":"max-snippet:-1","max-image-preview":"max-image-preview:large","max-video-preview":"max-video-preview:-1"},"canonical":"https:\/\/sandzakpress.net\/arhiva\/povrijedeno-devet-osoba-u-sudaru-kod-bijelog-polja\/","og_locale":"bs_BA","og_type":"article","og_title":"Povrije\u0111eno devet osoba u sudaru kod Bijelog Polja","og_description":"Bijelo Polje &#8211; Devet osoba ozlije\u0111eno je u te\u0161kom sudaru autobusa &#8220;Podgorica ekspres&#8221; i \u0161lepera &#8220;skanija&#8221; iz Prijepolja, koji se u ponedjeljak nave\u010der dogodio u mjestu Slijepac most kod Bijelog polja. U sudaru te\u0161ko su nastradali Sr\u0111an Ma\u0161anovi\u0107 (37) iz Bara i Roza Ljumezi (49) iz Kotora, dok su sa lak\u0161im povrijedama pro\u0161li Danijela Paji\u0107 [&hellip;]","og_url":"https:\/\/sandzakpress.net\/arhiva\/povrijedeno-devet-osoba-u-sudaru-kod-bijelog-polja\/","og_site_name":"Sand\u017eak PRESS","article_published_time":"2011-06-03T07:54:11+00:00","og_image":[{"width":616,"height":386,"url":"https:\/\/sandzakpress.net\/arhiva\/wp-content\/uploads\/2011\/06\/mesto-nesrece.jpg","type":"image\/jpeg"}],"twitter_card":"summary_large_image","twitter_misc":{"Written by":"","Est. reading time":"2 minute"},"schema":{"@context":"https:\/\/schema.org","@graph":[{"@type":"Article","@id":"https:\/\/sandzakpress.net\/arhiva\/povrijedeno-devet-osoba-u-sudaru-kod-bijelog-polja\/#article","isPartOf":{"@id":"https:\/\/sandzakpress.net\/arhiva\/povrijedeno-devet-osoba-u-sudaru-kod-bijelog-polja\/"},"author":{"name":"","@id":""},"headline":"Povrije\u0111eno devet osoba u sudaru kod Bijelog Polja","datePublished":"2011-06-03T07:54:11+00:00","mainEntityOfPage":{"@id":"https:\/\/sandzakpress.net\/arhiva\/povrijedeno-devet-osoba-u-sudaru-kod-bijelog-polja\/"},"wordCount":364,"commentCount":0,"publisher":{"@id":"https:\/\/sandzakpress.net\/arhiva\/#\/schema\/person\/6e72b67d6e51910a1117b3b483ba20bd"},"image":{"@id":"https:\/\/sandzakpress.net\/arhiva\/povrijedeno-devet-osoba-u-sudaru-kod-bijelog-polja\/#primaryimage"},"thumbnailUrl":"https:\/\/sandzakpress.net\/arhiva\/wp-content\/uploads\/2011\/06\/mesto-nesrece.jpg","articleSection":["Bijelo Polje"],"inLanguage":"bs-BA","potentialAction":[{"@type":"CommentAction","name":"Comment","target":["https:\/\/sandzakpress.net\/arhiva\/povrijedeno-devet-osoba-u-sudaru-kod-bijelog-polja\/#respond"]}]},{"@type":"WebPage","@id":"https:\/\/sandzakpress.net\/arhiva\/povrijedeno-devet-osoba-u-sudaru-kod-bijelog-polja\/","url":"https:\/\/sandzakpress.net\/arhiva\/povrijedeno-devet-osoba-u-sudaru-kod-bijelog-polja\/","name":"Povrije\u0111eno devet osoba u sudaru kod Bijelog Polja","isPartOf":{"@id":"https:\/\/sandzakpress.net\/arhiva\/#website"},"primaryImageOfPage":{"@id":"https:\/\/sandzakpress.net\/arhiva\/povrijedeno-devet-osoba-u-sudaru-kod-bijelog-polja\/#primaryimage"},"image":{"@id":"https:\/\/sandzakpress.net\/arhiva\/povrijedeno-devet-osoba-u-sudaru-kod-bijelog-polja\/#primaryimage"},"thumbnailUrl":"https:\/\/sandzakpress.net\/arhiva\/wp-content\/uploads\/2011\/06\/mesto-nesrece.jpg","datePublished":"2011-06-03T07:54:11+00:00","breadcrumb":{"@id":"https:\/\/sandzakpress.net\/arhiva\/povrijedeno-devet-osoba-u-sudaru-kod-bijelog-polja\/#breadcrumb"},"inLanguage":"bs-BA","potentialAction":[{"@type":"ReadAction","target":["https:\/\/sandzakpress.net\/arhiva\/povrijedeno-devet-osoba-u-sudaru-kod-bijelog-polja\/"]}]},{"@type":"ImageObject","inLanguage":"bs-BA","@id":"https:\/\/sandzakpress.net\/arhiva\/povrijedeno-devet-osoba-u-sudaru-kod-bijelog-polja\/#primaryimage","url":"https:\/\/sandzakpress.net\/arhiva\/wp-content\/uploads\/2011\/06\/mesto-nesrece.jpg","contentUrl":"https:\/\/sandzakpress.net\/arhiva\/wp-content\/uploads\/2011\/06\/mesto-nesrece.jpg","width":616,"height":386},{"@type":"BreadcrumbList","@id":"https:\/\/sandzakpress.net\/arhiva\/povrijedeno-devet-osoba-u-sudaru-kod-bijelog-polja\/#breadcrumb","itemListElement":[{"@type":"ListItem","position":1,"name":"Home","item":"https:\/\/sandzakpress.net\/arhiva\/"},{"@type":"ListItem","position":2,"name":"Povrije\u0111eno devet osoba u sudaru kod Bijelog Polja"}]},{"@type":"WebSite","@id":"https:\/\/sandzakpress.net\/arhiva\/#website","url":"https:\/\/sandzakpress.net\/arhiva\/","name":"Sand\u017eak PRESS","description":"Prve elektronske novine u Sand\u017eaku","publisher":{"@id":"https:\/\/sandzakpress.net\/arhiva\/#\/schema\/person\/6e72b67d6e51910a1117b3b483ba20bd"},"potentialAction":[{"@type":"SearchAction","target":{"@type":"EntryPoint","urlTemplate":"https:\/\/sandzakpress.net\/arhiva\/?s={search_term_string}"},"query-input":{"@type":"PropertyValueSpecification","valueRequired":true,"valueName":"search_term_string"}}],"inLanguage":"bs-BA"},{"@type":["Person","Organization"],"@id":"https:\/\/sandzakpress.net\/arhiva\/#\/schema\/person\/6e72b67d6e51910a1117b3b483ba20bd","name":"Kul","image":{"@type":"ImageObject","inLanguage":"bs-BA","@id":"https:\/\/sandzakpress.net\/arhiva\/#\/schema\/person\/image\/","url":"https:\/\/secure.gravatar.com\/avatar\/42263f39aa27ac04c43cab85c280eb2e?s=96&d=mm&r=pg","contentUrl":"https:\/\/secure.gravatar.com\/avatar\/42263f39aa27ac04c43cab85c280eb2e?s=96&d=mm&r=pg","caption":"Kul"},"logo":{"@id":"https:\/\/sandzakpress.net\/arhiva\/#\/schema\/person\/image\/"}},{"@type":"Person","@id":"","url":"https:\/\/sandzakpress.net\/arhiva\/author\/"}]}},"_links":{"self":[{"href":"https:\/\/sandzakpress.net\/arhiva\/wp-json\/wp\/v2\/posts\/16759"}],"collection":[{"href":"https:\/\/sandzakpress.net\/arhiva\/wp-json\/wp\/v2\/posts"}],"about":[{"href":"https:\/\/sandzakpress.net\/arhiva\/wp-json\/wp\/v2\/types\/post"}],"author":[{"embeddable":true,"href":"https:\/\/sandzakpress.net\/arhiva\/wp-json\/wp\/v2\/users\/13"}],"replies":[{"embeddable":true,"href":"https:\/\/sandzakpress.net\/arhiva\/wp-json\/wp\/v2\/comments?post=16759"}],"version-history":[{"count":0,"href":"https:\/\/sandzakpress.net\/arhiva\/wp-json\/wp\/v2\/posts\/16759\/revisions"}],"wp:featuredmedia":[{"embeddable":true,"href":"https:\/\/sandzakpress.net\/arhiva\/wp-json\/wp\/v2\/media\/16760"}],"wp:attachment":[{"href":"https:\/\/sandzakpress.net\/arhiva\/wp-json\/wp\/v2\/media?parent=16759"}],"wp:term":[{"taxonomy":"category","embeddable":true,"href":"https:\/\/sandzakpress.net\/arhiva\/wp-json\/wp\/v2\/categories?post=16759"},{"taxonomy":"post_tag","embeddable":true,"href":"https:\/\/sandzakpress.net\/arhiva\/wp-json\/wp\/v2\/tags?post=16759"}],"curies":[{"name":"wp","href":"https:\/\/api.w.org\/{rel}","templated":true}]}}