{"id":167576,"date":"2016-09-03T12:44:12","date_gmt":"2016-09-03T10:44:12","guid":{"rendered":"https:\/\/sandzakpress.net\/arhiva\/bozaj-izlaz-iz-krize-u-regionu-je-u-konsenzusu-naroda-u-bih"},"modified":"2016-09-03T12:44:12","modified_gmt":"2016-09-03T10:44:12","slug":"bozaj-izlaz-iz-krize-u-regionu-je-u-konsenzusu-naroda-u-bih","status":"publish","type":"post","link":"https:\/\/sandzakpress.net\/arhiva\/bozaj-izlaz-iz-krize-u-regionu-je-u-konsenzusu-naroda-u-bih\/","title":{"rendered":"Bozaj: Izlaz iz krize u regionu je u konsenzusu naroda u BiH"},"content":{"rendered":"<p><img decoding=\"async\" src=\"http:\/\/static.rs.n1info.com\/Picture\/63802\/jpeg\/BG-BOZAJ-INT-PKG-19-JMS-1-20160308-184344075-.mxf.Still001.jpg\" alt=\"\u0420\u0435\u0437\u0443\u043b\u0442\u0430\u0442 \u0441\u043b\u0438\u043a\u0430 \u0437\u0430 bozaj\" \/><\/p>\n<p><strong>Izlaz iz trenutne krize u regionu le\u017ei u konsenzusu me\u0111u konstitutivnim narodima u BiH, koji imaju sposobne lidere, ocijenio je turski ambasador u Srbiji Mehmet Kemal Bozaj i poru\u010dio da Turska vjeruje da \u0107e oni do\u0107i do re\u0161enja.<\/strong><\/p>\n<p>\u201cReferendum (u Republici Srpskoj) mo\u017ee da dovede do drugih doga\u0111aja, koji mogu izazvati nestabilnost. U tom smislu, mi (Turska) ne podr\u017eavamo nijednu akciju koja \u0107e pove\u0107ati napetosti u regionu. Vjerujemo da \u0107e politi\u010dki lideri BiH prona\u0107i dobro rje\u0161enje kako bi se uzdr\u017eali od pove\u0107anja bilo kakvih tenzija u regionu\u201d, rekao je Bozaj Tanjugu.<\/p>\n<p>Povodom poziva Savjeta za sprovo\u0111enje mira u BiH vlastima u Republici Srpskoj da odustanu od referenduma i odluke RS da ga odr\u017ei, Bozaj je izrazio uvjerenje da \u0107e lideri BiH prona\u0107i re\u0161enje za oba entiteta, odnosno i za Federaciju BiH i za RS, i na miran na\u010din se izboriti sa krizom.<\/p>\n<p>Na pitanje kakav je stav Turske prema odluci RS da odr\u017ei referendum o Danu Republike Srpske, Bozaj je rekao da bilo kakva odluka koja naru\u0161ava teritorijalni integritet BiH ne bi bila dobro priha\u0107ena u regionu.<\/p>\n<p>\u201cTra\u017eimo da se o takvim stvarima iskreno raspravlja. Znamo da je umije\u0161anost Srbije ovdje klju\u010dna stvar. Ne mo\u017eete imati mir i stabilnost bez doprinosa i bez srpske akcije\u201d, rekao je Bozaj.<\/p>\n<p>Komentari\u0161u\u0107i odluku Srbije da ne pru\u017ei podr\u0161ku odr\u017eavanju referenduma u RS, Bozaj je ocijenio da su \u201csrpska vlada i njeni politi\u010dki lideri veoma sposobni i iskusni\u201d, kao i da znaju koliki je zna\u010daj o\u010duvanja mira.<\/p>\n<p>Smatra da su poruke srpskog rukovodstva drugim liderima veoma konstruktivne i isti\u010de da vjeruje da \u0107e srpski lideri prona\u0107i na\u010din da se problem rije\u0161i inkluzivnim pristupom.<\/p>\n<p>\u201cZnam da srpsko rukovodstvo uzima u obzir i brine o svim pogledima po pitanju referenduma. Oni, tako\u0111e, prate i slu\u0161aju dobro druge poglede, i nastavi\u0107e svoj konstruktivan put koji \u0107e voditi stabilnosti\u201d, rekao je Bozaj dodaju\u0107i da \u0107e od toga imati koristi svi narodi u BiH.<\/p>\n<p>Prema njegovim rije\u010dima, Turska i Srbija su dio balkanskog regiona i imaju koristi od stabilnosti u tom podru\u010dju.<\/p>\n<p>\u201cTurska uvek podr\u017eava sve incijative, \u010diji je cilj uzdr\u017eavanje od bilo kakvih poteza koji bi imali za posledicu ugro\u017eavanje teritarijalnog integriteta ili teritorijalnog jedinstva bilo koje zemlje u regionu, ne samo BiH. Spremni smo da tu sara\u0111ujemo sa Srbijom i o tim temama razgovaramo sa susednim zemljama\u201d, rekao je Bozaj.<\/p>\n<p>Istakao je da \u0107e Turska po\u0161tovati sve insitutucije BiH, koje su uspostavljene me\u0111unarodnim dogovorima i izrazio nadu da \u0107e se \u201cstvari kretati\u201d na osnovu me\u0111unarodnih sporazuma, koje su priznale Srbija, Turska i BiH.<\/p>\n<p>\u201cBilo kakvo odstupanje od toga ili bilo \u0161ta \u0161to \u0107e izazvati napetosti uslijed takvog eventualnog odstupanja, ne\u0107e biti produktivno. Vjerujemo u to\u201d, rekao je Bozaj.<\/p>\n<p>Naglasio je da vjeruje da je izlaz iz krize u konsenzusu me\u0111u konstitutivnim narodima u BiH, koji imaju sposobne lidere, i istakao da Turska vjeruje da \u0107e se prona\u0107i re\u0161enje jer je sistem, podsjetio je, uspostavljen te\u0161kim pregovorima.<\/p>\n<p>\u201cSada posle 21 godine, moramo da budemo kreativni i na\u0111emo ne\u0161to oko \u010dega \u0107e postojati konsenzus svih konstitutivnih naroda BiH\u201d, zaklju\u010dio je Bozaj.<\/p>\n<p>(Tanjug)<\/p>\n<p>Pogledajte vijest na izvornom sajtu:<\/p>\n<p><a href=\"http:\/\/bosnapress.net\/bozaj-izlaz-iz-krize-u-regionu-je-u-konsenzusu-naroda-u-bih\/\" target=\"_blank\">Bozaj: Izlaz iz krize u regionu je u konsenzusu naroda u BiH<\/a><\/p>\n","protected":false},"excerpt":{"rendered":"<p>Izlaz iz trenutne krize u regionu le\u017ei u konsenzusu me\u0111u konstitutivnim narodima u BiH, koji imaju sposobne lidere, ocijenio je turski ambasador u Srbiji Mehmet Kemal Bozaj i poru\u010dio da Turska vjeruje da \u0107e oni do\u0107i do re\u0161enja. \u201cReferendum (u Republici Srpskoj) mo\u017ee da dovede do drugih doga\u0111aja, koji mogu izazvati nestabilnost. U tom smislu, [&hellip;]<\/p>\n","protected":false},"author":83,"featured_media":167578,"comment_status":"open","ping_status":"open","sticky":false,"template":"","format":"standard","meta":{"footnotes":""},"categories":[10513],"tags":[10466],"class_list":{"0":"post-167576","1":"post","2":"type-post","3":"status-publish","4":"format-standard","5":"has-post-thumbnail","7":"category-bosna-press","8":"tag-bosna-i-hercegovina"},"yoast_head":"<!-- This site is optimized with the Yoast SEO Premium plugin v23.1 (Yoast SEO v24.9) - https:\/\/yoast.com\/wordpress\/plugins\/seo\/ -->\n<title>Bozaj: Izlaz iz krize u regionu je u konsenzusu naroda u BiH<\/title>\n<meta name=\"robots\" content=\"index, follow, max-snippet:-1, max-image-preview:large, max-video-preview:-1\" \/>\n<link rel=\"canonical\" href=\"https:\/\/sandzakpress.net\/arhiva\/bozaj-izlaz-iz-krize-u-regionu-je-u-konsenzusu-naroda-u-bih\/\" \/>\n<meta property=\"og:locale\" content=\"bs_BA\" \/>\n<meta property=\"og:type\" content=\"article\" \/>\n<meta property=\"og:title\" content=\"Bozaj: Izlaz iz krize u regionu je u konsenzusu naroda u BiH\" \/>\n<meta property=\"og:description\" content=\"Izlaz iz trenutne krize u regionu le\u017ei u konsenzusu me\u0111u konstitutivnim narodima u BiH, koji imaju sposobne lidere, ocijenio je turski ambasador u Srbiji Mehmet Kemal Bozaj i poru\u010dio da Turska vjeruje da \u0107e oni do\u0107i do re\u0161enja. \u201cReferendum (u Republici Srpskoj) mo\u017ee da dovede do drugih doga\u0111aja, koji mogu izazvati nestabilnost. U tom smislu, [&hellip;]\" \/>\n<meta property=\"og:url\" content=\"https:\/\/sandzakpress.net\/arhiva\/bozaj-izlaz-iz-krize-u-regionu-je-u-konsenzusu-naroda-u-bih\/\" \/>\n<meta property=\"og:site_name\" content=\"Sand\u017eak PRESS\" \/>\n<meta property=\"article:published_time\" content=\"2016-09-03T10:44:12+00:00\" \/>\n<meta property=\"og:image\" content=\"https:\/\/sandzakpress.net\/arhiva\/wp-content\/uploads\/2016\/09\/BG-BOZAJ-INT-PKG-19-JMS-1-20160308-184344075-.mxf_.Still001-1.jpg\" \/>\n\t<meta property=\"og:image:width\" content=\"940\" \/>\n\t<meta property=\"og:image:height\" content=\"529\" \/>\n\t<meta property=\"og:image:type\" content=\"image\/jpeg\" \/>\n<meta name=\"author\" content=\"bosniak\" \/>\n<meta name=\"twitter:card\" content=\"summary_large_image\" \/>\n<meta name=\"twitter:label1\" content=\"Written by\" \/>\n\t<meta name=\"twitter:data1\" content=\"bosniak\" \/>\n\t<meta name=\"twitter:label2\" content=\"Est. reading time\" \/>\n\t<meta name=\"twitter:data2\" content=\"3 minute\" \/>\n<script type=\"application\/ld+json\" class=\"yoast-schema-graph\">{\"@context\":\"https:\/\/schema.org\",\"@graph\":[{\"@type\":\"Article\",\"@id\":\"https:\/\/sandzakpress.net\/arhiva\/bozaj-izlaz-iz-krize-u-regionu-je-u-konsenzusu-naroda-u-bih\/#article\",\"isPartOf\":{\"@id\":\"https:\/\/sandzakpress.net\/arhiva\/bozaj-izlaz-iz-krize-u-regionu-je-u-konsenzusu-naroda-u-bih\/\"},\"author\":{\"name\":\"bosniak\",\"@id\":\"https:\/\/sandzakpress.net\/arhiva\/#\/schema\/person\/c8baee722073534b583ea7bdb2e36c02\"},\"headline\":\"Bozaj: Izlaz iz krize u regionu je u konsenzusu naroda u BiH\",\"datePublished\":\"2016-09-03T10:44:12+00:00\",\"mainEntityOfPage\":{\"@id\":\"https:\/\/sandzakpress.net\/arhiva\/bozaj-izlaz-iz-krize-u-regionu-je-u-konsenzusu-naroda-u-bih\/\"},\"wordCount\":590,\"commentCount\":1,\"publisher\":{\"@id\":\"https:\/\/sandzakpress.net\/arhiva\/#\/schema\/person\/6e72b67d6e51910a1117b3b483ba20bd\"},\"image\":{\"@id\":\"https:\/\/sandzakpress.net\/arhiva\/bozaj-izlaz-iz-krize-u-regionu-je-u-konsenzusu-naroda-u-bih\/#primaryimage\"},\"thumbnailUrl\":\"https:\/\/sandzakpress.net\/arhiva\/wp-content\/uploads\/2016\/09\/BG-BOZAJ-INT-PKG-19-JMS-1-20160308-184344075-.mxf_.Still001-1.jpg\",\"keywords\":[\"Bosna i Hercegovina\"],\"articleSection\":[\"Bosna PRESS\"],\"inLanguage\":\"bs-BA\",\"potentialAction\":[{\"@type\":\"CommentAction\",\"name\":\"Comment\",\"target\":[\"https:\/\/sandzakpress.net\/arhiva\/bozaj-izlaz-iz-krize-u-regionu-je-u-konsenzusu-naroda-u-bih\/#respond\"]}]},{\"@type\":\"WebPage\",\"@id\":\"https:\/\/sandzakpress.net\/arhiva\/bozaj-izlaz-iz-krize-u-regionu-je-u-konsenzusu-naroda-u-bih\/\",\"url\":\"https:\/\/sandzakpress.net\/arhiva\/bozaj-izlaz-iz-krize-u-regionu-je-u-konsenzusu-naroda-u-bih\/\",\"name\":\"Bozaj: Izlaz iz krize u regionu je u konsenzusu naroda u BiH\",\"isPartOf\":{\"@id\":\"https:\/\/sandzakpress.net\/arhiva\/#website\"},\"primaryImageOfPage\":{\"@id\":\"https:\/\/sandzakpress.net\/arhiva\/bozaj-izlaz-iz-krize-u-regionu-je-u-konsenzusu-naroda-u-bih\/#primaryimage\"},\"image\":{\"@id\":\"https:\/\/sandzakpress.net\/arhiva\/bozaj-izlaz-iz-krize-u-regionu-je-u-konsenzusu-naroda-u-bih\/#primaryimage\"},\"thumbnailUrl\":\"https:\/\/sandzakpress.net\/arhiva\/wp-content\/uploads\/2016\/09\/BG-BOZAJ-INT-PKG-19-JMS-1-20160308-184344075-.mxf_.Still001-1.jpg\",\"datePublished\":\"2016-09-03T10:44:12+00:00\",\"breadcrumb\":{\"@id\":\"https:\/\/sandzakpress.net\/arhiva\/bozaj-izlaz-iz-krize-u-regionu-je-u-konsenzusu-naroda-u-bih\/#breadcrumb\"},\"inLanguage\":\"bs-BA\",\"potentialAction\":[{\"@type\":\"ReadAction\",\"target\":[\"https:\/\/sandzakpress.net\/arhiva\/bozaj-izlaz-iz-krize-u-regionu-je-u-konsenzusu-naroda-u-bih\/\"]}]},{\"@type\":\"ImageObject\",\"inLanguage\":\"bs-BA\",\"@id\":\"https:\/\/sandzakpress.net\/arhiva\/bozaj-izlaz-iz-krize-u-regionu-je-u-konsenzusu-naroda-u-bih\/#primaryimage\",\"url\":\"https:\/\/sandzakpress.net\/arhiva\/wp-content\/uploads\/2016\/09\/BG-BOZAJ-INT-PKG-19-JMS-1-20160308-184344075-.mxf_.Still001-1.jpg\",\"contentUrl\":\"https:\/\/sandzakpress.net\/arhiva\/wp-content\/uploads\/2016\/09\/BG-BOZAJ-INT-PKG-19-JMS-1-20160308-184344075-.mxf_.Still001-1.jpg\",\"width\":940,\"height\":529},{\"@type\":\"BreadcrumbList\",\"@id\":\"https:\/\/sandzakpress.net\/arhiva\/bozaj-izlaz-iz-krize-u-regionu-je-u-konsenzusu-naroda-u-bih\/#breadcrumb\",\"itemListElement\":[{\"@type\":\"ListItem\",\"position\":1,\"name\":\"Home\",\"item\":\"https:\/\/sandzakpress.net\/arhiva\/\"},{\"@type\":\"ListItem\",\"position\":2,\"name\":\"Bozaj: Izlaz iz krize u regionu je u konsenzusu naroda u BiH\"}]},{\"@type\":\"WebSite\",\"@id\":\"https:\/\/sandzakpress.net\/arhiva\/#website\",\"url\":\"https:\/\/sandzakpress.net\/arhiva\/\",\"name\":\"Sand\u017eak PRESS\",\"description\":\"Prve elektronske novine u Sand\u017eaku\",\"publisher\":{\"@id\":\"https:\/\/sandzakpress.net\/arhiva\/#\/schema\/person\/6e72b67d6e51910a1117b3b483ba20bd\"},\"potentialAction\":[{\"@type\":\"SearchAction\",\"target\":{\"@type\":\"EntryPoint\",\"urlTemplate\":\"https:\/\/sandzakpress.net\/arhiva\/?s={search_term_string}\"},\"query-input\":{\"@type\":\"PropertyValueSpecification\",\"valueRequired\":true,\"valueName\":\"search_term_string\"}}],\"inLanguage\":\"bs-BA\"},{\"@type\":[\"Person\",\"Organization\"],\"@id\":\"https:\/\/sandzakpress.net\/arhiva\/#\/schema\/person\/6e72b67d6e51910a1117b3b483ba20bd\",\"name\":\"Kul\",\"image\":{\"@type\":\"ImageObject\",\"inLanguage\":\"bs-BA\",\"@id\":\"https:\/\/sandzakpress.net\/arhiva\/#\/schema\/person\/image\/\",\"url\":\"https:\/\/secure.gravatar.com\/avatar\/42263f39aa27ac04c43cab85c280eb2e?s=96&d=mm&r=pg\",\"contentUrl\":\"https:\/\/secure.gravatar.com\/avatar\/42263f39aa27ac04c43cab85c280eb2e?s=96&d=mm&r=pg\",\"caption\":\"Kul\"},\"logo\":{\"@id\":\"https:\/\/sandzakpress.net\/arhiva\/#\/schema\/person\/image\/\"}},{\"@type\":\"Person\",\"@id\":\"https:\/\/sandzakpress.net\/arhiva\/#\/schema\/person\/c8baee722073534b583ea7bdb2e36c02\",\"name\":\"bosniak\",\"image\":{\"@type\":\"ImageObject\",\"inLanguage\":\"bs-BA\",\"@id\":\"https:\/\/sandzakpress.net\/arhiva\/#\/schema\/person\/image\/\",\"url\":\"https:\/\/secure.gravatar.com\/avatar\/a04fd330bfe3a36a72a0ad4a6d89fca7?s=96&d=mm&r=pg\",\"contentUrl\":\"https:\/\/secure.gravatar.com\/avatar\/a04fd330bfe3a36a72a0ad4a6d89fca7?s=96&d=mm&r=pg\",\"caption\":\"bosniak\"},\"url\":\"https:\/\/sandzakpress.net\/arhiva\/author\/bosniak\/\"}]}<\/script>\n<!-- \/ Yoast SEO Premium plugin. -->","yoast_head_json":{"title":"Bozaj: Izlaz iz krize u regionu je u konsenzusu naroda u BiH","robots":{"index":"index","follow":"follow","max-snippet":"max-snippet:-1","max-image-preview":"max-image-preview:large","max-video-preview":"max-video-preview:-1"},"canonical":"https:\/\/sandzakpress.net\/arhiva\/bozaj-izlaz-iz-krize-u-regionu-je-u-konsenzusu-naroda-u-bih\/","og_locale":"bs_BA","og_type":"article","og_title":"Bozaj: Izlaz iz krize u regionu je u konsenzusu naroda u BiH","og_description":"Izlaz iz trenutne krize u regionu le\u017ei u konsenzusu me\u0111u konstitutivnim narodima u BiH, koji imaju sposobne lidere, ocijenio je turski ambasador u Srbiji Mehmet Kemal Bozaj i poru\u010dio da Turska vjeruje da \u0107e oni do\u0107i do re\u0161enja. \u201cReferendum (u Republici Srpskoj) mo\u017ee da dovede do drugih doga\u0111aja, koji mogu izazvati nestabilnost. U tom smislu, [&hellip;]","og_url":"https:\/\/sandzakpress.net\/arhiva\/bozaj-izlaz-iz-krize-u-regionu-je-u-konsenzusu-naroda-u-bih\/","og_site_name":"Sand\u017eak PRESS","article_published_time":"2016-09-03T10:44:12+00:00","og_image":[{"width":940,"height":529,"url":"https:\/\/sandzakpress.net\/arhiva\/wp-content\/uploads\/2016\/09\/BG-BOZAJ-INT-PKG-19-JMS-1-20160308-184344075-.mxf_.Still001-1.jpg","type":"image\/jpeg"}],"author":"bosniak","twitter_card":"summary_large_image","twitter_misc":{"Written by":"bosniak","Est. reading time":"3 minute"},"schema":{"@context":"https:\/\/schema.org","@graph":[{"@type":"Article","@id":"https:\/\/sandzakpress.net\/arhiva\/bozaj-izlaz-iz-krize-u-regionu-je-u-konsenzusu-naroda-u-bih\/#article","isPartOf":{"@id":"https:\/\/sandzakpress.net\/arhiva\/bozaj-izlaz-iz-krize-u-regionu-je-u-konsenzusu-naroda-u-bih\/"},"author":{"name":"bosniak","@id":"https:\/\/sandzakpress.net\/arhiva\/#\/schema\/person\/c8baee722073534b583ea7bdb2e36c02"},"headline":"Bozaj: Izlaz iz krize u regionu je u konsenzusu naroda u BiH","datePublished":"2016-09-03T10:44:12+00:00","mainEntityOfPage":{"@id":"https:\/\/sandzakpress.net\/arhiva\/bozaj-izlaz-iz-krize-u-regionu-je-u-konsenzusu-naroda-u-bih\/"},"wordCount":590,"commentCount":1,"publisher":{"@id":"https:\/\/sandzakpress.net\/arhiva\/#\/schema\/person\/6e72b67d6e51910a1117b3b483ba20bd"},"image":{"@id":"https:\/\/sandzakpress.net\/arhiva\/bozaj-izlaz-iz-krize-u-regionu-je-u-konsenzusu-naroda-u-bih\/#primaryimage"},"thumbnailUrl":"https:\/\/sandzakpress.net\/arhiva\/wp-content\/uploads\/2016\/09\/BG-BOZAJ-INT-PKG-19-JMS-1-20160308-184344075-.mxf_.Still001-1.jpg","keywords":["Bosna i Hercegovina"],"articleSection":["Bosna PRESS"],"inLanguage":"bs-BA","potentialAction":[{"@type":"CommentAction","name":"Comment","target":["https:\/\/sandzakpress.net\/arhiva\/bozaj-izlaz-iz-krize-u-regionu-je-u-konsenzusu-naroda-u-bih\/#respond"]}]},{"@type":"WebPage","@id":"https:\/\/sandzakpress.net\/arhiva\/bozaj-izlaz-iz-krize-u-regionu-je-u-konsenzusu-naroda-u-bih\/","url":"https:\/\/sandzakpress.net\/arhiva\/bozaj-izlaz-iz-krize-u-regionu-je-u-konsenzusu-naroda-u-bih\/","name":"Bozaj: Izlaz iz krize u regionu je u konsenzusu naroda u BiH","isPartOf":{"@id":"https:\/\/sandzakpress.net\/arhiva\/#website"},"primaryImageOfPage":{"@id":"https:\/\/sandzakpress.net\/arhiva\/bozaj-izlaz-iz-krize-u-regionu-je-u-konsenzusu-naroda-u-bih\/#primaryimage"},"image":{"@id":"https:\/\/sandzakpress.net\/arhiva\/bozaj-izlaz-iz-krize-u-regionu-je-u-konsenzusu-naroda-u-bih\/#primaryimage"},"thumbnailUrl":"https:\/\/sandzakpress.net\/arhiva\/wp-content\/uploads\/2016\/09\/BG-BOZAJ-INT-PKG-19-JMS-1-20160308-184344075-.mxf_.Still001-1.jpg","datePublished":"2016-09-03T10:44:12+00:00","breadcrumb":{"@id":"https:\/\/sandzakpress.net\/arhiva\/bozaj-izlaz-iz-krize-u-regionu-je-u-konsenzusu-naroda-u-bih\/#breadcrumb"},"inLanguage":"bs-BA","potentialAction":[{"@type":"ReadAction","target":["https:\/\/sandzakpress.net\/arhiva\/bozaj-izlaz-iz-krize-u-regionu-je-u-konsenzusu-naroda-u-bih\/"]}]},{"@type":"ImageObject","inLanguage":"bs-BA","@id":"https:\/\/sandzakpress.net\/arhiva\/bozaj-izlaz-iz-krize-u-regionu-je-u-konsenzusu-naroda-u-bih\/#primaryimage","url":"https:\/\/sandzakpress.net\/arhiva\/wp-content\/uploads\/2016\/09\/BG-BOZAJ-INT-PKG-19-JMS-1-20160308-184344075-.mxf_.Still001-1.jpg","contentUrl":"https:\/\/sandzakpress.net\/arhiva\/wp-content\/uploads\/2016\/09\/BG-BOZAJ-INT-PKG-19-JMS-1-20160308-184344075-.mxf_.Still001-1.jpg","width":940,"height":529},{"@type":"BreadcrumbList","@id":"https:\/\/sandzakpress.net\/arhiva\/bozaj-izlaz-iz-krize-u-regionu-je-u-konsenzusu-naroda-u-bih\/#breadcrumb","itemListElement":[{"@type":"ListItem","position":1,"name":"Home","item":"https:\/\/sandzakpress.net\/arhiva\/"},{"@type":"ListItem","position":2,"name":"Bozaj: Izlaz iz krize u regionu je u konsenzusu naroda u BiH"}]},{"@type":"WebSite","@id":"https:\/\/sandzakpress.net\/arhiva\/#website","url":"https:\/\/sandzakpress.net\/arhiva\/","name":"Sand\u017eak PRESS","description":"Prve elektronske novine u Sand\u017eaku","publisher":{"@id":"https:\/\/sandzakpress.net\/arhiva\/#\/schema\/person\/6e72b67d6e51910a1117b3b483ba20bd"},"potentialAction":[{"@type":"SearchAction","target":{"@type":"EntryPoint","urlTemplate":"https:\/\/sandzakpress.net\/arhiva\/?s={search_term_string}"},"query-input":{"@type":"PropertyValueSpecification","valueRequired":true,"valueName":"search_term_string"}}],"inLanguage":"bs-BA"},{"@type":["Person","Organization"],"@id":"https:\/\/sandzakpress.net\/arhiva\/#\/schema\/person\/6e72b67d6e51910a1117b3b483ba20bd","name":"Kul","image":{"@type":"ImageObject","inLanguage":"bs-BA","@id":"https:\/\/sandzakpress.net\/arhiva\/#\/schema\/person\/image\/","url":"https:\/\/secure.gravatar.com\/avatar\/42263f39aa27ac04c43cab85c280eb2e?s=96&d=mm&r=pg","contentUrl":"https:\/\/secure.gravatar.com\/avatar\/42263f39aa27ac04c43cab85c280eb2e?s=96&d=mm&r=pg","caption":"Kul"},"logo":{"@id":"https:\/\/sandzakpress.net\/arhiva\/#\/schema\/person\/image\/"}},{"@type":"Person","@id":"https:\/\/sandzakpress.net\/arhiva\/#\/schema\/person\/c8baee722073534b583ea7bdb2e36c02","name":"bosniak","image":{"@type":"ImageObject","inLanguage":"bs-BA","@id":"https:\/\/sandzakpress.net\/arhiva\/#\/schema\/person\/image\/","url":"https:\/\/secure.gravatar.com\/avatar\/a04fd330bfe3a36a72a0ad4a6d89fca7?s=96&d=mm&r=pg","contentUrl":"https:\/\/secure.gravatar.com\/avatar\/a04fd330bfe3a36a72a0ad4a6d89fca7?s=96&d=mm&r=pg","caption":"bosniak"},"url":"https:\/\/sandzakpress.net\/arhiva\/author\/bosniak\/"}]}},"_links":{"self":[{"href":"https:\/\/sandzakpress.net\/arhiva\/wp-json\/wp\/v2\/posts\/167576"}],"collection":[{"href":"https:\/\/sandzakpress.net\/arhiva\/wp-json\/wp\/v2\/posts"}],"about":[{"href":"https:\/\/sandzakpress.net\/arhiva\/wp-json\/wp\/v2\/types\/post"}],"author":[{"embeddable":true,"href":"https:\/\/sandzakpress.net\/arhiva\/wp-json\/wp\/v2\/users\/83"}],"replies":[{"embeddable":true,"href":"https:\/\/sandzakpress.net\/arhiva\/wp-json\/wp\/v2\/comments?post=167576"}],"version-history":[{"count":0,"href":"https:\/\/sandzakpress.net\/arhiva\/wp-json\/wp\/v2\/posts\/167576\/revisions"}],"wp:featuredmedia":[{"embeddable":true,"href":"https:\/\/sandzakpress.net\/arhiva\/wp-json\/wp\/v2\/media\/167578"}],"wp:attachment":[{"href":"https:\/\/sandzakpress.net\/arhiva\/wp-json\/wp\/v2\/media?parent=167576"}],"wp:term":[{"taxonomy":"category","embeddable":true,"href":"https:\/\/sandzakpress.net\/arhiva\/wp-json\/wp\/v2\/categories?post=167576"},{"taxonomy":"post_tag","embeddable":true,"href":"https:\/\/sandzakpress.net\/arhiva\/wp-json\/wp\/v2\/tags?post=167576"}],"curies":[{"name":"wp","href":"https:\/\/api.w.org\/{rel}","templated":true}]}}