{"id":16752,"date":"2011-06-02T22:05:30","date_gmt":"2011-06-02T20:05:30","guid":{"rendered":"https:\/\/sandzakpress.net\/arhiva\/?p=16752"},"modified":"2011-06-02T22:05:30","modified_gmt":"2011-06-02T20:05:30","slug":"egipat-sudenje-mubaraku-i-sinovima-3-augusta","status":"publish","type":"post","link":"https:\/\/sandzakpress.net\/arhiva\/egipat-sudenje-mubaraku-i-sinovima-3-augusta\/","title":{"rendered":"Egipat: Su\u0111enje Mubaraku i sinovima 3. augusta"},"content":{"rendered":"<p><strong><a href=\"https:\/\/sandzakpress.net\/arhiva\/wp-content\/uploads\/2011\/06\/754f3a4bc760a1ede07e76ea08ad679a.jpg\"><img loading=\"lazy\" decoding=\"async\" class=\"alignleft size-full wp-image-16753\" src=\"https:\/\/sandzakpress.net\/arhiva\/wp-content\/uploads\/2011\/06\/754f3a4bc760a1ede07e76ea08ad679a.jpg\" alt=\"\" width=\"180\" height=\"220\" \/><\/a>Egipat &#8211; Su\u0111enje biv\u0161em egipatskom predsjedniku Hosniju Mubaraku i dvojici  njegovih sinova za ubijanje demonstranata za vrijeme narodne pobune od  januara do februara i za nelegalno boga\u0107enje odre\u0111eno je za 3. august,  izjavio je u srijedu jedan sudski izvor.<\/strong><\/p>\n<p>Mubarak i njegovi sinovi Alaa i Gamal bit \u0107e izvedeni pred krivi\u010dni  sud na sjeveru Kaira kojim predsjedava Ahmed Rifaat, kazao je ovaj izvor  AFP-u.<\/p>\n<p>Ovo je prvi put u povijesti Egipta da se biv\u0161i \u0161ef dr\u017eave pojavljuje pred sudom.<\/p>\n<p>Vladin dnevni list Al-Ahram, koji se poziva na jedan sudski izvor,  objavio je u srijedu da \u0107e se su\u0111enje iz sigurnosnih razloga odr\u017eati u  Charm el-Cheikhu, na Sinaju, gdje se biv\u0161i predsjednik nalazi u bolnici.<\/p>\n<p>Izvor na koji se list poziva opravdava odr\u017eavanje su\u0111enja u Charm  el-Cheikhu &#8220;mr\u017enjom prema Mubaraku koja raste iz dana u dan zbog  informacija o njegovom bogatstvu u inozemstvu&#8221;.<\/p>\n<p>U utorak je dr\u017eavno tu\u017eila\u0161tvo ocijenilo da Mubarakovo zdravstveno  stanje ne dopu\u0161ta njegovo prebacivanje u zatvor u Kairu dok se \u010deka  su\u0111enje.<\/p>\n<p>Biv\u0161i 83-godi\u0161nji \u0161ef dr\u017eave protjeran je s vlasti 11. februara u narodnoj pobuni, nakon tri decenije provedene na \u010delu dr\u017eave.<\/p>\n<p>U pobuni koja je trajala 18 dana ubijeno je 846 osoba.<\/p>\n<p>Izvor:<strong> IslamBosna.ba<\/strong><\/p>\n","protected":false},"excerpt":{"rendered":"<p>Egipat &#8211; Su\u0111enje biv\u0161em egipatskom predsjedniku Hosniju Mubaraku i dvojici njegovih sinova za ubijanje demonstranata za vrijeme narodne pobune od januara do februara i za nelegalno boga\u0107enje odre\u0111eno je za 3. august, izjavio je u srijedu jedan sudski izvor. Mubarak i njegovi sinovi Alaa i Gamal bit \u0107e izvedeni pred krivi\u010dni sud na sjeveru Kaira [&hellip;]<\/p>\n","protected":false},"author":13,"featured_media":16753,"comment_status":"open","ping_status":"open","sticky":false,"template":"","format":"standard","meta":{"footnotes":""},"categories":[9],"tags":[],"class_list":{"0":"post-16752","1":"post","2":"type-post","3":"status-publish","4":"format-standard","5":"has-post-thumbnail","7":"category-svijet"},"yoast_head":"<!-- This site is optimized with the Yoast SEO Premium plugin v23.1 (Yoast SEO v24.9) - https:\/\/yoast.com\/wordpress\/plugins\/seo\/ -->\n<title>Egipat: Su\u0111enje Mubaraku i sinovima 3. augusta<\/title>\n<meta name=\"robots\" content=\"index, follow, max-snippet:-1, max-image-preview:large, max-video-preview:-1\" \/>\n<link rel=\"canonical\" href=\"https:\/\/sandzakpress.net\/arhiva\/egipat-sudenje-mubaraku-i-sinovima-3-augusta\/\" \/>\n<meta property=\"og:locale\" content=\"bs_BA\" \/>\n<meta property=\"og:type\" content=\"article\" \/>\n<meta property=\"og:title\" content=\"Egipat: Su\u0111enje Mubaraku i sinovima 3. augusta\" \/>\n<meta property=\"og:description\" content=\"Egipat &#8211; Su\u0111enje biv\u0161em egipatskom predsjedniku Hosniju Mubaraku i dvojici njegovih sinova za ubijanje demonstranata za vrijeme narodne pobune od januara do februara i za nelegalno boga\u0107enje odre\u0111eno je za 3. august, izjavio je u srijedu jedan sudski izvor. Mubarak i njegovi sinovi Alaa i Gamal bit \u0107e izvedeni pred krivi\u010dni sud na sjeveru Kaira [&hellip;]\" \/>\n<meta property=\"og:url\" content=\"https:\/\/sandzakpress.net\/arhiva\/egipat-sudenje-mubaraku-i-sinovima-3-augusta\/\" \/>\n<meta property=\"og:site_name\" content=\"Sand\u017eak PRESS\" \/>\n<meta property=\"article:published_time\" content=\"2011-06-02T20:05:30+00:00\" \/>\n<meta property=\"og:image\" content=\"https:\/\/sandzakpress.net\/arhiva\/wp-content\/uploads\/2011\/06\/754f3a4bc760a1ede07e76ea08ad679a.jpg\" \/>\n\t<meta property=\"og:image:width\" content=\"180\" \/>\n\t<meta property=\"og:image:height\" content=\"220\" \/>\n\t<meta property=\"og:image:type\" content=\"image\/jpeg\" \/>\n<meta name=\"twitter:card\" content=\"summary_large_image\" \/>\n<meta name=\"twitter:label1\" content=\"Written by\" \/>\n\t<meta name=\"twitter:data1\" content=\"\" \/>\n\t<meta name=\"twitter:label2\" content=\"Est. reading time\" \/>\n\t<meta name=\"twitter:data2\" content=\"1 minuta\" \/>\n<script type=\"application\/ld+json\" class=\"yoast-schema-graph\">{\"@context\":\"https:\/\/schema.org\",\"@graph\":[{\"@type\":\"Article\",\"@id\":\"https:\/\/sandzakpress.net\/arhiva\/egipat-sudenje-mubaraku-i-sinovima-3-augusta\/#article\",\"isPartOf\":{\"@id\":\"https:\/\/sandzakpress.net\/arhiva\/egipat-sudenje-mubaraku-i-sinovima-3-augusta\/\"},\"author\":{\"name\":\"\",\"@id\":\"\"},\"headline\":\"Egipat: Su\u0111enje Mubaraku i sinovima 3. augusta\",\"datePublished\":\"2011-06-02T20:05:30+00:00\",\"mainEntityOfPage\":{\"@id\":\"https:\/\/sandzakpress.net\/arhiva\/egipat-sudenje-mubaraku-i-sinovima-3-augusta\/\"},\"wordCount\":223,\"commentCount\":0,\"publisher\":{\"@id\":\"https:\/\/sandzakpress.net\/arhiva\/#\/schema\/person\/6e72b67d6e51910a1117b3b483ba20bd\"},\"image\":{\"@id\":\"https:\/\/sandzakpress.net\/arhiva\/egipat-sudenje-mubaraku-i-sinovima-3-augusta\/#primaryimage\"},\"thumbnailUrl\":\"https:\/\/sandzakpress.net\/arhiva\/wp-content\/uploads\/2011\/06\/754f3a4bc760a1ede07e76ea08ad679a.jpg\",\"articleSection\":[\"Svijet\"],\"inLanguage\":\"bs-BA\",\"potentialAction\":[{\"@type\":\"CommentAction\",\"name\":\"Comment\",\"target\":[\"https:\/\/sandzakpress.net\/arhiva\/egipat-sudenje-mubaraku-i-sinovima-3-augusta\/#respond\"]}]},{\"@type\":\"WebPage\",\"@id\":\"https:\/\/sandzakpress.net\/arhiva\/egipat-sudenje-mubaraku-i-sinovima-3-augusta\/\",\"url\":\"https:\/\/sandzakpress.net\/arhiva\/egipat-sudenje-mubaraku-i-sinovima-3-augusta\/\",\"name\":\"Egipat: Su\u0111enje Mubaraku i sinovima 3. augusta\",\"isPartOf\":{\"@id\":\"https:\/\/sandzakpress.net\/arhiva\/#website\"},\"primaryImageOfPage\":{\"@id\":\"https:\/\/sandzakpress.net\/arhiva\/egipat-sudenje-mubaraku-i-sinovima-3-augusta\/#primaryimage\"},\"image\":{\"@id\":\"https:\/\/sandzakpress.net\/arhiva\/egipat-sudenje-mubaraku-i-sinovima-3-augusta\/#primaryimage\"},\"thumbnailUrl\":\"https:\/\/sandzakpress.net\/arhiva\/wp-content\/uploads\/2011\/06\/754f3a4bc760a1ede07e76ea08ad679a.jpg\",\"datePublished\":\"2011-06-02T20:05:30+00:00\",\"breadcrumb\":{\"@id\":\"https:\/\/sandzakpress.net\/arhiva\/egipat-sudenje-mubaraku-i-sinovima-3-augusta\/#breadcrumb\"},\"inLanguage\":\"bs-BA\",\"potentialAction\":[{\"@type\":\"ReadAction\",\"target\":[\"https:\/\/sandzakpress.net\/arhiva\/egipat-sudenje-mubaraku-i-sinovima-3-augusta\/\"]}]},{\"@type\":\"ImageObject\",\"inLanguage\":\"bs-BA\",\"@id\":\"https:\/\/sandzakpress.net\/arhiva\/egipat-sudenje-mubaraku-i-sinovima-3-augusta\/#primaryimage\",\"url\":\"https:\/\/sandzakpress.net\/arhiva\/wp-content\/uploads\/2011\/06\/754f3a4bc760a1ede07e76ea08ad679a.jpg\",\"contentUrl\":\"https:\/\/sandzakpress.net\/arhiva\/wp-content\/uploads\/2011\/06\/754f3a4bc760a1ede07e76ea08ad679a.jpg\",\"width\":180,\"height\":220},{\"@type\":\"BreadcrumbList\",\"@id\":\"https:\/\/sandzakpress.net\/arhiva\/egipat-sudenje-mubaraku-i-sinovima-3-augusta\/#breadcrumb\",\"itemListElement\":[{\"@type\":\"ListItem\",\"position\":1,\"name\":\"Home\",\"item\":\"https:\/\/sandzakpress.net\/arhiva\/\"},{\"@type\":\"ListItem\",\"position\":2,\"name\":\"Egipat: Su\u0111enje Mubaraku i sinovima 3. augusta\"}]},{\"@type\":\"WebSite\",\"@id\":\"https:\/\/sandzakpress.net\/arhiva\/#website\",\"url\":\"https:\/\/sandzakpress.net\/arhiva\/\",\"name\":\"Sand\u017eak PRESS\",\"description\":\"Prve elektronske novine u Sand\u017eaku\",\"publisher\":{\"@id\":\"https:\/\/sandzakpress.net\/arhiva\/#\/schema\/person\/6e72b67d6e51910a1117b3b483ba20bd\"},\"potentialAction\":[{\"@type\":\"SearchAction\",\"target\":{\"@type\":\"EntryPoint\",\"urlTemplate\":\"https:\/\/sandzakpress.net\/arhiva\/?s={search_term_string}\"},\"query-input\":{\"@type\":\"PropertyValueSpecification\",\"valueRequired\":true,\"valueName\":\"search_term_string\"}}],\"inLanguage\":\"bs-BA\"},{\"@type\":[\"Person\",\"Organization\"],\"@id\":\"https:\/\/sandzakpress.net\/arhiva\/#\/schema\/person\/6e72b67d6e51910a1117b3b483ba20bd\",\"name\":\"Kul\",\"image\":{\"@type\":\"ImageObject\",\"inLanguage\":\"bs-BA\",\"@id\":\"https:\/\/sandzakpress.net\/arhiva\/#\/schema\/person\/image\/\",\"url\":\"https:\/\/secure.gravatar.com\/avatar\/42263f39aa27ac04c43cab85c280eb2e?s=96&d=mm&r=pg\",\"contentUrl\":\"https:\/\/secure.gravatar.com\/avatar\/42263f39aa27ac04c43cab85c280eb2e?s=96&d=mm&r=pg\",\"caption\":\"Kul\"},\"logo\":{\"@id\":\"https:\/\/sandzakpress.net\/arhiva\/#\/schema\/person\/image\/\"}},{\"@type\":\"Person\",\"@id\":\"\",\"url\":\"https:\/\/sandzakpress.net\/arhiva\/author\/\"}]}<\/script>\n<!-- \/ Yoast SEO Premium plugin. -->","yoast_head_json":{"title":"Egipat: Su\u0111enje Mubaraku i sinovima 3. augusta","robots":{"index":"index","follow":"follow","max-snippet":"max-snippet:-1","max-image-preview":"max-image-preview:large","max-video-preview":"max-video-preview:-1"},"canonical":"https:\/\/sandzakpress.net\/arhiva\/egipat-sudenje-mubaraku-i-sinovima-3-augusta\/","og_locale":"bs_BA","og_type":"article","og_title":"Egipat: Su\u0111enje Mubaraku i sinovima 3. augusta","og_description":"Egipat &#8211; Su\u0111enje biv\u0161em egipatskom predsjedniku Hosniju Mubaraku i dvojici njegovih sinova za ubijanje demonstranata za vrijeme narodne pobune od januara do februara i za nelegalno boga\u0107enje odre\u0111eno je za 3. august, izjavio je u srijedu jedan sudski izvor. Mubarak i njegovi sinovi Alaa i Gamal bit \u0107e izvedeni pred krivi\u010dni sud na sjeveru Kaira [&hellip;]","og_url":"https:\/\/sandzakpress.net\/arhiva\/egipat-sudenje-mubaraku-i-sinovima-3-augusta\/","og_site_name":"Sand\u017eak PRESS","article_published_time":"2011-06-02T20:05:30+00:00","og_image":[{"width":180,"height":220,"url":"https:\/\/sandzakpress.net\/arhiva\/wp-content\/uploads\/2011\/06\/754f3a4bc760a1ede07e76ea08ad679a.jpg","type":"image\/jpeg"}],"twitter_card":"summary_large_image","twitter_misc":{"Written by":"","Est. reading time":"1 minuta"},"schema":{"@context":"https:\/\/schema.org","@graph":[{"@type":"Article","@id":"https:\/\/sandzakpress.net\/arhiva\/egipat-sudenje-mubaraku-i-sinovima-3-augusta\/#article","isPartOf":{"@id":"https:\/\/sandzakpress.net\/arhiva\/egipat-sudenje-mubaraku-i-sinovima-3-augusta\/"},"author":{"name":"","@id":""},"headline":"Egipat: Su\u0111enje Mubaraku i sinovima 3. augusta","datePublished":"2011-06-02T20:05:30+00:00","mainEntityOfPage":{"@id":"https:\/\/sandzakpress.net\/arhiva\/egipat-sudenje-mubaraku-i-sinovima-3-augusta\/"},"wordCount":223,"commentCount":0,"publisher":{"@id":"https:\/\/sandzakpress.net\/arhiva\/#\/schema\/person\/6e72b67d6e51910a1117b3b483ba20bd"},"image":{"@id":"https:\/\/sandzakpress.net\/arhiva\/egipat-sudenje-mubaraku-i-sinovima-3-augusta\/#primaryimage"},"thumbnailUrl":"https:\/\/sandzakpress.net\/arhiva\/wp-content\/uploads\/2011\/06\/754f3a4bc760a1ede07e76ea08ad679a.jpg","articleSection":["Svijet"],"inLanguage":"bs-BA","potentialAction":[{"@type":"CommentAction","name":"Comment","target":["https:\/\/sandzakpress.net\/arhiva\/egipat-sudenje-mubaraku-i-sinovima-3-augusta\/#respond"]}]},{"@type":"WebPage","@id":"https:\/\/sandzakpress.net\/arhiva\/egipat-sudenje-mubaraku-i-sinovima-3-augusta\/","url":"https:\/\/sandzakpress.net\/arhiva\/egipat-sudenje-mubaraku-i-sinovima-3-augusta\/","name":"Egipat: Su\u0111enje Mubaraku i sinovima 3. augusta","isPartOf":{"@id":"https:\/\/sandzakpress.net\/arhiva\/#website"},"primaryImageOfPage":{"@id":"https:\/\/sandzakpress.net\/arhiva\/egipat-sudenje-mubaraku-i-sinovima-3-augusta\/#primaryimage"},"image":{"@id":"https:\/\/sandzakpress.net\/arhiva\/egipat-sudenje-mubaraku-i-sinovima-3-augusta\/#primaryimage"},"thumbnailUrl":"https:\/\/sandzakpress.net\/arhiva\/wp-content\/uploads\/2011\/06\/754f3a4bc760a1ede07e76ea08ad679a.jpg","datePublished":"2011-06-02T20:05:30+00:00","breadcrumb":{"@id":"https:\/\/sandzakpress.net\/arhiva\/egipat-sudenje-mubaraku-i-sinovima-3-augusta\/#breadcrumb"},"inLanguage":"bs-BA","potentialAction":[{"@type":"ReadAction","target":["https:\/\/sandzakpress.net\/arhiva\/egipat-sudenje-mubaraku-i-sinovima-3-augusta\/"]}]},{"@type":"ImageObject","inLanguage":"bs-BA","@id":"https:\/\/sandzakpress.net\/arhiva\/egipat-sudenje-mubaraku-i-sinovima-3-augusta\/#primaryimage","url":"https:\/\/sandzakpress.net\/arhiva\/wp-content\/uploads\/2011\/06\/754f3a4bc760a1ede07e76ea08ad679a.jpg","contentUrl":"https:\/\/sandzakpress.net\/arhiva\/wp-content\/uploads\/2011\/06\/754f3a4bc760a1ede07e76ea08ad679a.jpg","width":180,"height":220},{"@type":"BreadcrumbList","@id":"https:\/\/sandzakpress.net\/arhiva\/egipat-sudenje-mubaraku-i-sinovima-3-augusta\/#breadcrumb","itemListElement":[{"@type":"ListItem","position":1,"name":"Home","item":"https:\/\/sandzakpress.net\/arhiva\/"},{"@type":"ListItem","position":2,"name":"Egipat: Su\u0111enje Mubaraku i sinovima 3. augusta"}]},{"@type":"WebSite","@id":"https:\/\/sandzakpress.net\/arhiva\/#website","url":"https:\/\/sandzakpress.net\/arhiva\/","name":"Sand\u017eak PRESS","description":"Prve elektronske novine u Sand\u017eaku","publisher":{"@id":"https:\/\/sandzakpress.net\/arhiva\/#\/schema\/person\/6e72b67d6e51910a1117b3b483ba20bd"},"potentialAction":[{"@type":"SearchAction","target":{"@type":"EntryPoint","urlTemplate":"https:\/\/sandzakpress.net\/arhiva\/?s={search_term_string}"},"query-input":{"@type":"PropertyValueSpecification","valueRequired":true,"valueName":"search_term_string"}}],"inLanguage":"bs-BA"},{"@type":["Person","Organization"],"@id":"https:\/\/sandzakpress.net\/arhiva\/#\/schema\/person\/6e72b67d6e51910a1117b3b483ba20bd","name":"Kul","image":{"@type":"ImageObject","inLanguage":"bs-BA","@id":"https:\/\/sandzakpress.net\/arhiva\/#\/schema\/person\/image\/","url":"https:\/\/secure.gravatar.com\/avatar\/42263f39aa27ac04c43cab85c280eb2e?s=96&d=mm&r=pg","contentUrl":"https:\/\/secure.gravatar.com\/avatar\/42263f39aa27ac04c43cab85c280eb2e?s=96&d=mm&r=pg","caption":"Kul"},"logo":{"@id":"https:\/\/sandzakpress.net\/arhiva\/#\/schema\/person\/image\/"}},{"@type":"Person","@id":"","url":"https:\/\/sandzakpress.net\/arhiva\/author\/"}]}},"_links":{"self":[{"href":"https:\/\/sandzakpress.net\/arhiva\/wp-json\/wp\/v2\/posts\/16752"}],"collection":[{"href":"https:\/\/sandzakpress.net\/arhiva\/wp-json\/wp\/v2\/posts"}],"about":[{"href":"https:\/\/sandzakpress.net\/arhiva\/wp-json\/wp\/v2\/types\/post"}],"author":[{"embeddable":true,"href":"https:\/\/sandzakpress.net\/arhiva\/wp-json\/wp\/v2\/users\/13"}],"replies":[{"embeddable":true,"href":"https:\/\/sandzakpress.net\/arhiva\/wp-json\/wp\/v2\/comments?post=16752"}],"version-history":[{"count":0,"href":"https:\/\/sandzakpress.net\/arhiva\/wp-json\/wp\/v2\/posts\/16752\/revisions"}],"wp:featuredmedia":[{"embeddable":true,"href":"https:\/\/sandzakpress.net\/arhiva\/wp-json\/wp\/v2\/media\/16753"}],"wp:attachment":[{"href":"https:\/\/sandzakpress.net\/arhiva\/wp-json\/wp\/v2\/media?parent=16752"}],"wp:term":[{"taxonomy":"category","embeddable":true,"href":"https:\/\/sandzakpress.net\/arhiva\/wp-json\/wp\/v2\/categories?post=16752"},{"taxonomy":"post_tag","embeddable":true,"href":"https:\/\/sandzakpress.net\/arhiva\/wp-json\/wp\/v2\/tags?post=16752"}],"curies":[{"name":"wp","href":"https:\/\/api.w.org\/{rel}","templated":true}]}}