{"id":167459,"date":"2016-09-01T17:33:56","date_gmt":"2016-09-01T15:33:56","guid":{"rendered":"https:\/\/sandzakpress.net\/arhiva\/?p=167459"},"modified":"2016-09-01T17:33:56","modified_gmt":"2016-09-01T15:33:56","slug":"pucnjava-u-beranama-izresetan-automobil","status":"publish","type":"post","link":"https:\/\/sandzakpress.net\/arhiva\/pucnjava-u-beranama-izresetan-automobil\/","title":{"rendered":"Pucnjava u Beranama: Izre\u0161etan automobil"},"content":{"rendered":"<div class=\"short-text\"><img decoding=\"async\" src=\"http:\/\/www.img2.cdm.me\/sites\/cdm.bild-studio.me\/files\/multimedia\/foto\/2016\/09\/01\/14222188_682875491860461_3859426645473856198_n.jpg\" \/><\/div>\n<div class=\"short-text\"><strong>Berane &#8211; U Beranama se danas oko devet sati dogodila pucnjava u kojoj je D. K. pucao na V.M. i tako izre\u0161etao njegov automobil marke Opel, nezvani\u010dno saznaje portal Analitika.\u00a0<\/strong><\/p>\n<p>U pucnjavi koja se odigrala u centru grada, nedaleko od vrti\u0107a, sre\u0107om nema povrije\u0111enih, a osim izre\u0161etanog automobila nije nanijeta ve\u0107a materijalna \u0161teta.<\/p>\n<p>(Cdm)<\/p>\n<\/div>\n","protected":false},"excerpt":{"rendered":"<p>Berane &#8211; U Beranama se danas oko devet sati dogodila pucnjava u kojoj je D. K. pucao na V.M. i tako izre\u0161etao njegov automobil marke Opel, nezvani\u010dno saznaje portal Analitika.\u00a0 U pucnjavi koja se odigrala u centru grada, nedaleko od vrti\u0107a, sre\u0107om nema povrije\u0111enih, a osim izre\u0161etanog automobila nije nanijeta ve\u0107a materijalna \u0161teta. (Cdm)<\/p>\n","protected":false},"author":83,"featured_media":167462,"comment_status":"open","ping_status":"open","sticky":false,"template":"","format":"standard","meta":{"footnotes":""},"categories":[397,801,10429],"tags":[],"class_list":{"0":"post-167459","1":"post","2":"type-post","3":"status-publish","4":"format-standard","5":"has-post-thumbnail","7":"category-berane","8":"category-crna_hronika","9":"category-vazno"},"yoast_head":"<!-- This site is optimized with the Yoast SEO Premium plugin v23.1 (Yoast SEO v24.9) - https:\/\/yoast.com\/wordpress\/plugins\/seo\/ -->\n<title>Pucnjava u Beranama: Izre\u0161etan automobil<\/title>\n<meta name=\"robots\" content=\"index, follow, max-snippet:-1, max-image-preview:large, max-video-preview:-1\" \/>\n<link rel=\"canonical\" href=\"https:\/\/sandzakpress.net\/arhiva\/pucnjava-u-beranama-izresetan-automobil\/\" \/>\n<meta property=\"og:locale\" content=\"bs_BA\" \/>\n<meta property=\"og:type\" content=\"article\" \/>\n<meta property=\"og:title\" content=\"Pucnjava u Beranama: Izre\u0161etan automobil\" \/>\n<meta property=\"og:description\" content=\"Berane &#8211; U Beranama se danas oko devet sati dogodila pucnjava u kojoj je D. K. pucao na V.M. i tako izre\u0161etao njegov automobil marke Opel, nezvani\u010dno saznaje portal Analitika.\u00a0 U pucnjavi koja se odigrala u centru grada, nedaleko od vrti\u0107a, sre\u0107om nema povrije\u0111enih, a osim izre\u0161etanog automobila nije nanijeta ve\u0107a materijalna \u0161teta. (Cdm)\" \/>\n<meta property=\"og:url\" content=\"https:\/\/sandzakpress.net\/arhiva\/pucnjava-u-beranama-izresetan-automobil\/\" \/>\n<meta property=\"og:site_name\" content=\"Sand\u017eak PRESS\" \/>\n<meta property=\"article:published_time\" content=\"2016-09-01T15:33:56+00:00\" \/>\n<meta property=\"og:image\" content=\"https:\/\/sandzakpress.net\/arhiva\/wp-content\/uploads\/2016\/09\/14222188_682875491860461_3859426645473856198_n.jpg\" \/>\n\t<meta property=\"og:image:width\" content=\"584\" \/>\n\t<meta property=\"og:image:height\" content=\"551\" \/>\n\t<meta property=\"og:image:type\" content=\"image\/jpeg\" \/>\n<meta name=\"author\" content=\"bosniak\" \/>\n<meta name=\"twitter:card\" content=\"summary_large_image\" \/>\n<meta name=\"twitter:label1\" content=\"Written by\" \/>\n\t<meta name=\"twitter:data1\" content=\"bosniak\" \/>\n<script type=\"application\/ld+json\" class=\"yoast-schema-graph\">{\"@context\":\"https:\/\/schema.org\",\"@graph\":[{\"@type\":\"Article\",\"@id\":\"https:\/\/sandzakpress.net\/arhiva\/pucnjava-u-beranama-izresetan-automobil\/#article\",\"isPartOf\":{\"@id\":\"https:\/\/sandzakpress.net\/arhiva\/pucnjava-u-beranama-izresetan-automobil\/\"},\"author\":{\"name\":\"bosniak\",\"@id\":\"https:\/\/sandzakpress.net\/arhiva\/#\/schema\/person\/c8baee722073534b583ea7bdb2e36c02\"},\"headline\":\"Pucnjava u Beranama: Izre\u0161etan automobil\",\"datePublished\":\"2016-09-01T15:33:56+00:00\",\"mainEntityOfPage\":{\"@id\":\"https:\/\/sandzakpress.net\/arhiva\/pucnjava-u-beranama-izresetan-automobil\/\"},\"wordCount\":68,\"commentCount\":0,\"publisher\":{\"@id\":\"https:\/\/sandzakpress.net\/arhiva\/#\/schema\/person\/6e72b67d6e51910a1117b3b483ba20bd\"},\"image\":{\"@id\":\"https:\/\/sandzakpress.net\/arhiva\/pucnjava-u-beranama-izresetan-automobil\/#primaryimage\"},\"thumbnailUrl\":\"https:\/\/sandzakpress.net\/arhiva\/wp-content\/uploads\/2016\/09\/14222188_682875491860461_3859426645473856198_n.jpg\",\"articleSection\":[\"Berane\",\"Hronika\",\"VA\u017dNO!\"],\"inLanguage\":\"bs-BA\",\"potentialAction\":[{\"@type\":\"CommentAction\",\"name\":\"Comment\",\"target\":[\"https:\/\/sandzakpress.net\/arhiva\/pucnjava-u-beranama-izresetan-automobil\/#respond\"]}]},{\"@type\":\"WebPage\",\"@id\":\"https:\/\/sandzakpress.net\/arhiva\/pucnjava-u-beranama-izresetan-automobil\/\",\"url\":\"https:\/\/sandzakpress.net\/arhiva\/pucnjava-u-beranama-izresetan-automobil\/\",\"name\":\"Pucnjava u Beranama: Izre\u0161etan automobil\",\"isPartOf\":{\"@id\":\"https:\/\/sandzakpress.net\/arhiva\/#website\"},\"primaryImageOfPage\":{\"@id\":\"https:\/\/sandzakpress.net\/arhiva\/pucnjava-u-beranama-izresetan-automobil\/#primaryimage\"},\"image\":{\"@id\":\"https:\/\/sandzakpress.net\/arhiva\/pucnjava-u-beranama-izresetan-automobil\/#primaryimage\"},\"thumbnailUrl\":\"https:\/\/sandzakpress.net\/arhiva\/wp-content\/uploads\/2016\/09\/14222188_682875491860461_3859426645473856198_n.jpg\",\"datePublished\":\"2016-09-01T15:33:56+00:00\",\"breadcrumb\":{\"@id\":\"https:\/\/sandzakpress.net\/arhiva\/pucnjava-u-beranama-izresetan-automobil\/#breadcrumb\"},\"inLanguage\":\"bs-BA\",\"potentialAction\":[{\"@type\":\"ReadAction\",\"target\":[\"https:\/\/sandzakpress.net\/arhiva\/pucnjava-u-beranama-izresetan-automobil\/\"]}]},{\"@type\":\"ImageObject\",\"inLanguage\":\"bs-BA\",\"@id\":\"https:\/\/sandzakpress.net\/arhiva\/pucnjava-u-beranama-izresetan-automobil\/#primaryimage\",\"url\":\"https:\/\/sandzakpress.net\/arhiva\/wp-content\/uploads\/2016\/09\/14222188_682875491860461_3859426645473856198_n.jpg\",\"contentUrl\":\"https:\/\/sandzakpress.net\/arhiva\/wp-content\/uploads\/2016\/09\/14222188_682875491860461_3859426645473856198_n.jpg\",\"width\":584,\"height\":551},{\"@type\":\"BreadcrumbList\",\"@id\":\"https:\/\/sandzakpress.net\/arhiva\/pucnjava-u-beranama-izresetan-automobil\/#breadcrumb\",\"itemListElement\":[{\"@type\":\"ListItem\",\"position\":1,\"name\":\"Home\",\"item\":\"https:\/\/sandzakpress.net\/arhiva\/\"},{\"@type\":\"ListItem\",\"position\":2,\"name\":\"Pucnjava u Beranama: Izre\u0161etan automobil\"}]},{\"@type\":\"WebSite\",\"@id\":\"https:\/\/sandzakpress.net\/arhiva\/#website\",\"url\":\"https:\/\/sandzakpress.net\/arhiva\/\",\"name\":\"Sand\u017eak PRESS\",\"description\":\"Prve elektronske novine u Sand\u017eaku\",\"publisher\":{\"@id\":\"https:\/\/sandzakpress.net\/arhiva\/#\/schema\/person\/6e72b67d6e51910a1117b3b483ba20bd\"},\"potentialAction\":[{\"@type\":\"SearchAction\",\"target\":{\"@type\":\"EntryPoint\",\"urlTemplate\":\"https:\/\/sandzakpress.net\/arhiva\/?s={search_term_string}\"},\"query-input\":{\"@type\":\"PropertyValueSpecification\",\"valueRequired\":true,\"valueName\":\"search_term_string\"}}],\"inLanguage\":\"bs-BA\"},{\"@type\":[\"Person\",\"Organization\"],\"@id\":\"https:\/\/sandzakpress.net\/arhiva\/#\/schema\/person\/6e72b67d6e51910a1117b3b483ba20bd\",\"name\":\"Kul\",\"image\":{\"@type\":\"ImageObject\",\"inLanguage\":\"bs-BA\",\"@id\":\"https:\/\/sandzakpress.net\/arhiva\/#\/schema\/person\/image\/\",\"url\":\"https:\/\/secure.gravatar.com\/avatar\/42263f39aa27ac04c43cab85c280eb2e?s=96&d=mm&r=pg\",\"contentUrl\":\"https:\/\/secure.gravatar.com\/avatar\/42263f39aa27ac04c43cab85c280eb2e?s=96&d=mm&r=pg\",\"caption\":\"Kul\"},\"logo\":{\"@id\":\"https:\/\/sandzakpress.net\/arhiva\/#\/schema\/person\/image\/\"}},{\"@type\":\"Person\",\"@id\":\"https:\/\/sandzakpress.net\/arhiva\/#\/schema\/person\/c8baee722073534b583ea7bdb2e36c02\",\"name\":\"bosniak\",\"image\":{\"@type\":\"ImageObject\",\"inLanguage\":\"bs-BA\",\"@id\":\"https:\/\/sandzakpress.net\/arhiva\/#\/schema\/person\/image\/\",\"url\":\"https:\/\/secure.gravatar.com\/avatar\/a04fd330bfe3a36a72a0ad4a6d89fca7?s=96&d=mm&r=pg\",\"contentUrl\":\"https:\/\/secure.gravatar.com\/avatar\/a04fd330bfe3a36a72a0ad4a6d89fca7?s=96&d=mm&r=pg\",\"caption\":\"bosniak\"},\"url\":\"https:\/\/sandzakpress.net\/arhiva\/author\/bosniak\/\"}]}<\/script>\n<!-- \/ Yoast SEO Premium plugin. -->","yoast_head_json":{"title":"Pucnjava u Beranama: Izre\u0161etan automobil","robots":{"index":"index","follow":"follow","max-snippet":"max-snippet:-1","max-image-preview":"max-image-preview:large","max-video-preview":"max-video-preview:-1"},"canonical":"https:\/\/sandzakpress.net\/arhiva\/pucnjava-u-beranama-izresetan-automobil\/","og_locale":"bs_BA","og_type":"article","og_title":"Pucnjava u Beranama: Izre\u0161etan automobil","og_description":"Berane &#8211; U Beranama se danas oko devet sati dogodila pucnjava u kojoj je D. K. pucao na V.M. i tako izre\u0161etao njegov automobil marke Opel, nezvani\u010dno saznaje portal Analitika.\u00a0 U pucnjavi koja se odigrala u centru grada, nedaleko od vrti\u0107a, sre\u0107om nema povrije\u0111enih, a osim izre\u0161etanog automobila nije nanijeta ve\u0107a materijalna \u0161teta. (Cdm)","og_url":"https:\/\/sandzakpress.net\/arhiva\/pucnjava-u-beranama-izresetan-automobil\/","og_site_name":"Sand\u017eak PRESS","article_published_time":"2016-09-01T15:33:56+00:00","og_image":[{"width":584,"height":551,"url":"https:\/\/sandzakpress.net\/arhiva\/wp-content\/uploads\/2016\/09\/14222188_682875491860461_3859426645473856198_n.jpg","type":"image\/jpeg"}],"author":"bosniak","twitter_card":"summary_large_image","twitter_misc":{"Written by":"bosniak"},"schema":{"@context":"https:\/\/schema.org","@graph":[{"@type":"Article","@id":"https:\/\/sandzakpress.net\/arhiva\/pucnjava-u-beranama-izresetan-automobil\/#article","isPartOf":{"@id":"https:\/\/sandzakpress.net\/arhiva\/pucnjava-u-beranama-izresetan-automobil\/"},"author":{"name":"bosniak","@id":"https:\/\/sandzakpress.net\/arhiva\/#\/schema\/person\/c8baee722073534b583ea7bdb2e36c02"},"headline":"Pucnjava u Beranama: Izre\u0161etan automobil","datePublished":"2016-09-01T15:33:56+00:00","mainEntityOfPage":{"@id":"https:\/\/sandzakpress.net\/arhiva\/pucnjava-u-beranama-izresetan-automobil\/"},"wordCount":68,"commentCount":0,"publisher":{"@id":"https:\/\/sandzakpress.net\/arhiva\/#\/schema\/person\/6e72b67d6e51910a1117b3b483ba20bd"},"image":{"@id":"https:\/\/sandzakpress.net\/arhiva\/pucnjava-u-beranama-izresetan-automobil\/#primaryimage"},"thumbnailUrl":"https:\/\/sandzakpress.net\/arhiva\/wp-content\/uploads\/2016\/09\/14222188_682875491860461_3859426645473856198_n.jpg","articleSection":["Berane","Hronika","VA\u017dNO!"],"inLanguage":"bs-BA","potentialAction":[{"@type":"CommentAction","name":"Comment","target":["https:\/\/sandzakpress.net\/arhiva\/pucnjava-u-beranama-izresetan-automobil\/#respond"]}]},{"@type":"WebPage","@id":"https:\/\/sandzakpress.net\/arhiva\/pucnjava-u-beranama-izresetan-automobil\/","url":"https:\/\/sandzakpress.net\/arhiva\/pucnjava-u-beranama-izresetan-automobil\/","name":"Pucnjava u Beranama: Izre\u0161etan automobil","isPartOf":{"@id":"https:\/\/sandzakpress.net\/arhiva\/#website"},"primaryImageOfPage":{"@id":"https:\/\/sandzakpress.net\/arhiva\/pucnjava-u-beranama-izresetan-automobil\/#primaryimage"},"image":{"@id":"https:\/\/sandzakpress.net\/arhiva\/pucnjava-u-beranama-izresetan-automobil\/#primaryimage"},"thumbnailUrl":"https:\/\/sandzakpress.net\/arhiva\/wp-content\/uploads\/2016\/09\/14222188_682875491860461_3859426645473856198_n.jpg","datePublished":"2016-09-01T15:33:56+00:00","breadcrumb":{"@id":"https:\/\/sandzakpress.net\/arhiva\/pucnjava-u-beranama-izresetan-automobil\/#breadcrumb"},"inLanguage":"bs-BA","potentialAction":[{"@type":"ReadAction","target":["https:\/\/sandzakpress.net\/arhiva\/pucnjava-u-beranama-izresetan-automobil\/"]}]},{"@type":"ImageObject","inLanguage":"bs-BA","@id":"https:\/\/sandzakpress.net\/arhiva\/pucnjava-u-beranama-izresetan-automobil\/#primaryimage","url":"https:\/\/sandzakpress.net\/arhiva\/wp-content\/uploads\/2016\/09\/14222188_682875491860461_3859426645473856198_n.jpg","contentUrl":"https:\/\/sandzakpress.net\/arhiva\/wp-content\/uploads\/2016\/09\/14222188_682875491860461_3859426645473856198_n.jpg","width":584,"height":551},{"@type":"BreadcrumbList","@id":"https:\/\/sandzakpress.net\/arhiva\/pucnjava-u-beranama-izresetan-automobil\/#breadcrumb","itemListElement":[{"@type":"ListItem","position":1,"name":"Home","item":"https:\/\/sandzakpress.net\/arhiva\/"},{"@type":"ListItem","position":2,"name":"Pucnjava u Beranama: Izre\u0161etan automobil"}]},{"@type":"WebSite","@id":"https:\/\/sandzakpress.net\/arhiva\/#website","url":"https:\/\/sandzakpress.net\/arhiva\/","name":"Sand\u017eak PRESS","description":"Prve elektronske novine u Sand\u017eaku","publisher":{"@id":"https:\/\/sandzakpress.net\/arhiva\/#\/schema\/person\/6e72b67d6e51910a1117b3b483ba20bd"},"potentialAction":[{"@type":"SearchAction","target":{"@type":"EntryPoint","urlTemplate":"https:\/\/sandzakpress.net\/arhiva\/?s={search_term_string}"},"query-input":{"@type":"PropertyValueSpecification","valueRequired":true,"valueName":"search_term_string"}}],"inLanguage":"bs-BA"},{"@type":["Person","Organization"],"@id":"https:\/\/sandzakpress.net\/arhiva\/#\/schema\/person\/6e72b67d6e51910a1117b3b483ba20bd","name":"Kul","image":{"@type":"ImageObject","inLanguage":"bs-BA","@id":"https:\/\/sandzakpress.net\/arhiva\/#\/schema\/person\/image\/","url":"https:\/\/secure.gravatar.com\/avatar\/42263f39aa27ac04c43cab85c280eb2e?s=96&d=mm&r=pg","contentUrl":"https:\/\/secure.gravatar.com\/avatar\/42263f39aa27ac04c43cab85c280eb2e?s=96&d=mm&r=pg","caption":"Kul"},"logo":{"@id":"https:\/\/sandzakpress.net\/arhiva\/#\/schema\/person\/image\/"}},{"@type":"Person","@id":"https:\/\/sandzakpress.net\/arhiva\/#\/schema\/person\/c8baee722073534b583ea7bdb2e36c02","name":"bosniak","image":{"@type":"ImageObject","inLanguage":"bs-BA","@id":"https:\/\/sandzakpress.net\/arhiva\/#\/schema\/person\/image\/","url":"https:\/\/secure.gravatar.com\/avatar\/a04fd330bfe3a36a72a0ad4a6d89fca7?s=96&d=mm&r=pg","contentUrl":"https:\/\/secure.gravatar.com\/avatar\/a04fd330bfe3a36a72a0ad4a6d89fca7?s=96&d=mm&r=pg","caption":"bosniak"},"url":"https:\/\/sandzakpress.net\/arhiva\/author\/bosniak\/"}]}},"_links":{"self":[{"href":"https:\/\/sandzakpress.net\/arhiva\/wp-json\/wp\/v2\/posts\/167459"}],"collection":[{"href":"https:\/\/sandzakpress.net\/arhiva\/wp-json\/wp\/v2\/posts"}],"about":[{"href":"https:\/\/sandzakpress.net\/arhiva\/wp-json\/wp\/v2\/types\/post"}],"author":[{"embeddable":true,"href":"https:\/\/sandzakpress.net\/arhiva\/wp-json\/wp\/v2\/users\/83"}],"replies":[{"embeddable":true,"href":"https:\/\/sandzakpress.net\/arhiva\/wp-json\/wp\/v2\/comments?post=167459"}],"version-history":[{"count":0,"href":"https:\/\/sandzakpress.net\/arhiva\/wp-json\/wp\/v2\/posts\/167459\/revisions"}],"wp:featuredmedia":[{"embeddable":true,"href":"https:\/\/sandzakpress.net\/arhiva\/wp-json\/wp\/v2\/media\/167462"}],"wp:attachment":[{"href":"https:\/\/sandzakpress.net\/arhiva\/wp-json\/wp\/v2\/media?parent=167459"}],"wp:term":[{"taxonomy":"category","embeddable":true,"href":"https:\/\/sandzakpress.net\/arhiva\/wp-json\/wp\/v2\/categories?post=167459"},{"taxonomy":"post_tag","embeddable":true,"href":"https:\/\/sandzakpress.net\/arhiva\/wp-json\/wp\/v2\/tags?post=167459"}],"curies":[{"name":"wp","href":"https:\/\/api.w.org\/{rel}","templated":true}]}}