{"id":16722,"date":"2011-06-02T21:21:02","date_gmt":"2011-06-02T19:21:02","guid":{"rendered":"https:\/\/sandzakpress.net\/arhiva\/?p=16722"},"modified":"2011-06-02T21:21:02","modified_gmt":"2011-06-02T19:21:02","slug":"radnici-tk-raske-opet-blokirali-ulaz-u-sud","status":"publish","type":"post","link":"https:\/\/sandzakpress.net\/arhiva\/radnici-tk-raske-opet-blokirali-ulaz-u-sud\/","title":{"rendered":"Radnici TK Ra\u0161ke opet blokirali ulaz u sud"},"content":{"rendered":"<p><strong><a href=\"https:\/\/sandzakpress.net\/arhiva\/wp-content\/uploads\/2011\/06\/vijest-2265.jpg\"><img loading=\"lazy\" decoding=\"async\" class=\"alignleft size-medium wp-image-16723\" src=\"https:\/\/sandzakpress.net\/arhiva\/wp-content\/uploads\/2011\/06\/vijest-2265-300x183.jpg\" alt=\"\" width=\"300\" height=\"183\" \/><\/a>Novi Pazar &#8211; Kako njihovi zahtjevi o Izvr\u0161nim presudama nisu realizovani nakon protesta prije dva dana, radnici tekstilnog kombinata Ra\u0161ka su i danas nastavili svoj protest ispred zgrade Osnovnog suda. Kako im se niko od sudija nije obratio, oni su poku\u0161ali da upadnu u prostorije suda, ali su ih u tome spre\u010dili pripadnici policijske uprave.<\/strong><\/p>\n<p>Kolona radnika predvo\u0111ena predsjednikom \u0161trajka\u010dkog odbora Zoranom Bulatovi\u0107em krenula je jutros od tekstilnog kombinata &#8220;Ra\u0161ka&#8221; ka Vi\u0161em i Osnovnom sudu u Novom Pazaru kako bi izrazila nezadovoljstvo, kako ka\u017eu nepo\u0161tovanjem i neizdatim izvr\u0161nim presudama. Bulatovi\u0107 je sa jo\u0161 nekim radnicima posjetio ju\u010der Beograd i Vladu Srbije obavijestio o goru\u0107im problemima i dostavili su sve izvr\u0161ne presude oko kojih se spore sa novopazarskim sudom.<\/p>\n<p>Radnici ispred suda \u010dekali su Ibrahima Mad\u017eovi\u0107a predsjednika Osnovnog suda, koji se nije pojavio jer kako smo nezvani\u010dno saznali, radnici nisu najavili svoj dolazak. Ne \u017eele\u0107i da vi\u0161e \u010dekaju da ih bilo ko primi radnici su poku\u0161ali da nasilno u\u0111u u sud u \u010demu ih je sprije\u010dila policija.<\/p>\n<p>Ono \u0161to ih je najvi\u0161e zaboljelo , isti\u010de Zoran Bulatovi\u0107, jesu spisi u kojima nema njihovih imena, a kao takvi su godinama le\u017eali u raznim sudovima.<\/p>\n<p>Naravno, dana\u0161nja krivica nije svaljena samo na sudiju Mad\u017eovi\u0107a, ve\u0107 i na Milo\u0161a Mladenovi\u0107a koji je zaslu\u017ean za prodaju imovine TK Raske, isti\u010du radnici. Na kraju, radnicu su rekli da samo \u017eele izvr\u0161enje svojih re\u0161enja i da \u0107e narednih dana nastaviti sa svojim protestom, koji \u0107e biti najverovatnije radikalizovan.<\/p>\n<p>Izvor:<strong> Sandzak.tv<\/strong><\/p>\n","protected":false},"excerpt":{"rendered":"<p>Novi Pazar &#8211; Kako njihovi zahtjevi o Izvr\u0161nim presudama nisu realizovani nakon protesta prije dva dana, radnici tekstilnog kombinata Ra\u0161ka su i danas nastavili svoj protest ispred zgrade Osnovnog suda. Kako im se niko od sudija nije obratio, oni su poku\u0161ali da upadnu u prostorije suda, ali su ih u tome spre\u010dili pripadnici policijske uprave. [&hellip;]<\/p>\n","protected":false},"author":13,"featured_media":16723,"comment_status":"open","ping_status":"open","sticky":false,"template":"","format":"standard","meta":{"footnotes":""},"categories":[72,5],"tags":[],"class_list":{"0":"post-16722","1":"post","2":"type-post","3":"status-publish","4":"format-standard","5":"has-post-thumbnail","7":"category-novi-pazar","8":"category-drustvo"},"yoast_head":"<!-- This site is optimized with the Yoast SEO Premium plugin v23.1 (Yoast SEO v24.9) - https:\/\/yoast.com\/wordpress\/plugins\/seo\/ -->\n<title>Radnici TK Ra\u0161ke opet blokirali ulaz u sud<\/title>\n<meta name=\"robots\" content=\"index, follow, max-snippet:-1, max-image-preview:large, max-video-preview:-1\" \/>\n<link rel=\"canonical\" href=\"https:\/\/sandzakpress.net\/arhiva\/radnici-tk-raske-opet-blokirali-ulaz-u-sud\/\" \/>\n<meta property=\"og:locale\" content=\"bs_BA\" \/>\n<meta property=\"og:type\" content=\"article\" \/>\n<meta property=\"og:title\" content=\"Radnici TK Ra\u0161ke opet blokirali ulaz u sud\" \/>\n<meta property=\"og:description\" content=\"Novi Pazar &#8211; Kako njihovi zahtjevi o Izvr\u0161nim presudama nisu realizovani nakon protesta prije dva dana, radnici tekstilnog kombinata Ra\u0161ka su i danas nastavili svoj protest ispred zgrade Osnovnog suda. Kako im se niko od sudija nije obratio, oni su poku\u0161ali da upadnu u prostorije suda, ali su ih u tome spre\u010dili pripadnici policijske uprave. [&hellip;]\" \/>\n<meta property=\"og:url\" content=\"https:\/\/sandzakpress.net\/arhiva\/radnici-tk-raske-opet-blokirali-ulaz-u-sud\/\" \/>\n<meta property=\"og:site_name\" content=\"Sand\u017eak PRESS\" \/>\n<meta property=\"article:published_time\" content=\"2011-06-02T19:21:02+00:00\" \/>\n<meta property=\"og:image\" content=\"https:\/\/sandzakpress.net\/arhiva\/wp-content\/uploads\/2011\/06\/vijest-2265.jpg\" \/>\n\t<meta property=\"og:image:width\" content=\"470\" \/>\n\t<meta property=\"og:image:height\" content=\"287\" \/>\n\t<meta property=\"og:image:type\" content=\"image\/jpeg\" \/>\n<meta name=\"twitter:card\" content=\"summary_large_image\" \/>\n<meta name=\"twitter:label1\" content=\"Written by\" \/>\n\t<meta name=\"twitter:data1\" content=\"\" \/>\n\t<meta name=\"twitter:label2\" content=\"Est. reading time\" \/>\n\t<meta name=\"twitter:data2\" content=\"1 minuta\" \/>\n<script type=\"application\/ld+json\" class=\"yoast-schema-graph\">{\"@context\":\"https:\/\/schema.org\",\"@graph\":[{\"@type\":\"Article\",\"@id\":\"https:\/\/sandzakpress.net\/arhiva\/radnici-tk-raske-opet-blokirali-ulaz-u-sud\/#article\",\"isPartOf\":{\"@id\":\"https:\/\/sandzakpress.net\/arhiva\/radnici-tk-raske-opet-blokirali-ulaz-u-sud\/\"},\"author\":{\"name\":\"\",\"@id\":\"\"},\"headline\":\"Radnici TK Ra\u0161ke opet blokirali ulaz u sud\",\"datePublished\":\"2011-06-02T19:21:02+00:00\",\"mainEntityOfPage\":{\"@id\":\"https:\/\/sandzakpress.net\/arhiva\/radnici-tk-raske-opet-blokirali-ulaz-u-sud\/\"},\"wordCount\":287,\"commentCount\":1,\"publisher\":{\"@id\":\"https:\/\/sandzakpress.net\/arhiva\/#\/schema\/person\/6e72b67d6e51910a1117b3b483ba20bd\"},\"image\":{\"@id\":\"https:\/\/sandzakpress.net\/arhiva\/radnici-tk-raske-opet-blokirali-ulaz-u-sud\/#primaryimage\"},\"thumbnailUrl\":\"https:\/\/sandzakpress.net\/arhiva\/wp-content\/uploads\/2011\/06\/vijest-2265.jpg\",\"articleSection\":[\"Novi Pazar\",\"Dru\u0161tvo\"],\"inLanguage\":\"bs-BA\",\"potentialAction\":[{\"@type\":\"CommentAction\",\"name\":\"Comment\",\"target\":[\"https:\/\/sandzakpress.net\/arhiva\/radnici-tk-raske-opet-blokirali-ulaz-u-sud\/#respond\"]}]},{\"@type\":\"WebPage\",\"@id\":\"https:\/\/sandzakpress.net\/arhiva\/radnici-tk-raske-opet-blokirali-ulaz-u-sud\/\",\"url\":\"https:\/\/sandzakpress.net\/arhiva\/radnici-tk-raske-opet-blokirali-ulaz-u-sud\/\",\"name\":\"Radnici TK Ra\u0161ke opet blokirali ulaz u sud\",\"isPartOf\":{\"@id\":\"https:\/\/sandzakpress.net\/arhiva\/#website\"},\"primaryImageOfPage\":{\"@id\":\"https:\/\/sandzakpress.net\/arhiva\/radnici-tk-raske-opet-blokirali-ulaz-u-sud\/#primaryimage\"},\"image\":{\"@id\":\"https:\/\/sandzakpress.net\/arhiva\/radnici-tk-raske-opet-blokirali-ulaz-u-sud\/#primaryimage\"},\"thumbnailUrl\":\"https:\/\/sandzakpress.net\/arhiva\/wp-content\/uploads\/2011\/06\/vijest-2265.jpg\",\"datePublished\":\"2011-06-02T19:21:02+00:00\",\"breadcrumb\":{\"@id\":\"https:\/\/sandzakpress.net\/arhiva\/radnici-tk-raske-opet-blokirali-ulaz-u-sud\/#breadcrumb\"},\"inLanguage\":\"bs-BA\",\"potentialAction\":[{\"@type\":\"ReadAction\",\"target\":[\"https:\/\/sandzakpress.net\/arhiva\/radnici-tk-raske-opet-blokirali-ulaz-u-sud\/\"]}]},{\"@type\":\"ImageObject\",\"inLanguage\":\"bs-BA\",\"@id\":\"https:\/\/sandzakpress.net\/arhiva\/radnici-tk-raske-opet-blokirali-ulaz-u-sud\/#primaryimage\",\"url\":\"https:\/\/sandzakpress.net\/arhiva\/wp-content\/uploads\/2011\/06\/vijest-2265.jpg\",\"contentUrl\":\"https:\/\/sandzakpress.net\/arhiva\/wp-content\/uploads\/2011\/06\/vijest-2265.jpg\",\"width\":470,\"height\":287},{\"@type\":\"BreadcrumbList\",\"@id\":\"https:\/\/sandzakpress.net\/arhiva\/radnici-tk-raske-opet-blokirali-ulaz-u-sud\/#breadcrumb\",\"itemListElement\":[{\"@type\":\"ListItem\",\"position\":1,\"name\":\"Home\",\"item\":\"https:\/\/sandzakpress.net\/arhiva\/\"},{\"@type\":\"ListItem\",\"position\":2,\"name\":\"Radnici TK Ra\u0161ke opet blokirali ulaz u sud\"}]},{\"@type\":\"WebSite\",\"@id\":\"https:\/\/sandzakpress.net\/arhiva\/#website\",\"url\":\"https:\/\/sandzakpress.net\/arhiva\/\",\"name\":\"Sand\u017eak PRESS\",\"description\":\"Prve elektronske novine u Sand\u017eaku\",\"publisher\":{\"@id\":\"https:\/\/sandzakpress.net\/arhiva\/#\/schema\/person\/6e72b67d6e51910a1117b3b483ba20bd\"},\"potentialAction\":[{\"@type\":\"SearchAction\",\"target\":{\"@type\":\"EntryPoint\",\"urlTemplate\":\"https:\/\/sandzakpress.net\/arhiva\/?s={search_term_string}\"},\"query-input\":{\"@type\":\"PropertyValueSpecification\",\"valueRequired\":true,\"valueName\":\"search_term_string\"}}],\"inLanguage\":\"bs-BA\"},{\"@type\":[\"Person\",\"Organization\"],\"@id\":\"https:\/\/sandzakpress.net\/arhiva\/#\/schema\/person\/6e72b67d6e51910a1117b3b483ba20bd\",\"name\":\"Kul\",\"image\":{\"@type\":\"ImageObject\",\"inLanguage\":\"bs-BA\",\"@id\":\"https:\/\/sandzakpress.net\/arhiva\/#\/schema\/person\/image\/\",\"url\":\"https:\/\/secure.gravatar.com\/avatar\/42263f39aa27ac04c43cab85c280eb2e?s=96&d=mm&r=pg\",\"contentUrl\":\"https:\/\/secure.gravatar.com\/avatar\/42263f39aa27ac04c43cab85c280eb2e?s=96&d=mm&r=pg\",\"caption\":\"Kul\"},\"logo\":{\"@id\":\"https:\/\/sandzakpress.net\/arhiva\/#\/schema\/person\/image\/\"}},{\"@type\":\"Person\",\"@id\":\"\",\"url\":\"https:\/\/sandzakpress.net\/arhiva\/author\/\"}]}<\/script>\n<!-- \/ Yoast SEO Premium plugin. -->","yoast_head_json":{"title":"Radnici TK Ra\u0161ke opet blokirali ulaz u sud","robots":{"index":"index","follow":"follow","max-snippet":"max-snippet:-1","max-image-preview":"max-image-preview:large","max-video-preview":"max-video-preview:-1"},"canonical":"https:\/\/sandzakpress.net\/arhiva\/radnici-tk-raske-opet-blokirali-ulaz-u-sud\/","og_locale":"bs_BA","og_type":"article","og_title":"Radnici TK Ra\u0161ke opet blokirali ulaz u sud","og_description":"Novi Pazar &#8211; Kako njihovi zahtjevi o Izvr\u0161nim presudama nisu realizovani nakon protesta prije dva dana, radnici tekstilnog kombinata Ra\u0161ka su i danas nastavili svoj protest ispred zgrade Osnovnog suda. Kako im se niko od sudija nije obratio, oni su poku\u0161ali da upadnu u prostorije suda, ali su ih u tome spre\u010dili pripadnici policijske uprave. [&hellip;]","og_url":"https:\/\/sandzakpress.net\/arhiva\/radnici-tk-raske-opet-blokirali-ulaz-u-sud\/","og_site_name":"Sand\u017eak PRESS","article_published_time":"2011-06-02T19:21:02+00:00","og_image":[{"width":470,"height":287,"url":"https:\/\/sandzakpress.net\/arhiva\/wp-content\/uploads\/2011\/06\/vijest-2265.jpg","type":"image\/jpeg"}],"twitter_card":"summary_large_image","twitter_misc":{"Written by":"","Est. reading time":"1 minuta"},"schema":{"@context":"https:\/\/schema.org","@graph":[{"@type":"Article","@id":"https:\/\/sandzakpress.net\/arhiva\/radnici-tk-raske-opet-blokirali-ulaz-u-sud\/#article","isPartOf":{"@id":"https:\/\/sandzakpress.net\/arhiva\/radnici-tk-raske-opet-blokirali-ulaz-u-sud\/"},"author":{"name":"","@id":""},"headline":"Radnici TK Ra\u0161ke opet blokirali ulaz u sud","datePublished":"2011-06-02T19:21:02+00:00","mainEntityOfPage":{"@id":"https:\/\/sandzakpress.net\/arhiva\/radnici-tk-raske-opet-blokirali-ulaz-u-sud\/"},"wordCount":287,"commentCount":1,"publisher":{"@id":"https:\/\/sandzakpress.net\/arhiva\/#\/schema\/person\/6e72b67d6e51910a1117b3b483ba20bd"},"image":{"@id":"https:\/\/sandzakpress.net\/arhiva\/radnici-tk-raske-opet-blokirali-ulaz-u-sud\/#primaryimage"},"thumbnailUrl":"https:\/\/sandzakpress.net\/arhiva\/wp-content\/uploads\/2011\/06\/vijest-2265.jpg","articleSection":["Novi Pazar","Dru\u0161tvo"],"inLanguage":"bs-BA","potentialAction":[{"@type":"CommentAction","name":"Comment","target":["https:\/\/sandzakpress.net\/arhiva\/radnici-tk-raske-opet-blokirali-ulaz-u-sud\/#respond"]}]},{"@type":"WebPage","@id":"https:\/\/sandzakpress.net\/arhiva\/radnici-tk-raske-opet-blokirali-ulaz-u-sud\/","url":"https:\/\/sandzakpress.net\/arhiva\/radnici-tk-raske-opet-blokirali-ulaz-u-sud\/","name":"Radnici TK Ra\u0161ke opet blokirali ulaz u sud","isPartOf":{"@id":"https:\/\/sandzakpress.net\/arhiva\/#website"},"primaryImageOfPage":{"@id":"https:\/\/sandzakpress.net\/arhiva\/radnici-tk-raske-opet-blokirali-ulaz-u-sud\/#primaryimage"},"image":{"@id":"https:\/\/sandzakpress.net\/arhiva\/radnici-tk-raske-opet-blokirali-ulaz-u-sud\/#primaryimage"},"thumbnailUrl":"https:\/\/sandzakpress.net\/arhiva\/wp-content\/uploads\/2011\/06\/vijest-2265.jpg","datePublished":"2011-06-02T19:21:02+00:00","breadcrumb":{"@id":"https:\/\/sandzakpress.net\/arhiva\/radnici-tk-raske-opet-blokirali-ulaz-u-sud\/#breadcrumb"},"inLanguage":"bs-BA","potentialAction":[{"@type":"ReadAction","target":["https:\/\/sandzakpress.net\/arhiva\/radnici-tk-raske-opet-blokirali-ulaz-u-sud\/"]}]},{"@type":"ImageObject","inLanguage":"bs-BA","@id":"https:\/\/sandzakpress.net\/arhiva\/radnici-tk-raske-opet-blokirali-ulaz-u-sud\/#primaryimage","url":"https:\/\/sandzakpress.net\/arhiva\/wp-content\/uploads\/2011\/06\/vijest-2265.jpg","contentUrl":"https:\/\/sandzakpress.net\/arhiva\/wp-content\/uploads\/2011\/06\/vijest-2265.jpg","width":470,"height":287},{"@type":"BreadcrumbList","@id":"https:\/\/sandzakpress.net\/arhiva\/radnici-tk-raske-opet-blokirali-ulaz-u-sud\/#breadcrumb","itemListElement":[{"@type":"ListItem","position":1,"name":"Home","item":"https:\/\/sandzakpress.net\/arhiva\/"},{"@type":"ListItem","position":2,"name":"Radnici TK Ra\u0161ke opet blokirali ulaz u sud"}]},{"@type":"WebSite","@id":"https:\/\/sandzakpress.net\/arhiva\/#website","url":"https:\/\/sandzakpress.net\/arhiva\/","name":"Sand\u017eak PRESS","description":"Prve elektronske novine u Sand\u017eaku","publisher":{"@id":"https:\/\/sandzakpress.net\/arhiva\/#\/schema\/person\/6e72b67d6e51910a1117b3b483ba20bd"},"potentialAction":[{"@type":"SearchAction","target":{"@type":"EntryPoint","urlTemplate":"https:\/\/sandzakpress.net\/arhiva\/?s={search_term_string}"},"query-input":{"@type":"PropertyValueSpecification","valueRequired":true,"valueName":"search_term_string"}}],"inLanguage":"bs-BA"},{"@type":["Person","Organization"],"@id":"https:\/\/sandzakpress.net\/arhiva\/#\/schema\/person\/6e72b67d6e51910a1117b3b483ba20bd","name":"Kul","image":{"@type":"ImageObject","inLanguage":"bs-BA","@id":"https:\/\/sandzakpress.net\/arhiva\/#\/schema\/person\/image\/","url":"https:\/\/secure.gravatar.com\/avatar\/42263f39aa27ac04c43cab85c280eb2e?s=96&d=mm&r=pg","contentUrl":"https:\/\/secure.gravatar.com\/avatar\/42263f39aa27ac04c43cab85c280eb2e?s=96&d=mm&r=pg","caption":"Kul"},"logo":{"@id":"https:\/\/sandzakpress.net\/arhiva\/#\/schema\/person\/image\/"}},{"@type":"Person","@id":"","url":"https:\/\/sandzakpress.net\/arhiva\/author\/"}]}},"_links":{"self":[{"href":"https:\/\/sandzakpress.net\/arhiva\/wp-json\/wp\/v2\/posts\/16722"}],"collection":[{"href":"https:\/\/sandzakpress.net\/arhiva\/wp-json\/wp\/v2\/posts"}],"about":[{"href":"https:\/\/sandzakpress.net\/arhiva\/wp-json\/wp\/v2\/types\/post"}],"author":[{"embeddable":true,"href":"https:\/\/sandzakpress.net\/arhiva\/wp-json\/wp\/v2\/users\/13"}],"replies":[{"embeddable":true,"href":"https:\/\/sandzakpress.net\/arhiva\/wp-json\/wp\/v2\/comments?post=16722"}],"version-history":[{"count":0,"href":"https:\/\/sandzakpress.net\/arhiva\/wp-json\/wp\/v2\/posts\/16722\/revisions"}],"wp:featuredmedia":[{"embeddable":true,"href":"https:\/\/sandzakpress.net\/arhiva\/wp-json\/wp\/v2\/media\/16723"}],"wp:attachment":[{"href":"https:\/\/sandzakpress.net\/arhiva\/wp-json\/wp\/v2\/media?parent=16722"}],"wp:term":[{"taxonomy":"category","embeddable":true,"href":"https:\/\/sandzakpress.net\/arhiva\/wp-json\/wp\/v2\/categories?post=16722"},{"taxonomy":"post_tag","embeddable":true,"href":"https:\/\/sandzakpress.net\/arhiva\/wp-json\/wp\/v2\/tags?post=16722"}],"curies":[{"name":"wp","href":"https:\/\/api.w.org\/{rel}","templated":true}]}}