{"id":167065,"date":"2016-08-29T10:23:12","date_gmt":"2016-08-29T08:23:12","guid":{"rendered":"https:\/\/sandzakpress.net\/arhiva\/?p=167065"},"modified":"2016-08-29T13:25:51","modified_gmt":"2016-08-29T11:25:51","slug":"susret-privrednika-iz-novog-pazara-i-turske-privreda-je-nas-najjaci-most-saradnje","status":"publish","type":"post","link":"https:\/\/sandzakpress.net\/arhiva\/susret-privrednika-iz-novog-pazara-i-turske-privreda-je-nas-najjaci-most-saradnje\/","title":{"rendered":"Susret privrednika iz Novog Pazara i Turske: Privreda je na\u0161 najja\u010di most saradnje"},"content":{"rendered":"<p><strong>Novi Pazar &#8211; Jezik uspje\u0161ne privrede svi razumiju, bez obzira na to kome narodu i kojoj vjeri pripadaju.<\/strong><\/p>\n<div class=\"youtube-embed\" data-video_id=\"zSyl0-GBIZg\"><iframe loading=\"lazy\" title=\"SASTANAK PRIVREDNIKA TURSKE I SAND\u017dAKA U NOVOM PAZARU\" width=\"696\" height=\"522\" src=\"https:\/\/www.youtube.com\/embed\/zSyl0-GBIZg?feature=oembed&#038;enablejsapi=1\" frameborder=\"0\" allow=\"accelerometer; autoplay; encrypted-media; gyroscope; picture-in-picture\" allowfullscreen><\/iframe><\/div>\n<p>Ova poruka okupila je ju\u010de, u Novom Pazaru, privrednike iz Turske i predstavnike novopazarskih preduze\u0107a, ali i drugih: iz Sjenice, Tutina i Ra\u0161ke, koji vide interes u povezivanju svih privrednih grana izme\u0111u ovog dijela Srbije s turskom ekonomijom. Cilj im je zajedni\u010dki: bolji \u017eivot svih koji \u0107e na ovom najnovijem mostu saradnje na\u0107i svoje mjesto.<\/p>\n<p>Susret su organizovali novopazarski gradona\u010delnik Nikad Bi\u0161evac i Svjetski turski poslovni forum, u koji je uklju\u010deno devedeset zemalja iz svih dijelova sveta.<\/p>\n<p>&#8211; \u017delimo da unaprijedimo privrednu saradnju sa Srbijom, podignemo nove mostove i u\u010dvrstimo stare &#8211; kazao je, za \u201cNovosti\u201d, Sinusiv Misiroglu, konsultant Svetskog turskog poslovnog foruma. &#8211; Mi vidimo izuzetnu mogu\u0107nost u me\u0111usobnoj ekonomskoj povezanosti, ali i to da preko ove regije, ovog dijela Srbije, pove\u017eemo i ostale zemlje i regije Balkana koje \u0107e u poslovnim odnosima biti umre\u017eene upravo preko Novog Pazara.<\/p>\n<p>Govore\u0107i o tome kakve su \u0161anse da se pove\u017eu srpska preduze\u0107a drvne industrije, poljoprivrede, sto\u010darstva, tekstila, prehrane, Misiroglu je dodao:<\/p>\n<p>&#8211; jVerujem da \u0107e i Vlada Srbije u koju pola\u017eemo sve pohvale i puno povjerenje podsta\u0107i i pomo\u0107i ovaj most saradnje, na obostranu dobrobit srpskog i turskog naroda.<\/p>\n<p>Na ovom susretu privrednika Turske, Novog Pazara i drugih op\u0161tina za realizaciju privredne saradnje ne samo izme\u0111u Srbije i Turske, ve\u0107 i izme\u0111u Turske i drugih balkanskih zemalja, zadu\u017een je Salih Had\u017eifejzovi\u0107, uspje\u0161an i ugledan privrednik iz Istanbula.<br \/><b><br \/><\/b>KO JE SALIH HAD\u017eIFEJZOVI\u0106<\/p>\n<p>Prije nekoliko dana, \u201cNovosti\u201d su iz Istanbula donijele pri\u010du o Salihu Had\u017eifejzovi\u0107u, koji je ju\u010de na sastanku privrednika u Novom Pazaru odabran da koordinira saradnjom privrednika Srbije i Turske, kao i drugih balkanskih zemalja. Ro\u0111en je u Milo\u0161evom Dolu kod Sjenice. Imao je 17 godina kada se s roditeljima odselio u Tursku i, kanije, tamo postao uspje\u0161an i ugledan privrednik. Sponzor je Biciklisti\u010dkog saveza Srbije, olimpijskih takmi\u010dara u biciklizmu i donator najsiroma\u0161nijim porodicama u svom zavi\u010daju.<\/p>\n<p>(novosti)<\/p>\n","protected":false},"excerpt":{"rendered":"<p>Novi Pazar &#8211; Jezik uspje\u0161ne privrede svi razumiju, bez obzira na to kome narodu i kojoj vjeri pripadaju. Ova poruka okupila je ju\u010de, u Novom Pazaru, privrednike iz Turske i predstavnike novopazarskih preduze\u0107a, ali i drugih: iz Sjenice, Tutina i Ra\u0161ke, koji vide interes u povezivanju svih privrednih grana izme\u0111u ovog dijela Srbije s turskom [&hellip;]<\/p>\n","protected":false},"author":83,"featured_media":167094,"comment_status":"open","ping_status":"open","sticky":false,"template":"","format":"standard","meta":{"footnotes":""},"categories":[72,52,327,3,8957,798],"tags":[],"class_list":{"0":"post-167065","1":"post","2":"type-post","3":"status-publish","4":"format-standard","5":"has-post-thumbnail","7":"category-novi-pazar","8":"category-sjenica","9":"category-tutin","10":"category-privreda","11":"category-vijesti-dana","12":"category-teme"},"yoast_head":"<!-- This site is optimized with the Yoast SEO Premium plugin v23.1 (Yoast SEO v24.9) - https:\/\/yoast.com\/wordpress\/plugins\/seo\/ -->\n<title>Susret privrednika iz Novog Pazara i Turske: Privreda je na\u0161 najja\u010di most saradnje<\/title>\n<meta name=\"robots\" content=\"index, follow, max-snippet:-1, max-image-preview:large, max-video-preview:-1\" \/>\n<link rel=\"canonical\" href=\"https:\/\/sandzakpress.net\/arhiva\/susret-privrednika-iz-novog-pazara-i-turske-privreda-je-nas-najjaci-most-saradnje\/\" \/>\n<meta property=\"og:locale\" content=\"bs_BA\" \/>\n<meta property=\"og:type\" content=\"article\" \/>\n<meta property=\"og:title\" content=\"Susret privrednika iz Novog Pazara i Turske: Privreda je na\u0161 najja\u010di most saradnje\" \/>\n<meta property=\"og:description\" content=\"Novi Pazar &#8211; Jezik uspje\u0161ne privrede svi razumiju, bez obzira na to kome narodu i kojoj vjeri pripadaju. Ova poruka okupila je ju\u010de, u Novom Pazaru, privrednike iz Turske i predstavnike novopazarskih preduze\u0107a, ali i drugih: iz Sjenice, Tutina i Ra\u0161ke, koji vide interes u povezivanju svih privrednih grana izme\u0111u ovog dijela Srbije s turskom [&hellip;]\" \/>\n<meta property=\"og:url\" content=\"https:\/\/sandzakpress.net\/arhiva\/susret-privrednika-iz-novog-pazara-i-turske-privreda-je-nas-najjaci-most-saradnje\/\" \/>\n<meta property=\"og:site_name\" content=\"Sand\u017eak PRESS\" \/>\n<meta property=\"article:published_time\" content=\"2016-08-29T08:23:12+00:00\" \/>\n<meta property=\"article:modified_time\" content=\"2016-08-29T11:25:51+00:00\" \/>\n<meta property=\"og:image\" content=\"https:\/\/sandzakpress.net\/arhiva\/wp-content\/uploads\/2016\/08\/0-53.jpg\" \/>\n\t<meta property=\"og:image:width\" content=\"480\" \/>\n\t<meta property=\"og:image:height\" content=\"360\" \/>\n\t<meta property=\"og:image:type\" content=\"image\/jpeg\" \/>\n<meta name=\"author\" content=\"bosniak\" \/>\n<meta name=\"twitter:card\" content=\"summary_large_image\" \/>\n<meta name=\"twitter:label1\" content=\"Written by\" \/>\n\t<meta name=\"twitter:data1\" content=\"bosniak\" \/>\n\t<meta name=\"twitter:label2\" content=\"Est. reading time\" \/>\n\t<meta name=\"twitter:data2\" content=\"2 minute\" \/>\n<script type=\"application\/ld+json\" class=\"yoast-schema-graph\">{\"@context\":\"https:\/\/schema.org\",\"@graph\":[{\"@type\":\"Article\",\"@id\":\"https:\/\/sandzakpress.net\/arhiva\/susret-privrednika-iz-novog-pazara-i-turske-privreda-je-nas-najjaci-most-saradnje\/#article\",\"isPartOf\":{\"@id\":\"https:\/\/sandzakpress.net\/arhiva\/susret-privrednika-iz-novog-pazara-i-turske-privreda-je-nas-najjaci-most-saradnje\/\"},\"author\":{\"name\":\"bosniak\",\"@id\":\"https:\/\/sandzakpress.net\/arhiva\/#\/schema\/person\/c8baee722073534b583ea7bdb2e36c02\"},\"headline\":\"Susret privrednika iz Novog Pazara i Turske: Privreda je na\u0161 najja\u010di most saradnje\",\"datePublished\":\"2016-08-29T08:23:12+00:00\",\"dateModified\":\"2016-08-29T11:25:51+00:00\",\"mainEntityOfPage\":{\"@id\":\"https:\/\/sandzakpress.net\/arhiva\/susret-privrednika-iz-novog-pazara-i-turske-privreda-je-nas-najjaci-most-saradnje\/\"},\"wordCount\":386,\"commentCount\":2,\"publisher\":{\"@id\":\"https:\/\/sandzakpress.net\/arhiva\/#\/schema\/person\/6e72b67d6e51910a1117b3b483ba20bd\"},\"image\":{\"@id\":\"https:\/\/sandzakpress.net\/arhiva\/susret-privrednika-iz-novog-pazara-i-turske-privreda-je-nas-najjaci-most-saradnje\/#primaryimage\"},\"thumbnailUrl\":\"https:\/\/sandzakpress.net\/arhiva\/wp-content\/uploads\/2016\/08\/0-53.jpg\",\"articleSection\":[\"Novi Pazar\",\"Sjenica\",\"Tutin\",\"Privreda\",\"VIJESTI DANA\",\"NAJNOVIJE\"],\"inLanguage\":\"bs-BA\",\"potentialAction\":[{\"@type\":\"CommentAction\",\"name\":\"Comment\",\"target\":[\"https:\/\/sandzakpress.net\/arhiva\/susret-privrednika-iz-novog-pazara-i-turske-privreda-je-nas-najjaci-most-saradnje\/#respond\"]}]},{\"@type\":\"WebPage\",\"@id\":\"https:\/\/sandzakpress.net\/arhiva\/susret-privrednika-iz-novog-pazara-i-turske-privreda-je-nas-najjaci-most-saradnje\/\",\"url\":\"https:\/\/sandzakpress.net\/arhiva\/susret-privrednika-iz-novog-pazara-i-turske-privreda-je-nas-najjaci-most-saradnje\/\",\"name\":\"Susret privrednika iz Novog Pazara i Turske: Privreda je na\u0161 najja\u010di most saradnje\",\"isPartOf\":{\"@id\":\"https:\/\/sandzakpress.net\/arhiva\/#website\"},\"primaryImageOfPage\":{\"@id\":\"https:\/\/sandzakpress.net\/arhiva\/susret-privrednika-iz-novog-pazara-i-turske-privreda-je-nas-najjaci-most-saradnje\/#primaryimage\"},\"image\":{\"@id\":\"https:\/\/sandzakpress.net\/arhiva\/susret-privrednika-iz-novog-pazara-i-turske-privreda-je-nas-najjaci-most-saradnje\/#primaryimage\"},\"thumbnailUrl\":\"https:\/\/sandzakpress.net\/arhiva\/wp-content\/uploads\/2016\/08\/0-53.jpg\",\"datePublished\":\"2016-08-29T08:23:12+00:00\",\"dateModified\":\"2016-08-29T11:25:51+00:00\",\"breadcrumb\":{\"@id\":\"https:\/\/sandzakpress.net\/arhiva\/susret-privrednika-iz-novog-pazara-i-turske-privreda-je-nas-najjaci-most-saradnje\/#breadcrumb\"},\"inLanguage\":\"bs-BA\",\"potentialAction\":[{\"@type\":\"ReadAction\",\"target\":[\"https:\/\/sandzakpress.net\/arhiva\/susret-privrednika-iz-novog-pazara-i-turske-privreda-je-nas-najjaci-most-saradnje\/\"]}]},{\"@type\":\"ImageObject\",\"inLanguage\":\"bs-BA\",\"@id\":\"https:\/\/sandzakpress.net\/arhiva\/susret-privrednika-iz-novog-pazara-i-turske-privreda-je-nas-najjaci-most-saradnje\/#primaryimage\",\"url\":\"https:\/\/sandzakpress.net\/arhiva\/wp-content\/uploads\/2016\/08\/0-53.jpg\",\"contentUrl\":\"https:\/\/sandzakpress.net\/arhiva\/wp-content\/uploads\/2016\/08\/0-53.jpg\",\"width\":480,\"height\":360},{\"@type\":\"BreadcrumbList\",\"@id\":\"https:\/\/sandzakpress.net\/arhiva\/susret-privrednika-iz-novog-pazara-i-turske-privreda-je-nas-najjaci-most-saradnje\/#breadcrumb\",\"itemListElement\":[{\"@type\":\"ListItem\",\"position\":1,\"name\":\"Home\",\"item\":\"https:\/\/sandzakpress.net\/arhiva\/\"},{\"@type\":\"ListItem\",\"position\":2,\"name\":\"Susret privrednika iz Novog Pazara i Turske: Privreda je na\u0161 najja\u010di most saradnje\"}]},{\"@type\":\"WebSite\",\"@id\":\"https:\/\/sandzakpress.net\/arhiva\/#website\",\"url\":\"https:\/\/sandzakpress.net\/arhiva\/\",\"name\":\"Sand\u017eak PRESS\",\"description\":\"Prve elektronske novine u Sand\u017eaku\",\"publisher\":{\"@id\":\"https:\/\/sandzakpress.net\/arhiva\/#\/schema\/person\/6e72b67d6e51910a1117b3b483ba20bd\"},\"potentialAction\":[{\"@type\":\"SearchAction\",\"target\":{\"@type\":\"EntryPoint\",\"urlTemplate\":\"https:\/\/sandzakpress.net\/arhiva\/?s={search_term_string}\"},\"query-input\":{\"@type\":\"PropertyValueSpecification\",\"valueRequired\":true,\"valueName\":\"search_term_string\"}}],\"inLanguage\":\"bs-BA\"},{\"@type\":[\"Person\",\"Organization\"],\"@id\":\"https:\/\/sandzakpress.net\/arhiva\/#\/schema\/person\/6e72b67d6e51910a1117b3b483ba20bd\",\"name\":\"Kul\",\"image\":{\"@type\":\"ImageObject\",\"inLanguage\":\"bs-BA\",\"@id\":\"https:\/\/sandzakpress.net\/arhiva\/#\/schema\/person\/image\/\",\"url\":\"https:\/\/secure.gravatar.com\/avatar\/42263f39aa27ac04c43cab85c280eb2e?s=96&d=mm&r=pg\",\"contentUrl\":\"https:\/\/secure.gravatar.com\/avatar\/42263f39aa27ac04c43cab85c280eb2e?s=96&d=mm&r=pg\",\"caption\":\"Kul\"},\"logo\":{\"@id\":\"https:\/\/sandzakpress.net\/arhiva\/#\/schema\/person\/image\/\"}},{\"@type\":\"Person\",\"@id\":\"https:\/\/sandzakpress.net\/arhiva\/#\/schema\/person\/c8baee722073534b583ea7bdb2e36c02\",\"name\":\"bosniak\",\"image\":{\"@type\":\"ImageObject\",\"inLanguage\":\"bs-BA\",\"@id\":\"https:\/\/sandzakpress.net\/arhiva\/#\/schema\/person\/image\/\",\"url\":\"https:\/\/secure.gravatar.com\/avatar\/a04fd330bfe3a36a72a0ad4a6d89fca7?s=96&d=mm&r=pg\",\"contentUrl\":\"https:\/\/secure.gravatar.com\/avatar\/a04fd330bfe3a36a72a0ad4a6d89fca7?s=96&d=mm&r=pg\",\"caption\":\"bosniak\"},\"url\":\"https:\/\/sandzakpress.net\/arhiva\/author\/bosniak\/\"}]}<\/script>\n<!-- \/ Yoast SEO Premium plugin. -->","yoast_head_json":{"title":"Susret privrednika iz Novog Pazara i Turske: Privreda je na\u0161 najja\u010di most saradnje","robots":{"index":"index","follow":"follow","max-snippet":"max-snippet:-1","max-image-preview":"max-image-preview:large","max-video-preview":"max-video-preview:-1"},"canonical":"https:\/\/sandzakpress.net\/arhiva\/susret-privrednika-iz-novog-pazara-i-turske-privreda-je-nas-najjaci-most-saradnje\/","og_locale":"bs_BA","og_type":"article","og_title":"Susret privrednika iz Novog Pazara i Turske: Privreda je na\u0161 najja\u010di most saradnje","og_description":"Novi Pazar &#8211; Jezik uspje\u0161ne privrede svi razumiju, bez obzira na to kome narodu i kojoj vjeri pripadaju. Ova poruka okupila je ju\u010de, u Novom Pazaru, privrednike iz Turske i predstavnike novopazarskih preduze\u0107a, ali i drugih: iz Sjenice, Tutina i Ra\u0161ke, koji vide interes u povezivanju svih privrednih grana izme\u0111u ovog dijela Srbije s turskom [&hellip;]","og_url":"https:\/\/sandzakpress.net\/arhiva\/susret-privrednika-iz-novog-pazara-i-turske-privreda-je-nas-najjaci-most-saradnje\/","og_site_name":"Sand\u017eak PRESS","article_published_time":"2016-08-29T08:23:12+00:00","article_modified_time":"2016-08-29T11:25:51+00:00","og_image":[{"width":480,"height":360,"url":"https:\/\/sandzakpress.net\/arhiva\/wp-content\/uploads\/2016\/08\/0-53.jpg","type":"image\/jpeg"}],"author":"bosniak","twitter_card":"summary_large_image","twitter_misc":{"Written by":"bosniak","Est. reading time":"2 minute"},"schema":{"@context":"https:\/\/schema.org","@graph":[{"@type":"Article","@id":"https:\/\/sandzakpress.net\/arhiva\/susret-privrednika-iz-novog-pazara-i-turske-privreda-je-nas-najjaci-most-saradnje\/#article","isPartOf":{"@id":"https:\/\/sandzakpress.net\/arhiva\/susret-privrednika-iz-novog-pazara-i-turske-privreda-je-nas-najjaci-most-saradnje\/"},"author":{"name":"bosniak","@id":"https:\/\/sandzakpress.net\/arhiva\/#\/schema\/person\/c8baee722073534b583ea7bdb2e36c02"},"headline":"Susret privrednika iz Novog Pazara i Turske: Privreda je na\u0161 najja\u010di most saradnje","datePublished":"2016-08-29T08:23:12+00:00","dateModified":"2016-08-29T11:25:51+00:00","mainEntityOfPage":{"@id":"https:\/\/sandzakpress.net\/arhiva\/susret-privrednika-iz-novog-pazara-i-turske-privreda-je-nas-najjaci-most-saradnje\/"},"wordCount":386,"commentCount":2,"publisher":{"@id":"https:\/\/sandzakpress.net\/arhiva\/#\/schema\/person\/6e72b67d6e51910a1117b3b483ba20bd"},"image":{"@id":"https:\/\/sandzakpress.net\/arhiva\/susret-privrednika-iz-novog-pazara-i-turske-privreda-je-nas-najjaci-most-saradnje\/#primaryimage"},"thumbnailUrl":"https:\/\/sandzakpress.net\/arhiva\/wp-content\/uploads\/2016\/08\/0-53.jpg","articleSection":["Novi Pazar","Sjenica","Tutin","Privreda","VIJESTI DANA","NAJNOVIJE"],"inLanguage":"bs-BA","potentialAction":[{"@type":"CommentAction","name":"Comment","target":["https:\/\/sandzakpress.net\/arhiva\/susret-privrednika-iz-novog-pazara-i-turske-privreda-je-nas-najjaci-most-saradnje\/#respond"]}]},{"@type":"WebPage","@id":"https:\/\/sandzakpress.net\/arhiva\/susret-privrednika-iz-novog-pazara-i-turske-privreda-je-nas-najjaci-most-saradnje\/","url":"https:\/\/sandzakpress.net\/arhiva\/susret-privrednika-iz-novog-pazara-i-turske-privreda-je-nas-najjaci-most-saradnje\/","name":"Susret privrednika iz Novog Pazara i Turske: Privreda je na\u0161 najja\u010di most saradnje","isPartOf":{"@id":"https:\/\/sandzakpress.net\/arhiva\/#website"},"primaryImageOfPage":{"@id":"https:\/\/sandzakpress.net\/arhiva\/susret-privrednika-iz-novog-pazara-i-turske-privreda-je-nas-najjaci-most-saradnje\/#primaryimage"},"image":{"@id":"https:\/\/sandzakpress.net\/arhiva\/susret-privrednika-iz-novog-pazara-i-turske-privreda-je-nas-najjaci-most-saradnje\/#primaryimage"},"thumbnailUrl":"https:\/\/sandzakpress.net\/arhiva\/wp-content\/uploads\/2016\/08\/0-53.jpg","datePublished":"2016-08-29T08:23:12+00:00","dateModified":"2016-08-29T11:25:51+00:00","breadcrumb":{"@id":"https:\/\/sandzakpress.net\/arhiva\/susret-privrednika-iz-novog-pazara-i-turske-privreda-je-nas-najjaci-most-saradnje\/#breadcrumb"},"inLanguage":"bs-BA","potentialAction":[{"@type":"ReadAction","target":["https:\/\/sandzakpress.net\/arhiva\/susret-privrednika-iz-novog-pazara-i-turske-privreda-je-nas-najjaci-most-saradnje\/"]}]},{"@type":"ImageObject","inLanguage":"bs-BA","@id":"https:\/\/sandzakpress.net\/arhiva\/susret-privrednika-iz-novog-pazara-i-turske-privreda-je-nas-najjaci-most-saradnje\/#primaryimage","url":"https:\/\/sandzakpress.net\/arhiva\/wp-content\/uploads\/2016\/08\/0-53.jpg","contentUrl":"https:\/\/sandzakpress.net\/arhiva\/wp-content\/uploads\/2016\/08\/0-53.jpg","width":480,"height":360},{"@type":"BreadcrumbList","@id":"https:\/\/sandzakpress.net\/arhiva\/susret-privrednika-iz-novog-pazara-i-turske-privreda-je-nas-najjaci-most-saradnje\/#breadcrumb","itemListElement":[{"@type":"ListItem","position":1,"name":"Home","item":"https:\/\/sandzakpress.net\/arhiva\/"},{"@type":"ListItem","position":2,"name":"Susret privrednika iz Novog Pazara i Turske: Privreda je na\u0161 najja\u010di most saradnje"}]},{"@type":"WebSite","@id":"https:\/\/sandzakpress.net\/arhiva\/#website","url":"https:\/\/sandzakpress.net\/arhiva\/","name":"Sand\u017eak PRESS","description":"Prve elektronske novine u Sand\u017eaku","publisher":{"@id":"https:\/\/sandzakpress.net\/arhiva\/#\/schema\/person\/6e72b67d6e51910a1117b3b483ba20bd"},"potentialAction":[{"@type":"SearchAction","target":{"@type":"EntryPoint","urlTemplate":"https:\/\/sandzakpress.net\/arhiva\/?s={search_term_string}"},"query-input":{"@type":"PropertyValueSpecification","valueRequired":true,"valueName":"search_term_string"}}],"inLanguage":"bs-BA"},{"@type":["Person","Organization"],"@id":"https:\/\/sandzakpress.net\/arhiva\/#\/schema\/person\/6e72b67d6e51910a1117b3b483ba20bd","name":"Kul","image":{"@type":"ImageObject","inLanguage":"bs-BA","@id":"https:\/\/sandzakpress.net\/arhiva\/#\/schema\/person\/image\/","url":"https:\/\/secure.gravatar.com\/avatar\/42263f39aa27ac04c43cab85c280eb2e?s=96&d=mm&r=pg","contentUrl":"https:\/\/secure.gravatar.com\/avatar\/42263f39aa27ac04c43cab85c280eb2e?s=96&d=mm&r=pg","caption":"Kul"},"logo":{"@id":"https:\/\/sandzakpress.net\/arhiva\/#\/schema\/person\/image\/"}},{"@type":"Person","@id":"https:\/\/sandzakpress.net\/arhiva\/#\/schema\/person\/c8baee722073534b583ea7bdb2e36c02","name":"bosniak","image":{"@type":"ImageObject","inLanguage":"bs-BA","@id":"https:\/\/sandzakpress.net\/arhiva\/#\/schema\/person\/image\/","url":"https:\/\/secure.gravatar.com\/avatar\/a04fd330bfe3a36a72a0ad4a6d89fca7?s=96&d=mm&r=pg","contentUrl":"https:\/\/secure.gravatar.com\/avatar\/a04fd330bfe3a36a72a0ad4a6d89fca7?s=96&d=mm&r=pg","caption":"bosniak"},"url":"https:\/\/sandzakpress.net\/arhiva\/author\/bosniak\/"}]}},"_links":{"self":[{"href":"https:\/\/sandzakpress.net\/arhiva\/wp-json\/wp\/v2\/posts\/167065"}],"collection":[{"href":"https:\/\/sandzakpress.net\/arhiva\/wp-json\/wp\/v2\/posts"}],"about":[{"href":"https:\/\/sandzakpress.net\/arhiva\/wp-json\/wp\/v2\/types\/post"}],"author":[{"embeddable":true,"href":"https:\/\/sandzakpress.net\/arhiva\/wp-json\/wp\/v2\/users\/83"}],"replies":[{"embeddable":true,"href":"https:\/\/sandzakpress.net\/arhiva\/wp-json\/wp\/v2\/comments?post=167065"}],"version-history":[{"count":0,"href":"https:\/\/sandzakpress.net\/arhiva\/wp-json\/wp\/v2\/posts\/167065\/revisions"}],"wp:featuredmedia":[{"embeddable":true,"href":"https:\/\/sandzakpress.net\/arhiva\/wp-json\/wp\/v2\/media\/167094"}],"wp:attachment":[{"href":"https:\/\/sandzakpress.net\/arhiva\/wp-json\/wp\/v2\/media?parent=167065"}],"wp:term":[{"taxonomy":"category","embeddable":true,"href":"https:\/\/sandzakpress.net\/arhiva\/wp-json\/wp\/v2\/categories?post=167065"},{"taxonomy":"post_tag","embeddable":true,"href":"https:\/\/sandzakpress.net\/arhiva\/wp-json\/wp\/v2\/tags?post=167065"}],"curies":[{"name":"wp","href":"https:\/\/api.w.org\/{rel}","templated":true}]}}