{"id":16702,"date":"2011-05-29T21:02:34","date_gmt":"2011-05-29T19:02:34","guid":{"rendered":"https:\/\/sandzakpress.net\/arhiva\/?p=16702"},"modified":"2011-05-29T21:02:34","modified_gmt":"2011-05-29T19:02:34","slug":"patrijarh-danas-u-manastiru-milesevo","status":"publish","type":"post","link":"https:\/\/sandzakpress.net\/arhiva\/patrijarh-danas-u-manastiru-milesevo\/","title":{"rendered":"Patrijarh danas u manastiru Mile\u0161evo"},"content":{"rendered":"<p><strong><a href=\"https:\/\/sandzakpress.net\/arhiva\/wp-content\/uploads\/2011\/05\/27-patrijarh.jpg\"><img loading=\"lazy\" decoding=\"async\" class=\"alignleft size-medium wp-image-16703\" src=\"https:\/\/sandzakpress.net\/arhiva\/wp-content\/uploads\/2011\/05\/27-patrijarh-300x198.jpg\" alt=\"\" width=\"300\" height=\"198\" \/><\/a>Prijepolje\u00a0 &#8211; Poglavar Srpske pravoslavne crkve (SPC) Irinej po\u010dinje  danas dvodnevnu posjetu Mile\u0161evskoj eparhiji i obnovljenog manastira  Mile\u0161eva.<\/strong><\/p>\n<p>Patrijarh Irinej osve\u0161ta\u0107e novi konak manastira Mile\u0161evo, rekli su u  sedi\u0161tu Mile\u0161evske eparhije. On \u0107e obi\u0107i i crkve brvnare u Vodenoj  poljani na Zlataru i hram Svete Trojice u Novoj Varo\u0161i.<\/p>\n<p>Dvodnevnu posjetu Mile\u0161evskoj eparhiji patrijarh Irinej zavr\u0161ava sutra  u Pljevljima, gdje \u0107e osve\u0161tati novopodignutu crkvu Svetog  velikomu\u010denika Georgija, a zatim slu\u017eiti svijetu arhijerejsku liturgiju.<\/p>\n<p>Dolazak u Mile\u0161evu najavile su i brojne ugledne li\u010dnosti, me\u0111u kojima i reis ul-ulema Islamske zajednice Srbije Adem Zilki\u0107.<\/p>\n<p>Izvor: <strong>Glas-Javnosti.rs<\/strong><\/p>\n","protected":false},"excerpt":{"rendered":"<p>Prijepolje\u00a0 &#8211; Poglavar Srpske pravoslavne crkve (SPC) Irinej po\u010dinje danas dvodnevnu posjetu Mile\u0161evskoj eparhiji i obnovljenog manastira Mile\u0161eva. Patrijarh Irinej osve\u0161ta\u0107e novi konak manastira Mile\u0161evo, rekli su u sedi\u0161tu Mile\u0161evske eparhije. On \u0107e obi\u0107i i crkve brvnare u Vodenoj poljani na Zlataru i hram Svete Trojice u Novoj Varo\u0161i. Dvodnevnu posjetu Mile\u0161evskoj eparhiji patrijarh Irinej [&hellip;]<\/p>\n","protected":false},"author":13,"featured_media":16703,"comment_status":"open","ping_status":"open","sticky":false,"template":"","format":"standard","meta":{"footnotes":""},"categories":[392],"tags":[],"class_list":{"0":"post-16702","1":"post","2":"type-post","3":"status-publish","4":"format-standard","5":"has-post-thumbnail","7":"category-prijepolje_"},"yoast_head":"<!-- This site is optimized with the Yoast SEO Premium plugin v23.1 (Yoast SEO v24.9) - https:\/\/yoast.com\/wordpress\/plugins\/seo\/ -->\n<title>Patrijarh danas u manastiru Mile\u0161evo<\/title>\n<meta name=\"robots\" content=\"index, follow, max-snippet:-1, max-image-preview:large, max-video-preview:-1\" \/>\n<link rel=\"canonical\" href=\"https:\/\/sandzakpress.net\/arhiva\/patrijarh-danas-u-manastiru-milesevo\/\" \/>\n<meta property=\"og:locale\" content=\"bs_BA\" \/>\n<meta property=\"og:type\" content=\"article\" \/>\n<meta property=\"og:title\" content=\"Patrijarh danas u manastiru Mile\u0161evo\" \/>\n<meta property=\"og:description\" content=\"Prijepolje\u00a0 &#8211; Poglavar Srpske pravoslavne crkve (SPC) Irinej po\u010dinje danas dvodnevnu posjetu Mile\u0161evskoj eparhiji i obnovljenog manastira Mile\u0161eva. Patrijarh Irinej osve\u0161ta\u0107e novi konak manastira Mile\u0161evo, rekli su u sedi\u0161tu Mile\u0161evske eparhije. On \u0107e obi\u0107i i crkve brvnare u Vodenoj poljani na Zlataru i hram Svete Trojice u Novoj Varo\u0161i. Dvodnevnu posjetu Mile\u0161evskoj eparhiji patrijarh Irinej [&hellip;]\" \/>\n<meta property=\"og:url\" content=\"https:\/\/sandzakpress.net\/arhiva\/patrijarh-danas-u-manastiru-milesevo\/\" \/>\n<meta property=\"og:site_name\" content=\"Sand\u017eak PRESS\" \/>\n<meta property=\"article:published_time\" content=\"2011-05-29T19:02:34+00:00\" \/>\n<meta property=\"og:image\" content=\"https:\/\/sandzakpress.net\/arhiva\/wp-content\/uploads\/2011\/05\/27-patrijarh.jpg\" \/>\n\t<meta property=\"og:image:width\" content=\"350\" \/>\n\t<meta property=\"og:image:height\" content=\"231\" \/>\n\t<meta property=\"og:image:type\" content=\"image\/jpeg\" \/>\n<meta name=\"twitter:card\" content=\"summary_large_image\" \/>\n<meta name=\"twitter:label1\" content=\"Written by\" \/>\n\t<meta name=\"twitter:data1\" content=\"\" \/>\n\t<meta name=\"twitter:label2\" content=\"Est. reading time\" \/>\n\t<meta name=\"twitter:data2\" content=\"1 minuta\" \/>\n<script type=\"application\/ld+json\" class=\"yoast-schema-graph\">{\"@context\":\"https:\/\/schema.org\",\"@graph\":[{\"@type\":\"Article\",\"@id\":\"https:\/\/sandzakpress.net\/arhiva\/patrijarh-danas-u-manastiru-milesevo\/#article\",\"isPartOf\":{\"@id\":\"https:\/\/sandzakpress.net\/arhiva\/patrijarh-danas-u-manastiru-milesevo\/\"},\"author\":{\"name\":\"\",\"@id\":\"\"},\"headline\":\"Patrijarh danas u manastiru Mile\u0161evo\",\"datePublished\":\"2011-05-29T19:02:34+00:00\",\"mainEntityOfPage\":{\"@id\":\"https:\/\/sandzakpress.net\/arhiva\/patrijarh-danas-u-manastiru-milesevo\/\"},\"wordCount\":119,\"commentCount\":1,\"publisher\":{\"@id\":\"https:\/\/sandzakpress.net\/arhiva\/#\/schema\/person\/6e72b67d6e51910a1117b3b483ba20bd\"},\"image\":{\"@id\":\"https:\/\/sandzakpress.net\/arhiva\/patrijarh-danas-u-manastiru-milesevo\/#primaryimage\"},\"thumbnailUrl\":\"https:\/\/sandzakpress.net\/arhiva\/wp-content\/uploads\/2011\/05\/27-patrijarh.jpg\",\"articleSection\":[\"Prijepolje\"],\"inLanguage\":\"bs-BA\",\"potentialAction\":[{\"@type\":\"CommentAction\",\"name\":\"Comment\",\"target\":[\"https:\/\/sandzakpress.net\/arhiva\/patrijarh-danas-u-manastiru-milesevo\/#respond\"]}]},{\"@type\":\"WebPage\",\"@id\":\"https:\/\/sandzakpress.net\/arhiva\/patrijarh-danas-u-manastiru-milesevo\/\",\"url\":\"https:\/\/sandzakpress.net\/arhiva\/patrijarh-danas-u-manastiru-milesevo\/\",\"name\":\"Patrijarh danas u manastiru Mile\u0161evo\",\"isPartOf\":{\"@id\":\"https:\/\/sandzakpress.net\/arhiva\/#website\"},\"primaryImageOfPage\":{\"@id\":\"https:\/\/sandzakpress.net\/arhiva\/patrijarh-danas-u-manastiru-milesevo\/#primaryimage\"},\"image\":{\"@id\":\"https:\/\/sandzakpress.net\/arhiva\/patrijarh-danas-u-manastiru-milesevo\/#primaryimage\"},\"thumbnailUrl\":\"https:\/\/sandzakpress.net\/arhiva\/wp-content\/uploads\/2011\/05\/27-patrijarh.jpg\",\"datePublished\":\"2011-05-29T19:02:34+00:00\",\"breadcrumb\":{\"@id\":\"https:\/\/sandzakpress.net\/arhiva\/patrijarh-danas-u-manastiru-milesevo\/#breadcrumb\"},\"inLanguage\":\"bs-BA\",\"potentialAction\":[{\"@type\":\"ReadAction\",\"target\":[\"https:\/\/sandzakpress.net\/arhiva\/patrijarh-danas-u-manastiru-milesevo\/\"]}]},{\"@type\":\"ImageObject\",\"inLanguage\":\"bs-BA\",\"@id\":\"https:\/\/sandzakpress.net\/arhiva\/patrijarh-danas-u-manastiru-milesevo\/#primaryimage\",\"url\":\"https:\/\/sandzakpress.net\/arhiva\/wp-content\/uploads\/2011\/05\/27-patrijarh.jpg\",\"contentUrl\":\"https:\/\/sandzakpress.net\/arhiva\/wp-content\/uploads\/2011\/05\/27-patrijarh.jpg\",\"width\":350,\"height\":231},{\"@type\":\"BreadcrumbList\",\"@id\":\"https:\/\/sandzakpress.net\/arhiva\/patrijarh-danas-u-manastiru-milesevo\/#breadcrumb\",\"itemListElement\":[{\"@type\":\"ListItem\",\"position\":1,\"name\":\"Home\",\"item\":\"https:\/\/sandzakpress.net\/arhiva\/\"},{\"@type\":\"ListItem\",\"position\":2,\"name\":\"Patrijarh danas u manastiru Mile\u0161evo\"}]},{\"@type\":\"WebSite\",\"@id\":\"https:\/\/sandzakpress.net\/arhiva\/#website\",\"url\":\"https:\/\/sandzakpress.net\/arhiva\/\",\"name\":\"Sand\u017eak PRESS\",\"description\":\"Prve elektronske novine u Sand\u017eaku\",\"publisher\":{\"@id\":\"https:\/\/sandzakpress.net\/arhiva\/#\/schema\/person\/6e72b67d6e51910a1117b3b483ba20bd\"},\"potentialAction\":[{\"@type\":\"SearchAction\",\"target\":{\"@type\":\"EntryPoint\",\"urlTemplate\":\"https:\/\/sandzakpress.net\/arhiva\/?s={search_term_string}\"},\"query-input\":{\"@type\":\"PropertyValueSpecification\",\"valueRequired\":true,\"valueName\":\"search_term_string\"}}],\"inLanguage\":\"bs-BA\"},{\"@type\":[\"Person\",\"Organization\"],\"@id\":\"https:\/\/sandzakpress.net\/arhiva\/#\/schema\/person\/6e72b67d6e51910a1117b3b483ba20bd\",\"name\":\"Kul\",\"image\":{\"@type\":\"ImageObject\",\"inLanguage\":\"bs-BA\",\"@id\":\"https:\/\/sandzakpress.net\/arhiva\/#\/schema\/person\/image\/\",\"url\":\"https:\/\/secure.gravatar.com\/avatar\/42263f39aa27ac04c43cab85c280eb2e?s=96&d=mm&r=pg\",\"contentUrl\":\"https:\/\/secure.gravatar.com\/avatar\/42263f39aa27ac04c43cab85c280eb2e?s=96&d=mm&r=pg\",\"caption\":\"Kul\"},\"logo\":{\"@id\":\"https:\/\/sandzakpress.net\/arhiva\/#\/schema\/person\/image\/\"}},{\"@type\":\"Person\",\"@id\":\"\",\"url\":\"https:\/\/sandzakpress.net\/arhiva\/author\/\"}]}<\/script>\n<!-- \/ Yoast SEO Premium plugin. -->","yoast_head_json":{"title":"Patrijarh danas u manastiru Mile\u0161evo","robots":{"index":"index","follow":"follow","max-snippet":"max-snippet:-1","max-image-preview":"max-image-preview:large","max-video-preview":"max-video-preview:-1"},"canonical":"https:\/\/sandzakpress.net\/arhiva\/patrijarh-danas-u-manastiru-milesevo\/","og_locale":"bs_BA","og_type":"article","og_title":"Patrijarh danas u manastiru Mile\u0161evo","og_description":"Prijepolje\u00a0 &#8211; Poglavar Srpske pravoslavne crkve (SPC) Irinej po\u010dinje danas dvodnevnu posjetu Mile\u0161evskoj eparhiji i obnovljenog manastira Mile\u0161eva. Patrijarh Irinej osve\u0161ta\u0107e novi konak manastira Mile\u0161evo, rekli su u sedi\u0161tu Mile\u0161evske eparhije. On \u0107e obi\u0107i i crkve brvnare u Vodenoj poljani na Zlataru i hram Svete Trojice u Novoj Varo\u0161i. Dvodnevnu posjetu Mile\u0161evskoj eparhiji patrijarh Irinej [&hellip;]","og_url":"https:\/\/sandzakpress.net\/arhiva\/patrijarh-danas-u-manastiru-milesevo\/","og_site_name":"Sand\u017eak PRESS","article_published_time":"2011-05-29T19:02:34+00:00","og_image":[{"width":350,"height":231,"url":"https:\/\/sandzakpress.net\/arhiva\/wp-content\/uploads\/2011\/05\/27-patrijarh.jpg","type":"image\/jpeg"}],"twitter_card":"summary_large_image","twitter_misc":{"Written by":"","Est. reading time":"1 minuta"},"schema":{"@context":"https:\/\/schema.org","@graph":[{"@type":"Article","@id":"https:\/\/sandzakpress.net\/arhiva\/patrijarh-danas-u-manastiru-milesevo\/#article","isPartOf":{"@id":"https:\/\/sandzakpress.net\/arhiva\/patrijarh-danas-u-manastiru-milesevo\/"},"author":{"name":"","@id":""},"headline":"Patrijarh danas u manastiru Mile\u0161evo","datePublished":"2011-05-29T19:02:34+00:00","mainEntityOfPage":{"@id":"https:\/\/sandzakpress.net\/arhiva\/patrijarh-danas-u-manastiru-milesevo\/"},"wordCount":119,"commentCount":1,"publisher":{"@id":"https:\/\/sandzakpress.net\/arhiva\/#\/schema\/person\/6e72b67d6e51910a1117b3b483ba20bd"},"image":{"@id":"https:\/\/sandzakpress.net\/arhiva\/patrijarh-danas-u-manastiru-milesevo\/#primaryimage"},"thumbnailUrl":"https:\/\/sandzakpress.net\/arhiva\/wp-content\/uploads\/2011\/05\/27-patrijarh.jpg","articleSection":["Prijepolje"],"inLanguage":"bs-BA","potentialAction":[{"@type":"CommentAction","name":"Comment","target":["https:\/\/sandzakpress.net\/arhiva\/patrijarh-danas-u-manastiru-milesevo\/#respond"]}]},{"@type":"WebPage","@id":"https:\/\/sandzakpress.net\/arhiva\/patrijarh-danas-u-manastiru-milesevo\/","url":"https:\/\/sandzakpress.net\/arhiva\/patrijarh-danas-u-manastiru-milesevo\/","name":"Patrijarh danas u manastiru Mile\u0161evo","isPartOf":{"@id":"https:\/\/sandzakpress.net\/arhiva\/#website"},"primaryImageOfPage":{"@id":"https:\/\/sandzakpress.net\/arhiva\/patrijarh-danas-u-manastiru-milesevo\/#primaryimage"},"image":{"@id":"https:\/\/sandzakpress.net\/arhiva\/patrijarh-danas-u-manastiru-milesevo\/#primaryimage"},"thumbnailUrl":"https:\/\/sandzakpress.net\/arhiva\/wp-content\/uploads\/2011\/05\/27-patrijarh.jpg","datePublished":"2011-05-29T19:02:34+00:00","breadcrumb":{"@id":"https:\/\/sandzakpress.net\/arhiva\/patrijarh-danas-u-manastiru-milesevo\/#breadcrumb"},"inLanguage":"bs-BA","potentialAction":[{"@type":"ReadAction","target":["https:\/\/sandzakpress.net\/arhiva\/patrijarh-danas-u-manastiru-milesevo\/"]}]},{"@type":"ImageObject","inLanguage":"bs-BA","@id":"https:\/\/sandzakpress.net\/arhiva\/patrijarh-danas-u-manastiru-milesevo\/#primaryimage","url":"https:\/\/sandzakpress.net\/arhiva\/wp-content\/uploads\/2011\/05\/27-patrijarh.jpg","contentUrl":"https:\/\/sandzakpress.net\/arhiva\/wp-content\/uploads\/2011\/05\/27-patrijarh.jpg","width":350,"height":231},{"@type":"BreadcrumbList","@id":"https:\/\/sandzakpress.net\/arhiva\/patrijarh-danas-u-manastiru-milesevo\/#breadcrumb","itemListElement":[{"@type":"ListItem","position":1,"name":"Home","item":"https:\/\/sandzakpress.net\/arhiva\/"},{"@type":"ListItem","position":2,"name":"Patrijarh danas u manastiru Mile\u0161evo"}]},{"@type":"WebSite","@id":"https:\/\/sandzakpress.net\/arhiva\/#website","url":"https:\/\/sandzakpress.net\/arhiva\/","name":"Sand\u017eak PRESS","description":"Prve elektronske novine u Sand\u017eaku","publisher":{"@id":"https:\/\/sandzakpress.net\/arhiva\/#\/schema\/person\/6e72b67d6e51910a1117b3b483ba20bd"},"potentialAction":[{"@type":"SearchAction","target":{"@type":"EntryPoint","urlTemplate":"https:\/\/sandzakpress.net\/arhiva\/?s={search_term_string}"},"query-input":{"@type":"PropertyValueSpecification","valueRequired":true,"valueName":"search_term_string"}}],"inLanguage":"bs-BA"},{"@type":["Person","Organization"],"@id":"https:\/\/sandzakpress.net\/arhiva\/#\/schema\/person\/6e72b67d6e51910a1117b3b483ba20bd","name":"Kul","image":{"@type":"ImageObject","inLanguage":"bs-BA","@id":"https:\/\/sandzakpress.net\/arhiva\/#\/schema\/person\/image\/","url":"https:\/\/secure.gravatar.com\/avatar\/42263f39aa27ac04c43cab85c280eb2e?s=96&d=mm&r=pg","contentUrl":"https:\/\/secure.gravatar.com\/avatar\/42263f39aa27ac04c43cab85c280eb2e?s=96&d=mm&r=pg","caption":"Kul"},"logo":{"@id":"https:\/\/sandzakpress.net\/arhiva\/#\/schema\/person\/image\/"}},{"@type":"Person","@id":"","url":"https:\/\/sandzakpress.net\/arhiva\/author\/"}]}},"_links":{"self":[{"href":"https:\/\/sandzakpress.net\/arhiva\/wp-json\/wp\/v2\/posts\/16702"}],"collection":[{"href":"https:\/\/sandzakpress.net\/arhiva\/wp-json\/wp\/v2\/posts"}],"about":[{"href":"https:\/\/sandzakpress.net\/arhiva\/wp-json\/wp\/v2\/types\/post"}],"author":[{"embeddable":true,"href":"https:\/\/sandzakpress.net\/arhiva\/wp-json\/wp\/v2\/users\/13"}],"replies":[{"embeddable":true,"href":"https:\/\/sandzakpress.net\/arhiva\/wp-json\/wp\/v2\/comments?post=16702"}],"version-history":[{"count":0,"href":"https:\/\/sandzakpress.net\/arhiva\/wp-json\/wp\/v2\/posts\/16702\/revisions"}],"wp:featuredmedia":[{"embeddable":true,"href":"https:\/\/sandzakpress.net\/arhiva\/wp-json\/wp\/v2\/media\/16703"}],"wp:attachment":[{"href":"https:\/\/sandzakpress.net\/arhiva\/wp-json\/wp\/v2\/media?parent=16702"}],"wp:term":[{"taxonomy":"category","embeddable":true,"href":"https:\/\/sandzakpress.net\/arhiva\/wp-json\/wp\/v2\/categories?post=16702"},{"taxonomy":"post_tag","embeddable":true,"href":"https:\/\/sandzakpress.net\/arhiva\/wp-json\/wp\/v2\/tags?post=16702"}],"curies":[{"name":"wp","href":"https:\/\/api.w.org\/{rel}","templated":true}]}}