{"id":166727,"date":"2016-08-25T11:06:07","date_gmt":"2016-08-25T09:06:07","guid":{"rendered":"https:\/\/sandzakpress.net\/arhiva\/?p=166727"},"modified":"2016-08-25T17:55:07","modified_gmt":"2016-08-25T15:55:07","slug":"milanovic-srbija-bi-da-bude-sila-a-ustvari-je-saka-jada","status":"publish","type":"post","link":"https:\/\/sandzakpress.net\/arhiva\/milanovic-srbija-bi-da-bude-sila-a-ustvari-je-saka-jada\/","title":{"rendered":"Milanovi\u0107: Srbija bi da bude sila, a ustvari je \u0161aka jada"},"content":{"rendered":"<p><img decoding=\"async\" src=\"http:\/\/static.rs.n1info.com\/Picture\/87176\/jpeg\/zoran-milanovic-n1.jpg\" alt=\"Milanovi\u0107: Srbija bi da bude sila, a ustvari je \u0161aka jada\" \/><\/p>\n<p><strong>Hrvatska, Srbija &#8211; Zagreba\u010dki Jutarnji list objavio je na sajtu tajne snimke sa sastanka biv\u0161eg premijera Hrvatske i lidera Socijaldemokratske partije Zorana Milanovi\u0107a i predstavnika ratnih veterana na kojima Milanovi\u0107, izme\u0111u ostalog, ka\u017ee da se vlast u Srbiji pona\u0161a bahato i da je rije\u010d o &#8220;beogradskoj \u010dar\u0161iji&#8221;.<\/strong><\/p>\n<p>&#8221;Ako bude potrebno, ne samo da \u0107emo im blokirati pregovore (s EU) nego \u0107emo donijeti zakon po kojem \u0107emo proganjati njihove po\u010dinitelje (ratnih zlo\u010dina) po Kosovu&#8221;, rekao je Milanovi\u0107, prema audio snimku koju je objavio Jutarnji list.<\/p>\n<p>Tema susreta bio je sporni zakon Srbije o nade\u017enosti za procesuiranju ratnih zlo\u010dina na podru\u010dju biv\u0161e Jugoslavije.<\/p>\n<p>Na snimku se \u010duje kako Milanovi\u0107 braniteljima ka\u017ee da bi oni deset puta bili optu\u017eeni da su radili sa svoje strane Save ono \u0161to je radio Aleksandar Vu\u010di\u0107.<\/p>\n<p>Mi tim ljudima gledamo kroz prste. I to je granica tolerancije na koju sam ja spreman. Praviti se blesav. Kao, to su sve normalni tipovi, njih je izabrao srpski narod pa eto to su na\u0161e kolege&#8221;, rekao je Milanovi\u0107.<\/p>\n<p>On je rekao i da bi prema Srbiji &#8220;i\u0161ao i radikalno ako treba&#8221; jer njemu, kako ka\u017ee, Angela Merkel i Evropska narodna stranka ne govore \u0161ta smije, a \u0161ta ne smije da radi.<\/p>\n<p>Biv\u0161i Hrvatski premijer nije birao rije\u010di o Srbiji, nazvav\u0161i je u jednom trenutku \u201c\u0161akom jada\u201d. \u201cOna se tu prezentuje, kao \u0161to vi ka\u017eete, kao nekakva diplomatska sila. To je \u0161aka jada koja ve\u0107 150 godina ne zna da li bi i\u0161la u Makedoniju, Vojvodinu, Bosnu, Hrvatsku, Bugarsku, nema ih deset miliona, j*****, \u017eele biti gospodari pola Balkana. Pa nema vas dovoljno, to je mali narod\u201c, rekao je Milanovi\u0107 u razgovoru s braniteljima.<\/p>\n<p>On im je pritom sugerisao i da se \u201cne poni\u017eavaju\u201d i ne tra\u017ee razgovor s Vu\u010di\u0107em. Milanovi\u0107 je rekao da se ipak nada da mo\u017ee da se postigne bilateralni sporazum kojim bi problem jurisdikcije bio otklonjen.<\/p>\n<p>Govore\u0107i o BiH, Milanovi\u0107 je rekao da to &#8220;nije dr\u017eava&#8221; i da je zato treba preko reda uvesti u EU.<\/p>\n<p><strong>Milanovi\u0107 znao da se razgovor snima<\/strong><\/p>\n<p>Milanovi\u0107 je u izjavi za Novu TV rekao da je su predstavnici SDP shvatili da udru\u017eenja veterana razgovor tajno snimaju, da to nije normalno, da to govori o karakteru nekih ljudi, ali da su &#8220;\u0107utali i smijali se&#8221;.<\/p>\n<p>On je rekao da je sve \u0161to je objavio Jutarnji list ve\u0107 rekao javno, osim \u0161to &#8220;mo\u017eda nije upotrebio rije\u010d \u010dar\u0161ija&#8221;.<\/p>\n<p>&#8220;Da sad ne obja\u0161njavam \u0161ta u politi\u010dkom kontekstu zna\u010di \u010dar\u0161ija&#8221;, dodao je Milanovi\u0107.<\/p>\n<p>Predsjednik SDP sastao se s pojedinim predstavnicima udru\u017eenja ratnih veterana prije dva dana u strana\u010dkim prostorijama, uo\u010di prevremenih parlamentranih izbora 11. septembra.<\/p>\n<p>(n1)<\/p>\n","protected":false},"excerpt":{"rendered":"<p>Hrvatska, Srbija &#8211; Zagreba\u010dki Jutarnji list objavio je na sajtu tajne snimke sa sastanka biv\u0161eg premijera Hrvatske i lidera Socijaldemokratske partije Zorana Milanovi\u0107a i predstavnika ratnih veterana na kojima Milanovi\u0107, izme\u0111u ostalog, ka\u017ee da se vlast u Srbiji pona\u0161a bahato i da je rije\u010d o &#8220;beogradskoj \u010dar\u0161iji&#8221;. &#8221;Ako bude potrebno, ne samo da \u0107emo im [&hellip;]<\/p>\n","protected":false},"author":83,"featured_media":166728,"comment_status":"open","ping_status":"open","sticky":false,"template":"","format":"standard","meta":{"footnotes":""},"categories":[1,10307,10306,8957],"tags":[],"class_list":{"0":"post-166727","1":"post","2":"type-post","3":"status-publish","4":"format-standard","5":"has-post-thumbnail","7":"category-politika","8":"category-srbija","9":"category-hrvatska","10":"category-vijesti-dana"},"yoast_head":"<!-- This site is optimized with the Yoast SEO Premium plugin v23.1 (Yoast SEO v24.9) - https:\/\/yoast.com\/wordpress\/plugins\/seo\/ -->\n<title>Milanovi\u0107: Srbija bi da bude sila, a ustvari je \u0161aka jada<\/title>\n<meta name=\"robots\" content=\"index, follow, max-snippet:-1, max-image-preview:large, max-video-preview:-1\" \/>\n<link rel=\"canonical\" href=\"https:\/\/sandzakpress.net\/arhiva\/milanovic-srbija-bi-da-bude-sila-a-ustvari-je-saka-jada\/\" \/>\n<meta property=\"og:locale\" content=\"bs_BA\" \/>\n<meta property=\"og:type\" content=\"article\" \/>\n<meta property=\"og:title\" content=\"Milanovi\u0107: Srbija bi da bude sila, a ustvari je \u0161aka jada\" \/>\n<meta property=\"og:description\" content=\"Hrvatska, Srbija &#8211; Zagreba\u010dki Jutarnji list objavio je na sajtu tajne snimke sa sastanka biv\u0161eg premijera Hrvatske i lidera Socijaldemokratske partije Zorana Milanovi\u0107a i predstavnika ratnih veterana na kojima Milanovi\u0107, izme\u0111u ostalog, ka\u017ee da se vlast u Srbiji pona\u0161a bahato i da je rije\u010d o &#8220;beogradskoj \u010dar\u0161iji&#8221;. &#8221;Ako bude potrebno, ne samo da \u0107emo im [&hellip;]\" \/>\n<meta property=\"og:url\" content=\"https:\/\/sandzakpress.net\/arhiva\/milanovic-srbija-bi-da-bude-sila-a-ustvari-je-saka-jada\/\" \/>\n<meta property=\"og:site_name\" content=\"Sand\u017eak PRESS\" \/>\n<meta property=\"article:published_time\" content=\"2016-08-25T09:06:07+00:00\" \/>\n<meta property=\"article:modified_time\" content=\"2016-08-25T15:55:07+00:00\" \/>\n<meta property=\"og:image\" content=\"https:\/\/sandzakpress.net\/arhiva\/wp-content\/uploads\/2016\/08\/zoran-milanovic-n1.jpg\" \/>\n\t<meta property=\"og:image:width\" content=\"938\" \/>\n\t<meta property=\"og:image:height\" content=\"528\" \/>\n\t<meta property=\"og:image:type\" content=\"image\/jpeg\" \/>\n<meta name=\"author\" content=\"bosniak\" \/>\n<meta name=\"twitter:card\" content=\"summary_large_image\" \/>\n<meta name=\"twitter:label1\" content=\"Written by\" \/>\n\t<meta name=\"twitter:data1\" content=\"bosniak\" \/>\n\t<meta name=\"twitter:label2\" content=\"Est. reading time\" \/>\n\t<meta name=\"twitter:data2\" content=\"2 minute\" \/>\n<script type=\"application\/ld+json\" class=\"yoast-schema-graph\">{\"@context\":\"https:\/\/schema.org\",\"@graph\":[{\"@type\":\"Article\",\"@id\":\"https:\/\/sandzakpress.net\/arhiva\/milanovic-srbija-bi-da-bude-sila-a-ustvari-je-saka-jada\/#article\",\"isPartOf\":{\"@id\":\"https:\/\/sandzakpress.net\/arhiva\/milanovic-srbija-bi-da-bude-sila-a-ustvari-je-saka-jada\/\"},\"author\":{\"name\":\"bosniak\",\"@id\":\"https:\/\/sandzakpress.net\/arhiva\/#\/schema\/person\/c8baee722073534b583ea7bdb2e36c02\"},\"headline\":\"Milanovi\u0107: Srbija bi da bude sila, a ustvari je \u0161aka jada\",\"datePublished\":\"2016-08-25T09:06:07+00:00\",\"dateModified\":\"2016-08-25T15:55:07+00:00\",\"mainEntityOfPage\":{\"@id\":\"https:\/\/sandzakpress.net\/arhiva\/milanovic-srbija-bi-da-bude-sila-a-ustvari-je-saka-jada\/\"},\"wordCount\":480,\"commentCount\":58,\"publisher\":{\"@id\":\"https:\/\/sandzakpress.net\/arhiva\/#\/schema\/person\/6e72b67d6e51910a1117b3b483ba20bd\"},\"image\":{\"@id\":\"https:\/\/sandzakpress.net\/arhiva\/milanovic-srbija-bi-da-bude-sila-a-ustvari-je-saka-jada\/#primaryimage\"},\"thumbnailUrl\":\"https:\/\/sandzakpress.net\/arhiva\/wp-content\/uploads\/2016\/08\/zoran-milanovic-n1.jpg\",\"articleSection\":[\"Politika\",\"Srbija\",\"Hrvatska\",\"VIJESTI DANA\"],\"inLanguage\":\"bs-BA\",\"potentialAction\":[{\"@type\":\"CommentAction\",\"name\":\"Comment\",\"target\":[\"https:\/\/sandzakpress.net\/arhiva\/milanovic-srbija-bi-da-bude-sila-a-ustvari-je-saka-jada\/#respond\"]}]},{\"@type\":\"WebPage\",\"@id\":\"https:\/\/sandzakpress.net\/arhiva\/milanovic-srbija-bi-da-bude-sila-a-ustvari-je-saka-jada\/\",\"url\":\"https:\/\/sandzakpress.net\/arhiva\/milanovic-srbija-bi-da-bude-sila-a-ustvari-je-saka-jada\/\",\"name\":\"Milanovi\u0107: Srbija bi da bude sila, a ustvari je \u0161aka jada\",\"isPartOf\":{\"@id\":\"https:\/\/sandzakpress.net\/arhiva\/#website\"},\"primaryImageOfPage\":{\"@id\":\"https:\/\/sandzakpress.net\/arhiva\/milanovic-srbija-bi-da-bude-sila-a-ustvari-je-saka-jada\/#primaryimage\"},\"image\":{\"@id\":\"https:\/\/sandzakpress.net\/arhiva\/milanovic-srbija-bi-da-bude-sila-a-ustvari-je-saka-jada\/#primaryimage\"},\"thumbnailUrl\":\"https:\/\/sandzakpress.net\/arhiva\/wp-content\/uploads\/2016\/08\/zoran-milanovic-n1.jpg\",\"datePublished\":\"2016-08-25T09:06:07+00:00\",\"dateModified\":\"2016-08-25T15:55:07+00:00\",\"breadcrumb\":{\"@id\":\"https:\/\/sandzakpress.net\/arhiva\/milanovic-srbija-bi-da-bude-sila-a-ustvari-je-saka-jada\/#breadcrumb\"},\"inLanguage\":\"bs-BA\",\"potentialAction\":[{\"@type\":\"ReadAction\",\"target\":[\"https:\/\/sandzakpress.net\/arhiva\/milanovic-srbija-bi-da-bude-sila-a-ustvari-je-saka-jada\/\"]}]},{\"@type\":\"ImageObject\",\"inLanguage\":\"bs-BA\",\"@id\":\"https:\/\/sandzakpress.net\/arhiva\/milanovic-srbija-bi-da-bude-sila-a-ustvari-je-saka-jada\/#primaryimage\",\"url\":\"https:\/\/sandzakpress.net\/arhiva\/wp-content\/uploads\/2016\/08\/zoran-milanovic-n1.jpg\",\"contentUrl\":\"https:\/\/sandzakpress.net\/arhiva\/wp-content\/uploads\/2016\/08\/zoran-milanovic-n1.jpg\",\"width\":938,\"height\":528},{\"@type\":\"BreadcrumbList\",\"@id\":\"https:\/\/sandzakpress.net\/arhiva\/milanovic-srbija-bi-da-bude-sila-a-ustvari-je-saka-jada\/#breadcrumb\",\"itemListElement\":[{\"@type\":\"ListItem\",\"position\":1,\"name\":\"Home\",\"item\":\"https:\/\/sandzakpress.net\/arhiva\/\"},{\"@type\":\"ListItem\",\"position\":2,\"name\":\"Milanovi\u0107: Srbija bi da bude sila, a ustvari je \u0161aka jada\"}]},{\"@type\":\"WebSite\",\"@id\":\"https:\/\/sandzakpress.net\/arhiva\/#website\",\"url\":\"https:\/\/sandzakpress.net\/arhiva\/\",\"name\":\"Sand\u017eak PRESS\",\"description\":\"Prve elektronske novine u Sand\u017eaku\",\"publisher\":{\"@id\":\"https:\/\/sandzakpress.net\/arhiva\/#\/schema\/person\/6e72b67d6e51910a1117b3b483ba20bd\"},\"potentialAction\":[{\"@type\":\"SearchAction\",\"target\":{\"@type\":\"EntryPoint\",\"urlTemplate\":\"https:\/\/sandzakpress.net\/arhiva\/?s={search_term_string}\"},\"query-input\":{\"@type\":\"PropertyValueSpecification\",\"valueRequired\":true,\"valueName\":\"search_term_string\"}}],\"inLanguage\":\"bs-BA\"},{\"@type\":[\"Person\",\"Organization\"],\"@id\":\"https:\/\/sandzakpress.net\/arhiva\/#\/schema\/person\/6e72b67d6e51910a1117b3b483ba20bd\",\"name\":\"Kul\",\"image\":{\"@type\":\"ImageObject\",\"inLanguage\":\"bs-BA\",\"@id\":\"https:\/\/sandzakpress.net\/arhiva\/#\/schema\/person\/image\/\",\"url\":\"https:\/\/secure.gravatar.com\/avatar\/42263f39aa27ac04c43cab85c280eb2e?s=96&d=mm&r=pg\",\"contentUrl\":\"https:\/\/secure.gravatar.com\/avatar\/42263f39aa27ac04c43cab85c280eb2e?s=96&d=mm&r=pg\",\"caption\":\"Kul\"},\"logo\":{\"@id\":\"https:\/\/sandzakpress.net\/arhiva\/#\/schema\/person\/image\/\"}},{\"@type\":\"Person\",\"@id\":\"https:\/\/sandzakpress.net\/arhiva\/#\/schema\/person\/c8baee722073534b583ea7bdb2e36c02\",\"name\":\"bosniak\",\"image\":{\"@type\":\"ImageObject\",\"inLanguage\":\"bs-BA\",\"@id\":\"https:\/\/sandzakpress.net\/arhiva\/#\/schema\/person\/image\/\",\"url\":\"https:\/\/secure.gravatar.com\/avatar\/a04fd330bfe3a36a72a0ad4a6d89fca7?s=96&d=mm&r=pg\",\"contentUrl\":\"https:\/\/secure.gravatar.com\/avatar\/a04fd330bfe3a36a72a0ad4a6d89fca7?s=96&d=mm&r=pg\",\"caption\":\"bosniak\"},\"url\":\"https:\/\/sandzakpress.net\/arhiva\/author\/bosniak\/\"}]}<\/script>\n<!-- \/ Yoast SEO Premium plugin. -->","yoast_head_json":{"title":"Milanovi\u0107: Srbija bi da bude sila, a ustvari je \u0161aka jada","robots":{"index":"index","follow":"follow","max-snippet":"max-snippet:-1","max-image-preview":"max-image-preview:large","max-video-preview":"max-video-preview:-1"},"canonical":"https:\/\/sandzakpress.net\/arhiva\/milanovic-srbija-bi-da-bude-sila-a-ustvari-je-saka-jada\/","og_locale":"bs_BA","og_type":"article","og_title":"Milanovi\u0107: Srbija bi da bude sila, a ustvari je \u0161aka jada","og_description":"Hrvatska, Srbija &#8211; Zagreba\u010dki Jutarnji list objavio je na sajtu tajne snimke sa sastanka biv\u0161eg premijera Hrvatske i lidera Socijaldemokratske partije Zorana Milanovi\u0107a i predstavnika ratnih veterana na kojima Milanovi\u0107, izme\u0111u ostalog, ka\u017ee da se vlast u Srbiji pona\u0161a bahato i da je rije\u010d o &#8220;beogradskoj \u010dar\u0161iji&#8221;. &#8221;Ako bude potrebno, ne samo da \u0107emo im [&hellip;]","og_url":"https:\/\/sandzakpress.net\/arhiva\/milanovic-srbija-bi-da-bude-sila-a-ustvari-je-saka-jada\/","og_site_name":"Sand\u017eak PRESS","article_published_time":"2016-08-25T09:06:07+00:00","article_modified_time":"2016-08-25T15:55:07+00:00","og_image":[{"width":938,"height":528,"url":"https:\/\/sandzakpress.net\/arhiva\/wp-content\/uploads\/2016\/08\/zoran-milanovic-n1.jpg","type":"image\/jpeg"}],"author":"bosniak","twitter_card":"summary_large_image","twitter_misc":{"Written by":"bosniak","Est. reading time":"2 minute"},"schema":{"@context":"https:\/\/schema.org","@graph":[{"@type":"Article","@id":"https:\/\/sandzakpress.net\/arhiva\/milanovic-srbija-bi-da-bude-sila-a-ustvari-je-saka-jada\/#article","isPartOf":{"@id":"https:\/\/sandzakpress.net\/arhiva\/milanovic-srbija-bi-da-bude-sila-a-ustvari-je-saka-jada\/"},"author":{"name":"bosniak","@id":"https:\/\/sandzakpress.net\/arhiva\/#\/schema\/person\/c8baee722073534b583ea7bdb2e36c02"},"headline":"Milanovi\u0107: Srbija bi da bude sila, a ustvari je \u0161aka jada","datePublished":"2016-08-25T09:06:07+00:00","dateModified":"2016-08-25T15:55:07+00:00","mainEntityOfPage":{"@id":"https:\/\/sandzakpress.net\/arhiva\/milanovic-srbija-bi-da-bude-sila-a-ustvari-je-saka-jada\/"},"wordCount":480,"commentCount":58,"publisher":{"@id":"https:\/\/sandzakpress.net\/arhiva\/#\/schema\/person\/6e72b67d6e51910a1117b3b483ba20bd"},"image":{"@id":"https:\/\/sandzakpress.net\/arhiva\/milanovic-srbija-bi-da-bude-sila-a-ustvari-je-saka-jada\/#primaryimage"},"thumbnailUrl":"https:\/\/sandzakpress.net\/arhiva\/wp-content\/uploads\/2016\/08\/zoran-milanovic-n1.jpg","articleSection":["Politika","Srbija","Hrvatska","VIJESTI DANA"],"inLanguage":"bs-BA","potentialAction":[{"@type":"CommentAction","name":"Comment","target":["https:\/\/sandzakpress.net\/arhiva\/milanovic-srbija-bi-da-bude-sila-a-ustvari-je-saka-jada\/#respond"]}]},{"@type":"WebPage","@id":"https:\/\/sandzakpress.net\/arhiva\/milanovic-srbija-bi-da-bude-sila-a-ustvari-je-saka-jada\/","url":"https:\/\/sandzakpress.net\/arhiva\/milanovic-srbija-bi-da-bude-sila-a-ustvari-je-saka-jada\/","name":"Milanovi\u0107: Srbija bi da bude sila, a ustvari je \u0161aka jada","isPartOf":{"@id":"https:\/\/sandzakpress.net\/arhiva\/#website"},"primaryImageOfPage":{"@id":"https:\/\/sandzakpress.net\/arhiva\/milanovic-srbija-bi-da-bude-sila-a-ustvari-je-saka-jada\/#primaryimage"},"image":{"@id":"https:\/\/sandzakpress.net\/arhiva\/milanovic-srbija-bi-da-bude-sila-a-ustvari-je-saka-jada\/#primaryimage"},"thumbnailUrl":"https:\/\/sandzakpress.net\/arhiva\/wp-content\/uploads\/2016\/08\/zoran-milanovic-n1.jpg","datePublished":"2016-08-25T09:06:07+00:00","dateModified":"2016-08-25T15:55:07+00:00","breadcrumb":{"@id":"https:\/\/sandzakpress.net\/arhiva\/milanovic-srbija-bi-da-bude-sila-a-ustvari-je-saka-jada\/#breadcrumb"},"inLanguage":"bs-BA","potentialAction":[{"@type":"ReadAction","target":["https:\/\/sandzakpress.net\/arhiva\/milanovic-srbija-bi-da-bude-sila-a-ustvari-je-saka-jada\/"]}]},{"@type":"ImageObject","inLanguage":"bs-BA","@id":"https:\/\/sandzakpress.net\/arhiva\/milanovic-srbija-bi-da-bude-sila-a-ustvari-je-saka-jada\/#primaryimage","url":"https:\/\/sandzakpress.net\/arhiva\/wp-content\/uploads\/2016\/08\/zoran-milanovic-n1.jpg","contentUrl":"https:\/\/sandzakpress.net\/arhiva\/wp-content\/uploads\/2016\/08\/zoran-milanovic-n1.jpg","width":938,"height":528},{"@type":"BreadcrumbList","@id":"https:\/\/sandzakpress.net\/arhiva\/milanovic-srbija-bi-da-bude-sila-a-ustvari-je-saka-jada\/#breadcrumb","itemListElement":[{"@type":"ListItem","position":1,"name":"Home","item":"https:\/\/sandzakpress.net\/arhiva\/"},{"@type":"ListItem","position":2,"name":"Milanovi\u0107: Srbija bi da bude sila, a ustvari je \u0161aka jada"}]},{"@type":"WebSite","@id":"https:\/\/sandzakpress.net\/arhiva\/#website","url":"https:\/\/sandzakpress.net\/arhiva\/","name":"Sand\u017eak PRESS","description":"Prve elektronske novine u Sand\u017eaku","publisher":{"@id":"https:\/\/sandzakpress.net\/arhiva\/#\/schema\/person\/6e72b67d6e51910a1117b3b483ba20bd"},"potentialAction":[{"@type":"SearchAction","target":{"@type":"EntryPoint","urlTemplate":"https:\/\/sandzakpress.net\/arhiva\/?s={search_term_string}"},"query-input":{"@type":"PropertyValueSpecification","valueRequired":true,"valueName":"search_term_string"}}],"inLanguage":"bs-BA"},{"@type":["Person","Organization"],"@id":"https:\/\/sandzakpress.net\/arhiva\/#\/schema\/person\/6e72b67d6e51910a1117b3b483ba20bd","name":"Kul","image":{"@type":"ImageObject","inLanguage":"bs-BA","@id":"https:\/\/sandzakpress.net\/arhiva\/#\/schema\/person\/image\/","url":"https:\/\/secure.gravatar.com\/avatar\/42263f39aa27ac04c43cab85c280eb2e?s=96&d=mm&r=pg","contentUrl":"https:\/\/secure.gravatar.com\/avatar\/42263f39aa27ac04c43cab85c280eb2e?s=96&d=mm&r=pg","caption":"Kul"},"logo":{"@id":"https:\/\/sandzakpress.net\/arhiva\/#\/schema\/person\/image\/"}},{"@type":"Person","@id":"https:\/\/sandzakpress.net\/arhiva\/#\/schema\/person\/c8baee722073534b583ea7bdb2e36c02","name":"bosniak","image":{"@type":"ImageObject","inLanguage":"bs-BA","@id":"https:\/\/sandzakpress.net\/arhiva\/#\/schema\/person\/image\/","url":"https:\/\/secure.gravatar.com\/avatar\/a04fd330bfe3a36a72a0ad4a6d89fca7?s=96&d=mm&r=pg","contentUrl":"https:\/\/secure.gravatar.com\/avatar\/a04fd330bfe3a36a72a0ad4a6d89fca7?s=96&d=mm&r=pg","caption":"bosniak"},"url":"https:\/\/sandzakpress.net\/arhiva\/author\/bosniak\/"}]}},"_links":{"self":[{"href":"https:\/\/sandzakpress.net\/arhiva\/wp-json\/wp\/v2\/posts\/166727"}],"collection":[{"href":"https:\/\/sandzakpress.net\/arhiva\/wp-json\/wp\/v2\/posts"}],"about":[{"href":"https:\/\/sandzakpress.net\/arhiva\/wp-json\/wp\/v2\/types\/post"}],"author":[{"embeddable":true,"href":"https:\/\/sandzakpress.net\/arhiva\/wp-json\/wp\/v2\/users\/83"}],"replies":[{"embeddable":true,"href":"https:\/\/sandzakpress.net\/arhiva\/wp-json\/wp\/v2\/comments?post=166727"}],"version-history":[{"count":0,"href":"https:\/\/sandzakpress.net\/arhiva\/wp-json\/wp\/v2\/posts\/166727\/revisions"}],"wp:featuredmedia":[{"embeddable":true,"href":"https:\/\/sandzakpress.net\/arhiva\/wp-json\/wp\/v2\/media\/166728"}],"wp:attachment":[{"href":"https:\/\/sandzakpress.net\/arhiva\/wp-json\/wp\/v2\/media?parent=166727"}],"wp:term":[{"taxonomy":"category","embeddable":true,"href":"https:\/\/sandzakpress.net\/arhiva\/wp-json\/wp\/v2\/categories?post=166727"},{"taxonomy":"post_tag","embeddable":true,"href":"https:\/\/sandzakpress.net\/arhiva\/wp-json\/wp\/v2\/tags?post=166727"}],"curies":[{"name":"wp","href":"https:\/\/api.w.org\/{rel}","templated":true}]}}