{"id":166692,"date":"2016-08-24T13:43:04","date_gmt":"2016-08-24T11:43:04","guid":{"rendered":"https:\/\/sandzakpress.net\/arhiva\/tribina-banu-lingvisticka-demitologizacija-kulinove-povelje"},"modified":"2016-08-24T13:43:04","modified_gmt":"2016-08-24T11:43:04","slug":"tribina-banu-lingvisticka-demitologizacija-kulinove-povelje","status":"publish","type":"post","link":"https:\/\/sandzakpress.net\/arhiva\/tribina-banu-lingvisticka-demitologizacija-kulinove-povelje\/","title":{"rendered":"Tribina BANU  \u2013  Lingvisti\u010dka demitologizacija Kulinove povelje"},"content":{"rendered":"<p style=\"text-align: justify\"><strong><a href=\"http:\/\/bosnapress.net\/wp-content\/uploads\/2016\/08\/visoko-ploca-kulina-bana.jpg\"><img loading=\"lazy\" decoding=\"async\" class=\"alignnone size-large wp-image-186136\" src=\"http:\/\/bosnapress.net\/wp-content\/uploads\/2016\/08\/visoko-ploca-kulina-bana-616x308.jpg\" alt=\"visoko-ploca-kulina-bana\" width=\"600\" height=\"300\" \/><\/a>Sarajevo \u2013\u00a0Bo\u0161nja\u010dka akademija nauka i umjetnosti (BANU)\u00a0obavje\u0161tava javnost da \u0107e u \u010detvrtak,\u00a025. avgusta 2016.\u00a0odr\u017eati tribinu bosanskog jezika na temu\u00a0\u201eLingvisti\u010dka demitologizacija Kulinove povelje\u201c\u00a0povodom 29. avgusta\u00a0 1189 \u2013 827 godina od pisanja Povelje bosanskog bana Kulina s obzirom na zna\u010daj historije bosanske dr\u017eavnosti i historije bosanskog jezika.<\/strong><\/p>\n<p style=\"text-align: justify\">Tribina \u0107e se odr\u017eati\u00a0 u Sarajevu, ul.\u00a0<strong>\u0160trosmajerova 1\/II<\/strong>\u00a0sa po\u010detkom u\u00a0<strong>11 sati.<\/strong><\/p>\n<p style=\"text-align: justify\">Predsjednik BANU akademik Muhamed Filipovi\u0107 \u0107e otvoriti tribinu a uvodno izlaganje o temi i razgovor sa publikom vodit \u0107e na\u0161 vode\u0107i stru\u010dnjak za bosanski jezik i filolog akademik D\u017eevad Jahi\u0107, potpredsjednik Akademije, saop\u0107eno je iz Informativne slu\u017ebe.<\/p>\n<p style=\"text-align: justify\">(BANU)<\/p>\n<p>Pogledajte vijest na izvornom sajtu:<\/p>\n<p><a href=\"http:\/\/bosnapress.net\/tribina-banu-lingvisticka-demitologizacija-kulinove-povelje\/\" target=\"_blank\">Tribina BANU  \u2013  Lingvisti\u010dka demitologizacija Kulinove povelje<\/a><\/p>\n","protected":false},"excerpt":{"rendered":"<p>Sarajevo \u2013\u00a0Bo\u0161nja\u010dka akademija nauka i umjetnosti (BANU)\u00a0obavje\u0161tava javnost da \u0107e u \u010detvrtak,\u00a025. avgusta 2016.\u00a0odr\u017eati tribinu bosanskog jezika na temu\u00a0\u201eLingvisti\u010dka demitologizacija Kulinove povelje\u201c\u00a0povodom 29. avgusta\u00a0 1189 \u2013 827 godina od pisanja Povelje bosanskog bana Kulina s obzirom na zna\u010daj historije bosanske dr\u017eavnosti i historije bosanskog jezika. Tribina \u0107e se odr\u017eati\u00a0 u Sarajevu, ul.\u00a0\u0160trosmajerova 1\/II\u00a0sa po\u010detkom u\u00a011 [&hellip;]<\/p>\n","protected":false},"author":83,"featured_media":166694,"comment_status":"open","ping_status":"open","sticky":false,"template":"","format":"standard","meta":{"footnotes":""},"categories":[10513],"tags":[10466],"class_list":{"0":"post-166692","1":"post","2":"type-post","3":"status-publish","4":"format-standard","5":"has-post-thumbnail","7":"category-bosna-press","8":"tag-bosna-i-hercegovina"},"yoast_head":"<!-- This site is optimized with the Yoast SEO Premium plugin v23.1 (Yoast SEO v24.9) - https:\/\/yoast.com\/wordpress\/plugins\/seo\/ -->\n<title>Tribina BANU \u2013 Lingvisti\u010dka demitologizacija Kulinove povelje<\/title>\n<meta name=\"robots\" content=\"index, follow, max-snippet:-1, max-image-preview:large, max-video-preview:-1\" \/>\n<link rel=\"canonical\" href=\"https:\/\/sandzakpress.net\/arhiva\/tribina-banu-lingvisticka-demitologizacija-kulinove-povelje\/\" \/>\n<meta property=\"og:locale\" content=\"bs_BA\" \/>\n<meta property=\"og:type\" content=\"article\" \/>\n<meta property=\"og:title\" content=\"Tribina BANU \u2013 Lingvisti\u010dka demitologizacija Kulinove povelje\" \/>\n<meta property=\"og:description\" content=\"Sarajevo \u2013\u00a0Bo\u0161nja\u010dka akademija nauka i umjetnosti (BANU)\u00a0obavje\u0161tava javnost da \u0107e u \u010detvrtak,\u00a025. avgusta 2016.\u00a0odr\u017eati tribinu bosanskog jezika na temu\u00a0\u201eLingvisti\u010dka demitologizacija Kulinove povelje\u201c\u00a0povodom 29. avgusta\u00a0 1189 \u2013 827 godina od pisanja Povelje bosanskog bana Kulina s obzirom na zna\u010daj historije bosanske dr\u017eavnosti i historije bosanskog jezika. Tribina \u0107e se odr\u017eati\u00a0 u Sarajevu, ul.\u00a0\u0160trosmajerova 1\/II\u00a0sa po\u010detkom u\u00a011 [&hellip;]\" \/>\n<meta property=\"og:url\" content=\"https:\/\/sandzakpress.net\/arhiva\/tribina-banu-lingvisticka-demitologizacija-kulinove-povelje\/\" \/>\n<meta property=\"og:site_name\" content=\"Sand\u017eak PRESS\" \/>\n<meta property=\"article:published_time\" content=\"2016-08-24T11:43:04+00:00\" \/>\n<meta property=\"og:image\" content=\"https:\/\/sandzakpress.net\/arhiva\/wp-content\/uploads\/2016\/08\/visoko-ploca-kulina-bana-616x308-1.jpg\" \/>\n\t<meta property=\"og:image:width\" content=\"616\" \/>\n\t<meta property=\"og:image:height\" content=\"308\" \/>\n\t<meta property=\"og:image:type\" content=\"image\/jpeg\" \/>\n<meta name=\"author\" content=\"bosniak\" \/>\n<meta name=\"twitter:card\" content=\"summary_large_image\" \/>\n<meta name=\"twitter:label1\" content=\"Written by\" \/>\n\t<meta name=\"twitter:data1\" content=\"bosniak\" \/>\n\t<meta name=\"twitter:label2\" content=\"Est. reading time\" \/>\n\t<meta name=\"twitter:data2\" content=\"1 minuta\" \/>\n<script type=\"application\/ld+json\" class=\"yoast-schema-graph\">{\"@context\":\"https:\/\/schema.org\",\"@graph\":[{\"@type\":\"Article\",\"@id\":\"https:\/\/sandzakpress.net\/arhiva\/tribina-banu-lingvisticka-demitologizacija-kulinove-povelje\/#article\",\"isPartOf\":{\"@id\":\"https:\/\/sandzakpress.net\/arhiva\/tribina-banu-lingvisticka-demitologizacija-kulinove-povelje\/\"},\"author\":{\"name\":\"bosniak\",\"@id\":\"https:\/\/sandzakpress.net\/arhiva\/#\/schema\/person\/c8baee722073534b583ea7bdb2e36c02\"},\"headline\":\"Tribina BANU \u2013 Lingvisti\u010dka demitologizacija Kulinove povelje\",\"datePublished\":\"2016-08-24T11:43:04+00:00\",\"mainEntityOfPage\":{\"@id\":\"https:\/\/sandzakpress.net\/arhiva\/tribina-banu-lingvisticka-demitologizacija-kulinove-povelje\/\"},\"wordCount\":128,\"commentCount\":0,\"publisher\":{\"@id\":\"https:\/\/sandzakpress.net\/arhiva\/#\/schema\/person\/6e72b67d6e51910a1117b3b483ba20bd\"},\"image\":{\"@id\":\"https:\/\/sandzakpress.net\/arhiva\/tribina-banu-lingvisticka-demitologizacija-kulinove-povelje\/#primaryimage\"},\"thumbnailUrl\":\"https:\/\/sandzakpress.net\/arhiva\/wp-content\/uploads\/2016\/08\/visoko-ploca-kulina-bana-616x308-1.jpg\",\"keywords\":[\"Bosna i Hercegovina\"],\"articleSection\":[\"Bosna PRESS\"],\"inLanguage\":\"bs-BA\",\"potentialAction\":[{\"@type\":\"CommentAction\",\"name\":\"Comment\",\"target\":[\"https:\/\/sandzakpress.net\/arhiva\/tribina-banu-lingvisticka-demitologizacija-kulinove-povelje\/#respond\"]}]},{\"@type\":\"WebPage\",\"@id\":\"https:\/\/sandzakpress.net\/arhiva\/tribina-banu-lingvisticka-demitologizacija-kulinove-povelje\/\",\"url\":\"https:\/\/sandzakpress.net\/arhiva\/tribina-banu-lingvisticka-demitologizacija-kulinove-povelje\/\",\"name\":\"Tribina BANU \u2013 Lingvisti\u010dka demitologizacija Kulinove povelje\",\"isPartOf\":{\"@id\":\"https:\/\/sandzakpress.net\/arhiva\/#website\"},\"primaryImageOfPage\":{\"@id\":\"https:\/\/sandzakpress.net\/arhiva\/tribina-banu-lingvisticka-demitologizacija-kulinove-povelje\/#primaryimage\"},\"image\":{\"@id\":\"https:\/\/sandzakpress.net\/arhiva\/tribina-banu-lingvisticka-demitologizacija-kulinove-povelje\/#primaryimage\"},\"thumbnailUrl\":\"https:\/\/sandzakpress.net\/arhiva\/wp-content\/uploads\/2016\/08\/visoko-ploca-kulina-bana-616x308-1.jpg\",\"datePublished\":\"2016-08-24T11:43:04+00:00\",\"breadcrumb\":{\"@id\":\"https:\/\/sandzakpress.net\/arhiva\/tribina-banu-lingvisticka-demitologizacija-kulinove-povelje\/#breadcrumb\"},\"inLanguage\":\"bs-BA\",\"potentialAction\":[{\"@type\":\"ReadAction\",\"target\":[\"https:\/\/sandzakpress.net\/arhiva\/tribina-banu-lingvisticka-demitologizacija-kulinove-povelje\/\"]}]},{\"@type\":\"ImageObject\",\"inLanguage\":\"bs-BA\",\"@id\":\"https:\/\/sandzakpress.net\/arhiva\/tribina-banu-lingvisticka-demitologizacija-kulinove-povelje\/#primaryimage\",\"url\":\"https:\/\/sandzakpress.net\/arhiva\/wp-content\/uploads\/2016\/08\/visoko-ploca-kulina-bana-616x308-1.jpg\",\"contentUrl\":\"https:\/\/sandzakpress.net\/arhiva\/wp-content\/uploads\/2016\/08\/visoko-ploca-kulina-bana-616x308-1.jpg\",\"width\":616,\"height\":308},{\"@type\":\"BreadcrumbList\",\"@id\":\"https:\/\/sandzakpress.net\/arhiva\/tribina-banu-lingvisticka-demitologizacija-kulinove-povelje\/#breadcrumb\",\"itemListElement\":[{\"@type\":\"ListItem\",\"position\":1,\"name\":\"Home\",\"item\":\"https:\/\/sandzakpress.net\/arhiva\/\"},{\"@type\":\"ListItem\",\"position\":2,\"name\":\"Tribina BANU \u2013 Lingvisti\u010dka demitologizacija Kulinove povelje\"}]},{\"@type\":\"WebSite\",\"@id\":\"https:\/\/sandzakpress.net\/arhiva\/#website\",\"url\":\"https:\/\/sandzakpress.net\/arhiva\/\",\"name\":\"Sand\u017eak PRESS\",\"description\":\"Prve elektronske novine u Sand\u017eaku\",\"publisher\":{\"@id\":\"https:\/\/sandzakpress.net\/arhiva\/#\/schema\/person\/6e72b67d6e51910a1117b3b483ba20bd\"},\"potentialAction\":[{\"@type\":\"SearchAction\",\"target\":{\"@type\":\"EntryPoint\",\"urlTemplate\":\"https:\/\/sandzakpress.net\/arhiva\/?s={search_term_string}\"},\"query-input\":{\"@type\":\"PropertyValueSpecification\",\"valueRequired\":true,\"valueName\":\"search_term_string\"}}],\"inLanguage\":\"bs-BA\"},{\"@type\":[\"Person\",\"Organization\"],\"@id\":\"https:\/\/sandzakpress.net\/arhiva\/#\/schema\/person\/6e72b67d6e51910a1117b3b483ba20bd\",\"name\":\"Kul\",\"image\":{\"@type\":\"ImageObject\",\"inLanguage\":\"bs-BA\",\"@id\":\"https:\/\/sandzakpress.net\/arhiva\/#\/schema\/person\/image\/\",\"url\":\"https:\/\/secure.gravatar.com\/avatar\/42263f39aa27ac04c43cab85c280eb2e?s=96&d=mm&r=pg\",\"contentUrl\":\"https:\/\/secure.gravatar.com\/avatar\/42263f39aa27ac04c43cab85c280eb2e?s=96&d=mm&r=pg\",\"caption\":\"Kul\"},\"logo\":{\"@id\":\"https:\/\/sandzakpress.net\/arhiva\/#\/schema\/person\/image\/\"}},{\"@type\":\"Person\",\"@id\":\"https:\/\/sandzakpress.net\/arhiva\/#\/schema\/person\/c8baee722073534b583ea7bdb2e36c02\",\"name\":\"bosniak\",\"image\":{\"@type\":\"ImageObject\",\"inLanguage\":\"bs-BA\",\"@id\":\"https:\/\/sandzakpress.net\/arhiva\/#\/schema\/person\/image\/\",\"url\":\"https:\/\/secure.gravatar.com\/avatar\/a04fd330bfe3a36a72a0ad4a6d89fca7?s=96&d=mm&r=pg\",\"contentUrl\":\"https:\/\/secure.gravatar.com\/avatar\/a04fd330bfe3a36a72a0ad4a6d89fca7?s=96&d=mm&r=pg\",\"caption\":\"bosniak\"},\"url\":\"https:\/\/sandzakpress.net\/arhiva\/author\/bosniak\/\"}]}<\/script>\n<!-- \/ Yoast SEO Premium plugin. -->","yoast_head_json":{"title":"Tribina BANU \u2013 Lingvisti\u010dka demitologizacija Kulinove povelje","robots":{"index":"index","follow":"follow","max-snippet":"max-snippet:-1","max-image-preview":"max-image-preview:large","max-video-preview":"max-video-preview:-1"},"canonical":"https:\/\/sandzakpress.net\/arhiva\/tribina-banu-lingvisticka-demitologizacija-kulinove-povelje\/","og_locale":"bs_BA","og_type":"article","og_title":"Tribina BANU \u2013 Lingvisti\u010dka demitologizacija Kulinove povelje","og_description":"Sarajevo \u2013\u00a0Bo\u0161nja\u010dka akademija nauka i umjetnosti (BANU)\u00a0obavje\u0161tava javnost da \u0107e u \u010detvrtak,\u00a025. avgusta 2016.\u00a0odr\u017eati tribinu bosanskog jezika na temu\u00a0\u201eLingvisti\u010dka demitologizacija Kulinove povelje\u201c\u00a0povodom 29. avgusta\u00a0 1189 \u2013 827 godina od pisanja Povelje bosanskog bana Kulina s obzirom na zna\u010daj historije bosanske dr\u017eavnosti i historije bosanskog jezika. Tribina \u0107e se odr\u017eati\u00a0 u Sarajevu, ul.\u00a0\u0160trosmajerova 1\/II\u00a0sa po\u010detkom u\u00a011 [&hellip;]","og_url":"https:\/\/sandzakpress.net\/arhiva\/tribina-banu-lingvisticka-demitologizacija-kulinove-povelje\/","og_site_name":"Sand\u017eak PRESS","article_published_time":"2016-08-24T11:43:04+00:00","og_image":[{"width":616,"height":308,"url":"https:\/\/sandzakpress.net\/arhiva\/wp-content\/uploads\/2016\/08\/visoko-ploca-kulina-bana-616x308-1.jpg","type":"image\/jpeg"}],"author":"bosniak","twitter_card":"summary_large_image","twitter_misc":{"Written by":"bosniak","Est. reading time":"1 minuta"},"schema":{"@context":"https:\/\/schema.org","@graph":[{"@type":"Article","@id":"https:\/\/sandzakpress.net\/arhiva\/tribina-banu-lingvisticka-demitologizacija-kulinove-povelje\/#article","isPartOf":{"@id":"https:\/\/sandzakpress.net\/arhiva\/tribina-banu-lingvisticka-demitologizacija-kulinove-povelje\/"},"author":{"name":"bosniak","@id":"https:\/\/sandzakpress.net\/arhiva\/#\/schema\/person\/c8baee722073534b583ea7bdb2e36c02"},"headline":"Tribina BANU \u2013 Lingvisti\u010dka demitologizacija Kulinove povelje","datePublished":"2016-08-24T11:43:04+00:00","mainEntityOfPage":{"@id":"https:\/\/sandzakpress.net\/arhiva\/tribina-banu-lingvisticka-demitologizacija-kulinove-povelje\/"},"wordCount":128,"commentCount":0,"publisher":{"@id":"https:\/\/sandzakpress.net\/arhiva\/#\/schema\/person\/6e72b67d6e51910a1117b3b483ba20bd"},"image":{"@id":"https:\/\/sandzakpress.net\/arhiva\/tribina-banu-lingvisticka-demitologizacija-kulinove-povelje\/#primaryimage"},"thumbnailUrl":"https:\/\/sandzakpress.net\/arhiva\/wp-content\/uploads\/2016\/08\/visoko-ploca-kulina-bana-616x308-1.jpg","keywords":["Bosna i Hercegovina"],"articleSection":["Bosna PRESS"],"inLanguage":"bs-BA","potentialAction":[{"@type":"CommentAction","name":"Comment","target":["https:\/\/sandzakpress.net\/arhiva\/tribina-banu-lingvisticka-demitologizacija-kulinove-povelje\/#respond"]}]},{"@type":"WebPage","@id":"https:\/\/sandzakpress.net\/arhiva\/tribina-banu-lingvisticka-demitologizacija-kulinove-povelje\/","url":"https:\/\/sandzakpress.net\/arhiva\/tribina-banu-lingvisticka-demitologizacija-kulinove-povelje\/","name":"Tribina BANU \u2013 Lingvisti\u010dka demitologizacija Kulinove povelje","isPartOf":{"@id":"https:\/\/sandzakpress.net\/arhiva\/#website"},"primaryImageOfPage":{"@id":"https:\/\/sandzakpress.net\/arhiva\/tribina-banu-lingvisticka-demitologizacija-kulinove-povelje\/#primaryimage"},"image":{"@id":"https:\/\/sandzakpress.net\/arhiva\/tribina-banu-lingvisticka-demitologizacija-kulinove-povelje\/#primaryimage"},"thumbnailUrl":"https:\/\/sandzakpress.net\/arhiva\/wp-content\/uploads\/2016\/08\/visoko-ploca-kulina-bana-616x308-1.jpg","datePublished":"2016-08-24T11:43:04+00:00","breadcrumb":{"@id":"https:\/\/sandzakpress.net\/arhiva\/tribina-banu-lingvisticka-demitologizacija-kulinove-povelje\/#breadcrumb"},"inLanguage":"bs-BA","potentialAction":[{"@type":"ReadAction","target":["https:\/\/sandzakpress.net\/arhiva\/tribina-banu-lingvisticka-demitologizacija-kulinove-povelje\/"]}]},{"@type":"ImageObject","inLanguage":"bs-BA","@id":"https:\/\/sandzakpress.net\/arhiva\/tribina-banu-lingvisticka-demitologizacija-kulinove-povelje\/#primaryimage","url":"https:\/\/sandzakpress.net\/arhiva\/wp-content\/uploads\/2016\/08\/visoko-ploca-kulina-bana-616x308-1.jpg","contentUrl":"https:\/\/sandzakpress.net\/arhiva\/wp-content\/uploads\/2016\/08\/visoko-ploca-kulina-bana-616x308-1.jpg","width":616,"height":308},{"@type":"BreadcrumbList","@id":"https:\/\/sandzakpress.net\/arhiva\/tribina-banu-lingvisticka-demitologizacija-kulinove-povelje\/#breadcrumb","itemListElement":[{"@type":"ListItem","position":1,"name":"Home","item":"https:\/\/sandzakpress.net\/arhiva\/"},{"@type":"ListItem","position":2,"name":"Tribina BANU \u2013 Lingvisti\u010dka demitologizacija Kulinove povelje"}]},{"@type":"WebSite","@id":"https:\/\/sandzakpress.net\/arhiva\/#website","url":"https:\/\/sandzakpress.net\/arhiva\/","name":"Sand\u017eak PRESS","description":"Prve elektronske novine u Sand\u017eaku","publisher":{"@id":"https:\/\/sandzakpress.net\/arhiva\/#\/schema\/person\/6e72b67d6e51910a1117b3b483ba20bd"},"potentialAction":[{"@type":"SearchAction","target":{"@type":"EntryPoint","urlTemplate":"https:\/\/sandzakpress.net\/arhiva\/?s={search_term_string}"},"query-input":{"@type":"PropertyValueSpecification","valueRequired":true,"valueName":"search_term_string"}}],"inLanguage":"bs-BA"},{"@type":["Person","Organization"],"@id":"https:\/\/sandzakpress.net\/arhiva\/#\/schema\/person\/6e72b67d6e51910a1117b3b483ba20bd","name":"Kul","image":{"@type":"ImageObject","inLanguage":"bs-BA","@id":"https:\/\/sandzakpress.net\/arhiva\/#\/schema\/person\/image\/","url":"https:\/\/secure.gravatar.com\/avatar\/42263f39aa27ac04c43cab85c280eb2e?s=96&d=mm&r=pg","contentUrl":"https:\/\/secure.gravatar.com\/avatar\/42263f39aa27ac04c43cab85c280eb2e?s=96&d=mm&r=pg","caption":"Kul"},"logo":{"@id":"https:\/\/sandzakpress.net\/arhiva\/#\/schema\/person\/image\/"}},{"@type":"Person","@id":"https:\/\/sandzakpress.net\/arhiva\/#\/schema\/person\/c8baee722073534b583ea7bdb2e36c02","name":"bosniak","image":{"@type":"ImageObject","inLanguage":"bs-BA","@id":"https:\/\/sandzakpress.net\/arhiva\/#\/schema\/person\/image\/","url":"https:\/\/secure.gravatar.com\/avatar\/a04fd330bfe3a36a72a0ad4a6d89fca7?s=96&d=mm&r=pg","contentUrl":"https:\/\/secure.gravatar.com\/avatar\/a04fd330bfe3a36a72a0ad4a6d89fca7?s=96&d=mm&r=pg","caption":"bosniak"},"url":"https:\/\/sandzakpress.net\/arhiva\/author\/bosniak\/"}]}},"_links":{"self":[{"href":"https:\/\/sandzakpress.net\/arhiva\/wp-json\/wp\/v2\/posts\/166692"}],"collection":[{"href":"https:\/\/sandzakpress.net\/arhiva\/wp-json\/wp\/v2\/posts"}],"about":[{"href":"https:\/\/sandzakpress.net\/arhiva\/wp-json\/wp\/v2\/types\/post"}],"author":[{"embeddable":true,"href":"https:\/\/sandzakpress.net\/arhiva\/wp-json\/wp\/v2\/users\/83"}],"replies":[{"embeddable":true,"href":"https:\/\/sandzakpress.net\/arhiva\/wp-json\/wp\/v2\/comments?post=166692"}],"version-history":[{"count":0,"href":"https:\/\/sandzakpress.net\/arhiva\/wp-json\/wp\/v2\/posts\/166692\/revisions"}],"wp:featuredmedia":[{"embeddable":true,"href":"https:\/\/sandzakpress.net\/arhiva\/wp-json\/wp\/v2\/media\/166694"}],"wp:attachment":[{"href":"https:\/\/sandzakpress.net\/arhiva\/wp-json\/wp\/v2\/media?parent=166692"}],"wp:term":[{"taxonomy":"category","embeddable":true,"href":"https:\/\/sandzakpress.net\/arhiva\/wp-json\/wp\/v2\/categories?post=166692"},{"taxonomy":"post_tag","embeddable":true,"href":"https:\/\/sandzakpress.net\/arhiva\/wp-json\/wp\/v2\/tags?post=166692"}],"curies":[{"name":"wp","href":"https:\/\/api.w.org\/{rel}","templated":true}]}}