{"id":166589,"date":"2016-08-23T15:23:00","date_gmt":"2016-08-23T13:23:00","guid":{"rendered":"https:\/\/sandzakpress.net\/arhiva\/?p=166589"},"modified":"2016-08-23T15:23:00","modified_gmt":"2016-08-23T13:23:00","slug":"muftija-dudic-sa-delegacijom-vakufske-direkcije-iz-turske-o-rekonstrukciji-hamama","status":"publish","type":"post","link":"https:\/\/sandzakpress.net\/arhiva\/muftija-dudic-sa-delegacijom-vakufske-direkcije-iz-turske-o-rekonstrukciji-hamama\/","title":{"rendered":"Muftija Dudi\u0107 sa delegacijom Vakufske direkcije iz Turske o rekonstrukciji hamama"},"content":{"rendered":"<p class=\"x_MsoNormal\"><img decoding=\"async\" src=\"http:\/\/mesihat.org\/wp-content\/uploads\/2016\/08\/IMG_6015.jpg\" alt=\"IMG_6015\" \/><\/p>\n<p class=\"x_MsoNormal\"><strong>Predsjednik Me\u0161ihata IZ-e u Srbiji muftija dr. Mevlud ef. Dudi\u0107, 23.08.2016. godine, primio je delegaciju Vakufske direkcije Republike Turske koju su \u010dinili g-din Utku Utkan i g-\u0111a \u0160engul Kond\u017ea.<\/strong><\/p>\n<p class=\"x_MsoNormal\">Povod dolaska pomenute delegacije jeste rekonstrukcija Gazi Isa-begovog hamama u Novom Pazaru, \u0161to je rezultat nedavnog susreta muftije Dudi\u0107a sa generalnim direktorom Vakufske direkcije Adnanom Ertemom u Sarajevu. Obzirom da se radi o dragulju osmanske arhitekture iz 15. vijeka, izra\u017eeno je interesovanje ove turske institucije za njegovom obnovom.<\/p>\n<p class=\"x_MsoNormal\">Gosti iz Ankare su tom prilikom obi\u0161li Stari hamam, kao i nedavno rekonstruisanu Novopazarsku banju.<\/p>\n<p class=\"x_MsoNormal\">Informativna slu\u017eba<\/p>\n<p class=\"x_MsoNormal\"><img loading=\"lazy\" decoding=\"async\" class=\"alignleft size-full wp-image-34391\" src=\"http:\/\/mesihat.org\/wp-content\/uploads\/2016\/08\/IMG_6021.jpg\" sizes=\"(max-width: 1000px) 100vw, 1000px\" srcset=\"http:\/\/mesihat.org\/wp-content\/uploads\/2016\/08\/IMG_6021.jpg 1000w, http:\/\/mesihat.org\/wp-content\/uploads\/2016\/08\/IMG_6021-500x300.jpg 500w, http:\/\/mesihat.org\/wp-content\/uploads\/2016\/08\/IMG_6021-768x461.jpg 768w\" alt=\"IMG_6021\" width=\"1000\" height=\"600\" \/><img loading=\"lazy\" decoding=\"async\" class=\"alignleft size-full wp-image-34389\" src=\"http:\/\/mesihat.org\/wp-content\/uploads\/2016\/08\/IMG_6009.jpg\" sizes=\"(max-width: 1000px) 100vw, 1000px\" srcset=\"http:\/\/mesihat.org\/wp-content\/uploads\/2016\/08\/IMG_6009.jpg 1000w, http:\/\/mesihat.org\/wp-content\/uploads\/2016\/08\/IMG_6009-523x300.jpg 523w, http:\/\/mesihat.org\/wp-content\/uploads\/2016\/08\/IMG_6009-768x441.jpg 768w\" alt=\"IMG_6009\" width=\"1000\" height=\"574\" \/><img loading=\"lazy\" decoding=\"async\" class=\"alignleft size-full wp-image-34392\" src=\"http:\/\/mesihat.org\/wp-content\/uploads\/2016\/08\/IMG_6022.jpg\" sizes=\"(max-width: 1000px) 100vw, 1000px\" srcset=\"http:\/\/mesihat.org\/wp-content\/uploads\/2016\/08\/IMG_6022.jpg 1000w, http:\/\/mesihat.org\/wp-content\/uploads\/2016\/08\/IMG_6022-464x300.jpg 464w, http:\/\/mesihat.org\/wp-content\/uploads\/2016\/08\/IMG_6022-768x496.jpg 768w, http:\/\/mesihat.org\/wp-content\/uploads\/2016\/08\/IMG_6022-929x600.jpg 929w\" alt=\"IMG_6022\" width=\"1000\" height=\"646\" \/><\/p>\n","protected":false},"excerpt":{"rendered":"<p>Predsjednik Me\u0161ihata IZ-e u Srbiji muftija dr. Mevlud ef. Dudi\u0107, 23.08.2016. godine, primio je delegaciju Vakufske direkcije Republike Turske koju su \u010dinili g-din Utku Utkan i g-\u0111a \u0160engul Kond\u017ea. Povod dolaska pomenute delegacije jeste rekonstrukcija Gazi Isa-begovog hamama u Novom Pazaru, \u0161to je rezultat nedavnog susreta muftije Dudi\u0107a sa generalnim direktorom Vakufske direkcije Adnanom Ertemom [&hellip;]<\/p>\n","protected":false},"author":83,"featured_media":166601,"comment_status":"open","ping_status":"open","sticky":false,"template":"","format":"standard","meta":{"footnotes":""},"categories":[72,802,8957,2692,16],"tags":[],"class_list":{"0":"post-166589","1":"post","2":"type-post","3":"status-publish","4":"format-standard","5":"has-post-thumbnail","7":"category-novi-pazar","8":"category-islamska_zajednica","9":"category-vijesti-dana","10":"category-turska-gradovi","11":"category-novine"},"yoast_head":"<!-- This site is optimized with the Yoast SEO Premium plugin v23.1 (Yoast SEO v24.9) - https:\/\/yoast.com\/wordpress\/plugins\/seo\/ -->\n<title>Muftija Dudi\u0107 sa delegacijom Vakufske direkcije iz Turske o rekonstrukciji hamama<\/title>\n<meta name=\"robots\" content=\"index, follow, max-snippet:-1, max-image-preview:large, max-video-preview:-1\" \/>\n<link rel=\"canonical\" href=\"https:\/\/sandzakpress.net\/arhiva\/muftija-dudic-sa-delegacijom-vakufske-direkcije-iz-turske-o-rekonstrukciji-hamama\/\" \/>\n<meta property=\"og:locale\" content=\"bs_BA\" \/>\n<meta property=\"og:type\" content=\"article\" \/>\n<meta property=\"og:title\" content=\"Muftija Dudi\u0107 sa delegacijom Vakufske direkcije iz Turske o rekonstrukciji hamama\" \/>\n<meta property=\"og:description\" content=\"Predsjednik Me\u0161ihata IZ-e u Srbiji muftija dr. Mevlud ef. Dudi\u0107, 23.08.2016. godine, primio je delegaciju Vakufske direkcije Republike Turske koju su \u010dinili g-din Utku Utkan i g-\u0111a \u0160engul Kond\u017ea. Povod dolaska pomenute delegacije jeste rekonstrukcija Gazi Isa-begovog hamama u Novom Pazaru, \u0161to je rezultat nedavnog susreta muftije Dudi\u0107a sa generalnim direktorom Vakufske direkcije Adnanom Ertemom [&hellip;]\" \/>\n<meta property=\"og:url\" content=\"https:\/\/sandzakpress.net\/arhiva\/muftija-dudic-sa-delegacijom-vakufske-direkcije-iz-turske-o-rekonstrukciji-hamama\/\" \/>\n<meta property=\"og:site_name\" content=\"Sand\u017eak PRESS\" \/>\n<meta property=\"article:published_time\" content=\"2016-08-23T13:23:00+00:00\" \/>\n<meta property=\"og:image\" content=\"https:\/\/sandzakpress.net\/arhiva\/wp-content\/uploads\/2016\/08\/IMG_6015.jpg\" \/>\n\t<meta property=\"og:image:width\" content=\"1000\" \/>\n\t<meta property=\"og:image:height\" content=\"551\" \/>\n\t<meta property=\"og:image:type\" content=\"image\/jpeg\" \/>\n<meta name=\"author\" content=\"bosniak\" \/>\n<meta name=\"twitter:card\" content=\"summary_large_image\" \/>\n<meta name=\"twitter:label1\" content=\"Written by\" \/>\n\t<meta name=\"twitter:data1\" content=\"bosniak\" \/>\n<script type=\"application\/ld+json\" class=\"yoast-schema-graph\">{\"@context\":\"https:\/\/schema.org\",\"@graph\":[{\"@type\":\"Article\",\"@id\":\"https:\/\/sandzakpress.net\/arhiva\/muftija-dudic-sa-delegacijom-vakufske-direkcije-iz-turske-o-rekonstrukciji-hamama\/#article\",\"isPartOf\":{\"@id\":\"https:\/\/sandzakpress.net\/arhiva\/muftija-dudic-sa-delegacijom-vakufske-direkcije-iz-turske-o-rekonstrukciji-hamama\/\"},\"author\":{\"name\":\"bosniak\",\"@id\":\"https:\/\/sandzakpress.net\/arhiva\/#\/schema\/person\/c8baee722073534b583ea7bdb2e36c02\"},\"headline\":\"Muftija Dudi\u0107 sa delegacijom Vakufske direkcije iz Turske o rekonstrukciji hamama\",\"datePublished\":\"2016-08-23T13:23:00+00:00\",\"mainEntityOfPage\":{\"@id\":\"https:\/\/sandzakpress.net\/arhiva\/muftija-dudic-sa-delegacijom-vakufske-direkcije-iz-turske-o-rekonstrukciji-hamama\/\"},\"wordCount\":110,\"commentCount\":3,\"publisher\":{\"@id\":\"https:\/\/sandzakpress.net\/arhiva\/#\/schema\/person\/6e72b67d6e51910a1117b3b483ba20bd\"},\"image\":{\"@id\":\"https:\/\/sandzakpress.net\/arhiva\/muftija-dudic-sa-delegacijom-vakufske-direkcije-iz-turske-o-rekonstrukciji-hamama\/#primaryimage\"},\"thumbnailUrl\":\"https:\/\/sandzakpress.net\/arhiva\/wp-content\/uploads\/2016\/08\/IMG_6015.jpg\",\"articleSection\":[\"Novi Pazar\",\"Islamska zajednica\",\"VIJESTI DANA\",\"Turska\",\"Novine\"],\"inLanguage\":\"bs-BA\",\"potentialAction\":[{\"@type\":\"CommentAction\",\"name\":\"Comment\",\"target\":[\"https:\/\/sandzakpress.net\/arhiva\/muftija-dudic-sa-delegacijom-vakufske-direkcije-iz-turske-o-rekonstrukciji-hamama\/#respond\"]}]},{\"@type\":\"WebPage\",\"@id\":\"https:\/\/sandzakpress.net\/arhiva\/muftija-dudic-sa-delegacijom-vakufske-direkcije-iz-turske-o-rekonstrukciji-hamama\/\",\"url\":\"https:\/\/sandzakpress.net\/arhiva\/muftija-dudic-sa-delegacijom-vakufske-direkcije-iz-turske-o-rekonstrukciji-hamama\/\",\"name\":\"Muftija Dudi\u0107 sa delegacijom Vakufske direkcije iz Turske o rekonstrukciji hamama\",\"isPartOf\":{\"@id\":\"https:\/\/sandzakpress.net\/arhiva\/#website\"},\"primaryImageOfPage\":{\"@id\":\"https:\/\/sandzakpress.net\/arhiva\/muftija-dudic-sa-delegacijom-vakufske-direkcije-iz-turske-o-rekonstrukciji-hamama\/#primaryimage\"},\"image\":{\"@id\":\"https:\/\/sandzakpress.net\/arhiva\/muftija-dudic-sa-delegacijom-vakufske-direkcije-iz-turske-o-rekonstrukciji-hamama\/#primaryimage\"},\"thumbnailUrl\":\"https:\/\/sandzakpress.net\/arhiva\/wp-content\/uploads\/2016\/08\/IMG_6015.jpg\",\"datePublished\":\"2016-08-23T13:23:00+00:00\",\"breadcrumb\":{\"@id\":\"https:\/\/sandzakpress.net\/arhiva\/muftija-dudic-sa-delegacijom-vakufske-direkcije-iz-turske-o-rekonstrukciji-hamama\/#breadcrumb\"},\"inLanguage\":\"bs-BA\",\"potentialAction\":[{\"@type\":\"ReadAction\",\"target\":[\"https:\/\/sandzakpress.net\/arhiva\/muftija-dudic-sa-delegacijom-vakufske-direkcije-iz-turske-o-rekonstrukciji-hamama\/\"]}]},{\"@type\":\"ImageObject\",\"inLanguage\":\"bs-BA\",\"@id\":\"https:\/\/sandzakpress.net\/arhiva\/muftija-dudic-sa-delegacijom-vakufske-direkcije-iz-turske-o-rekonstrukciji-hamama\/#primaryimage\",\"url\":\"https:\/\/sandzakpress.net\/arhiva\/wp-content\/uploads\/2016\/08\/IMG_6015.jpg\",\"contentUrl\":\"https:\/\/sandzakpress.net\/arhiva\/wp-content\/uploads\/2016\/08\/IMG_6015.jpg\",\"width\":1000,\"height\":551},{\"@type\":\"BreadcrumbList\",\"@id\":\"https:\/\/sandzakpress.net\/arhiva\/muftija-dudic-sa-delegacijom-vakufske-direkcije-iz-turske-o-rekonstrukciji-hamama\/#breadcrumb\",\"itemListElement\":[{\"@type\":\"ListItem\",\"position\":1,\"name\":\"Home\",\"item\":\"https:\/\/sandzakpress.net\/arhiva\/\"},{\"@type\":\"ListItem\",\"position\":2,\"name\":\"Muftija Dudi\u0107 sa delegacijom Vakufske direkcije iz Turske o rekonstrukciji hamama\"}]},{\"@type\":\"WebSite\",\"@id\":\"https:\/\/sandzakpress.net\/arhiva\/#website\",\"url\":\"https:\/\/sandzakpress.net\/arhiva\/\",\"name\":\"Sand\u017eak PRESS\",\"description\":\"Prve elektronske novine u Sand\u017eaku\",\"publisher\":{\"@id\":\"https:\/\/sandzakpress.net\/arhiva\/#\/schema\/person\/6e72b67d6e51910a1117b3b483ba20bd\"},\"potentialAction\":[{\"@type\":\"SearchAction\",\"target\":{\"@type\":\"EntryPoint\",\"urlTemplate\":\"https:\/\/sandzakpress.net\/arhiva\/?s={search_term_string}\"},\"query-input\":{\"@type\":\"PropertyValueSpecification\",\"valueRequired\":true,\"valueName\":\"search_term_string\"}}],\"inLanguage\":\"bs-BA\"},{\"@type\":[\"Person\",\"Organization\"],\"@id\":\"https:\/\/sandzakpress.net\/arhiva\/#\/schema\/person\/6e72b67d6e51910a1117b3b483ba20bd\",\"name\":\"Kul\",\"image\":{\"@type\":\"ImageObject\",\"inLanguage\":\"bs-BA\",\"@id\":\"https:\/\/sandzakpress.net\/arhiva\/#\/schema\/person\/image\/\",\"url\":\"https:\/\/secure.gravatar.com\/avatar\/42263f39aa27ac04c43cab85c280eb2e?s=96&d=mm&r=pg\",\"contentUrl\":\"https:\/\/secure.gravatar.com\/avatar\/42263f39aa27ac04c43cab85c280eb2e?s=96&d=mm&r=pg\",\"caption\":\"Kul\"},\"logo\":{\"@id\":\"https:\/\/sandzakpress.net\/arhiva\/#\/schema\/person\/image\/\"}},{\"@type\":\"Person\",\"@id\":\"https:\/\/sandzakpress.net\/arhiva\/#\/schema\/person\/c8baee722073534b583ea7bdb2e36c02\",\"name\":\"bosniak\",\"image\":{\"@type\":\"ImageObject\",\"inLanguage\":\"bs-BA\",\"@id\":\"https:\/\/sandzakpress.net\/arhiva\/#\/schema\/person\/image\/\",\"url\":\"https:\/\/secure.gravatar.com\/avatar\/a04fd330bfe3a36a72a0ad4a6d89fca7?s=96&d=mm&r=pg\",\"contentUrl\":\"https:\/\/secure.gravatar.com\/avatar\/a04fd330bfe3a36a72a0ad4a6d89fca7?s=96&d=mm&r=pg\",\"caption\":\"bosniak\"},\"url\":\"https:\/\/sandzakpress.net\/arhiva\/author\/bosniak\/\"}]}<\/script>\n<!-- \/ Yoast SEO Premium plugin. -->","yoast_head_json":{"title":"Muftija Dudi\u0107 sa delegacijom Vakufske direkcije iz Turske o rekonstrukciji hamama","robots":{"index":"index","follow":"follow","max-snippet":"max-snippet:-1","max-image-preview":"max-image-preview:large","max-video-preview":"max-video-preview:-1"},"canonical":"https:\/\/sandzakpress.net\/arhiva\/muftija-dudic-sa-delegacijom-vakufske-direkcije-iz-turske-o-rekonstrukciji-hamama\/","og_locale":"bs_BA","og_type":"article","og_title":"Muftija Dudi\u0107 sa delegacijom Vakufske direkcije iz Turske o rekonstrukciji hamama","og_description":"Predsjednik Me\u0161ihata IZ-e u Srbiji muftija dr. Mevlud ef. Dudi\u0107, 23.08.2016. godine, primio je delegaciju Vakufske direkcije Republike Turske koju su \u010dinili g-din Utku Utkan i g-\u0111a \u0160engul Kond\u017ea. Povod dolaska pomenute delegacije jeste rekonstrukcija Gazi Isa-begovog hamama u Novom Pazaru, \u0161to je rezultat nedavnog susreta muftije Dudi\u0107a sa generalnim direktorom Vakufske direkcije Adnanom Ertemom [&hellip;]","og_url":"https:\/\/sandzakpress.net\/arhiva\/muftija-dudic-sa-delegacijom-vakufske-direkcije-iz-turske-o-rekonstrukciji-hamama\/","og_site_name":"Sand\u017eak PRESS","article_published_time":"2016-08-23T13:23:00+00:00","og_image":[{"width":1000,"height":551,"url":"https:\/\/sandzakpress.net\/arhiva\/wp-content\/uploads\/2016\/08\/IMG_6015.jpg","type":"image\/jpeg"}],"author":"bosniak","twitter_card":"summary_large_image","twitter_misc":{"Written by":"bosniak"},"schema":{"@context":"https:\/\/schema.org","@graph":[{"@type":"Article","@id":"https:\/\/sandzakpress.net\/arhiva\/muftija-dudic-sa-delegacijom-vakufske-direkcije-iz-turske-o-rekonstrukciji-hamama\/#article","isPartOf":{"@id":"https:\/\/sandzakpress.net\/arhiva\/muftija-dudic-sa-delegacijom-vakufske-direkcije-iz-turske-o-rekonstrukciji-hamama\/"},"author":{"name":"bosniak","@id":"https:\/\/sandzakpress.net\/arhiva\/#\/schema\/person\/c8baee722073534b583ea7bdb2e36c02"},"headline":"Muftija Dudi\u0107 sa delegacijom Vakufske direkcije iz Turske o rekonstrukciji hamama","datePublished":"2016-08-23T13:23:00+00:00","mainEntityOfPage":{"@id":"https:\/\/sandzakpress.net\/arhiva\/muftija-dudic-sa-delegacijom-vakufske-direkcije-iz-turske-o-rekonstrukciji-hamama\/"},"wordCount":110,"commentCount":3,"publisher":{"@id":"https:\/\/sandzakpress.net\/arhiva\/#\/schema\/person\/6e72b67d6e51910a1117b3b483ba20bd"},"image":{"@id":"https:\/\/sandzakpress.net\/arhiva\/muftija-dudic-sa-delegacijom-vakufske-direkcije-iz-turske-o-rekonstrukciji-hamama\/#primaryimage"},"thumbnailUrl":"https:\/\/sandzakpress.net\/arhiva\/wp-content\/uploads\/2016\/08\/IMG_6015.jpg","articleSection":["Novi Pazar","Islamska zajednica","VIJESTI DANA","Turska","Novine"],"inLanguage":"bs-BA","potentialAction":[{"@type":"CommentAction","name":"Comment","target":["https:\/\/sandzakpress.net\/arhiva\/muftija-dudic-sa-delegacijom-vakufske-direkcije-iz-turske-o-rekonstrukciji-hamama\/#respond"]}]},{"@type":"WebPage","@id":"https:\/\/sandzakpress.net\/arhiva\/muftija-dudic-sa-delegacijom-vakufske-direkcije-iz-turske-o-rekonstrukciji-hamama\/","url":"https:\/\/sandzakpress.net\/arhiva\/muftija-dudic-sa-delegacijom-vakufske-direkcije-iz-turske-o-rekonstrukciji-hamama\/","name":"Muftija Dudi\u0107 sa delegacijom Vakufske direkcije iz Turske o rekonstrukciji hamama","isPartOf":{"@id":"https:\/\/sandzakpress.net\/arhiva\/#website"},"primaryImageOfPage":{"@id":"https:\/\/sandzakpress.net\/arhiva\/muftija-dudic-sa-delegacijom-vakufske-direkcije-iz-turske-o-rekonstrukciji-hamama\/#primaryimage"},"image":{"@id":"https:\/\/sandzakpress.net\/arhiva\/muftija-dudic-sa-delegacijom-vakufske-direkcije-iz-turske-o-rekonstrukciji-hamama\/#primaryimage"},"thumbnailUrl":"https:\/\/sandzakpress.net\/arhiva\/wp-content\/uploads\/2016\/08\/IMG_6015.jpg","datePublished":"2016-08-23T13:23:00+00:00","breadcrumb":{"@id":"https:\/\/sandzakpress.net\/arhiva\/muftija-dudic-sa-delegacijom-vakufske-direkcije-iz-turske-o-rekonstrukciji-hamama\/#breadcrumb"},"inLanguage":"bs-BA","potentialAction":[{"@type":"ReadAction","target":["https:\/\/sandzakpress.net\/arhiva\/muftija-dudic-sa-delegacijom-vakufske-direkcije-iz-turske-o-rekonstrukciji-hamama\/"]}]},{"@type":"ImageObject","inLanguage":"bs-BA","@id":"https:\/\/sandzakpress.net\/arhiva\/muftija-dudic-sa-delegacijom-vakufske-direkcije-iz-turske-o-rekonstrukciji-hamama\/#primaryimage","url":"https:\/\/sandzakpress.net\/arhiva\/wp-content\/uploads\/2016\/08\/IMG_6015.jpg","contentUrl":"https:\/\/sandzakpress.net\/arhiva\/wp-content\/uploads\/2016\/08\/IMG_6015.jpg","width":1000,"height":551},{"@type":"BreadcrumbList","@id":"https:\/\/sandzakpress.net\/arhiva\/muftija-dudic-sa-delegacijom-vakufske-direkcije-iz-turske-o-rekonstrukciji-hamama\/#breadcrumb","itemListElement":[{"@type":"ListItem","position":1,"name":"Home","item":"https:\/\/sandzakpress.net\/arhiva\/"},{"@type":"ListItem","position":2,"name":"Muftija Dudi\u0107 sa delegacijom Vakufske direkcije iz Turske o rekonstrukciji hamama"}]},{"@type":"WebSite","@id":"https:\/\/sandzakpress.net\/arhiva\/#website","url":"https:\/\/sandzakpress.net\/arhiva\/","name":"Sand\u017eak PRESS","description":"Prve elektronske novine u Sand\u017eaku","publisher":{"@id":"https:\/\/sandzakpress.net\/arhiva\/#\/schema\/person\/6e72b67d6e51910a1117b3b483ba20bd"},"potentialAction":[{"@type":"SearchAction","target":{"@type":"EntryPoint","urlTemplate":"https:\/\/sandzakpress.net\/arhiva\/?s={search_term_string}"},"query-input":{"@type":"PropertyValueSpecification","valueRequired":true,"valueName":"search_term_string"}}],"inLanguage":"bs-BA"},{"@type":["Person","Organization"],"@id":"https:\/\/sandzakpress.net\/arhiva\/#\/schema\/person\/6e72b67d6e51910a1117b3b483ba20bd","name":"Kul","image":{"@type":"ImageObject","inLanguage":"bs-BA","@id":"https:\/\/sandzakpress.net\/arhiva\/#\/schema\/person\/image\/","url":"https:\/\/secure.gravatar.com\/avatar\/42263f39aa27ac04c43cab85c280eb2e?s=96&d=mm&r=pg","contentUrl":"https:\/\/secure.gravatar.com\/avatar\/42263f39aa27ac04c43cab85c280eb2e?s=96&d=mm&r=pg","caption":"Kul"},"logo":{"@id":"https:\/\/sandzakpress.net\/arhiva\/#\/schema\/person\/image\/"}},{"@type":"Person","@id":"https:\/\/sandzakpress.net\/arhiva\/#\/schema\/person\/c8baee722073534b583ea7bdb2e36c02","name":"bosniak","image":{"@type":"ImageObject","inLanguage":"bs-BA","@id":"https:\/\/sandzakpress.net\/arhiva\/#\/schema\/person\/image\/","url":"https:\/\/secure.gravatar.com\/avatar\/a04fd330bfe3a36a72a0ad4a6d89fca7?s=96&d=mm&r=pg","contentUrl":"https:\/\/secure.gravatar.com\/avatar\/a04fd330bfe3a36a72a0ad4a6d89fca7?s=96&d=mm&r=pg","caption":"bosniak"},"url":"https:\/\/sandzakpress.net\/arhiva\/author\/bosniak\/"}]}},"_links":{"self":[{"href":"https:\/\/sandzakpress.net\/arhiva\/wp-json\/wp\/v2\/posts\/166589"}],"collection":[{"href":"https:\/\/sandzakpress.net\/arhiva\/wp-json\/wp\/v2\/posts"}],"about":[{"href":"https:\/\/sandzakpress.net\/arhiva\/wp-json\/wp\/v2\/types\/post"}],"author":[{"embeddable":true,"href":"https:\/\/sandzakpress.net\/arhiva\/wp-json\/wp\/v2\/users\/83"}],"replies":[{"embeddable":true,"href":"https:\/\/sandzakpress.net\/arhiva\/wp-json\/wp\/v2\/comments?post=166589"}],"version-history":[{"count":0,"href":"https:\/\/sandzakpress.net\/arhiva\/wp-json\/wp\/v2\/posts\/166589\/revisions"}],"wp:featuredmedia":[{"embeddable":true,"href":"https:\/\/sandzakpress.net\/arhiva\/wp-json\/wp\/v2\/media\/166601"}],"wp:attachment":[{"href":"https:\/\/sandzakpress.net\/arhiva\/wp-json\/wp\/v2\/media?parent=166589"}],"wp:term":[{"taxonomy":"category","embeddable":true,"href":"https:\/\/sandzakpress.net\/arhiva\/wp-json\/wp\/v2\/categories?post=166589"},{"taxonomy":"post_tag","embeddable":true,"href":"https:\/\/sandzakpress.net\/arhiva\/wp-json\/wp\/v2\/tags?post=166589"}],"curies":[{"name":"wp","href":"https:\/\/api.w.org\/{rel}","templated":true}]}}