{"id":166552,"date":"2016-08-23T12:49:10","date_gmt":"2016-08-23T10:49:10","guid":{"rendered":"https:\/\/sandzakpress.net\/arhiva\/?p=166552"},"modified":"2016-08-24T11:52:34","modified_gmt":"2016-08-24T09:52:34","slug":"sandzak-dobio-najmladeg-hafiza-abdulmelik-hajdarevic-uspjesno-preslusan","status":"publish","type":"post","link":"https:\/\/sandzakpress.net\/arhiva\/sandzak-dobio-najmladeg-hafiza-abdulmelik-hajdarevic-uspjesno-preslusan\/","title":{"rendered":"Sand\u017eak dobio najmla\u0111eg hafiza &#8211; Abdulmelik Hajdarevi\u0107 uspje\u0161no preslu\u0161an"},"content":{"rendered":"<p class=\"x_MsoNormal\"><img loading=\"lazy\" decoding=\"async\" class=\"alignleft size-full wp-image-34380\" src=\"http:\/\/mesihat.org\/wp-content\/uploads\/2016\/08\/0-02-01-6e35af6db478df9c717c7fac1a3b39d1cd79b6cf2a6c3df5a8974ac0b018ea8b_full.jpg\" sizes=\"(max-width: 1000px) 100vw, 1000px\" srcset=\"http:\/\/mesihat.org\/wp-content\/uploads\/2016\/08\/0-02-01-6e35af6db478df9c717c7fac1a3b39d1cd79b6cf2a6c3df5a8974ac0b018ea8b_full.jpg 1000w, http:\/\/mesihat.org\/wp-content\/uploads\/2016\/08\/0-02-01-6e35af6db478df9c717c7fac1a3b39d1cd79b6cf2a6c3df5a8974ac0b018ea8b_full-443x300.jpg 443w, http:\/\/mesihat.org\/wp-content\/uploads\/2016\/08\/0-02-01-6e35af6db478df9c717c7fac1a3b39d1cd79b6cf2a6c3df5a8974ac0b018ea8b_full-768x520.jpg 768w, http:\/\/mesihat.org\/wp-content\/uploads\/2016\/08\/0-02-01-6e35af6db478df9c717c7fac1a3b39d1cd79b6cf2a6c3df5a8974ac0b018ea8b_full-886x600.jpg 886w\" alt=\"0-02-01-6e35af6db478df9c717c7fac1a3b39d1cd79b6cf2a6c3df5a8974ac0b018ea8b_full\" width=\"1000\" height=\"677\" \/><\/p>\n<p class=\"x_MsoNormal\"><strong><\/p>\n<p>U\u010denjem zadnjeg d\u017euza Kur'ana, 22.08.2016. godine, u prostorijama Me\u0161ihata Islamske zajednice u Srbiji, okon\u010dano je preslu\u0161avanje Abdulmelika Hajdarevi\u0107a, najmla\u0111eg hafiza u Sand\u017eaku.<\/strong><\/p>\n<p class=\"x_MsoNormal\">Ovaj trinaestogodi\u0161njak iz Novog Pazara je pred Komisijom za hifz, gdje je prisustvovao i predsjednik Me\u0161ihata muftija dr. Mevlud ef. Dudi\u0107, nakon petnaestodnevnog preslu\u0161avanja, postao hafiz Kur'ana \u2013 \u010duvar Allahove rije\u010di.<\/p>\n<p class=\"x_MsoNormal\">Prije ovog sve\u010danog \u010dina prisutnima se obratio hfz. Irfan ef. Mali\u0107, dovu je prou\u010dio predsjednik Komisije hfz. Abdurrahman ef. Kujevi\u0107, a na kraju je mladom hafizu i njegovoj porodici \u010destitke uputio muftija dr. Mevlud ef. Dudi\u0107.\u00a0Muhafiz Abdulmeliku\u00a0Hajdarevi\u0107u bio je hfz. Faris Dautovi\u0107.<\/p>\n<p class=\"x_MsoNormal\">Sve\u010danost i hafiska dova hfz. Abdulmeliku Hajdarevi\u0107u bit \u0107e uprili\u010deni naknadno.<\/p>\n<p class=\"x_MsoNormal\"><i>Informativna slu\u017eba Me\u0161ihata<\/i><\/p>\n<p class=\"x_MsoNormal\"><img loading=\"lazy\" decoding=\"async\" class=\"alignleft size-full wp-image-34385\" src=\"http:\/\/mesihat.org\/wp-content\/uploads\/2016\/08\/image-0-02-01-f8d0ea271abc6d5cccd13b8eb6f6a00b9e9307f7a79b7ba305e8d7ae4970a75b-V.jpg\" sizes=\"(max-width: 1000px) 100vw, 1000px\" srcset=\"http:\/\/mesihat.org\/wp-content\/uploads\/2016\/08\/image-0-02-01-f8d0ea271abc6d5cccd13b8eb6f6a00b9e9307f7a79b7ba305e8d7ae4970a75b-V.jpg 1000w, http:\/\/mesihat.org\/wp-content\/uploads\/2016\/08\/image-0-02-01-f8d0ea271abc6d5cccd13b8eb6f6a00b9e9307f7a79b7ba305e8d7ae4970a75b-V-380x300.jpg 380w, http:\/\/mesihat.org\/wp-content\/uploads\/2016\/08\/image-0-02-01-f8d0ea271abc6d5cccd13b8eb6f6a00b9e9307f7a79b7ba305e8d7ae4970a75b-V-768x607.jpg 768w, http:\/\/mesihat.org\/wp-content\/uploads\/2016\/08\/image-0-02-01-f8d0ea271abc6d5cccd13b8eb6f6a00b9e9307f7a79b7ba305e8d7ae4970a75b-V-759x600.jpg 759w\" alt=\"image-0-02-01-f8d0ea271abc6d5cccd13b8eb6f6a00b9e9307f7a79b7ba305e8d7ae4970a75b-V\" width=\"1000\" height=\"790\" \/><img loading=\"lazy\" decoding=\"async\" class=\"alignleft size-full wp-image-34383\" src=\"http:\/\/mesihat.org\/wp-content\/uploads\/2016\/08\/image-0-02-01-79feb67c8d3b523297bdce6ff221ca31abd0715869f515dde89855536829e4f9-V.jpg\" sizes=\"(max-width: 1000px) 100vw, 1000px\" srcset=\"http:\/\/mesihat.org\/wp-content\/uploads\/2016\/08\/image-0-02-01-79feb67c8d3b523297bdce6ff221ca31abd0715869f515dde89855536829e4f9-V.jpg 1000w, http:\/\/mesihat.org\/wp-content\/uploads\/2016\/08\/image-0-02-01-79feb67c8d3b523297bdce6ff221ca31abd0715869f515dde89855536829e4f9-V-418x300.jpg 418w, http:\/\/mesihat.org\/wp-content\/uploads\/2016\/08\/image-0-02-01-79feb67c8d3b523297bdce6ff221ca31abd0715869f515dde89855536829e4f9-V-768x551.jpg 768w, http:\/\/mesihat.org\/wp-content\/uploads\/2016\/08\/image-0-02-01-79feb67c8d3b523297bdce6ff221ca31abd0715869f515dde89855536829e4f9-V-837x600.jpg 837w\" alt=\"image-0-02-01-79feb67c8d3b523297bdce6ff221ca31abd0715869f515dde89855536829e4f9-V\" width=\"1000\" height=\"717\" \/><img loading=\"lazy\" decoding=\"async\" class=\"alignleft size-full wp-image-34380\" src=\"http:\/\/mesihat.org\/wp-content\/uploads\/2016\/08\/0-02-01-6e35af6db478df9c717c7fac1a3b39d1cd79b6cf2a6c3df5a8974ac0b018ea8b_full.jpg\" sizes=\"(max-width: 1000px) 100vw, 1000px\" srcset=\"http:\/\/mesihat.org\/wp-content\/uploads\/2016\/08\/0-02-01-6e35af6db478df9c717c7fac1a3b39d1cd79b6cf2a6c3df5a8974ac0b018ea8b_full.jpg 1000w, http:\/\/mesihat.org\/wp-content\/uploads\/2016\/08\/0-02-01-6e35af6db478df9c717c7fac1a3b39d1cd79b6cf2a6c3df5a8974ac0b018ea8b_full-443x300.jpg 443w, http:\/\/mesihat.org\/wp-content\/uploads\/2016\/08\/0-02-01-6e35af6db478df9c717c7fac1a3b39d1cd79b6cf2a6c3df5a8974ac0b018ea8b_full-768x520.jpg 768w, http:\/\/mesihat.org\/wp-content\/uploads\/2016\/08\/0-02-01-6e35af6db478df9c717c7fac1a3b39d1cd79b6cf2a6c3df5a8974ac0b018ea8b_full-886x600.jpg 886w\" alt=\"0-02-01-6e35af6db478df9c717c7fac1a3b39d1cd79b6cf2a6c3df5a8974ac0b018ea8b_full\" width=\"1000\" height=\"677\" \/><img loading=\"lazy\" decoding=\"async\" class=\"alignleft size-full wp-image-34379\" src=\"http:\/\/mesihat.org\/wp-content\/uploads\/2016\/08\/0-02-01-4f250593caf0ef81049e12a842d16738fcdc247f0522b335870e9e15d7d34022_full.jpg\" sizes=\"(max-width: 1000px) 100vw, 1000px\" srcset=\"http:\/\/mesihat.org\/wp-content\/uploads\/2016\/08\/0-02-01-4f250593caf0ef81049e12a842d16738fcdc247f0522b335870e9e15d7d34022_full.jpg 1000w, http:\/\/mesihat.org\/wp-content\/uploads\/2016\/08\/0-02-01-4f250593caf0ef81049e12a842d16738fcdc247f0522b335870e9e15d7d34022_full-460x300.jpg 460w, http:\/\/mesihat.org\/wp-content\/uploads\/2016\/08\/0-02-01-4f250593caf0ef81049e12a842d16738fcdc247f0522b335870e9e15d7d34022_full-768x501.jpg 768w, http:\/\/mesihat.org\/wp-content\/uploads\/2016\/08\/0-02-01-4f250593caf0ef81049e12a842d16738fcdc247f0522b335870e9e15d7d34022_full-920x600.jpg 920w\" alt=\"0-02-01-4f250593caf0ef81049e12a842d16738fcdc247f0522b335870e9e15d7d34022_full\" width=\"1000\" height=\"652\" \/><img loading=\"lazy\" decoding=\"async\" class=\"alignleft size-full wp-image-34378\" src=\"http:\/\/mesihat.org\/wp-content\/uploads\/2016\/08\/0-02-01-4eaddc7f68831dc879498fa40927cfb1545aab4ae473df3d0c0c37e97ad241a2_full.jpg\" sizes=\"(max-width: 1000px) 100vw, 1000px\" srcset=\"http:\/\/mesihat.org\/wp-content\/uploads\/2016\/08\/0-02-01-4eaddc7f68831dc879498fa40927cfb1545aab4ae473df3d0c0c37e97ad241a2_full.jpg 1000w, http:\/\/mesihat.org\/wp-content\/uploads\/2016\/08\/0-02-01-4eaddc7f68831dc879498fa40927cfb1545aab4ae473df3d0c0c37e97ad241a2_full-473x300.jpg 473w, http:\/\/mesihat.org\/wp-content\/uploads\/2016\/08\/0-02-01-4eaddc7f68831dc879498fa40927cfb1545aab4ae473df3d0c0c37e97ad241a2_full-768x487.jpg 768w, http:\/\/mesihat.org\/wp-content\/uploads\/2016\/08\/0-02-01-4eaddc7f68831dc879498fa40927cfb1545aab4ae473df3d0c0c37e97ad241a2_full-946x600.jpg 946w\" alt=\"0-02-01-4eaddc7f68831dc879498fa40927cfb1545aab4ae473df3d0c0c37e97ad241a2_full\" width=\"1000\" height=\"634\" \/><img loading=\"lazy\" decoding=\"async\" class=\"alignleft size-full wp-image-34382\" src=\"http:\/\/mesihat.org\/wp-content\/uploads\/2016\/08\/image-0-02-01-4da61fca45078ff3130158c60090f3c1ecb2cca8fc622b0de690900e1b776bf8-V.jpg\" sizes=\"(max-width: 1000px) 100vw, 1000px\" srcset=\"http:\/\/mesihat.org\/wp-content\/uploads\/2016\/08\/image-0-02-01-4da61fca45078ff3130158c60090f3c1ecb2cca8fc622b0de690900e1b776bf8-V.jpg 1000w, http:\/\/mesihat.org\/wp-content\/uploads\/2016\/08\/image-0-02-01-4da61fca45078ff3130158c60090f3c1ecb2cca8fc622b0de690900e1b776bf8-V-437x300.jpg 437w, http:\/\/mesihat.org\/wp-content\/uploads\/2016\/08\/image-0-02-01-4da61fca45078ff3130158c60090f3c1ecb2cca8fc622b0de690900e1b776bf8-V-768x528.jpg 768w, http:\/\/mesihat.org\/wp-content\/uploads\/2016\/08\/image-0-02-01-4da61fca45078ff3130158c60090f3c1ecb2cca8fc622b0de690900e1b776bf8-V-873x600.jpg 873w\" alt=\"image-0-02-01-4da61fca45078ff3130158c60090f3c1ecb2cca8fc622b0de690900e1b776bf8-V\" width=\"1000\" height=\"687\" \/><\/p>\n","protected":false},"excerpt":{"rendered":"<p>U\u010denjem zadnjeg d\u017euza Kur'ana, 22.08.2016. godine, u prostorijama Me\u0161ihata Islamske zajednice u Srbiji, okon\u010dano je preslu\u0161avanje Abdulmelika Hajdarevi\u0107a, najmla\u0111eg hafiza u Sand\u017eaku. Ovaj trinaestogodi\u0161njak iz Novog Pazara je pred Komisijom za hifz, gdje je prisustvovao i predsjednik Me\u0161ihata muftija dr. Mevlud ef. Dudi\u0107, nakon petnaestodnevnog preslu\u0161avanja, postao hafiz Kur'ana \u2013 \u010duvar Allahove rije\u010di. Prije ovog [&hellip;]<\/p>\n","protected":false},"author":83,"featured_media":166554,"comment_status":"open","ping_status":"open","sticky":false,"template":"","format":"standard","meta":{"footnotes":""},"categories":[72,802,8957],"tags":[],"class_list":{"0":"post-166552","1":"post","2":"type-post","3":"status-publish","4":"format-standard","5":"has-post-thumbnail","7":"category-novi-pazar","8":"category-islamska_zajednica","9":"category-vijesti-dana"},"yoast_head":"<!-- This site is optimized with the Yoast SEO Premium plugin v23.1 (Yoast SEO v24.9) - https:\/\/yoast.com\/wordpress\/plugins\/seo\/ -->\n<title>Sand\u017eak dobio najmla\u0111eg hafiza - Abdulmelik Hajdarevi\u0107 uspje\u0161no preslu\u0161an<\/title>\n<meta name=\"robots\" content=\"index, follow, max-snippet:-1, max-image-preview:large, max-video-preview:-1\" \/>\n<link rel=\"canonical\" href=\"https:\/\/sandzakpress.net\/arhiva\/sandzak-dobio-najmladeg-hafiza-abdulmelik-hajdarevic-uspjesno-preslusan\/\" \/>\n<meta property=\"og:locale\" content=\"bs_BA\" \/>\n<meta property=\"og:type\" content=\"article\" \/>\n<meta property=\"og:title\" content=\"Sand\u017eak dobio najmla\u0111eg hafiza - Abdulmelik Hajdarevi\u0107 uspje\u0161no preslu\u0161an\" \/>\n<meta property=\"og:description\" content=\"U\u010denjem zadnjeg d\u017euza Kur&#039;ana, 22.08.2016. godine, u prostorijama Me\u0161ihata Islamske zajednice u Srbiji, okon\u010dano je preslu\u0161avanje Abdulmelika Hajdarevi\u0107a, najmla\u0111eg hafiza u Sand\u017eaku. Ovaj trinaestogodi\u0161njak iz Novog Pazara je pred Komisijom za hifz, gdje je prisustvovao i predsjednik Me\u0161ihata muftija dr. Mevlud ef. Dudi\u0107, nakon petnaestodnevnog preslu\u0161avanja, postao hafiz Kur&#039;ana \u2013 \u010duvar Allahove rije\u010di. Prije ovog [&hellip;]\" \/>\n<meta property=\"og:url\" content=\"https:\/\/sandzakpress.net\/arhiva\/sandzak-dobio-najmladeg-hafiza-abdulmelik-hajdarevic-uspjesno-preslusan\/\" \/>\n<meta property=\"og:site_name\" content=\"Sand\u017eak PRESS\" \/>\n<meta property=\"article:published_time\" content=\"2016-08-23T10:49:10+00:00\" \/>\n<meta property=\"article:modified_time\" content=\"2016-08-24T09:52:34+00:00\" \/>\n<meta property=\"og:image\" content=\"https:\/\/sandzakpress.net\/arhiva\/wp-content\/uploads\/2016\/08\/0-02-01-6e35af6db478df9c717c7fac1a3b39d1cd79b6cf2a6c3df5a8974ac0b018ea8b_full.jpg\" \/>\n\t<meta property=\"og:image:width\" content=\"1000\" \/>\n\t<meta property=\"og:image:height\" content=\"677\" \/>\n\t<meta property=\"og:image:type\" content=\"image\/jpeg\" \/>\n<meta name=\"author\" content=\"bosniak\" \/>\n<meta name=\"twitter:card\" content=\"summary_large_image\" \/>\n<meta name=\"twitter:label1\" content=\"Written by\" \/>\n\t<meta name=\"twitter:data1\" content=\"bosniak\" \/>\n\t<meta name=\"twitter:label2\" content=\"Est. reading time\" \/>\n\t<meta name=\"twitter:data2\" content=\"1 minuta\" \/>\n<script type=\"application\/ld+json\" class=\"yoast-schema-graph\">{\"@context\":\"https:\/\/schema.org\",\"@graph\":[{\"@type\":\"Article\",\"@id\":\"https:\/\/sandzakpress.net\/arhiva\/sandzak-dobio-najmladeg-hafiza-abdulmelik-hajdarevic-uspjesno-preslusan\/#article\",\"isPartOf\":{\"@id\":\"https:\/\/sandzakpress.net\/arhiva\/sandzak-dobio-najmladeg-hafiza-abdulmelik-hajdarevic-uspjesno-preslusan\/\"},\"author\":{\"name\":\"bosniak\",\"@id\":\"https:\/\/sandzakpress.net\/arhiva\/#\/schema\/person\/c8baee722073534b583ea7bdb2e36c02\"},\"headline\":\"Sand\u017eak dobio najmla\u0111eg hafiza &#8211; Abdulmelik Hajdarevi\u0107 uspje\u0161no preslu\u0161an\",\"datePublished\":\"2016-08-23T10:49:10+00:00\",\"dateModified\":\"2016-08-24T09:52:34+00:00\",\"mainEntityOfPage\":{\"@id\":\"https:\/\/sandzakpress.net\/arhiva\/sandzak-dobio-najmladeg-hafiza-abdulmelik-hajdarevic-uspjesno-preslusan\/\"},\"wordCount\":144,\"commentCount\":5,\"publisher\":{\"@id\":\"https:\/\/sandzakpress.net\/arhiva\/#\/schema\/person\/6e72b67d6e51910a1117b3b483ba20bd\"},\"image\":{\"@id\":\"https:\/\/sandzakpress.net\/arhiva\/sandzak-dobio-najmladeg-hafiza-abdulmelik-hajdarevic-uspjesno-preslusan\/#primaryimage\"},\"thumbnailUrl\":\"https:\/\/sandzakpress.net\/arhiva\/wp-content\/uploads\/2016\/08\/0-02-01-6e35af6db478df9c717c7fac1a3b39d1cd79b6cf2a6c3df5a8974ac0b018ea8b_full.jpg\",\"articleSection\":[\"Novi Pazar\",\"Islamska zajednica\",\"VIJESTI DANA\"],\"inLanguage\":\"bs-BA\",\"potentialAction\":[{\"@type\":\"CommentAction\",\"name\":\"Comment\",\"target\":[\"https:\/\/sandzakpress.net\/arhiva\/sandzak-dobio-najmladeg-hafiza-abdulmelik-hajdarevic-uspjesno-preslusan\/#respond\"]}]},{\"@type\":\"WebPage\",\"@id\":\"https:\/\/sandzakpress.net\/arhiva\/sandzak-dobio-najmladeg-hafiza-abdulmelik-hajdarevic-uspjesno-preslusan\/\",\"url\":\"https:\/\/sandzakpress.net\/arhiva\/sandzak-dobio-najmladeg-hafiza-abdulmelik-hajdarevic-uspjesno-preslusan\/\",\"name\":\"Sand\u017eak dobio najmla\u0111eg hafiza - Abdulmelik Hajdarevi\u0107 uspje\u0161no preslu\u0161an\",\"isPartOf\":{\"@id\":\"https:\/\/sandzakpress.net\/arhiva\/#website\"},\"primaryImageOfPage\":{\"@id\":\"https:\/\/sandzakpress.net\/arhiva\/sandzak-dobio-najmladeg-hafiza-abdulmelik-hajdarevic-uspjesno-preslusan\/#primaryimage\"},\"image\":{\"@id\":\"https:\/\/sandzakpress.net\/arhiva\/sandzak-dobio-najmladeg-hafiza-abdulmelik-hajdarevic-uspjesno-preslusan\/#primaryimage\"},\"thumbnailUrl\":\"https:\/\/sandzakpress.net\/arhiva\/wp-content\/uploads\/2016\/08\/0-02-01-6e35af6db478df9c717c7fac1a3b39d1cd79b6cf2a6c3df5a8974ac0b018ea8b_full.jpg\",\"datePublished\":\"2016-08-23T10:49:10+00:00\",\"dateModified\":\"2016-08-24T09:52:34+00:00\",\"breadcrumb\":{\"@id\":\"https:\/\/sandzakpress.net\/arhiva\/sandzak-dobio-najmladeg-hafiza-abdulmelik-hajdarevic-uspjesno-preslusan\/#breadcrumb\"},\"inLanguage\":\"bs-BA\",\"potentialAction\":[{\"@type\":\"ReadAction\",\"target\":[\"https:\/\/sandzakpress.net\/arhiva\/sandzak-dobio-najmladeg-hafiza-abdulmelik-hajdarevic-uspjesno-preslusan\/\"]}]},{\"@type\":\"ImageObject\",\"inLanguage\":\"bs-BA\",\"@id\":\"https:\/\/sandzakpress.net\/arhiva\/sandzak-dobio-najmladeg-hafiza-abdulmelik-hajdarevic-uspjesno-preslusan\/#primaryimage\",\"url\":\"https:\/\/sandzakpress.net\/arhiva\/wp-content\/uploads\/2016\/08\/0-02-01-6e35af6db478df9c717c7fac1a3b39d1cd79b6cf2a6c3df5a8974ac0b018ea8b_full.jpg\",\"contentUrl\":\"https:\/\/sandzakpress.net\/arhiva\/wp-content\/uploads\/2016\/08\/0-02-01-6e35af6db478df9c717c7fac1a3b39d1cd79b6cf2a6c3df5a8974ac0b018ea8b_full.jpg\",\"width\":1000,\"height\":677},{\"@type\":\"BreadcrumbList\",\"@id\":\"https:\/\/sandzakpress.net\/arhiva\/sandzak-dobio-najmladeg-hafiza-abdulmelik-hajdarevic-uspjesno-preslusan\/#breadcrumb\",\"itemListElement\":[{\"@type\":\"ListItem\",\"position\":1,\"name\":\"Home\",\"item\":\"https:\/\/sandzakpress.net\/arhiva\/\"},{\"@type\":\"ListItem\",\"position\":2,\"name\":\"Sand\u017eak dobio najmla\u0111eg hafiza &#8211; Abdulmelik Hajdarevi\u0107 uspje\u0161no preslu\u0161an\"}]},{\"@type\":\"WebSite\",\"@id\":\"https:\/\/sandzakpress.net\/arhiva\/#website\",\"url\":\"https:\/\/sandzakpress.net\/arhiva\/\",\"name\":\"Sand\u017eak PRESS\",\"description\":\"Prve elektronske novine u Sand\u017eaku\",\"publisher\":{\"@id\":\"https:\/\/sandzakpress.net\/arhiva\/#\/schema\/person\/6e72b67d6e51910a1117b3b483ba20bd\"},\"potentialAction\":[{\"@type\":\"SearchAction\",\"target\":{\"@type\":\"EntryPoint\",\"urlTemplate\":\"https:\/\/sandzakpress.net\/arhiva\/?s={search_term_string}\"},\"query-input\":{\"@type\":\"PropertyValueSpecification\",\"valueRequired\":true,\"valueName\":\"search_term_string\"}}],\"inLanguage\":\"bs-BA\"},{\"@type\":[\"Person\",\"Organization\"],\"@id\":\"https:\/\/sandzakpress.net\/arhiva\/#\/schema\/person\/6e72b67d6e51910a1117b3b483ba20bd\",\"name\":\"Kul\",\"image\":{\"@type\":\"ImageObject\",\"inLanguage\":\"bs-BA\",\"@id\":\"https:\/\/sandzakpress.net\/arhiva\/#\/schema\/person\/image\/\",\"url\":\"https:\/\/secure.gravatar.com\/avatar\/42263f39aa27ac04c43cab85c280eb2e?s=96&d=mm&r=pg\",\"contentUrl\":\"https:\/\/secure.gravatar.com\/avatar\/42263f39aa27ac04c43cab85c280eb2e?s=96&d=mm&r=pg\",\"caption\":\"Kul\"},\"logo\":{\"@id\":\"https:\/\/sandzakpress.net\/arhiva\/#\/schema\/person\/image\/\"}},{\"@type\":\"Person\",\"@id\":\"https:\/\/sandzakpress.net\/arhiva\/#\/schema\/person\/c8baee722073534b583ea7bdb2e36c02\",\"name\":\"bosniak\",\"image\":{\"@type\":\"ImageObject\",\"inLanguage\":\"bs-BA\",\"@id\":\"https:\/\/sandzakpress.net\/arhiva\/#\/schema\/person\/image\/\",\"url\":\"https:\/\/secure.gravatar.com\/avatar\/a04fd330bfe3a36a72a0ad4a6d89fca7?s=96&d=mm&r=pg\",\"contentUrl\":\"https:\/\/secure.gravatar.com\/avatar\/a04fd330bfe3a36a72a0ad4a6d89fca7?s=96&d=mm&r=pg\",\"caption\":\"bosniak\"},\"url\":\"https:\/\/sandzakpress.net\/arhiva\/author\/bosniak\/\"}]}<\/script>\n<!-- \/ Yoast SEO Premium plugin. -->","yoast_head_json":{"title":"Sand\u017eak dobio najmla\u0111eg hafiza - Abdulmelik Hajdarevi\u0107 uspje\u0161no preslu\u0161an","robots":{"index":"index","follow":"follow","max-snippet":"max-snippet:-1","max-image-preview":"max-image-preview:large","max-video-preview":"max-video-preview:-1"},"canonical":"https:\/\/sandzakpress.net\/arhiva\/sandzak-dobio-najmladeg-hafiza-abdulmelik-hajdarevic-uspjesno-preslusan\/","og_locale":"bs_BA","og_type":"article","og_title":"Sand\u017eak dobio najmla\u0111eg hafiza - Abdulmelik Hajdarevi\u0107 uspje\u0161no preslu\u0161an","og_description":"U\u010denjem zadnjeg d\u017euza Kur'ana, 22.08.2016. godine, u prostorijama Me\u0161ihata Islamske zajednice u Srbiji, okon\u010dano je preslu\u0161avanje Abdulmelika Hajdarevi\u0107a, najmla\u0111eg hafiza u Sand\u017eaku. Ovaj trinaestogodi\u0161njak iz Novog Pazara je pred Komisijom za hifz, gdje je prisustvovao i predsjednik Me\u0161ihata muftija dr. Mevlud ef. Dudi\u0107, nakon petnaestodnevnog preslu\u0161avanja, postao hafiz Kur'ana \u2013 \u010duvar Allahove rije\u010di. Prije ovog [&hellip;]","og_url":"https:\/\/sandzakpress.net\/arhiva\/sandzak-dobio-najmladeg-hafiza-abdulmelik-hajdarevic-uspjesno-preslusan\/","og_site_name":"Sand\u017eak PRESS","article_published_time":"2016-08-23T10:49:10+00:00","article_modified_time":"2016-08-24T09:52:34+00:00","og_image":[{"width":1000,"height":677,"url":"https:\/\/sandzakpress.net\/arhiva\/wp-content\/uploads\/2016\/08\/0-02-01-6e35af6db478df9c717c7fac1a3b39d1cd79b6cf2a6c3df5a8974ac0b018ea8b_full.jpg","type":"image\/jpeg"}],"author":"bosniak","twitter_card":"summary_large_image","twitter_misc":{"Written by":"bosniak","Est. reading time":"1 minuta"},"schema":{"@context":"https:\/\/schema.org","@graph":[{"@type":"Article","@id":"https:\/\/sandzakpress.net\/arhiva\/sandzak-dobio-najmladeg-hafiza-abdulmelik-hajdarevic-uspjesno-preslusan\/#article","isPartOf":{"@id":"https:\/\/sandzakpress.net\/arhiva\/sandzak-dobio-najmladeg-hafiza-abdulmelik-hajdarevic-uspjesno-preslusan\/"},"author":{"name":"bosniak","@id":"https:\/\/sandzakpress.net\/arhiva\/#\/schema\/person\/c8baee722073534b583ea7bdb2e36c02"},"headline":"Sand\u017eak dobio najmla\u0111eg hafiza &#8211; Abdulmelik Hajdarevi\u0107 uspje\u0161no preslu\u0161an","datePublished":"2016-08-23T10:49:10+00:00","dateModified":"2016-08-24T09:52:34+00:00","mainEntityOfPage":{"@id":"https:\/\/sandzakpress.net\/arhiva\/sandzak-dobio-najmladeg-hafiza-abdulmelik-hajdarevic-uspjesno-preslusan\/"},"wordCount":144,"commentCount":5,"publisher":{"@id":"https:\/\/sandzakpress.net\/arhiva\/#\/schema\/person\/6e72b67d6e51910a1117b3b483ba20bd"},"image":{"@id":"https:\/\/sandzakpress.net\/arhiva\/sandzak-dobio-najmladeg-hafiza-abdulmelik-hajdarevic-uspjesno-preslusan\/#primaryimage"},"thumbnailUrl":"https:\/\/sandzakpress.net\/arhiva\/wp-content\/uploads\/2016\/08\/0-02-01-6e35af6db478df9c717c7fac1a3b39d1cd79b6cf2a6c3df5a8974ac0b018ea8b_full.jpg","articleSection":["Novi Pazar","Islamska zajednica","VIJESTI DANA"],"inLanguage":"bs-BA","potentialAction":[{"@type":"CommentAction","name":"Comment","target":["https:\/\/sandzakpress.net\/arhiva\/sandzak-dobio-najmladeg-hafiza-abdulmelik-hajdarevic-uspjesno-preslusan\/#respond"]}]},{"@type":"WebPage","@id":"https:\/\/sandzakpress.net\/arhiva\/sandzak-dobio-najmladeg-hafiza-abdulmelik-hajdarevic-uspjesno-preslusan\/","url":"https:\/\/sandzakpress.net\/arhiva\/sandzak-dobio-najmladeg-hafiza-abdulmelik-hajdarevic-uspjesno-preslusan\/","name":"Sand\u017eak dobio najmla\u0111eg hafiza - Abdulmelik Hajdarevi\u0107 uspje\u0161no preslu\u0161an","isPartOf":{"@id":"https:\/\/sandzakpress.net\/arhiva\/#website"},"primaryImageOfPage":{"@id":"https:\/\/sandzakpress.net\/arhiva\/sandzak-dobio-najmladeg-hafiza-abdulmelik-hajdarevic-uspjesno-preslusan\/#primaryimage"},"image":{"@id":"https:\/\/sandzakpress.net\/arhiva\/sandzak-dobio-najmladeg-hafiza-abdulmelik-hajdarevic-uspjesno-preslusan\/#primaryimage"},"thumbnailUrl":"https:\/\/sandzakpress.net\/arhiva\/wp-content\/uploads\/2016\/08\/0-02-01-6e35af6db478df9c717c7fac1a3b39d1cd79b6cf2a6c3df5a8974ac0b018ea8b_full.jpg","datePublished":"2016-08-23T10:49:10+00:00","dateModified":"2016-08-24T09:52:34+00:00","breadcrumb":{"@id":"https:\/\/sandzakpress.net\/arhiva\/sandzak-dobio-najmladeg-hafiza-abdulmelik-hajdarevic-uspjesno-preslusan\/#breadcrumb"},"inLanguage":"bs-BA","potentialAction":[{"@type":"ReadAction","target":["https:\/\/sandzakpress.net\/arhiva\/sandzak-dobio-najmladeg-hafiza-abdulmelik-hajdarevic-uspjesno-preslusan\/"]}]},{"@type":"ImageObject","inLanguage":"bs-BA","@id":"https:\/\/sandzakpress.net\/arhiva\/sandzak-dobio-najmladeg-hafiza-abdulmelik-hajdarevic-uspjesno-preslusan\/#primaryimage","url":"https:\/\/sandzakpress.net\/arhiva\/wp-content\/uploads\/2016\/08\/0-02-01-6e35af6db478df9c717c7fac1a3b39d1cd79b6cf2a6c3df5a8974ac0b018ea8b_full.jpg","contentUrl":"https:\/\/sandzakpress.net\/arhiva\/wp-content\/uploads\/2016\/08\/0-02-01-6e35af6db478df9c717c7fac1a3b39d1cd79b6cf2a6c3df5a8974ac0b018ea8b_full.jpg","width":1000,"height":677},{"@type":"BreadcrumbList","@id":"https:\/\/sandzakpress.net\/arhiva\/sandzak-dobio-najmladeg-hafiza-abdulmelik-hajdarevic-uspjesno-preslusan\/#breadcrumb","itemListElement":[{"@type":"ListItem","position":1,"name":"Home","item":"https:\/\/sandzakpress.net\/arhiva\/"},{"@type":"ListItem","position":2,"name":"Sand\u017eak dobio najmla\u0111eg hafiza &#8211; Abdulmelik Hajdarevi\u0107 uspje\u0161no preslu\u0161an"}]},{"@type":"WebSite","@id":"https:\/\/sandzakpress.net\/arhiva\/#website","url":"https:\/\/sandzakpress.net\/arhiva\/","name":"Sand\u017eak PRESS","description":"Prve elektronske novine u Sand\u017eaku","publisher":{"@id":"https:\/\/sandzakpress.net\/arhiva\/#\/schema\/person\/6e72b67d6e51910a1117b3b483ba20bd"},"potentialAction":[{"@type":"SearchAction","target":{"@type":"EntryPoint","urlTemplate":"https:\/\/sandzakpress.net\/arhiva\/?s={search_term_string}"},"query-input":{"@type":"PropertyValueSpecification","valueRequired":true,"valueName":"search_term_string"}}],"inLanguage":"bs-BA"},{"@type":["Person","Organization"],"@id":"https:\/\/sandzakpress.net\/arhiva\/#\/schema\/person\/6e72b67d6e51910a1117b3b483ba20bd","name":"Kul","image":{"@type":"ImageObject","inLanguage":"bs-BA","@id":"https:\/\/sandzakpress.net\/arhiva\/#\/schema\/person\/image\/","url":"https:\/\/secure.gravatar.com\/avatar\/42263f39aa27ac04c43cab85c280eb2e?s=96&d=mm&r=pg","contentUrl":"https:\/\/secure.gravatar.com\/avatar\/42263f39aa27ac04c43cab85c280eb2e?s=96&d=mm&r=pg","caption":"Kul"},"logo":{"@id":"https:\/\/sandzakpress.net\/arhiva\/#\/schema\/person\/image\/"}},{"@type":"Person","@id":"https:\/\/sandzakpress.net\/arhiva\/#\/schema\/person\/c8baee722073534b583ea7bdb2e36c02","name":"bosniak","image":{"@type":"ImageObject","inLanguage":"bs-BA","@id":"https:\/\/sandzakpress.net\/arhiva\/#\/schema\/person\/image\/","url":"https:\/\/secure.gravatar.com\/avatar\/a04fd330bfe3a36a72a0ad4a6d89fca7?s=96&d=mm&r=pg","contentUrl":"https:\/\/secure.gravatar.com\/avatar\/a04fd330bfe3a36a72a0ad4a6d89fca7?s=96&d=mm&r=pg","caption":"bosniak"},"url":"https:\/\/sandzakpress.net\/arhiva\/author\/bosniak\/"}]}},"_links":{"self":[{"href":"https:\/\/sandzakpress.net\/arhiva\/wp-json\/wp\/v2\/posts\/166552"}],"collection":[{"href":"https:\/\/sandzakpress.net\/arhiva\/wp-json\/wp\/v2\/posts"}],"about":[{"href":"https:\/\/sandzakpress.net\/arhiva\/wp-json\/wp\/v2\/types\/post"}],"author":[{"embeddable":true,"href":"https:\/\/sandzakpress.net\/arhiva\/wp-json\/wp\/v2\/users\/83"}],"replies":[{"embeddable":true,"href":"https:\/\/sandzakpress.net\/arhiva\/wp-json\/wp\/v2\/comments?post=166552"}],"version-history":[{"count":0,"href":"https:\/\/sandzakpress.net\/arhiva\/wp-json\/wp\/v2\/posts\/166552\/revisions"}],"wp:featuredmedia":[{"embeddable":true,"href":"https:\/\/sandzakpress.net\/arhiva\/wp-json\/wp\/v2\/media\/166554"}],"wp:attachment":[{"href":"https:\/\/sandzakpress.net\/arhiva\/wp-json\/wp\/v2\/media?parent=166552"}],"wp:term":[{"taxonomy":"category","embeddable":true,"href":"https:\/\/sandzakpress.net\/arhiva\/wp-json\/wp\/v2\/categories?post=166552"},{"taxonomy":"post_tag","embeddable":true,"href":"https:\/\/sandzakpress.net\/arhiva\/wp-json\/wp\/v2\/tags?post=166552"}],"curies":[{"name":"wp","href":"https:\/\/api.w.org\/{rel}","templated":true}]}}