{"id":165633,"date":"2016-08-11T21:52:02","date_gmt":"2016-08-11T19:52:02","guid":{"rendered":"https:\/\/sandzakpress.net\/arhiva\/sta-su-nama-nase-dzamije"},"modified":"2016-08-11T21:52:02","modified_gmt":"2016-08-11T19:52:02","slug":"sta-su-nama-nase-dzamije","status":"publish","type":"post","link":"https:\/\/sandzakpress.net\/arhiva\/sta-su-nama-nase-dzamije\/","title":{"rendered":"\u0160ta su nama na\u0161e d\u017eamije"},"content":{"rendered":"<div class=\"itemHeader\">\n<div class=\"itemIntroText\"><strong><img loading=\"lazy\" decoding=\"async\" class=\"aligncenter\" src=\"http:\/\/www.turizamiputovanja.com\/wp-content\/uploads\/2015\/02\/altun-alem-d%C5%BEamija-novi-pazar.jpg\" width=\"607\" height=\"422\" \/><\/strong><\/div>\n<div class=\"itemIntroText\"><\/div>\n<div class=\"itemIntroText\"><strong>Uva\u017eeni prijatelji, cijenjeni gosti, bra\u0107o i sestre! Esselamu alejkum!\u2026<\/strong><\/div>\n<\/div>\n<div class=\"horizontal\"><\/div>\n<div class=\"horizontal\">\n<p>U ovom sve\u010danom danu, kada otvaramo vrata jo\u0161 jedne Allahove ku\u0107e, svima onima koji \u017eele Bo\u017eiju milost, dozvolite mi da sebi i vama ponudim odgovor na pitanje, \u0161ta su nama na\u0161e d\u017eamije?<\/p>\n<p>D\u017eamije su nama znak trajne povezanosti sa prvim \u010dovjekom, na\u0161im praocem, koji je nadahnut Allahovom milosti utemeljio prvi hram na Zemlji, hram \u201e koji je prva ku\u0107a na podignuta ljudima u Mekki blagoslovljenoj, kao bereket, i uputa svjetovima\u201c. Od na\u0161eg postajanja, pa sve do nestajanja sa lica zemlje, obilje\u017eje svakog vremena bit \u0107e Bo\u017eije ku\u0107e na zemlji, svjedoci povezanosti neba i zemlje, ovoga svijeta i onoga kome idemo. Samo su d\u017eamije, kako je neko lijepo kazao, gra\u0111evine ovoga svijeta \u010dija svrha nije ovaj, nego drugi svijet.<\/p>\n<p>D\u017eamije su nama bereket, jer mi \u010dvrsto vjerujemo da muslimanu nije d\u017eaiz \u017eivjeti u mjestu bez d\u017eamije, a da sve \u0161to \u010duje ezan izgleda druga\u010dije; cvije\u0107e i behar ljep\u0161e miri\u0161u,vode pitkije i prijatnije, plodovi su beri\u0107etniji i ukusniji, \u017eivotinje prile\u017enije i pokornije svojim vlasnicima, pa i zrak je druga\u010diji, mek\u0161i i prijatniji, a ljudi bez ikakve sumnje milostiviji i blagodarniji.<\/p>\n<p>D\u017eamije su nama uputa, orjentiri bez kojih bi lutali u bespu\u0107ima dunjalu\u010dkih izazova i \u0161ejtanskih vesvesa. One nas podsje\u0107aju odakle smo do\u0161li, za\u0161to smo ovdje i kamo nam je i\u0107i poslije ovozemnoga \u017eivota.<\/p>\n<p>Hlad na\u0161ih d\u017eamija je odmor na\u0161im napa\u0107enim du\u0161ama, njihove kupole na\u0161e nebo pod \u010dijim svodom svodimo svoje ovozemne ra\u010dune i spoznajemo svoje grijehe, njihovi mihrabi na\u0161e su ni\u0161e opskrbe bez na\u0161eg truda, ono \u0161to je darovano bez obra\u010duna \u2013 sama milost Bo\u017eija, na\u0161e abdesthane mjesta sapiranja na\u0161ih grijeha sa svakim abdestom i dovama.<\/p>\n<p>Na\u0161e su munare simboli na\u0161e uspravnosti, na\u0161eg stremljenja ka nebeskim visinama. One su put na\u0161ih dova na\u0161em Gospodaru. Kandilji na njima znak su, da je na\u0161a vjera vjera svjetla, a ne mraka, ne tmina nego jasnog nura kojim Uzvi\u0161eni Bog odr\u017eava sve \u017eivo na zemlji.<\/p>\n<p>Na\u0161i su mezarluci oko na\u0161ih d\u017eamija, stalno podsje\u0107anje na put ka vje\u010dnosti, spomen na skori susret sa na\u0161im najmilijim koji su nas napustili, a njihova bjelina svjedo\u010di da smrt za nas nije kraj, nego novi po\u010detak.<\/p>\n<p>Na\u0161i mektebi na\u0161e su odrastanje, iz njih pamtimo prve harfove, prve rije\u010di i ajete Knjige \u010dasne, iz njiih nosimo uspomene na prve u\u010ditelje, njihovu strogost i blagost, kroz njih svoje potomstvo podu\u010davamo lekcijama pobo\u017enosti, morala, lijepog opho\u0111enja , lekcijama mudrosti i odgovornosti.<\/p>\n<p>Na\u0161i su d\u017eamijski \u0107ilimi na\u0161i svjedoci o izgovorenim rije\u010dima slavljenja Boga, oni su na\u0161i tihi sagovornici dok lica prislonjenih na njima svoje lice spu\u0161tamo na tle a Bo\u017eije uzvisujemo rije\u010dima Njemu dostojnim.<\/p>\n<p>Kada ih pravimo, mi se njima ponosimo, mi se njima hvalimo, mi ih bri\u017eno odr\u017eavamo, \u010distimo, miri\u0161emo. Pa i kada u njih ne ulazimo, one su na\u0161a dika, zjenica u koju se ne dira.<\/p>\n<p>Ko dirne u na\u0161e d\u017eamije, dirnuo je u mnogo vi\u0161e od samih zidova, kupola, kamena i drveta, on je dirnuo u na\u0161u du\u0161u. Ko u njih dirne mora znati da je dirnuo u svakog od nas i u svaki dio nas.<\/p>\n<p>A ko njih po\u0161tuje, na\u0161e su mu du\u0161e \u0161irom otvorene, i od nas prema njemu mo\u017ee pote\u0107i samo dobro.<\/p>\n<p>Eto, to su nama na\u0161e d\u017eamije; a njih grade :\u201c oni koji u Allaha i u onaj svijet vjeruju i koji namaz obavljaju i zekat daju i koji se nikoga osim Allaha ne boje; oni su, nadati se je, na pravom putu\u201c .<\/p>\n<p>Na\u0161a je radost danas neizmjerna, jer jo\u0161 jedna d\u017eamija krasi ovaj bajkoliki krajolik vrbaske doline, ali i ostaje trajan svjedok na\u0161e vjere i odanosti na\u0161em Milosnom Stvoritelju.<\/p>\n<p>Hvala Vam i neka Vas Allah nagradi \u0161to ste sa nama podijelili ovu radost!<\/p>\n<p>Esselamu alejkum ve rahmetullahi ve berekatuhu!<\/p>\n<p><strong>Pi\u0161e:<\/strong> mr. Vehid Arnaut<\/p>\n<p>preporod.com<\/p>\n<p>Izvor: <strong>akos.ba<\/strong><\/p>\n<\/div>\n<p>Pogledajte vijest na izvornom sajtu:<\/p>\n<p><a href=\"http:\/\/islampress.net\/dijeli\/sta-su-nama-nase-dzamije\" target=\"_blank\">\u0160ta su nama na\u0161e d\u017eamije<\/a><\/p>\n","protected":false},"excerpt":{"rendered":"<p>Uva\u017eeni prijatelji, cijenjeni gosti, bra\u0107o i sestre! Esselamu alejkum!\u2026 U ovom sve\u010danom danu, kada otvaramo vrata jo\u0161 jedne Allahove ku\u0107e, svima onima koji \u017eele Bo\u017eiju milost, dozvolite mi da sebi i vama ponudim odgovor na pitanje, \u0161ta su nama na\u0161e d\u017eamije? D\u017eamije su nama znak trajne povezanosti sa prvim \u010dovjekom, na\u0161im praocem, koji je nadahnut [&hellip;]<\/p>\n","protected":false},"author":83,"featured_media":165635,"comment_status":"open","ping_status":"open","sticky":false,"template":"","format":"standard","meta":{"footnotes":""},"categories":[10514],"tags":[10516],"class_list":{"0":"post-165633","1":"post","2":"type-post","3":"status-publish","4":"format-standard","5":"has-post-thumbnail","7":"category-islam-press","8":"tag-islam"},"yoast_head":"<!-- This site is optimized with the Yoast SEO Premium plugin v23.1 (Yoast SEO v24.9) - https:\/\/yoast.com\/wordpress\/plugins\/seo\/ -->\n<title>\u0160ta su nama na\u0161e d\u017eamije<\/title>\n<meta name=\"robots\" content=\"index, follow, max-snippet:-1, max-image-preview:large, max-video-preview:-1\" \/>\n<link rel=\"canonical\" href=\"https:\/\/sandzakpress.net\/arhiva\/sta-su-nama-nase-dzamije\/\" \/>\n<meta property=\"og:locale\" content=\"bs_BA\" \/>\n<meta property=\"og:type\" content=\"article\" \/>\n<meta property=\"og:title\" content=\"\u0160ta su nama na\u0161e d\u017eamije\" \/>\n<meta property=\"og:description\" content=\"Uva\u017eeni prijatelji, cijenjeni gosti, bra\u0107o i sestre! Esselamu alejkum!\u2026 U ovom sve\u010danom danu, kada otvaramo vrata jo\u0161 jedne Allahove ku\u0107e, svima onima koji \u017eele Bo\u017eiju milost, dozvolite mi da sebi i vama ponudim odgovor na pitanje, \u0161ta su nama na\u0161e d\u017eamije? D\u017eamije su nama znak trajne povezanosti sa prvim \u010dovjekom, na\u0161im praocem, koji je nadahnut [&hellip;]\" \/>\n<meta property=\"og:url\" content=\"https:\/\/sandzakpress.net\/arhiva\/sta-su-nama-nase-dzamije\/\" \/>\n<meta property=\"og:site_name\" content=\"Sand\u017eak PRESS\" \/>\n<meta property=\"article:published_time\" content=\"2016-08-11T19:52:02+00:00\" \/>\n<meta property=\"og:image\" content=\"https:\/\/sandzakpress.net\/arhiva\/wp-content\/uploads\/2016\/08\/altun-alem-dC5BEamija-novi-pazar.jpg\" \/>\n\t<meta property=\"og:image:width\" content=\"640\" \/>\n\t<meta property=\"og:image:height\" content=\"445\" \/>\n\t<meta property=\"og:image:type\" content=\"image\/jpeg\" \/>\n<meta name=\"author\" content=\"bosniak\" \/>\n<meta name=\"twitter:card\" content=\"summary_large_image\" \/>\n<meta name=\"twitter:label1\" content=\"Written by\" \/>\n\t<meta name=\"twitter:data1\" content=\"bosniak\" \/>\n\t<meta name=\"twitter:label2\" content=\"Est. reading time\" \/>\n\t<meta name=\"twitter:data2\" content=\"4 minute\" \/>\n<script type=\"application\/ld+json\" class=\"yoast-schema-graph\">{\"@context\":\"https:\/\/schema.org\",\"@graph\":[{\"@type\":\"Article\",\"@id\":\"https:\/\/sandzakpress.net\/arhiva\/sta-su-nama-nase-dzamije\/#article\",\"isPartOf\":{\"@id\":\"https:\/\/sandzakpress.net\/arhiva\/sta-su-nama-nase-dzamije\/\"},\"author\":{\"name\":\"bosniak\",\"@id\":\"https:\/\/sandzakpress.net\/arhiva\/#\/schema\/person\/c8baee722073534b583ea7bdb2e36c02\"},\"headline\":\"\u0160ta su nama na\u0161e d\u017eamije\",\"datePublished\":\"2016-08-11T19:52:02+00:00\",\"mainEntityOfPage\":{\"@id\":\"https:\/\/sandzakpress.net\/arhiva\/sta-su-nama-nase-dzamije\/\"},\"wordCount\":736,\"commentCount\":0,\"publisher\":{\"@id\":\"https:\/\/sandzakpress.net\/arhiva\/#\/schema\/person\/6e72b67d6e51910a1117b3b483ba20bd\"},\"image\":{\"@id\":\"https:\/\/sandzakpress.net\/arhiva\/sta-su-nama-nase-dzamije\/#primaryimage\"},\"thumbnailUrl\":\"https:\/\/sandzakpress.net\/arhiva\/wp-content\/uploads\/2016\/08\/altun-alem-dC5BEamija-novi-pazar.jpg\",\"keywords\":[\"Islam\"],\"articleSection\":[\"Islam PRESS\"],\"inLanguage\":\"bs-BA\",\"potentialAction\":[{\"@type\":\"CommentAction\",\"name\":\"Comment\",\"target\":[\"https:\/\/sandzakpress.net\/arhiva\/sta-su-nama-nase-dzamije\/#respond\"]}]},{\"@type\":\"WebPage\",\"@id\":\"https:\/\/sandzakpress.net\/arhiva\/sta-su-nama-nase-dzamije\/\",\"url\":\"https:\/\/sandzakpress.net\/arhiva\/sta-su-nama-nase-dzamije\/\",\"name\":\"\u0160ta su nama na\u0161e d\u017eamije\",\"isPartOf\":{\"@id\":\"https:\/\/sandzakpress.net\/arhiva\/#website\"},\"primaryImageOfPage\":{\"@id\":\"https:\/\/sandzakpress.net\/arhiva\/sta-su-nama-nase-dzamije\/#primaryimage\"},\"image\":{\"@id\":\"https:\/\/sandzakpress.net\/arhiva\/sta-su-nama-nase-dzamije\/#primaryimage\"},\"thumbnailUrl\":\"https:\/\/sandzakpress.net\/arhiva\/wp-content\/uploads\/2016\/08\/altun-alem-dC5BEamija-novi-pazar.jpg\",\"datePublished\":\"2016-08-11T19:52:02+00:00\",\"breadcrumb\":{\"@id\":\"https:\/\/sandzakpress.net\/arhiva\/sta-su-nama-nase-dzamije\/#breadcrumb\"},\"inLanguage\":\"bs-BA\",\"potentialAction\":[{\"@type\":\"ReadAction\",\"target\":[\"https:\/\/sandzakpress.net\/arhiva\/sta-su-nama-nase-dzamije\/\"]}]},{\"@type\":\"ImageObject\",\"inLanguage\":\"bs-BA\",\"@id\":\"https:\/\/sandzakpress.net\/arhiva\/sta-su-nama-nase-dzamije\/#primaryimage\",\"url\":\"https:\/\/sandzakpress.net\/arhiva\/wp-content\/uploads\/2016\/08\/altun-alem-dC5BEamija-novi-pazar.jpg\",\"contentUrl\":\"https:\/\/sandzakpress.net\/arhiva\/wp-content\/uploads\/2016\/08\/altun-alem-dC5BEamija-novi-pazar.jpg\",\"width\":640,\"height\":445},{\"@type\":\"BreadcrumbList\",\"@id\":\"https:\/\/sandzakpress.net\/arhiva\/sta-su-nama-nase-dzamije\/#breadcrumb\",\"itemListElement\":[{\"@type\":\"ListItem\",\"position\":1,\"name\":\"Home\",\"item\":\"https:\/\/sandzakpress.net\/arhiva\/\"},{\"@type\":\"ListItem\",\"position\":2,\"name\":\"\u0160ta su nama na\u0161e d\u017eamije\"}]},{\"@type\":\"WebSite\",\"@id\":\"https:\/\/sandzakpress.net\/arhiva\/#website\",\"url\":\"https:\/\/sandzakpress.net\/arhiva\/\",\"name\":\"Sand\u017eak PRESS\",\"description\":\"Prve elektronske novine u Sand\u017eaku\",\"publisher\":{\"@id\":\"https:\/\/sandzakpress.net\/arhiva\/#\/schema\/person\/6e72b67d6e51910a1117b3b483ba20bd\"},\"potentialAction\":[{\"@type\":\"SearchAction\",\"target\":{\"@type\":\"EntryPoint\",\"urlTemplate\":\"https:\/\/sandzakpress.net\/arhiva\/?s={search_term_string}\"},\"query-input\":{\"@type\":\"PropertyValueSpecification\",\"valueRequired\":true,\"valueName\":\"search_term_string\"}}],\"inLanguage\":\"bs-BA\"},{\"@type\":[\"Person\",\"Organization\"],\"@id\":\"https:\/\/sandzakpress.net\/arhiva\/#\/schema\/person\/6e72b67d6e51910a1117b3b483ba20bd\",\"name\":\"Kul\",\"image\":{\"@type\":\"ImageObject\",\"inLanguage\":\"bs-BA\",\"@id\":\"https:\/\/sandzakpress.net\/arhiva\/#\/schema\/person\/image\/\",\"url\":\"https:\/\/secure.gravatar.com\/avatar\/42263f39aa27ac04c43cab85c280eb2e?s=96&d=mm&r=pg\",\"contentUrl\":\"https:\/\/secure.gravatar.com\/avatar\/42263f39aa27ac04c43cab85c280eb2e?s=96&d=mm&r=pg\",\"caption\":\"Kul\"},\"logo\":{\"@id\":\"https:\/\/sandzakpress.net\/arhiva\/#\/schema\/person\/image\/\"}},{\"@type\":\"Person\",\"@id\":\"https:\/\/sandzakpress.net\/arhiva\/#\/schema\/person\/c8baee722073534b583ea7bdb2e36c02\",\"name\":\"bosniak\",\"image\":{\"@type\":\"ImageObject\",\"inLanguage\":\"bs-BA\",\"@id\":\"https:\/\/sandzakpress.net\/arhiva\/#\/schema\/person\/image\/\",\"url\":\"https:\/\/secure.gravatar.com\/avatar\/a04fd330bfe3a36a72a0ad4a6d89fca7?s=96&d=mm&r=pg\",\"contentUrl\":\"https:\/\/secure.gravatar.com\/avatar\/a04fd330bfe3a36a72a0ad4a6d89fca7?s=96&d=mm&r=pg\",\"caption\":\"bosniak\"},\"url\":\"https:\/\/sandzakpress.net\/arhiva\/author\/bosniak\/\"}]}<\/script>\n<!-- \/ Yoast SEO Premium plugin. -->","yoast_head_json":{"title":"\u0160ta su nama na\u0161e d\u017eamije","robots":{"index":"index","follow":"follow","max-snippet":"max-snippet:-1","max-image-preview":"max-image-preview:large","max-video-preview":"max-video-preview:-1"},"canonical":"https:\/\/sandzakpress.net\/arhiva\/sta-su-nama-nase-dzamije\/","og_locale":"bs_BA","og_type":"article","og_title":"\u0160ta su nama na\u0161e d\u017eamije","og_description":"Uva\u017eeni prijatelji, cijenjeni gosti, bra\u0107o i sestre! Esselamu alejkum!\u2026 U ovom sve\u010danom danu, kada otvaramo vrata jo\u0161 jedne Allahove ku\u0107e, svima onima koji \u017eele Bo\u017eiju milost, dozvolite mi da sebi i vama ponudim odgovor na pitanje, \u0161ta su nama na\u0161e d\u017eamije? D\u017eamije su nama znak trajne povezanosti sa prvim \u010dovjekom, na\u0161im praocem, koji je nadahnut [&hellip;]","og_url":"https:\/\/sandzakpress.net\/arhiva\/sta-su-nama-nase-dzamije\/","og_site_name":"Sand\u017eak PRESS","article_published_time":"2016-08-11T19:52:02+00:00","og_image":[{"width":640,"height":445,"url":"https:\/\/sandzakpress.net\/arhiva\/wp-content\/uploads\/2016\/08\/altun-alem-dC5BEamija-novi-pazar.jpg","type":"image\/jpeg"}],"author":"bosniak","twitter_card":"summary_large_image","twitter_misc":{"Written by":"bosniak","Est. reading time":"4 minute"},"schema":{"@context":"https:\/\/schema.org","@graph":[{"@type":"Article","@id":"https:\/\/sandzakpress.net\/arhiva\/sta-su-nama-nase-dzamije\/#article","isPartOf":{"@id":"https:\/\/sandzakpress.net\/arhiva\/sta-su-nama-nase-dzamije\/"},"author":{"name":"bosniak","@id":"https:\/\/sandzakpress.net\/arhiva\/#\/schema\/person\/c8baee722073534b583ea7bdb2e36c02"},"headline":"\u0160ta su nama na\u0161e d\u017eamije","datePublished":"2016-08-11T19:52:02+00:00","mainEntityOfPage":{"@id":"https:\/\/sandzakpress.net\/arhiva\/sta-su-nama-nase-dzamije\/"},"wordCount":736,"commentCount":0,"publisher":{"@id":"https:\/\/sandzakpress.net\/arhiva\/#\/schema\/person\/6e72b67d6e51910a1117b3b483ba20bd"},"image":{"@id":"https:\/\/sandzakpress.net\/arhiva\/sta-su-nama-nase-dzamije\/#primaryimage"},"thumbnailUrl":"https:\/\/sandzakpress.net\/arhiva\/wp-content\/uploads\/2016\/08\/altun-alem-dC5BEamija-novi-pazar.jpg","keywords":["Islam"],"articleSection":["Islam PRESS"],"inLanguage":"bs-BA","potentialAction":[{"@type":"CommentAction","name":"Comment","target":["https:\/\/sandzakpress.net\/arhiva\/sta-su-nama-nase-dzamije\/#respond"]}]},{"@type":"WebPage","@id":"https:\/\/sandzakpress.net\/arhiva\/sta-su-nama-nase-dzamije\/","url":"https:\/\/sandzakpress.net\/arhiva\/sta-su-nama-nase-dzamije\/","name":"\u0160ta su nama na\u0161e d\u017eamije","isPartOf":{"@id":"https:\/\/sandzakpress.net\/arhiva\/#website"},"primaryImageOfPage":{"@id":"https:\/\/sandzakpress.net\/arhiva\/sta-su-nama-nase-dzamije\/#primaryimage"},"image":{"@id":"https:\/\/sandzakpress.net\/arhiva\/sta-su-nama-nase-dzamije\/#primaryimage"},"thumbnailUrl":"https:\/\/sandzakpress.net\/arhiva\/wp-content\/uploads\/2016\/08\/altun-alem-dC5BEamija-novi-pazar.jpg","datePublished":"2016-08-11T19:52:02+00:00","breadcrumb":{"@id":"https:\/\/sandzakpress.net\/arhiva\/sta-su-nama-nase-dzamije\/#breadcrumb"},"inLanguage":"bs-BA","potentialAction":[{"@type":"ReadAction","target":["https:\/\/sandzakpress.net\/arhiva\/sta-su-nama-nase-dzamije\/"]}]},{"@type":"ImageObject","inLanguage":"bs-BA","@id":"https:\/\/sandzakpress.net\/arhiva\/sta-su-nama-nase-dzamije\/#primaryimage","url":"https:\/\/sandzakpress.net\/arhiva\/wp-content\/uploads\/2016\/08\/altun-alem-dC5BEamija-novi-pazar.jpg","contentUrl":"https:\/\/sandzakpress.net\/arhiva\/wp-content\/uploads\/2016\/08\/altun-alem-dC5BEamija-novi-pazar.jpg","width":640,"height":445},{"@type":"BreadcrumbList","@id":"https:\/\/sandzakpress.net\/arhiva\/sta-su-nama-nase-dzamije\/#breadcrumb","itemListElement":[{"@type":"ListItem","position":1,"name":"Home","item":"https:\/\/sandzakpress.net\/arhiva\/"},{"@type":"ListItem","position":2,"name":"\u0160ta su nama na\u0161e d\u017eamije"}]},{"@type":"WebSite","@id":"https:\/\/sandzakpress.net\/arhiva\/#website","url":"https:\/\/sandzakpress.net\/arhiva\/","name":"Sand\u017eak PRESS","description":"Prve elektronske novine u Sand\u017eaku","publisher":{"@id":"https:\/\/sandzakpress.net\/arhiva\/#\/schema\/person\/6e72b67d6e51910a1117b3b483ba20bd"},"potentialAction":[{"@type":"SearchAction","target":{"@type":"EntryPoint","urlTemplate":"https:\/\/sandzakpress.net\/arhiva\/?s={search_term_string}"},"query-input":{"@type":"PropertyValueSpecification","valueRequired":true,"valueName":"search_term_string"}}],"inLanguage":"bs-BA"},{"@type":["Person","Organization"],"@id":"https:\/\/sandzakpress.net\/arhiva\/#\/schema\/person\/6e72b67d6e51910a1117b3b483ba20bd","name":"Kul","image":{"@type":"ImageObject","inLanguage":"bs-BA","@id":"https:\/\/sandzakpress.net\/arhiva\/#\/schema\/person\/image\/","url":"https:\/\/secure.gravatar.com\/avatar\/42263f39aa27ac04c43cab85c280eb2e?s=96&d=mm&r=pg","contentUrl":"https:\/\/secure.gravatar.com\/avatar\/42263f39aa27ac04c43cab85c280eb2e?s=96&d=mm&r=pg","caption":"Kul"},"logo":{"@id":"https:\/\/sandzakpress.net\/arhiva\/#\/schema\/person\/image\/"}},{"@type":"Person","@id":"https:\/\/sandzakpress.net\/arhiva\/#\/schema\/person\/c8baee722073534b583ea7bdb2e36c02","name":"bosniak","image":{"@type":"ImageObject","inLanguage":"bs-BA","@id":"https:\/\/sandzakpress.net\/arhiva\/#\/schema\/person\/image\/","url":"https:\/\/secure.gravatar.com\/avatar\/a04fd330bfe3a36a72a0ad4a6d89fca7?s=96&d=mm&r=pg","contentUrl":"https:\/\/secure.gravatar.com\/avatar\/a04fd330bfe3a36a72a0ad4a6d89fca7?s=96&d=mm&r=pg","caption":"bosniak"},"url":"https:\/\/sandzakpress.net\/arhiva\/author\/bosniak\/"}]}},"_links":{"self":[{"href":"https:\/\/sandzakpress.net\/arhiva\/wp-json\/wp\/v2\/posts\/165633"}],"collection":[{"href":"https:\/\/sandzakpress.net\/arhiva\/wp-json\/wp\/v2\/posts"}],"about":[{"href":"https:\/\/sandzakpress.net\/arhiva\/wp-json\/wp\/v2\/types\/post"}],"author":[{"embeddable":true,"href":"https:\/\/sandzakpress.net\/arhiva\/wp-json\/wp\/v2\/users\/83"}],"replies":[{"embeddable":true,"href":"https:\/\/sandzakpress.net\/arhiva\/wp-json\/wp\/v2\/comments?post=165633"}],"version-history":[{"count":0,"href":"https:\/\/sandzakpress.net\/arhiva\/wp-json\/wp\/v2\/posts\/165633\/revisions"}],"wp:featuredmedia":[{"embeddable":true,"href":"https:\/\/sandzakpress.net\/arhiva\/wp-json\/wp\/v2\/media\/165635"}],"wp:attachment":[{"href":"https:\/\/sandzakpress.net\/arhiva\/wp-json\/wp\/v2\/media?parent=165633"}],"wp:term":[{"taxonomy":"category","embeddable":true,"href":"https:\/\/sandzakpress.net\/arhiva\/wp-json\/wp\/v2\/categories?post=165633"},{"taxonomy":"post_tag","embeddable":true,"href":"https:\/\/sandzakpress.net\/arhiva\/wp-json\/wp\/v2\/tags?post=165633"}],"curies":[{"name":"wp","href":"https:\/\/api.w.org\/{rel}","templated":true}]}}