{"id":16560,"date":"2011-05-20T10:53:43","date_gmt":"2011-05-20T08:53:43","guid":{"rendered":"https:\/\/sandzakpress.net\/arhiva\/?p=16560"},"modified":"2011-05-20T10:53:43","modified_gmt":"2011-05-20T08:53:43","slug":"osuda-ostrih-restrikcija-vodosnabdijevanja","status":"publish","type":"post","link":"https:\/\/sandzakpress.net\/arhiva\/osuda-ostrih-restrikcija-vodosnabdijevanja\/","title":{"rendered":"Osuda o\u0161trih restrikcija vodosnabdijevanja"},"content":{"rendered":"<p><strong><a href=\"https:\/\/sandzakpress.net\/arhiva\/wp-content\/uploads\/2011\/05\/prizren.jpg\"><img loading=\"lazy\" decoding=\"async\" class=\"alignleft size-medium wp-image-16561\" src=\"https:\/\/sandzakpress.net\/arhiva\/wp-content\/uploads\/2011\/05\/prizren-300x226.jpg\" alt=\"\" width=\"300\" height=\"226\" \/><\/a>Kosovo &#8211; Iz demokratskog instituta upu\u0107eno je saop\u0161tenje za javnost u kojem se  upozorava na zdravstvene rizike zbog prekida vodosnabdijevanja u  razli\u010ditim dijelovima Prizrena kao posljedica prekida elektri\u010dne struje  od strane KEK-a. Ymer Berisha, \u0161ef za informisanje SO, obe\u0107ava da \u0107e se  tokom dana\u0161njeg dana rje\u0161iti ovaj problem.<\/strong><\/p>\n<p>Prekid vodosnabdijevanja je nedopustiv i kao takav predstavlja  kr\u0161enje osnovnih ljudskih prava garantovanih Ustavom Republike Kosova. U  isto vrijeme zakonom o lokalnoj samoupravi ostavlja se lokalnoj  samoupravi da pru\u017ea javne i komunalne usluge, uklju\u010dujuci i  vodosnabdijevanje. Zato izra\u017eavamo zabrinutost za\u0161to op\u0107inska izvr\u0161na  vlast nije preduzela nikakvu inicijativu da se normalizuje  vodosnabdijevanje u ova dva posljednja dana &#8211; ka\u017ee se u saop\u0161tenju ove  organiizacije i dodaje,<\/p>\n<p>&#8220;Demokratski institut zahtjeva od svih  relevantnih centralnih i lokalnih predstavnika vlasti da sprije\u010de praksu  kolektivnog ka\u017enajvanja. Istovremeno pozivamo gra\u0111ane da izvr\u0161avaju  svoju obavezu prema javnim preduze\u0107ima radi njihovog normalnog  funkcionisanja&#8221;.<\/p>\n<p>Ymer Berisha, \u0161ef za informisanje SO ka\u017ee u  izjavi za na\u0161 program da op\u0107inski zvani\u010dnici pomno prate \u0161ta se de\u0161ava  sa snabdijevanjem gra\u0111ana pija\u0107om vodom.<\/p>\n<p>&#8220;Imali smo sastanak sa  direktorom regionalnog hidroregiona gospodinom Besimom Baraliuom kome  je predsjednik op\u0107ine dr. Ramadan Muja predo\u010dio da ove o\u0161tre redukcije  dolaze kao rezultat redukcije elektri\u010dne struje od strane KEK-a po\u0161to se  pumpe pokre\u0107u na struju.<\/p>\n<p>&#8220;Zato se mi nadamo da \u0107e se ubrzo,  ve\u0107 danas stabilizirati stanje sa snabdijevanjem struje i da \u0107e svi  gra\u0111ani imati vodu neprekidno u svojim familijama. Normalno mi smo  zabrinuti zbog svega ovoga. Istra\u017eivali smo \u0161ta mo\u017eemo uraditi u  interesu gra\u0111ana, ali do sada nema adekvatni izlaz. Stoga je predsjednik  Muja od Hidroregiona i KEK-a zatra\u017eio funkcionalniji sporazum u  interesu gra\u0111ana&#8221;.<\/p>\n<p>Berisha za na\u0161e slu\u0161aoce otkriva da \u0107e za  vodene pumpe biti obezbje\u0111en zaseban trafo kako se ne bi isklju\u010divao taj  trafo kada se struja isklju\u010duje gra\u0111anima i oni imali 24 sata vodu.<\/p>\n<p>U  ve\u0107ini gradskih naselja posljednja dva dana na snazi su o\u0161tre  restrikcije struje a time i vode. To je stvorilo i stvara ogromno  nezadovoljstvo kod gra\u0111ana.<\/p>\n<p>Izvor: <strong>Info-Ks.net<\/strong><\/p>\n","protected":false},"excerpt":{"rendered":"<p>Kosovo &#8211; Iz demokratskog instituta upu\u0107eno je saop\u0161tenje za javnost u kojem se upozorava na zdravstvene rizike zbog prekida vodosnabdijevanja u razli\u010ditim dijelovima Prizrena kao posljedica prekida elektri\u010dne struje od strane KEK-a. Ymer Berisha, \u0161ef za informisanje SO, obe\u0107ava da \u0107e se tokom dana\u0161njeg dana rje\u0161iti ovaj problem. Prekid vodosnabdijevanja je nedopustiv i kao takav [&hellip;]<\/p>\n","protected":false},"author":13,"featured_media":16561,"comment_status":"open","ping_status":"open","sticky":false,"template":"","format":"standard","meta":{"footnotes":""},"categories":[2690],"tags":[],"class_list":{"0":"post-16560","1":"post","2":"type-post","3":"status-publish","4":"format-standard","5":"has-post-thumbnail","7":"category-kosovo-gradovi"},"yoast_head":"<!-- This site is optimized with the Yoast SEO Premium plugin v23.1 (Yoast SEO v24.9) - https:\/\/yoast.com\/wordpress\/plugins\/seo\/ -->\n<title>Osuda o\u0161trih restrikcija vodosnabdijevanja<\/title>\n<meta name=\"robots\" content=\"index, follow, max-snippet:-1, max-image-preview:large, max-video-preview:-1\" \/>\n<link rel=\"canonical\" href=\"https:\/\/sandzakpress.net\/arhiva\/osuda-ostrih-restrikcija-vodosnabdijevanja\/\" \/>\n<meta property=\"og:locale\" content=\"bs_BA\" \/>\n<meta property=\"og:type\" content=\"article\" \/>\n<meta property=\"og:title\" content=\"Osuda o\u0161trih restrikcija vodosnabdijevanja\" \/>\n<meta property=\"og:description\" content=\"Kosovo &#8211; Iz demokratskog instituta upu\u0107eno je saop\u0161tenje za javnost u kojem se upozorava na zdravstvene rizike zbog prekida vodosnabdijevanja u razli\u010ditim dijelovima Prizrena kao posljedica prekida elektri\u010dne struje od strane KEK-a. Ymer Berisha, \u0161ef za informisanje SO, obe\u0107ava da \u0107e se tokom dana\u0161njeg dana rje\u0161iti ovaj problem. Prekid vodosnabdijevanja je nedopustiv i kao takav [&hellip;]\" \/>\n<meta property=\"og:url\" content=\"https:\/\/sandzakpress.net\/arhiva\/osuda-ostrih-restrikcija-vodosnabdijevanja\/\" \/>\n<meta property=\"og:site_name\" content=\"Sand\u017eak PRESS\" \/>\n<meta property=\"article:published_time\" content=\"2011-05-20T08:53:43+00:00\" \/>\n<meta property=\"og:image\" content=\"https:\/\/sandzakpress.net\/arhiva\/wp-content\/uploads\/2011\/05\/prizren.jpg\" \/>\n\t<meta property=\"og:image:width\" content=\"302\" \/>\n\t<meta property=\"og:image:height\" content=\"228\" \/>\n\t<meta property=\"og:image:type\" content=\"image\/jpeg\" \/>\n<meta name=\"twitter:card\" content=\"summary_large_image\" \/>\n<meta name=\"twitter:label1\" content=\"Written by\" \/>\n\t<meta name=\"twitter:data1\" content=\"\" \/>\n\t<meta name=\"twitter:label2\" content=\"Est. reading time\" \/>\n\t<meta name=\"twitter:data2\" content=\"2 minute\" \/>\n<script type=\"application\/ld+json\" class=\"yoast-schema-graph\">{\"@context\":\"https:\/\/schema.org\",\"@graph\":[{\"@type\":\"Article\",\"@id\":\"https:\/\/sandzakpress.net\/arhiva\/osuda-ostrih-restrikcija-vodosnabdijevanja\/#article\",\"isPartOf\":{\"@id\":\"https:\/\/sandzakpress.net\/arhiva\/osuda-ostrih-restrikcija-vodosnabdijevanja\/\"},\"author\":{\"name\":\"\",\"@id\":\"\"},\"headline\":\"Osuda o\u0161trih restrikcija vodosnabdijevanja\",\"datePublished\":\"2011-05-20T08:53:43+00:00\",\"mainEntityOfPage\":{\"@id\":\"https:\/\/sandzakpress.net\/arhiva\/osuda-ostrih-restrikcija-vodosnabdijevanja\/\"},\"wordCount\":379,\"commentCount\":0,\"publisher\":{\"@id\":\"https:\/\/sandzakpress.net\/arhiva\/#\/schema\/person\/6e72b67d6e51910a1117b3b483ba20bd\"},\"image\":{\"@id\":\"https:\/\/sandzakpress.net\/arhiva\/osuda-ostrih-restrikcija-vodosnabdijevanja\/#primaryimage\"},\"thumbnailUrl\":\"https:\/\/sandzakpress.net\/arhiva\/wp-content\/uploads\/2011\/05\/prizren.jpg\",\"articleSection\":[\"Kosovo\"],\"inLanguage\":\"bs-BA\",\"potentialAction\":[{\"@type\":\"CommentAction\",\"name\":\"Comment\",\"target\":[\"https:\/\/sandzakpress.net\/arhiva\/osuda-ostrih-restrikcija-vodosnabdijevanja\/#respond\"]}]},{\"@type\":\"WebPage\",\"@id\":\"https:\/\/sandzakpress.net\/arhiva\/osuda-ostrih-restrikcija-vodosnabdijevanja\/\",\"url\":\"https:\/\/sandzakpress.net\/arhiva\/osuda-ostrih-restrikcija-vodosnabdijevanja\/\",\"name\":\"Osuda o\u0161trih restrikcija vodosnabdijevanja\",\"isPartOf\":{\"@id\":\"https:\/\/sandzakpress.net\/arhiva\/#website\"},\"primaryImageOfPage\":{\"@id\":\"https:\/\/sandzakpress.net\/arhiva\/osuda-ostrih-restrikcija-vodosnabdijevanja\/#primaryimage\"},\"image\":{\"@id\":\"https:\/\/sandzakpress.net\/arhiva\/osuda-ostrih-restrikcija-vodosnabdijevanja\/#primaryimage\"},\"thumbnailUrl\":\"https:\/\/sandzakpress.net\/arhiva\/wp-content\/uploads\/2011\/05\/prizren.jpg\",\"datePublished\":\"2011-05-20T08:53:43+00:00\",\"breadcrumb\":{\"@id\":\"https:\/\/sandzakpress.net\/arhiva\/osuda-ostrih-restrikcija-vodosnabdijevanja\/#breadcrumb\"},\"inLanguage\":\"bs-BA\",\"potentialAction\":[{\"@type\":\"ReadAction\",\"target\":[\"https:\/\/sandzakpress.net\/arhiva\/osuda-ostrih-restrikcija-vodosnabdijevanja\/\"]}]},{\"@type\":\"ImageObject\",\"inLanguage\":\"bs-BA\",\"@id\":\"https:\/\/sandzakpress.net\/arhiva\/osuda-ostrih-restrikcija-vodosnabdijevanja\/#primaryimage\",\"url\":\"https:\/\/sandzakpress.net\/arhiva\/wp-content\/uploads\/2011\/05\/prizren.jpg\",\"contentUrl\":\"https:\/\/sandzakpress.net\/arhiva\/wp-content\/uploads\/2011\/05\/prizren.jpg\",\"width\":302,\"height\":228},{\"@type\":\"BreadcrumbList\",\"@id\":\"https:\/\/sandzakpress.net\/arhiva\/osuda-ostrih-restrikcija-vodosnabdijevanja\/#breadcrumb\",\"itemListElement\":[{\"@type\":\"ListItem\",\"position\":1,\"name\":\"Home\",\"item\":\"https:\/\/sandzakpress.net\/arhiva\/\"},{\"@type\":\"ListItem\",\"position\":2,\"name\":\"Osuda o\u0161trih restrikcija vodosnabdijevanja\"}]},{\"@type\":\"WebSite\",\"@id\":\"https:\/\/sandzakpress.net\/arhiva\/#website\",\"url\":\"https:\/\/sandzakpress.net\/arhiva\/\",\"name\":\"Sand\u017eak PRESS\",\"description\":\"Prve elektronske novine u Sand\u017eaku\",\"publisher\":{\"@id\":\"https:\/\/sandzakpress.net\/arhiva\/#\/schema\/person\/6e72b67d6e51910a1117b3b483ba20bd\"},\"potentialAction\":[{\"@type\":\"SearchAction\",\"target\":{\"@type\":\"EntryPoint\",\"urlTemplate\":\"https:\/\/sandzakpress.net\/arhiva\/?s={search_term_string}\"},\"query-input\":{\"@type\":\"PropertyValueSpecification\",\"valueRequired\":true,\"valueName\":\"search_term_string\"}}],\"inLanguage\":\"bs-BA\"},{\"@type\":[\"Person\",\"Organization\"],\"@id\":\"https:\/\/sandzakpress.net\/arhiva\/#\/schema\/person\/6e72b67d6e51910a1117b3b483ba20bd\",\"name\":\"Kul\",\"image\":{\"@type\":\"ImageObject\",\"inLanguage\":\"bs-BA\",\"@id\":\"https:\/\/sandzakpress.net\/arhiva\/#\/schema\/person\/image\/\",\"url\":\"https:\/\/secure.gravatar.com\/avatar\/42263f39aa27ac04c43cab85c280eb2e?s=96&d=mm&r=pg\",\"contentUrl\":\"https:\/\/secure.gravatar.com\/avatar\/42263f39aa27ac04c43cab85c280eb2e?s=96&d=mm&r=pg\",\"caption\":\"Kul\"},\"logo\":{\"@id\":\"https:\/\/sandzakpress.net\/arhiva\/#\/schema\/person\/image\/\"}},{\"@type\":\"Person\",\"@id\":\"\",\"url\":\"https:\/\/sandzakpress.net\/arhiva\/author\/\"}]}<\/script>\n<!-- \/ Yoast SEO Premium plugin. -->","yoast_head_json":{"title":"Osuda o\u0161trih restrikcija vodosnabdijevanja","robots":{"index":"index","follow":"follow","max-snippet":"max-snippet:-1","max-image-preview":"max-image-preview:large","max-video-preview":"max-video-preview:-1"},"canonical":"https:\/\/sandzakpress.net\/arhiva\/osuda-ostrih-restrikcija-vodosnabdijevanja\/","og_locale":"bs_BA","og_type":"article","og_title":"Osuda o\u0161trih restrikcija vodosnabdijevanja","og_description":"Kosovo &#8211; Iz demokratskog instituta upu\u0107eno je saop\u0161tenje za javnost u kojem se upozorava na zdravstvene rizike zbog prekida vodosnabdijevanja u razli\u010ditim dijelovima Prizrena kao posljedica prekida elektri\u010dne struje od strane KEK-a. Ymer Berisha, \u0161ef za informisanje SO, obe\u0107ava da \u0107e se tokom dana\u0161njeg dana rje\u0161iti ovaj problem. Prekid vodosnabdijevanja je nedopustiv i kao takav [&hellip;]","og_url":"https:\/\/sandzakpress.net\/arhiva\/osuda-ostrih-restrikcija-vodosnabdijevanja\/","og_site_name":"Sand\u017eak PRESS","article_published_time":"2011-05-20T08:53:43+00:00","og_image":[{"width":302,"height":228,"url":"https:\/\/sandzakpress.net\/arhiva\/wp-content\/uploads\/2011\/05\/prizren.jpg","type":"image\/jpeg"}],"twitter_card":"summary_large_image","twitter_misc":{"Written by":"","Est. reading time":"2 minute"},"schema":{"@context":"https:\/\/schema.org","@graph":[{"@type":"Article","@id":"https:\/\/sandzakpress.net\/arhiva\/osuda-ostrih-restrikcija-vodosnabdijevanja\/#article","isPartOf":{"@id":"https:\/\/sandzakpress.net\/arhiva\/osuda-ostrih-restrikcija-vodosnabdijevanja\/"},"author":{"name":"","@id":""},"headline":"Osuda o\u0161trih restrikcija vodosnabdijevanja","datePublished":"2011-05-20T08:53:43+00:00","mainEntityOfPage":{"@id":"https:\/\/sandzakpress.net\/arhiva\/osuda-ostrih-restrikcija-vodosnabdijevanja\/"},"wordCount":379,"commentCount":0,"publisher":{"@id":"https:\/\/sandzakpress.net\/arhiva\/#\/schema\/person\/6e72b67d6e51910a1117b3b483ba20bd"},"image":{"@id":"https:\/\/sandzakpress.net\/arhiva\/osuda-ostrih-restrikcija-vodosnabdijevanja\/#primaryimage"},"thumbnailUrl":"https:\/\/sandzakpress.net\/arhiva\/wp-content\/uploads\/2011\/05\/prizren.jpg","articleSection":["Kosovo"],"inLanguage":"bs-BA","potentialAction":[{"@type":"CommentAction","name":"Comment","target":["https:\/\/sandzakpress.net\/arhiva\/osuda-ostrih-restrikcija-vodosnabdijevanja\/#respond"]}]},{"@type":"WebPage","@id":"https:\/\/sandzakpress.net\/arhiva\/osuda-ostrih-restrikcija-vodosnabdijevanja\/","url":"https:\/\/sandzakpress.net\/arhiva\/osuda-ostrih-restrikcija-vodosnabdijevanja\/","name":"Osuda o\u0161trih restrikcija vodosnabdijevanja","isPartOf":{"@id":"https:\/\/sandzakpress.net\/arhiva\/#website"},"primaryImageOfPage":{"@id":"https:\/\/sandzakpress.net\/arhiva\/osuda-ostrih-restrikcija-vodosnabdijevanja\/#primaryimage"},"image":{"@id":"https:\/\/sandzakpress.net\/arhiva\/osuda-ostrih-restrikcija-vodosnabdijevanja\/#primaryimage"},"thumbnailUrl":"https:\/\/sandzakpress.net\/arhiva\/wp-content\/uploads\/2011\/05\/prizren.jpg","datePublished":"2011-05-20T08:53:43+00:00","breadcrumb":{"@id":"https:\/\/sandzakpress.net\/arhiva\/osuda-ostrih-restrikcija-vodosnabdijevanja\/#breadcrumb"},"inLanguage":"bs-BA","potentialAction":[{"@type":"ReadAction","target":["https:\/\/sandzakpress.net\/arhiva\/osuda-ostrih-restrikcija-vodosnabdijevanja\/"]}]},{"@type":"ImageObject","inLanguage":"bs-BA","@id":"https:\/\/sandzakpress.net\/arhiva\/osuda-ostrih-restrikcija-vodosnabdijevanja\/#primaryimage","url":"https:\/\/sandzakpress.net\/arhiva\/wp-content\/uploads\/2011\/05\/prizren.jpg","contentUrl":"https:\/\/sandzakpress.net\/arhiva\/wp-content\/uploads\/2011\/05\/prizren.jpg","width":302,"height":228},{"@type":"BreadcrumbList","@id":"https:\/\/sandzakpress.net\/arhiva\/osuda-ostrih-restrikcija-vodosnabdijevanja\/#breadcrumb","itemListElement":[{"@type":"ListItem","position":1,"name":"Home","item":"https:\/\/sandzakpress.net\/arhiva\/"},{"@type":"ListItem","position":2,"name":"Osuda o\u0161trih restrikcija vodosnabdijevanja"}]},{"@type":"WebSite","@id":"https:\/\/sandzakpress.net\/arhiva\/#website","url":"https:\/\/sandzakpress.net\/arhiva\/","name":"Sand\u017eak PRESS","description":"Prve elektronske novine u Sand\u017eaku","publisher":{"@id":"https:\/\/sandzakpress.net\/arhiva\/#\/schema\/person\/6e72b67d6e51910a1117b3b483ba20bd"},"potentialAction":[{"@type":"SearchAction","target":{"@type":"EntryPoint","urlTemplate":"https:\/\/sandzakpress.net\/arhiva\/?s={search_term_string}"},"query-input":{"@type":"PropertyValueSpecification","valueRequired":true,"valueName":"search_term_string"}}],"inLanguage":"bs-BA"},{"@type":["Person","Organization"],"@id":"https:\/\/sandzakpress.net\/arhiva\/#\/schema\/person\/6e72b67d6e51910a1117b3b483ba20bd","name":"Kul","image":{"@type":"ImageObject","inLanguage":"bs-BA","@id":"https:\/\/sandzakpress.net\/arhiva\/#\/schema\/person\/image\/","url":"https:\/\/secure.gravatar.com\/avatar\/42263f39aa27ac04c43cab85c280eb2e?s=96&d=mm&r=pg","contentUrl":"https:\/\/secure.gravatar.com\/avatar\/42263f39aa27ac04c43cab85c280eb2e?s=96&d=mm&r=pg","caption":"Kul"},"logo":{"@id":"https:\/\/sandzakpress.net\/arhiva\/#\/schema\/person\/image\/"}},{"@type":"Person","@id":"","url":"https:\/\/sandzakpress.net\/arhiva\/author\/"}]}},"_links":{"self":[{"href":"https:\/\/sandzakpress.net\/arhiva\/wp-json\/wp\/v2\/posts\/16560"}],"collection":[{"href":"https:\/\/sandzakpress.net\/arhiva\/wp-json\/wp\/v2\/posts"}],"about":[{"href":"https:\/\/sandzakpress.net\/arhiva\/wp-json\/wp\/v2\/types\/post"}],"author":[{"embeddable":true,"href":"https:\/\/sandzakpress.net\/arhiva\/wp-json\/wp\/v2\/users\/13"}],"replies":[{"embeddable":true,"href":"https:\/\/sandzakpress.net\/arhiva\/wp-json\/wp\/v2\/comments?post=16560"}],"version-history":[{"count":0,"href":"https:\/\/sandzakpress.net\/arhiva\/wp-json\/wp\/v2\/posts\/16560\/revisions"}],"wp:featuredmedia":[{"embeddable":true,"href":"https:\/\/sandzakpress.net\/arhiva\/wp-json\/wp\/v2\/media\/16561"}],"wp:attachment":[{"href":"https:\/\/sandzakpress.net\/arhiva\/wp-json\/wp\/v2\/media?parent=16560"}],"wp:term":[{"taxonomy":"category","embeddable":true,"href":"https:\/\/sandzakpress.net\/arhiva\/wp-json\/wp\/v2\/categories?post=16560"},{"taxonomy":"post_tag","embeddable":true,"href":"https:\/\/sandzakpress.net\/arhiva\/wp-json\/wp\/v2\/tags?post=16560"}],"curies":[{"name":"wp","href":"https:\/\/api.w.org\/{rel}","templated":true}]}}