{"id":16551,"date":"2011-05-20T10:34:19","date_gmt":"2011-05-20T08:34:19","guid":{"rendered":"https:\/\/sandzakpress.net\/arhiva\/?p=16551"},"modified":"2011-05-20T10:34:19","modified_gmt":"2011-05-20T08:34:19","slug":"samo-je-jedan-crnogorski-oltar","status":"publish","type":"post","link":"https:\/\/sandzakpress.net\/arhiva\/samo-je-jedan-crnogorski-oltar\/","title":{"rendered":"Samo je jedan crnogorski oltar"},"content":{"rendered":"<p><strong><a href=\"https:\/\/sandzakpress.net\/arhiva\/wp-content\/uploads\/2011\/05\/1305593469.jpg\"><img loading=\"lazy\" decoding=\"async\" class=\"alignleft size-medium wp-image-16552\" src=\"https:\/\/sandzakpress.net\/arhiva\/wp-content\/uploads\/2011\/05\/1305593469-300x162.jpg\" alt=\"\" width=\"300\" height=\"162\" \/><\/a>Ju\u017eni Sand\u017eak &#8211; Prijedlog Demokratske partije socijalista zasnovan na istorijskim  \u010dinjenicama i potrebom da se prevazi\u0111u postoje\u0107e podjele izme\u0111u  pravoslavnih vjernika i crkava i Crnoj Gori<\/strong><\/p>\n<p>PODGORICA &#8211; Demokratska partija socijalista zalaga\u0107e se za jednu,  organizaciono samostalnu pravoslavnu vjersku zajednicu u Crnoj Gori \u2013  navodi  u novom dopunjenom programu DPS koji \u0107e biti usvojen na VI  kongresu partije 21. maja.<\/p>\n<p>Po\u0161to su pravoslavni vjernici podijeljeni u Crnoj Gori,  prevazila\u017eenju ove podijeljenosti najbolje pogoduje jedinstvena i  organizaciona samostalnost pravoslavne vjerske zajednice uz puno  po\u0161tovanje i afirmaciju crnogorskog, dr\u017eavnog i nacionalnog i kulturnog  identiteta i me\u0111unacionalnog sklada \u2013 navodi se u novom programu DPS-a u  odjeljku \u201eZa dru\u0161tvo evropske budu\u0107nosti\u201c. U Programu, u koji je  Pobjeda imala uvid, dodaje se da je \u201eDPS partija koja je posve\u0107ena  prevazila\u017eenju svih podjela u Crnoj Gori koje mogu ugroziti stabilnost,  prosperitet i me\u0111unarodni ugled Crne Gore\u201c.<\/p>\n<p>Dio Programa u kome se DPS jasno izjasnio o pitanju crkve  prvobitno nije stajao u nacrtu novog programa, ve\u0107 je uvr\u0161ten nakon  javne rasprave. Ovakva formulacija su\u0161tinski zna\u010di da \u0107e se DPS zalagati  da pravoslavna crkva u Crnoj Gori bude autokefalna kao \u0161to je i bila  nekad prije 1918. godine i da organizaciono prostor njenog djelovanja  bude teritorija \u010ditave Crne Gore.<\/p>\n<p>Prevazi\u0107i podjele<\/p>\n<p>&#8211; Mislimo da je potrebno prevazi\u0107i podjele oko crkve i da je i  po\u017eeljno i\u0107i ka jednoj crkvi \u2013 to treba da bude organizaciono samostalna  pravoslavna crkva u Crnoj Gori &#8211; rekao je sino\u0107 predsjednik Demokratske  partije socijalista Milo \u0110ukanovi\u0107 Televiziji Crne Gore.<\/p>\n<p>Lider DPS je objasnio da je podjela unutar dijela pravoslavnih vjernika u Crnoj Gori dosta ostra\u0161\u0107ena.<\/p>\n<p>&#8211; Otuda na\u0161 interes da se  prevazi\u0111e i zato se zala\u017eemo da, ako  je to mogu\u0107e, razumnim pristupom do\u0111e do objedinjavanja oko korpusa  pravoslavnih vjernika u Crnoj Gori \u2013 precizirao je \u0110ukanovi\u0107.<\/p>\n<p>Lider DPS-a je objasnio da je o\u010digledno da Crnogorsko-primorska  mitropolija, kao autonomni, ali, ipak, dio Srpske pravoslavne crkve nije  dovoljno u saglasju sa onim \u0161to su dr\u017eavni interesi Crne Gore.<\/p>\n<p>&#8211; Nedavno sam \u010ditao izjave crnogorsko-primorskog mitropolita  Amfilohija i saglasan sam sa ocjenom da je u nekim va\u017enim politi\u010dki  prelomnim trenucima, kao \u0161to su bile 1997. ili 2006. godina, Mitropolija  bila konstruktivna u odnosu na klju\u010dni zadatak \u2013 o\u010duvanje politi\u010dke  stabilnosti u interesu pravilnog demokratskog usmjerenja Crne Gore.<\/p>\n<p>Morali bismo, isto tako, prepoznati mno\u0161tvo drugih situacija u  kojima su pripadnici SPC u Crnoj Gori djelovali sa pozicija  suprotstavljenih nacionalnim interesima Crne Gore, do mjere da su neki  od sve\u0161tenika zavrijedili i suspenziju od vrha Crnogorsko-primorske  mitropolije &#8211; rekao je \u0110ukanovi\u0107.<\/p>\n<p>Vratiti oduzeto<\/p>\n<p>Predsjednik Socijaldemokratske partije Ranko Krivokapi\u0107 prijedlog  iz programa DPS o jednoj organizaciono samostalnoj pravoslavnoj crkvi  ocijenio je kao put da se ispravi istorijska nepravda.<\/p>\n<p>&#8211; Ono \u0161to je aneksijom Crnoj Gori oduzeto treba vratiti u  normalno stanje. Svaka zemlja koja je pretpjela takvu istorijsku  negaciju treba da taj  proces obavi mirno &#8211; kazao je Krivokapi\u0107.<\/p>\n<p>Lider SDP i predsjednik parlamenta nagla\u0161ava da bi za Crnu Goru  bilo dobro da ima jedinstvenu pravoslavnu crkvu, \u201eCrnogorsku autokefalnu  crkvu  kakva je bila u Ustavu 1905. godine\u201c, nagla\u0161avaju\u0107i da je to  pitanje \u201estvar vjernika i crkve\u201c.<\/p>\n<p>Jedna, ali crnogorska<\/p>\n<p>Poglavar Crnogorske pravoslavne crkve c podr\u017eao je ju\u010de  ovaj prijedlog DPS navode\u0107i da je to dobro rje\u0161enje pod uslovom da  jedinstvena pravoslavna crkva bude &#8211; Crnogorska.<\/p>\n<p>&#8211; Crnogorska pravoslavna crkva je autokefalna, koja je priznata  kao takva i ona takva mora da postoji u dr\u017eavi Crnoj Gori, jer tako  postoji i crnogorska dr\u017eava. Nijedna dr\u017eava danas nema jednu pravoslavnu  crkvu, svaka je nacionalno vezana za svoju naciju, kao \u0161to je Ruska  pravoslavna crkva, Sprska, Crnogorska, Makedonska, Bugarska. Ovdje je  prisutna autokefalna crnogorska crkva, ona koja je stvarala dr\u017eavu i  koja je imala u\u010de\u0161\u010de u njenom postojanju &#8211; rekao je Mihailo.<\/p>\n<p>Mitropolija crnogorsko-primorska ju\u010de se nije ogla\u0161avala povodom  prijedloga DPS, ve\u0107 je samo kratko poru\u010deno u izjavi za Pobjedu da  nemaju komentar.<\/p>\n<p>Krivokapi\u0107: \u010cuo sam da je i Amfilohije postao Crnogorac<\/p>\n<p>Krivokapi\u0107 je kazao da dr\u017eava treba da radi na drugom planu kada  je crkva u pitanju, odnosno da povrati svoja  imovinska prava objektima  koji su joj pripadali, a da ostavi vrijeme vjerskim zajednicama da na\u0111u  pravi odgovor  na njihove teme.<\/p>\n<p>&#8211; \u010cini mi se da mo\u017eemo do\u0107i do toga da to bude element jedinstva  Crne Gore, a ne nametnuto sa strane, kao \u0161to je  poku\u0161ano sa Strategijom  Vlade Srbije. \u010culi smo da je mitropolit u me\u0111uvremenu postao Crnogorac.  Nadamo se da sve ide u nekom dobrom pravcu &#8211; komentarisao je  Krivokapi\u0107.<\/p>\n<p>\u0110ukanovi\u0107:  Koliko god autonomna MPC, ona je dio SPC<\/p>\n<p>Koliko god autonomna, Mitropolija crnogorsko-primorska je dio  Srpske pravoslavne crkve. Njena je centrala u Srbiji, u dr\u017eavi koja ne  gleda blagonaklono na crnogorsku nezavisnost. Ona djeluje sa stanovi\u0161ta  usagla\u0161enih srpskih dr\u017eavnih interesa \u2013 istakao je lider Demokratske  partije socijalista Milo \u0110ukanovi\u0107.<\/p>\n<p>MCP: Amfilohije ne\u0107e biti smijenjen ve\u0107 \u201erotiran\u201c iz Sinoda<\/p>\n<p>PODGORICA &#8211; Mitropolit crnogorsko &#8211; primorski Amfilohije ne\u0107e  biti smijenjen iz \u010dlanstva Sinoda Srpske pravoslavne crkve, kako su  objavili pojedini beogradski mediji, ali \u0107e do rotacije najvjerovatnije  do\u0107i, jer je njemu istekao mandat jo\u0161 pro\u0161le godine, re\u010deno je Portalu  Analitika u MPC. Kako je obja\u0161njeno, Amfilohije (Radovi\u0107) ne\u0107e biti vi\u0161e  \u010dlan Sinoda SPC jer mu je \u201epoodavno istekao mandat\u201c, a Sveti sinod \u0107e  samo to konstatovati i na njegovo mjesto imenovati nekog drugog iz Crne  Gore, najvjerovatnije episkopa budimljansko &#8211; nik\u0161i\u0107kog Joanikija.<\/p>\n<p>&#8211; Tu nema nikakve smjene, niti bilo kakve skrivene pozadine ve\u0107  je u pitanju redovna procedura predvi\u0111ena crkvenim zakonima. Mitropolit  Amfilofije spada u ljude koji u\u017eivaju veliki autoritet u SPC i pitanje  smjene je samo redovna procedura i o njoj se odlu\u010duje na predlog  patrijarha na kraju Sabora, poru\u010deno je iz Mitropolije crnogorsko &#8211;  primorske. Uobi\u010dajeno je da Sveti sinod ima jesenje i prolje\u0107no (majsko)  zasijedanje, kao i da traje nekoliko dana &#8211; navodi Portal Analitika.<\/p>\n<p>Izvor: <strong>Pobjeda.Co.me<\/strong><\/p>\n","protected":false},"excerpt":{"rendered":"<p>Ju\u017eni Sand\u017eak &#8211; Prijedlog Demokratske partije socijalista zasnovan na istorijskim \u010dinjenicama i potrebom da se prevazi\u0111u postoje\u0107e podjele izme\u0111u pravoslavnih vjernika i crkava i Crnoj Gori PODGORICA &#8211; Demokratska partija socijalista zalaga\u0107e se za jednu, organizaciono samostalnu pravoslavnu vjersku zajednicu u Crnoj Gori \u2013 navodi u novom dopunjenom programu DPS koji \u0107e biti usvojen na [&hellip;]<\/p>\n","protected":false},"author":13,"featured_media":16552,"comment_status":"open","ping_status":"open","sticky":false,"template":"","format":"standard","meta":{"footnotes":""},"categories":[398,397,396,395,399],"tags":[],"class_list":{"0":"post-16551","1":"post","2":"type-post","3":"status-publish","4":"format-standard","5":"has-post-thumbnail","7":"category-rozaje","8":"category-berane","9":"category-bijelo_polje","10":"category-pljevlja_","11":"category-plav_"},"yoast_head":"<!-- This site is optimized with the Yoast SEO Premium plugin v23.1 (Yoast SEO v24.9) - https:\/\/yoast.com\/wordpress\/plugins\/seo\/ -->\n<title>Samo je jedan crnogorski oltar<\/title>\n<meta name=\"robots\" content=\"index, follow, max-snippet:-1, max-image-preview:large, max-video-preview:-1\" \/>\n<link rel=\"canonical\" href=\"https:\/\/sandzakpress.net\/arhiva\/samo-je-jedan-crnogorski-oltar\/\" \/>\n<meta property=\"og:locale\" content=\"bs_BA\" \/>\n<meta property=\"og:type\" content=\"article\" \/>\n<meta property=\"og:title\" content=\"Samo je jedan crnogorski oltar\" \/>\n<meta property=\"og:description\" content=\"Ju\u017eni Sand\u017eak &#8211; Prijedlog Demokratske partije socijalista zasnovan na istorijskim \u010dinjenicama i potrebom da se prevazi\u0111u postoje\u0107e podjele izme\u0111u pravoslavnih vjernika i crkava i Crnoj Gori PODGORICA &#8211; Demokratska partija socijalista zalaga\u0107e se za jednu, organizaciono samostalnu pravoslavnu vjersku zajednicu u Crnoj Gori \u2013 navodi u novom dopunjenom programu DPS koji \u0107e biti usvojen na [&hellip;]\" \/>\n<meta property=\"og:url\" content=\"https:\/\/sandzakpress.net\/arhiva\/samo-je-jedan-crnogorski-oltar\/\" \/>\n<meta property=\"og:site_name\" content=\"Sand\u017eak PRESS\" \/>\n<meta property=\"article:published_time\" content=\"2011-05-20T08:34:19+00:00\" \/>\n<meta property=\"og:image\" content=\"https:\/\/sandzakpress.net\/arhiva\/wp-content\/uploads\/2011\/05\/1305593469.jpg\" \/>\n\t<meta property=\"og:image:width\" content=\"460\" \/>\n\t<meta property=\"og:image:height\" content=\"249\" \/>\n\t<meta property=\"og:image:type\" content=\"image\/jpeg\" \/>\n<meta name=\"twitter:card\" content=\"summary_large_image\" \/>\n<meta name=\"twitter:label1\" content=\"Written by\" \/>\n\t<meta name=\"twitter:data1\" content=\"\" \/>\n\t<meta name=\"twitter:label2\" content=\"Est. reading time\" \/>\n\t<meta name=\"twitter:data2\" content=\"5 minuta\" \/>\n<script type=\"application\/ld+json\" class=\"yoast-schema-graph\">{\"@context\":\"https:\/\/schema.org\",\"@graph\":[{\"@type\":\"Article\",\"@id\":\"https:\/\/sandzakpress.net\/arhiva\/samo-je-jedan-crnogorski-oltar\/#article\",\"isPartOf\":{\"@id\":\"https:\/\/sandzakpress.net\/arhiva\/samo-je-jedan-crnogorski-oltar\/\"},\"author\":{\"name\":\"\",\"@id\":\"\"},\"headline\":\"Samo je jedan crnogorski oltar\",\"datePublished\":\"2011-05-20T08:34:19+00:00\",\"mainEntityOfPage\":{\"@id\":\"https:\/\/sandzakpress.net\/arhiva\/samo-je-jedan-crnogorski-oltar\/\"},\"wordCount\":1027,\"commentCount\":0,\"publisher\":{\"@id\":\"https:\/\/sandzakpress.net\/arhiva\/#\/schema\/person\/6e72b67d6e51910a1117b3b483ba20bd\"},\"image\":{\"@id\":\"https:\/\/sandzakpress.net\/arhiva\/samo-je-jedan-crnogorski-oltar\/#primaryimage\"},\"thumbnailUrl\":\"https:\/\/sandzakpress.net\/arhiva\/wp-content\/uploads\/2011\/05\/1305593469.jpg\",\"articleSection\":[\"Ro\u017eaje\",\"Berane\",\"Bijelo Polje\",\"Pljevlja\",\"Plav\"],\"inLanguage\":\"bs-BA\",\"potentialAction\":[{\"@type\":\"CommentAction\",\"name\":\"Comment\",\"target\":[\"https:\/\/sandzakpress.net\/arhiva\/samo-je-jedan-crnogorski-oltar\/#respond\"]}]},{\"@type\":\"WebPage\",\"@id\":\"https:\/\/sandzakpress.net\/arhiva\/samo-je-jedan-crnogorski-oltar\/\",\"url\":\"https:\/\/sandzakpress.net\/arhiva\/samo-je-jedan-crnogorski-oltar\/\",\"name\":\"Samo je jedan crnogorski oltar\",\"isPartOf\":{\"@id\":\"https:\/\/sandzakpress.net\/arhiva\/#website\"},\"primaryImageOfPage\":{\"@id\":\"https:\/\/sandzakpress.net\/arhiva\/samo-je-jedan-crnogorski-oltar\/#primaryimage\"},\"image\":{\"@id\":\"https:\/\/sandzakpress.net\/arhiva\/samo-je-jedan-crnogorski-oltar\/#primaryimage\"},\"thumbnailUrl\":\"https:\/\/sandzakpress.net\/arhiva\/wp-content\/uploads\/2011\/05\/1305593469.jpg\",\"datePublished\":\"2011-05-20T08:34:19+00:00\",\"breadcrumb\":{\"@id\":\"https:\/\/sandzakpress.net\/arhiva\/samo-je-jedan-crnogorski-oltar\/#breadcrumb\"},\"inLanguage\":\"bs-BA\",\"potentialAction\":[{\"@type\":\"ReadAction\",\"target\":[\"https:\/\/sandzakpress.net\/arhiva\/samo-je-jedan-crnogorski-oltar\/\"]}]},{\"@type\":\"ImageObject\",\"inLanguage\":\"bs-BA\",\"@id\":\"https:\/\/sandzakpress.net\/arhiva\/samo-je-jedan-crnogorski-oltar\/#primaryimage\",\"url\":\"https:\/\/sandzakpress.net\/arhiva\/wp-content\/uploads\/2011\/05\/1305593469.jpg\",\"contentUrl\":\"https:\/\/sandzakpress.net\/arhiva\/wp-content\/uploads\/2011\/05\/1305593469.jpg\",\"width\":460,\"height\":249},{\"@type\":\"BreadcrumbList\",\"@id\":\"https:\/\/sandzakpress.net\/arhiva\/samo-je-jedan-crnogorski-oltar\/#breadcrumb\",\"itemListElement\":[{\"@type\":\"ListItem\",\"position\":1,\"name\":\"Home\",\"item\":\"https:\/\/sandzakpress.net\/arhiva\/\"},{\"@type\":\"ListItem\",\"position\":2,\"name\":\"Samo je jedan crnogorski oltar\"}]},{\"@type\":\"WebSite\",\"@id\":\"https:\/\/sandzakpress.net\/arhiva\/#website\",\"url\":\"https:\/\/sandzakpress.net\/arhiva\/\",\"name\":\"Sand\u017eak PRESS\",\"description\":\"Prve elektronske novine u Sand\u017eaku\",\"publisher\":{\"@id\":\"https:\/\/sandzakpress.net\/arhiva\/#\/schema\/person\/6e72b67d6e51910a1117b3b483ba20bd\"},\"potentialAction\":[{\"@type\":\"SearchAction\",\"target\":{\"@type\":\"EntryPoint\",\"urlTemplate\":\"https:\/\/sandzakpress.net\/arhiva\/?s={search_term_string}\"},\"query-input\":{\"@type\":\"PropertyValueSpecification\",\"valueRequired\":true,\"valueName\":\"search_term_string\"}}],\"inLanguage\":\"bs-BA\"},{\"@type\":[\"Person\",\"Organization\"],\"@id\":\"https:\/\/sandzakpress.net\/arhiva\/#\/schema\/person\/6e72b67d6e51910a1117b3b483ba20bd\",\"name\":\"Kul\",\"image\":{\"@type\":\"ImageObject\",\"inLanguage\":\"bs-BA\",\"@id\":\"https:\/\/sandzakpress.net\/arhiva\/#\/schema\/person\/image\/\",\"url\":\"https:\/\/secure.gravatar.com\/avatar\/42263f39aa27ac04c43cab85c280eb2e?s=96&d=mm&r=pg\",\"contentUrl\":\"https:\/\/secure.gravatar.com\/avatar\/42263f39aa27ac04c43cab85c280eb2e?s=96&d=mm&r=pg\",\"caption\":\"Kul\"},\"logo\":{\"@id\":\"https:\/\/sandzakpress.net\/arhiva\/#\/schema\/person\/image\/\"}},{\"@type\":\"Person\",\"@id\":\"\",\"url\":\"https:\/\/sandzakpress.net\/arhiva\/author\/\"}]}<\/script>\n<!-- \/ Yoast SEO Premium plugin. -->","yoast_head_json":{"title":"Samo je jedan crnogorski oltar","robots":{"index":"index","follow":"follow","max-snippet":"max-snippet:-1","max-image-preview":"max-image-preview:large","max-video-preview":"max-video-preview:-1"},"canonical":"https:\/\/sandzakpress.net\/arhiva\/samo-je-jedan-crnogorski-oltar\/","og_locale":"bs_BA","og_type":"article","og_title":"Samo je jedan crnogorski oltar","og_description":"Ju\u017eni Sand\u017eak &#8211; Prijedlog Demokratske partije socijalista zasnovan na istorijskim \u010dinjenicama i potrebom da se prevazi\u0111u postoje\u0107e podjele izme\u0111u pravoslavnih vjernika i crkava i Crnoj Gori PODGORICA &#8211; Demokratska partija socijalista zalaga\u0107e se za jednu, organizaciono samostalnu pravoslavnu vjersku zajednicu u Crnoj Gori \u2013 navodi u novom dopunjenom programu DPS koji \u0107e biti usvojen na [&hellip;]","og_url":"https:\/\/sandzakpress.net\/arhiva\/samo-je-jedan-crnogorski-oltar\/","og_site_name":"Sand\u017eak PRESS","article_published_time":"2011-05-20T08:34:19+00:00","og_image":[{"width":460,"height":249,"url":"https:\/\/sandzakpress.net\/arhiva\/wp-content\/uploads\/2011\/05\/1305593469.jpg","type":"image\/jpeg"}],"twitter_card":"summary_large_image","twitter_misc":{"Written by":"","Est. reading time":"5 minuta"},"schema":{"@context":"https:\/\/schema.org","@graph":[{"@type":"Article","@id":"https:\/\/sandzakpress.net\/arhiva\/samo-je-jedan-crnogorski-oltar\/#article","isPartOf":{"@id":"https:\/\/sandzakpress.net\/arhiva\/samo-je-jedan-crnogorski-oltar\/"},"author":{"name":"","@id":""},"headline":"Samo je jedan crnogorski oltar","datePublished":"2011-05-20T08:34:19+00:00","mainEntityOfPage":{"@id":"https:\/\/sandzakpress.net\/arhiva\/samo-je-jedan-crnogorski-oltar\/"},"wordCount":1027,"commentCount":0,"publisher":{"@id":"https:\/\/sandzakpress.net\/arhiva\/#\/schema\/person\/6e72b67d6e51910a1117b3b483ba20bd"},"image":{"@id":"https:\/\/sandzakpress.net\/arhiva\/samo-je-jedan-crnogorski-oltar\/#primaryimage"},"thumbnailUrl":"https:\/\/sandzakpress.net\/arhiva\/wp-content\/uploads\/2011\/05\/1305593469.jpg","articleSection":["Ro\u017eaje","Berane","Bijelo Polje","Pljevlja","Plav"],"inLanguage":"bs-BA","potentialAction":[{"@type":"CommentAction","name":"Comment","target":["https:\/\/sandzakpress.net\/arhiva\/samo-je-jedan-crnogorski-oltar\/#respond"]}]},{"@type":"WebPage","@id":"https:\/\/sandzakpress.net\/arhiva\/samo-je-jedan-crnogorski-oltar\/","url":"https:\/\/sandzakpress.net\/arhiva\/samo-je-jedan-crnogorski-oltar\/","name":"Samo je jedan crnogorski oltar","isPartOf":{"@id":"https:\/\/sandzakpress.net\/arhiva\/#website"},"primaryImageOfPage":{"@id":"https:\/\/sandzakpress.net\/arhiva\/samo-je-jedan-crnogorski-oltar\/#primaryimage"},"image":{"@id":"https:\/\/sandzakpress.net\/arhiva\/samo-je-jedan-crnogorski-oltar\/#primaryimage"},"thumbnailUrl":"https:\/\/sandzakpress.net\/arhiva\/wp-content\/uploads\/2011\/05\/1305593469.jpg","datePublished":"2011-05-20T08:34:19+00:00","breadcrumb":{"@id":"https:\/\/sandzakpress.net\/arhiva\/samo-je-jedan-crnogorski-oltar\/#breadcrumb"},"inLanguage":"bs-BA","potentialAction":[{"@type":"ReadAction","target":["https:\/\/sandzakpress.net\/arhiva\/samo-je-jedan-crnogorski-oltar\/"]}]},{"@type":"ImageObject","inLanguage":"bs-BA","@id":"https:\/\/sandzakpress.net\/arhiva\/samo-je-jedan-crnogorski-oltar\/#primaryimage","url":"https:\/\/sandzakpress.net\/arhiva\/wp-content\/uploads\/2011\/05\/1305593469.jpg","contentUrl":"https:\/\/sandzakpress.net\/arhiva\/wp-content\/uploads\/2011\/05\/1305593469.jpg","width":460,"height":249},{"@type":"BreadcrumbList","@id":"https:\/\/sandzakpress.net\/arhiva\/samo-je-jedan-crnogorski-oltar\/#breadcrumb","itemListElement":[{"@type":"ListItem","position":1,"name":"Home","item":"https:\/\/sandzakpress.net\/arhiva\/"},{"@type":"ListItem","position":2,"name":"Samo je jedan crnogorski oltar"}]},{"@type":"WebSite","@id":"https:\/\/sandzakpress.net\/arhiva\/#website","url":"https:\/\/sandzakpress.net\/arhiva\/","name":"Sand\u017eak PRESS","description":"Prve elektronske novine u Sand\u017eaku","publisher":{"@id":"https:\/\/sandzakpress.net\/arhiva\/#\/schema\/person\/6e72b67d6e51910a1117b3b483ba20bd"},"potentialAction":[{"@type":"SearchAction","target":{"@type":"EntryPoint","urlTemplate":"https:\/\/sandzakpress.net\/arhiva\/?s={search_term_string}"},"query-input":{"@type":"PropertyValueSpecification","valueRequired":true,"valueName":"search_term_string"}}],"inLanguage":"bs-BA"},{"@type":["Person","Organization"],"@id":"https:\/\/sandzakpress.net\/arhiva\/#\/schema\/person\/6e72b67d6e51910a1117b3b483ba20bd","name":"Kul","image":{"@type":"ImageObject","inLanguage":"bs-BA","@id":"https:\/\/sandzakpress.net\/arhiva\/#\/schema\/person\/image\/","url":"https:\/\/secure.gravatar.com\/avatar\/42263f39aa27ac04c43cab85c280eb2e?s=96&d=mm&r=pg","contentUrl":"https:\/\/secure.gravatar.com\/avatar\/42263f39aa27ac04c43cab85c280eb2e?s=96&d=mm&r=pg","caption":"Kul"},"logo":{"@id":"https:\/\/sandzakpress.net\/arhiva\/#\/schema\/person\/image\/"}},{"@type":"Person","@id":"","url":"https:\/\/sandzakpress.net\/arhiva\/author\/"}]}},"_links":{"self":[{"href":"https:\/\/sandzakpress.net\/arhiva\/wp-json\/wp\/v2\/posts\/16551"}],"collection":[{"href":"https:\/\/sandzakpress.net\/arhiva\/wp-json\/wp\/v2\/posts"}],"about":[{"href":"https:\/\/sandzakpress.net\/arhiva\/wp-json\/wp\/v2\/types\/post"}],"author":[{"embeddable":true,"href":"https:\/\/sandzakpress.net\/arhiva\/wp-json\/wp\/v2\/users\/13"}],"replies":[{"embeddable":true,"href":"https:\/\/sandzakpress.net\/arhiva\/wp-json\/wp\/v2\/comments?post=16551"}],"version-history":[{"count":0,"href":"https:\/\/sandzakpress.net\/arhiva\/wp-json\/wp\/v2\/posts\/16551\/revisions"}],"wp:featuredmedia":[{"embeddable":true,"href":"https:\/\/sandzakpress.net\/arhiva\/wp-json\/wp\/v2\/media\/16552"}],"wp:attachment":[{"href":"https:\/\/sandzakpress.net\/arhiva\/wp-json\/wp\/v2\/media?parent=16551"}],"wp:term":[{"taxonomy":"category","embeddable":true,"href":"https:\/\/sandzakpress.net\/arhiva\/wp-json\/wp\/v2\/categories?post=16551"},{"taxonomy":"post_tag","embeddable":true,"href":"https:\/\/sandzakpress.net\/arhiva\/wp-json\/wp\/v2\/tags?post=16551"}],"curies":[{"name":"wp","href":"https:\/\/api.w.org\/{rel}","templated":true}]}}