{"id":165474,"date":"2016-08-10T15:00:17","date_gmt":"2016-08-10T13:00:17","guid":{"rendered":"https:\/\/sandzakpress.net\/arhiva\/?p=165474"},"modified":"2016-08-10T15:00:17","modified_gmt":"2016-08-10T13:00:17","slug":"kancelarije-albanske-alternative-i-u-plavu","status":"publish","type":"post","link":"https:\/\/sandzakpress.net\/arhiva\/kancelarije-albanske-alternative-i-u-plavu\/","title":{"rendered":"Kancelarije Albanske alternative i u Plavu"},"content":{"rendered":"<div class=\"short-text\"><img decoding=\"async\" src=\"http:\/\/www.img2.cdm.me\/sites\/cdm.bild-studio.me\/files\/styles\/301x227\/public\/multimedia\/foto\/2016\/08\/04\/img_4184_1.jpeg\" \/><\/div>\n<div class=\"short-text\"><strong>Albanska alterantiva je danas, u sklopu redovnih aktivnosti, otvorila kancelarije u Plavu, koje \u0107e, kako isti\u010du, biti otvorene za sve gra\u0111ane svakodnevno, kako bi razgovarali o problemima i potrebama sa kojima se oni suo\u010davaju.<\/strong><\/div>\n<div class=\"long-text\">\u00a0<\/div>\n<div class=\"long-text\">\n<p>&#8220;Poku\u0161a\u0107emo da napravimo plan, kako bi jednom nedjeljno u na\u0161im prostorijama u Plavu poslanik Albanske alternative Nik \u0110elo\u0161aj primao i razgovarao sa gra\u0111anima. Zahvaljujemo se na ukazanom povjerenju i ubije\u0111eni smo u uspje\u0161nu saradnju sada sa na\u0161im predsjednikom ogranka za Plav i odbornikom Iberom Hotijem\u201c, kazali su iz Albanske alternative.<\/p>\n<p>Kako najavljuju, u narednim danima, nastavi\u0107e otvaranje kancelarija i ozvani\u010denje saradnje sa albanskim nacionalnim subjektima i intelektualcima i u drugim op\u0161tinama gdje \u017eive Albanci.<\/p>\n<p>(Cdm)<\/p>\n<\/div>\n","protected":false},"excerpt":{"rendered":"<p>Albanska alterantiva je danas, u sklopu redovnih aktivnosti, otvorila kancelarije u Plavu, koje \u0107e, kako isti\u010du, biti otvorene za sve gra\u0111ane svakodnevno, kako bi razgovarali o problemima i potrebama sa kojima se oni suo\u010davaju. \u00a0 &#8220;Poku\u0161a\u0107emo da napravimo plan, kako bi jednom nedjeljno u na\u0161im prostorijama u Plavu poslanik Albanske alternative Nik \u0110elo\u0161aj primao i [&hellip;]<\/p>\n","protected":false},"author":83,"featured_media":165480,"comment_status":"open","ping_status":"open","sticky":false,"template":"","format":"standard","meta":{"footnotes":""},"categories":[1,399],"tags":[],"class_list":{"0":"post-165474","1":"post","2":"type-post","3":"status-publish","4":"format-standard","5":"has-post-thumbnail","7":"category-politika","8":"category-plav_"},"yoast_head":"<!-- This site is optimized with the Yoast SEO Premium plugin v23.1 (Yoast SEO v24.9) - https:\/\/yoast.com\/wordpress\/plugins\/seo\/ -->\n<title>Kancelarije Albanske alternative i u Plavu<\/title>\n<meta name=\"robots\" content=\"index, follow, max-snippet:-1, max-image-preview:large, max-video-preview:-1\" \/>\n<link rel=\"canonical\" href=\"https:\/\/sandzakpress.net\/arhiva\/kancelarije-albanske-alternative-i-u-plavu\/\" \/>\n<meta property=\"og:locale\" content=\"bs_BA\" \/>\n<meta property=\"og:type\" content=\"article\" \/>\n<meta property=\"og:title\" content=\"Kancelarije Albanske alternative i u Plavu\" \/>\n<meta property=\"og:description\" content=\"Albanska alterantiva je danas, u sklopu redovnih aktivnosti, otvorila kancelarije u Plavu, koje \u0107e, kako isti\u010du, biti otvorene za sve gra\u0111ane svakodnevno, kako bi razgovarali o problemima i potrebama sa kojima se oni suo\u010davaju. \u00a0 &#8220;Poku\u0161a\u0107emo da napravimo plan, kako bi jednom nedjeljno u na\u0161im prostorijama u Plavu poslanik Albanske alternative Nik \u0110elo\u0161aj primao i [&hellip;]\" \/>\n<meta property=\"og:url\" content=\"https:\/\/sandzakpress.net\/arhiva\/kancelarije-albanske-alternative-i-u-plavu\/\" \/>\n<meta property=\"og:site_name\" content=\"Sand\u017eak PRESS\" \/>\n<meta property=\"article:published_time\" content=\"2016-08-10T13:00:17+00:00\" \/>\n<meta property=\"og:image\" content=\"https:\/\/sandzakpress.net\/arhiva\/wp-content\/uploads\/2016\/08\/img_4184_1.jpeg.jpg\" \/>\n\t<meta property=\"og:image:width\" content=\"573\" \/>\n\t<meta property=\"og:image:height\" content=\"764\" \/>\n\t<meta property=\"og:image:type\" content=\"image\/jpeg\" \/>\n<meta name=\"author\" content=\"bosniak\" \/>\n<meta name=\"twitter:card\" content=\"summary_large_image\" \/>\n<meta name=\"twitter:label1\" content=\"Written by\" \/>\n\t<meta name=\"twitter:data1\" content=\"bosniak\" \/>\n\t<meta name=\"twitter:label2\" content=\"Est. reading time\" \/>\n\t<meta name=\"twitter:data2\" content=\"1 minuta\" \/>\n<script type=\"application\/ld+json\" class=\"yoast-schema-graph\">{\"@context\":\"https:\/\/schema.org\",\"@graph\":[{\"@type\":\"Article\",\"@id\":\"https:\/\/sandzakpress.net\/arhiva\/kancelarije-albanske-alternative-i-u-plavu\/#article\",\"isPartOf\":{\"@id\":\"https:\/\/sandzakpress.net\/arhiva\/kancelarije-albanske-alternative-i-u-plavu\/\"},\"author\":{\"name\":\"bosniak\",\"@id\":\"https:\/\/sandzakpress.net\/arhiva\/#\/schema\/person\/c8baee722073534b583ea7bdb2e36c02\"},\"headline\":\"Kancelarije Albanske alternative i u Plavu\",\"datePublished\":\"2016-08-10T13:00:17+00:00\",\"mainEntityOfPage\":{\"@id\":\"https:\/\/sandzakpress.net\/arhiva\/kancelarije-albanske-alternative-i-u-plavu\/\"},\"wordCount\":129,\"commentCount\":0,\"publisher\":{\"@id\":\"https:\/\/sandzakpress.net\/arhiva\/#\/schema\/person\/6e72b67d6e51910a1117b3b483ba20bd\"},\"image\":{\"@id\":\"https:\/\/sandzakpress.net\/arhiva\/kancelarije-albanske-alternative-i-u-plavu\/#primaryimage\"},\"thumbnailUrl\":\"https:\/\/sandzakpress.net\/arhiva\/wp-content\/uploads\/2016\/08\/img_4184_1.jpeg.jpg\",\"articleSection\":[\"Politika\",\"Plav\"],\"inLanguage\":\"bs-BA\",\"potentialAction\":[{\"@type\":\"CommentAction\",\"name\":\"Comment\",\"target\":[\"https:\/\/sandzakpress.net\/arhiva\/kancelarije-albanske-alternative-i-u-plavu\/#respond\"]}]},{\"@type\":\"WebPage\",\"@id\":\"https:\/\/sandzakpress.net\/arhiva\/kancelarije-albanske-alternative-i-u-plavu\/\",\"url\":\"https:\/\/sandzakpress.net\/arhiva\/kancelarije-albanske-alternative-i-u-plavu\/\",\"name\":\"Kancelarije Albanske alternative i u Plavu\",\"isPartOf\":{\"@id\":\"https:\/\/sandzakpress.net\/arhiva\/#website\"},\"primaryImageOfPage\":{\"@id\":\"https:\/\/sandzakpress.net\/arhiva\/kancelarije-albanske-alternative-i-u-plavu\/#primaryimage\"},\"image\":{\"@id\":\"https:\/\/sandzakpress.net\/arhiva\/kancelarije-albanske-alternative-i-u-plavu\/#primaryimage\"},\"thumbnailUrl\":\"https:\/\/sandzakpress.net\/arhiva\/wp-content\/uploads\/2016\/08\/img_4184_1.jpeg.jpg\",\"datePublished\":\"2016-08-10T13:00:17+00:00\",\"breadcrumb\":{\"@id\":\"https:\/\/sandzakpress.net\/arhiva\/kancelarije-albanske-alternative-i-u-plavu\/#breadcrumb\"},\"inLanguage\":\"bs-BA\",\"potentialAction\":[{\"@type\":\"ReadAction\",\"target\":[\"https:\/\/sandzakpress.net\/arhiva\/kancelarije-albanske-alternative-i-u-plavu\/\"]}]},{\"@type\":\"ImageObject\",\"inLanguage\":\"bs-BA\",\"@id\":\"https:\/\/sandzakpress.net\/arhiva\/kancelarije-albanske-alternative-i-u-plavu\/#primaryimage\",\"url\":\"https:\/\/sandzakpress.net\/arhiva\/wp-content\/uploads\/2016\/08\/img_4184_1.jpeg.jpg\",\"contentUrl\":\"https:\/\/sandzakpress.net\/arhiva\/wp-content\/uploads\/2016\/08\/img_4184_1.jpeg.jpg\",\"width\":573,\"height\":764},{\"@type\":\"BreadcrumbList\",\"@id\":\"https:\/\/sandzakpress.net\/arhiva\/kancelarije-albanske-alternative-i-u-plavu\/#breadcrumb\",\"itemListElement\":[{\"@type\":\"ListItem\",\"position\":1,\"name\":\"Home\",\"item\":\"https:\/\/sandzakpress.net\/arhiva\/\"},{\"@type\":\"ListItem\",\"position\":2,\"name\":\"Kancelarije Albanske alternative i u Plavu\"}]},{\"@type\":\"WebSite\",\"@id\":\"https:\/\/sandzakpress.net\/arhiva\/#website\",\"url\":\"https:\/\/sandzakpress.net\/arhiva\/\",\"name\":\"Sand\u017eak PRESS\",\"description\":\"Prve elektronske novine u Sand\u017eaku\",\"publisher\":{\"@id\":\"https:\/\/sandzakpress.net\/arhiva\/#\/schema\/person\/6e72b67d6e51910a1117b3b483ba20bd\"},\"potentialAction\":[{\"@type\":\"SearchAction\",\"target\":{\"@type\":\"EntryPoint\",\"urlTemplate\":\"https:\/\/sandzakpress.net\/arhiva\/?s={search_term_string}\"},\"query-input\":{\"@type\":\"PropertyValueSpecification\",\"valueRequired\":true,\"valueName\":\"search_term_string\"}}],\"inLanguage\":\"bs-BA\"},{\"@type\":[\"Person\",\"Organization\"],\"@id\":\"https:\/\/sandzakpress.net\/arhiva\/#\/schema\/person\/6e72b67d6e51910a1117b3b483ba20bd\",\"name\":\"Kul\",\"image\":{\"@type\":\"ImageObject\",\"inLanguage\":\"bs-BA\",\"@id\":\"https:\/\/sandzakpress.net\/arhiva\/#\/schema\/person\/image\/\",\"url\":\"https:\/\/secure.gravatar.com\/avatar\/42263f39aa27ac04c43cab85c280eb2e?s=96&d=mm&r=pg\",\"contentUrl\":\"https:\/\/secure.gravatar.com\/avatar\/42263f39aa27ac04c43cab85c280eb2e?s=96&d=mm&r=pg\",\"caption\":\"Kul\"},\"logo\":{\"@id\":\"https:\/\/sandzakpress.net\/arhiva\/#\/schema\/person\/image\/\"}},{\"@type\":\"Person\",\"@id\":\"https:\/\/sandzakpress.net\/arhiva\/#\/schema\/person\/c8baee722073534b583ea7bdb2e36c02\",\"name\":\"bosniak\",\"image\":{\"@type\":\"ImageObject\",\"inLanguage\":\"bs-BA\",\"@id\":\"https:\/\/sandzakpress.net\/arhiva\/#\/schema\/person\/image\/\",\"url\":\"https:\/\/secure.gravatar.com\/avatar\/a04fd330bfe3a36a72a0ad4a6d89fca7?s=96&d=mm&r=pg\",\"contentUrl\":\"https:\/\/secure.gravatar.com\/avatar\/a04fd330bfe3a36a72a0ad4a6d89fca7?s=96&d=mm&r=pg\",\"caption\":\"bosniak\"},\"url\":\"https:\/\/sandzakpress.net\/arhiva\/author\/bosniak\/\"}]}<\/script>\n<!-- \/ Yoast SEO Premium plugin. -->","yoast_head_json":{"title":"Kancelarije Albanske alternative i u Plavu","robots":{"index":"index","follow":"follow","max-snippet":"max-snippet:-1","max-image-preview":"max-image-preview:large","max-video-preview":"max-video-preview:-1"},"canonical":"https:\/\/sandzakpress.net\/arhiva\/kancelarije-albanske-alternative-i-u-plavu\/","og_locale":"bs_BA","og_type":"article","og_title":"Kancelarije Albanske alternative i u Plavu","og_description":"Albanska alterantiva je danas, u sklopu redovnih aktivnosti, otvorila kancelarije u Plavu, koje \u0107e, kako isti\u010du, biti otvorene za sve gra\u0111ane svakodnevno, kako bi razgovarali o problemima i potrebama sa kojima se oni suo\u010davaju. \u00a0 &#8220;Poku\u0161a\u0107emo da napravimo plan, kako bi jednom nedjeljno u na\u0161im prostorijama u Plavu poslanik Albanske alternative Nik \u0110elo\u0161aj primao i [&hellip;]","og_url":"https:\/\/sandzakpress.net\/arhiva\/kancelarije-albanske-alternative-i-u-plavu\/","og_site_name":"Sand\u017eak PRESS","article_published_time":"2016-08-10T13:00:17+00:00","og_image":[{"width":573,"height":764,"url":"https:\/\/sandzakpress.net\/arhiva\/wp-content\/uploads\/2016\/08\/img_4184_1.jpeg.jpg","type":"image\/jpeg"}],"author":"bosniak","twitter_card":"summary_large_image","twitter_misc":{"Written by":"bosniak","Est. reading time":"1 minuta"},"schema":{"@context":"https:\/\/schema.org","@graph":[{"@type":"Article","@id":"https:\/\/sandzakpress.net\/arhiva\/kancelarije-albanske-alternative-i-u-plavu\/#article","isPartOf":{"@id":"https:\/\/sandzakpress.net\/arhiva\/kancelarije-albanske-alternative-i-u-plavu\/"},"author":{"name":"bosniak","@id":"https:\/\/sandzakpress.net\/arhiva\/#\/schema\/person\/c8baee722073534b583ea7bdb2e36c02"},"headline":"Kancelarije Albanske alternative i u Plavu","datePublished":"2016-08-10T13:00:17+00:00","mainEntityOfPage":{"@id":"https:\/\/sandzakpress.net\/arhiva\/kancelarije-albanske-alternative-i-u-plavu\/"},"wordCount":129,"commentCount":0,"publisher":{"@id":"https:\/\/sandzakpress.net\/arhiva\/#\/schema\/person\/6e72b67d6e51910a1117b3b483ba20bd"},"image":{"@id":"https:\/\/sandzakpress.net\/arhiva\/kancelarije-albanske-alternative-i-u-plavu\/#primaryimage"},"thumbnailUrl":"https:\/\/sandzakpress.net\/arhiva\/wp-content\/uploads\/2016\/08\/img_4184_1.jpeg.jpg","articleSection":["Politika","Plav"],"inLanguage":"bs-BA","potentialAction":[{"@type":"CommentAction","name":"Comment","target":["https:\/\/sandzakpress.net\/arhiva\/kancelarije-albanske-alternative-i-u-plavu\/#respond"]}]},{"@type":"WebPage","@id":"https:\/\/sandzakpress.net\/arhiva\/kancelarije-albanske-alternative-i-u-plavu\/","url":"https:\/\/sandzakpress.net\/arhiva\/kancelarije-albanske-alternative-i-u-plavu\/","name":"Kancelarije Albanske alternative i u Plavu","isPartOf":{"@id":"https:\/\/sandzakpress.net\/arhiva\/#website"},"primaryImageOfPage":{"@id":"https:\/\/sandzakpress.net\/arhiva\/kancelarije-albanske-alternative-i-u-plavu\/#primaryimage"},"image":{"@id":"https:\/\/sandzakpress.net\/arhiva\/kancelarije-albanske-alternative-i-u-plavu\/#primaryimage"},"thumbnailUrl":"https:\/\/sandzakpress.net\/arhiva\/wp-content\/uploads\/2016\/08\/img_4184_1.jpeg.jpg","datePublished":"2016-08-10T13:00:17+00:00","breadcrumb":{"@id":"https:\/\/sandzakpress.net\/arhiva\/kancelarije-albanske-alternative-i-u-plavu\/#breadcrumb"},"inLanguage":"bs-BA","potentialAction":[{"@type":"ReadAction","target":["https:\/\/sandzakpress.net\/arhiva\/kancelarije-albanske-alternative-i-u-plavu\/"]}]},{"@type":"ImageObject","inLanguage":"bs-BA","@id":"https:\/\/sandzakpress.net\/arhiva\/kancelarije-albanske-alternative-i-u-plavu\/#primaryimage","url":"https:\/\/sandzakpress.net\/arhiva\/wp-content\/uploads\/2016\/08\/img_4184_1.jpeg.jpg","contentUrl":"https:\/\/sandzakpress.net\/arhiva\/wp-content\/uploads\/2016\/08\/img_4184_1.jpeg.jpg","width":573,"height":764},{"@type":"BreadcrumbList","@id":"https:\/\/sandzakpress.net\/arhiva\/kancelarije-albanske-alternative-i-u-plavu\/#breadcrumb","itemListElement":[{"@type":"ListItem","position":1,"name":"Home","item":"https:\/\/sandzakpress.net\/arhiva\/"},{"@type":"ListItem","position":2,"name":"Kancelarije Albanske alternative i u Plavu"}]},{"@type":"WebSite","@id":"https:\/\/sandzakpress.net\/arhiva\/#website","url":"https:\/\/sandzakpress.net\/arhiva\/","name":"Sand\u017eak PRESS","description":"Prve elektronske novine u Sand\u017eaku","publisher":{"@id":"https:\/\/sandzakpress.net\/arhiva\/#\/schema\/person\/6e72b67d6e51910a1117b3b483ba20bd"},"potentialAction":[{"@type":"SearchAction","target":{"@type":"EntryPoint","urlTemplate":"https:\/\/sandzakpress.net\/arhiva\/?s={search_term_string}"},"query-input":{"@type":"PropertyValueSpecification","valueRequired":true,"valueName":"search_term_string"}}],"inLanguage":"bs-BA"},{"@type":["Person","Organization"],"@id":"https:\/\/sandzakpress.net\/arhiva\/#\/schema\/person\/6e72b67d6e51910a1117b3b483ba20bd","name":"Kul","image":{"@type":"ImageObject","inLanguage":"bs-BA","@id":"https:\/\/sandzakpress.net\/arhiva\/#\/schema\/person\/image\/","url":"https:\/\/secure.gravatar.com\/avatar\/42263f39aa27ac04c43cab85c280eb2e?s=96&d=mm&r=pg","contentUrl":"https:\/\/secure.gravatar.com\/avatar\/42263f39aa27ac04c43cab85c280eb2e?s=96&d=mm&r=pg","caption":"Kul"},"logo":{"@id":"https:\/\/sandzakpress.net\/arhiva\/#\/schema\/person\/image\/"}},{"@type":"Person","@id":"https:\/\/sandzakpress.net\/arhiva\/#\/schema\/person\/c8baee722073534b583ea7bdb2e36c02","name":"bosniak","image":{"@type":"ImageObject","inLanguage":"bs-BA","@id":"https:\/\/sandzakpress.net\/arhiva\/#\/schema\/person\/image\/","url":"https:\/\/secure.gravatar.com\/avatar\/a04fd330bfe3a36a72a0ad4a6d89fca7?s=96&d=mm&r=pg","contentUrl":"https:\/\/secure.gravatar.com\/avatar\/a04fd330bfe3a36a72a0ad4a6d89fca7?s=96&d=mm&r=pg","caption":"bosniak"},"url":"https:\/\/sandzakpress.net\/arhiva\/author\/bosniak\/"}]}},"_links":{"self":[{"href":"https:\/\/sandzakpress.net\/arhiva\/wp-json\/wp\/v2\/posts\/165474"}],"collection":[{"href":"https:\/\/sandzakpress.net\/arhiva\/wp-json\/wp\/v2\/posts"}],"about":[{"href":"https:\/\/sandzakpress.net\/arhiva\/wp-json\/wp\/v2\/types\/post"}],"author":[{"embeddable":true,"href":"https:\/\/sandzakpress.net\/arhiva\/wp-json\/wp\/v2\/users\/83"}],"replies":[{"embeddable":true,"href":"https:\/\/sandzakpress.net\/arhiva\/wp-json\/wp\/v2\/comments?post=165474"}],"version-history":[{"count":0,"href":"https:\/\/sandzakpress.net\/arhiva\/wp-json\/wp\/v2\/posts\/165474\/revisions"}],"wp:featuredmedia":[{"embeddable":true,"href":"https:\/\/sandzakpress.net\/arhiva\/wp-json\/wp\/v2\/media\/165480"}],"wp:attachment":[{"href":"https:\/\/sandzakpress.net\/arhiva\/wp-json\/wp\/v2\/media?parent=165474"}],"wp:term":[{"taxonomy":"category","embeddable":true,"href":"https:\/\/sandzakpress.net\/arhiva\/wp-json\/wp\/v2\/categories?post=165474"},{"taxonomy":"post_tag","embeddable":true,"href":"https:\/\/sandzakpress.net\/arhiva\/wp-json\/wp\/v2\/tags?post=165474"}],"curies":[{"name":"wp","href":"https:\/\/api.w.org\/{rel}","templated":true}]}}