{"id":165454,"date":"2016-08-10T12:54:30","date_gmt":"2016-08-10T10:54:30","guid":{"rendered":"https:\/\/sandzakpress.net\/arhiva\/?p=165454"},"modified":"2016-08-10T12:54:30","modified_gmt":"2016-08-10T10:54:30","slug":"voda-gulenista-iz-pazara-pozivamo-vlast-da-nas-zastiti-od-vlade-turske","status":"publish","type":"post","link":"https:\/\/sandzakpress.net\/arhiva\/voda-gulenista-iz-pazara-pozivamo-vlast-da-nas-zastiti-od-vlade-turske\/","title":{"rendered":"Vo\u0111a Gulenista iz Pazara &#8211; Pozivamo vlast da nas za\u0161titi od Vlade Turske!"},"content":{"rendered":"<p style=\"text-align: justify;\"><img decoding=\"async\" src=\"http:\/\/www.sandzaklive.rs\/images\/1\/sead-ibric-660x330.jpg\" \/><\/p>\n<p style=\"text-align: justify;\"><strong>Ambasador Turske u Srbiji Mehmet Kemal Bozay rekao je da je vlasti u Srbiji upozorio na opasnost od, kako je naveo, teroristi\u010dke orgnizacije FETO koju Ankara smatra odgovornom za poku\u0161aj dr\u017eavnog udara u Turskoj<\/strong><\/p>\n<p style=\"text-align: justify;\">Bozay se sastajao sa premijerom Srbije Aleksandrom Vu\u0107i\u0107em i ministrima Neboj\u0161om Stefanovi\u0107em i Ivicom Da\u010di\u0107em koje je upoznao sa djelovanjem FETO organizacije.<\/p>\n<p style=\"text-align: justify;\">\u201cHtjeli smo da im skrenemo pa\u017enju da se vrata tih \u0161kola zatvore, bilo gdje. Ukoliko bude toga u Srbiji, vlasti Srbije \u0107e preuzeti odgovornost i zna\u0107e \u0161ta dalje treba raditi. Ne bismo \u017eeleli da se otruje ta omladina ili budu\u0107i nara\u0161taji, a s obzirom da su ta vrata otvorena u Turskoj, ne bismo voljeli da se \u0161iri dalje tako da smo sve informacije podijelili sa vlastima u Srbiji i oni su preduzeli mjere i preduze\u0107e i dalje korake u vezi sa tim\u201c,\u00a0rekao\u00a0je Bozay.<\/p>\n<p style=\"text-align: justify;\"><span style=\"line-height: 1.5;\">U javnosti su se pojavile informacije da u Beogradu posluje osnovna \u0161kola \u201cBejza\u201d koja je pod kontrolom FETO organizacije, studentski dom u Novom Sadu kao i udru\u017eenja \u201cMost\u201d i \u201cHorizont\u201d u Novom Pazaru.<\/span><\/p>\n<p style=\"text-align: justify;\">Predsjednik Mosta Sead Ibri\u0107 pozvao je Srbiju da je za\u0161titi od onih koji, kako je rekao, od turskih vlasti koje ovu organizaciju povezuju sa pu\u010dem u Turskoj.<\/p>\n<p style=\"text-align: justify;\">\u201cNajo\u0161trije osu\u0111ujemo pona\u0161anje turskih vlasti, koje preko svojih medija i \u201dpredstavnika\u201d u Srbiji ovih dana ucjenjuju odre\u0111ene dr\u017eavne institucije i nevladine organizacije na podru\u010dju Srbije, posebno Sand\u017eaka, da vr\u0161e medijski lin\u010d na na\u0161u organizaciju, \u010dime prelaze svoje granice ovla\u0161\u0107enja i pravila diplomatije, \u0161to \u0107e naravno biti tema tu\u017ebe koja je u pripremi.\u00a0Nadamo se da \u0107e im Republika Srbija dati do znanja da je nezavisna dr\u017eava i da se ne mogu samovoljno pona\u0161ati na njenoj teritoriji\u201d, stoji u dopisu koji je beogradskom Informeru poslao predsjednik Mosta Sead Ibri\u0107.<\/p>\n<p style=\"text-align: justify;\">On je dodao da je \u201cMost\u201d meta zlonamjernih pojedinaca i organizacija koji, kako je kazao, \u017eele da ovu organizaciju pove\u017eu sa terorizmom i da unutra\u0161nje sukobe Turske prenesu na na\u0161e podru\u010dje da bi od toga ubirali jeftine politi\u010dke poene.<\/p>\n<p style=\"text-align: justify;\">\u201cSvi oni koji dobro poznaju rad Mosta svjedoci su da smo mi naj\u017ee\u0161\u0107i neprijatelji terorizma, nasilja, nereda, jednoumlja, nepravde, svakog vida diktature i kr\u0161enja ljudskih prava.<br \/> Na\u0161 put je put dobro\u010dinstva, mira, reda, tolerancije i dijaloga i sa tog puta nas ne\u0107e odvratiti la\u017ei i potvore, koje \u010dujemo ovih dana\u201d, navela je ova organizacija.<\/p>\n<p>Izvor: Informer<\/p>\n","protected":false},"excerpt":{"rendered":"<p>Ambasador Turske u Srbiji Mehmet Kemal Bozay rekao je da je vlasti u Srbiji upozorio na opasnost od, kako je naveo, teroristi\u010dke orgnizacije FETO koju Ankara smatra odgovornom za poku\u0161aj dr\u017eavnog udara u Turskoj Bozay se sastajao sa premijerom Srbije Aleksandrom Vu\u0107i\u0107em i ministrima Neboj\u0161om Stefanovi\u0107em i Ivicom Da\u010di\u0107em koje je upoznao sa djelovanjem FETO [&hellip;]<\/p>\n","protected":false},"author":83,"featured_media":165455,"comment_status":"open","ping_status":"open","sticky":false,"template":"","format":"standard","meta":{"footnotes":""},"categories":[72,1,8957,2692],"tags":[],"class_list":{"0":"post-165454","1":"post","2":"type-post","3":"status-publish","4":"format-standard","5":"has-post-thumbnail","7":"category-novi-pazar","8":"category-politika","9":"category-vijesti-dana","10":"category-turska-gradovi"},"yoast_head":"<!-- This site is optimized with the Yoast SEO Premium plugin v23.1 (Yoast SEO v24.9) - https:\/\/yoast.com\/wordpress\/plugins\/seo\/ -->\n<title>Vo\u0111a Gulenista iz Pazara - Pozivamo vlast da nas za\u0161titi od Vlade Turske!<\/title>\n<meta name=\"robots\" content=\"index, follow, max-snippet:-1, max-image-preview:large, max-video-preview:-1\" \/>\n<link rel=\"canonical\" href=\"https:\/\/sandzakpress.net\/arhiva\/voda-gulenista-iz-pazara-pozivamo-vlast-da-nas-zastiti-od-vlade-turske\/\" \/>\n<meta property=\"og:locale\" content=\"bs_BA\" \/>\n<meta property=\"og:type\" content=\"article\" \/>\n<meta property=\"og:title\" content=\"Vo\u0111a Gulenista iz Pazara - Pozivamo vlast da nas za\u0161titi od Vlade Turske!\" \/>\n<meta property=\"og:description\" content=\"Ambasador Turske u Srbiji Mehmet Kemal Bozay rekao je da je vlasti u Srbiji upozorio na opasnost od, kako je naveo, teroristi\u010dke orgnizacije FETO koju Ankara smatra odgovornom za poku\u0161aj dr\u017eavnog udara u Turskoj Bozay se sastajao sa premijerom Srbije Aleksandrom Vu\u0107i\u0107em i ministrima Neboj\u0161om Stefanovi\u0107em i Ivicom Da\u010di\u0107em koje je upoznao sa djelovanjem FETO [&hellip;]\" \/>\n<meta property=\"og:url\" content=\"https:\/\/sandzakpress.net\/arhiva\/voda-gulenista-iz-pazara-pozivamo-vlast-da-nas-zastiti-od-vlade-turske\/\" \/>\n<meta property=\"og:site_name\" content=\"Sand\u017eak PRESS\" \/>\n<meta property=\"article:published_time\" content=\"2016-08-10T10:54:30+00:00\" \/>\n<meta property=\"og:image\" content=\"https:\/\/sandzakpress.net\/arhiva\/wp-content\/uploads\/2016\/08\/sead-ibric-660x330.jpg\" \/>\n\t<meta property=\"og:image:width\" content=\"660\" \/>\n\t<meta property=\"og:image:height\" content=\"330\" \/>\n\t<meta property=\"og:image:type\" content=\"image\/jpeg\" \/>\n<meta name=\"author\" content=\"bosniak\" \/>\n<meta name=\"twitter:card\" content=\"summary_large_image\" \/>\n<meta name=\"twitter:label1\" content=\"Written by\" \/>\n\t<meta name=\"twitter:data1\" content=\"bosniak\" \/>\n\t<meta name=\"twitter:label2\" content=\"Est. reading time\" \/>\n\t<meta name=\"twitter:data2\" content=\"2 minute\" \/>\n<script type=\"application\/ld+json\" class=\"yoast-schema-graph\">{\"@context\":\"https:\/\/schema.org\",\"@graph\":[{\"@type\":\"Article\",\"@id\":\"https:\/\/sandzakpress.net\/arhiva\/voda-gulenista-iz-pazara-pozivamo-vlast-da-nas-zastiti-od-vlade-turske\/#article\",\"isPartOf\":{\"@id\":\"https:\/\/sandzakpress.net\/arhiva\/voda-gulenista-iz-pazara-pozivamo-vlast-da-nas-zastiti-od-vlade-turske\/\"},\"author\":{\"name\":\"bosniak\",\"@id\":\"https:\/\/sandzakpress.net\/arhiva\/#\/schema\/person\/c8baee722073534b583ea7bdb2e36c02\"},\"headline\":\"Vo\u0111a Gulenista iz Pazara &#8211; Pozivamo vlast da nas za\u0161titi od Vlade Turske!\",\"datePublished\":\"2016-08-10T10:54:30+00:00\",\"mainEntityOfPage\":{\"@id\":\"https:\/\/sandzakpress.net\/arhiva\/voda-gulenista-iz-pazara-pozivamo-vlast-da-nas-zastiti-od-vlade-turske\/\"},\"wordCount\":440,\"commentCount\":22,\"publisher\":{\"@id\":\"https:\/\/sandzakpress.net\/arhiva\/#\/schema\/person\/6e72b67d6e51910a1117b3b483ba20bd\"},\"image\":{\"@id\":\"https:\/\/sandzakpress.net\/arhiva\/voda-gulenista-iz-pazara-pozivamo-vlast-da-nas-zastiti-od-vlade-turske\/#primaryimage\"},\"thumbnailUrl\":\"https:\/\/sandzakpress.net\/arhiva\/wp-content\/uploads\/2016\/08\/sead-ibric-660x330.jpg\",\"articleSection\":[\"Novi Pazar\",\"Politika\",\"VIJESTI DANA\",\"Turska\"],\"inLanguage\":\"bs-BA\",\"potentialAction\":[{\"@type\":\"CommentAction\",\"name\":\"Comment\",\"target\":[\"https:\/\/sandzakpress.net\/arhiva\/voda-gulenista-iz-pazara-pozivamo-vlast-da-nas-zastiti-od-vlade-turske\/#respond\"]}]},{\"@type\":\"WebPage\",\"@id\":\"https:\/\/sandzakpress.net\/arhiva\/voda-gulenista-iz-pazara-pozivamo-vlast-da-nas-zastiti-od-vlade-turske\/\",\"url\":\"https:\/\/sandzakpress.net\/arhiva\/voda-gulenista-iz-pazara-pozivamo-vlast-da-nas-zastiti-od-vlade-turske\/\",\"name\":\"Vo\u0111a Gulenista iz Pazara - Pozivamo vlast da nas za\u0161titi od Vlade Turske!\",\"isPartOf\":{\"@id\":\"https:\/\/sandzakpress.net\/arhiva\/#website\"},\"primaryImageOfPage\":{\"@id\":\"https:\/\/sandzakpress.net\/arhiva\/voda-gulenista-iz-pazara-pozivamo-vlast-da-nas-zastiti-od-vlade-turske\/#primaryimage\"},\"image\":{\"@id\":\"https:\/\/sandzakpress.net\/arhiva\/voda-gulenista-iz-pazara-pozivamo-vlast-da-nas-zastiti-od-vlade-turske\/#primaryimage\"},\"thumbnailUrl\":\"https:\/\/sandzakpress.net\/arhiva\/wp-content\/uploads\/2016\/08\/sead-ibric-660x330.jpg\",\"datePublished\":\"2016-08-10T10:54:30+00:00\",\"breadcrumb\":{\"@id\":\"https:\/\/sandzakpress.net\/arhiva\/voda-gulenista-iz-pazara-pozivamo-vlast-da-nas-zastiti-od-vlade-turske\/#breadcrumb\"},\"inLanguage\":\"bs-BA\",\"potentialAction\":[{\"@type\":\"ReadAction\",\"target\":[\"https:\/\/sandzakpress.net\/arhiva\/voda-gulenista-iz-pazara-pozivamo-vlast-da-nas-zastiti-od-vlade-turske\/\"]}]},{\"@type\":\"ImageObject\",\"inLanguage\":\"bs-BA\",\"@id\":\"https:\/\/sandzakpress.net\/arhiva\/voda-gulenista-iz-pazara-pozivamo-vlast-da-nas-zastiti-od-vlade-turske\/#primaryimage\",\"url\":\"https:\/\/sandzakpress.net\/arhiva\/wp-content\/uploads\/2016\/08\/sead-ibric-660x330.jpg\",\"contentUrl\":\"https:\/\/sandzakpress.net\/arhiva\/wp-content\/uploads\/2016\/08\/sead-ibric-660x330.jpg\",\"width\":660,\"height\":330},{\"@type\":\"BreadcrumbList\",\"@id\":\"https:\/\/sandzakpress.net\/arhiva\/voda-gulenista-iz-pazara-pozivamo-vlast-da-nas-zastiti-od-vlade-turske\/#breadcrumb\",\"itemListElement\":[{\"@type\":\"ListItem\",\"position\":1,\"name\":\"Home\",\"item\":\"https:\/\/sandzakpress.net\/arhiva\/\"},{\"@type\":\"ListItem\",\"position\":2,\"name\":\"Vo\u0111a Gulenista iz Pazara &#8211; Pozivamo vlast da nas za\u0161titi od Vlade Turske!\"}]},{\"@type\":\"WebSite\",\"@id\":\"https:\/\/sandzakpress.net\/arhiva\/#website\",\"url\":\"https:\/\/sandzakpress.net\/arhiva\/\",\"name\":\"Sand\u017eak PRESS\",\"description\":\"Prve elektronske novine u Sand\u017eaku\",\"publisher\":{\"@id\":\"https:\/\/sandzakpress.net\/arhiva\/#\/schema\/person\/6e72b67d6e51910a1117b3b483ba20bd\"},\"potentialAction\":[{\"@type\":\"SearchAction\",\"target\":{\"@type\":\"EntryPoint\",\"urlTemplate\":\"https:\/\/sandzakpress.net\/arhiva\/?s={search_term_string}\"},\"query-input\":{\"@type\":\"PropertyValueSpecification\",\"valueRequired\":true,\"valueName\":\"search_term_string\"}}],\"inLanguage\":\"bs-BA\"},{\"@type\":[\"Person\",\"Organization\"],\"@id\":\"https:\/\/sandzakpress.net\/arhiva\/#\/schema\/person\/6e72b67d6e51910a1117b3b483ba20bd\",\"name\":\"Kul\",\"image\":{\"@type\":\"ImageObject\",\"inLanguage\":\"bs-BA\",\"@id\":\"https:\/\/sandzakpress.net\/arhiva\/#\/schema\/person\/image\/\",\"url\":\"https:\/\/secure.gravatar.com\/avatar\/42263f39aa27ac04c43cab85c280eb2e?s=96&d=mm&r=pg\",\"contentUrl\":\"https:\/\/secure.gravatar.com\/avatar\/42263f39aa27ac04c43cab85c280eb2e?s=96&d=mm&r=pg\",\"caption\":\"Kul\"},\"logo\":{\"@id\":\"https:\/\/sandzakpress.net\/arhiva\/#\/schema\/person\/image\/\"}},{\"@type\":\"Person\",\"@id\":\"https:\/\/sandzakpress.net\/arhiva\/#\/schema\/person\/c8baee722073534b583ea7bdb2e36c02\",\"name\":\"bosniak\",\"image\":{\"@type\":\"ImageObject\",\"inLanguage\":\"bs-BA\",\"@id\":\"https:\/\/sandzakpress.net\/arhiva\/#\/schema\/person\/image\/\",\"url\":\"https:\/\/secure.gravatar.com\/avatar\/a04fd330bfe3a36a72a0ad4a6d89fca7?s=96&d=mm&r=pg\",\"contentUrl\":\"https:\/\/secure.gravatar.com\/avatar\/a04fd330bfe3a36a72a0ad4a6d89fca7?s=96&d=mm&r=pg\",\"caption\":\"bosniak\"},\"url\":\"https:\/\/sandzakpress.net\/arhiva\/author\/bosniak\/\"}]}<\/script>\n<!-- \/ Yoast SEO Premium plugin. -->","yoast_head_json":{"title":"Vo\u0111a Gulenista iz Pazara - Pozivamo vlast da nas za\u0161titi od Vlade Turske!","robots":{"index":"index","follow":"follow","max-snippet":"max-snippet:-1","max-image-preview":"max-image-preview:large","max-video-preview":"max-video-preview:-1"},"canonical":"https:\/\/sandzakpress.net\/arhiva\/voda-gulenista-iz-pazara-pozivamo-vlast-da-nas-zastiti-od-vlade-turske\/","og_locale":"bs_BA","og_type":"article","og_title":"Vo\u0111a Gulenista iz Pazara - Pozivamo vlast da nas za\u0161titi od Vlade Turske!","og_description":"Ambasador Turske u Srbiji Mehmet Kemal Bozay rekao je da je vlasti u Srbiji upozorio na opasnost od, kako je naveo, teroristi\u010dke orgnizacije FETO koju Ankara smatra odgovornom za poku\u0161aj dr\u017eavnog udara u Turskoj Bozay se sastajao sa premijerom Srbije Aleksandrom Vu\u0107i\u0107em i ministrima Neboj\u0161om Stefanovi\u0107em i Ivicom Da\u010di\u0107em koje je upoznao sa djelovanjem FETO [&hellip;]","og_url":"https:\/\/sandzakpress.net\/arhiva\/voda-gulenista-iz-pazara-pozivamo-vlast-da-nas-zastiti-od-vlade-turske\/","og_site_name":"Sand\u017eak PRESS","article_published_time":"2016-08-10T10:54:30+00:00","og_image":[{"width":660,"height":330,"url":"https:\/\/sandzakpress.net\/arhiva\/wp-content\/uploads\/2016\/08\/sead-ibric-660x330.jpg","type":"image\/jpeg"}],"author":"bosniak","twitter_card":"summary_large_image","twitter_misc":{"Written by":"bosniak","Est. reading time":"2 minute"},"schema":{"@context":"https:\/\/schema.org","@graph":[{"@type":"Article","@id":"https:\/\/sandzakpress.net\/arhiva\/voda-gulenista-iz-pazara-pozivamo-vlast-da-nas-zastiti-od-vlade-turske\/#article","isPartOf":{"@id":"https:\/\/sandzakpress.net\/arhiva\/voda-gulenista-iz-pazara-pozivamo-vlast-da-nas-zastiti-od-vlade-turske\/"},"author":{"name":"bosniak","@id":"https:\/\/sandzakpress.net\/arhiva\/#\/schema\/person\/c8baee722073534b583ea7bdb2e36c02"},"headline":"Vo\u0111a Gulenista iz Pazara &#8211; Pozivamo vlast da nas za\u0161titi od Vlade Turske!","datePublished":"2016-08-10T10:54:30+00:00","mainEntityOfPage":{"@id":"https:\/\/sandzakpress.net\/arhiva\/voda-gulenista-iz-pazara-pozivamo-vlast-da-nas-zastiti-od-vlade-turske\/"},"wordCount":440,"commentCount":22,"publisher":{"@id":"https:\/\/sandzakpress.net\/arhiva\/#\/schema\/person\/6e72b67d6e51910a1117b3b483ba20bd"},"image":{"@id":"https:\/\/sandzakpress.net\/arhiva\/voda-gulenista-iz-pazara-pozivamo-vlast-da-nas-zastiti-od-vlade-turske\/#primaryimage"},"thumbnailUrl":"https:\/\/sandzakpress.net\/arhiva\/wp-content\/uploads\/2016\/08\/sead-ibric-660x330.jpg","articleSection":["Novi Pazar","Politika","VIJESTI DANA","Turska"],"inLanguage":"bs-BA","potentialAction":[{"@type":"CommentAction","name":"Comment","target":["https:\/\/sandzakpress.net\/arhiva\/voda-gulenista-iz-pazara-pozivamo-vlast-da-nas-zastiti-od-vlade-turske\/#respond"]}]},{"@type":"WebPage","@id":"https:\/\/sandzakpress.net\/arhiva\/voda-gulenista-iz-pazara-pozivamo-vlast-da-nas-zastiti-od-vlade-turske\/","url":"https:\/\/sandzakpress.net\/arhiva\/voda-gulenista-iz-pazara-pozivamo-vlast-da-nas-zastiti-od-vlade-turske\/","name":"Vo\u0111a Gulenista iz Pazara - Pozivamo vlast da nas za\u0161titi od Vlade Turske!","isPartOf":{"@id":"https:\/\/sandzakpress.net\/arhiva\/#website"},"primaryImageOfPage":{"@id":"https:\/\/sandzakpress.net\/arhiva\/voda-gulenista-iz-pazara-pozivamo-vlast-da-nas-zastiti-od-vlade-turske\/#primaryimage"},"image":{"@id":"https:\/\/sandzakpress.net\/arhiva\/voda-gulenista-iz-pazara-pozivamo-vlast-da-nas-zastiti-od-vlade-turske\/#primaryimage"},"thumbnailUrl":"https:\/\/sandzakpress.net\/arhiva\/wp-content\/uploads\/2016\/08\/sead-ibric-660x330.jpg","datePublished":"2016-08-10T10:54:30+00:00","breadcrumb":{"@id":"https:\/\/sandzakpress.net\/arhiva\/voda-gulenista-iz-pazara-pozivamo-vlast-da-nas-zastiti-od-vlade-turske\/#breadcrumb"},"inLanguage":"bs-BA","potentialAction":[{"@type":"ReadAction","target":["https:\/\/sandzakpress.net\/arhiva\/voda-gulenista-iz-pazara-pozivamo-vlast-da-nas-zastiti-od-vlade-turske\/"]}]},{"@type":"ImageObject","inLanguage":"bs-BA","@id":"https:\/\/sandzakpress.net\/arhiva\/voda-gulenista-iz-pazara-pozivamo-vlast-da-nas-zastiti-od-vlade-turske\/#primaryimage","url":"https:\/\/sandzakpress.net\/arhiva\/wp-content\/uploads\/2016\/08\/sead-ibric-660x330.jpg","contentUrl":"https:\/\/sandzakpress.net\/arhiva\/wp-content\/uploads\/2016\/08\/sead-ibric-660x330.jpg","width":660,"height":330},{"@type":"BreadcrumbList","@id":"https:\/\/sandzakpress.net\/arhiva\/voda-gulenista-iz-pazara-pozivamo-vlast-da-nas-zastiti-od-vlade-turske\/#breadcrumb","itemListElement":[{"@type":"ListItem","position":1,"name":"Home","item":"https:\/\/sandzakpress.net\/arhiva\/"},{"@type":"ListItem","position":2,"name":"Vo\u0111a Gulenista iz Pazara &#8211; Pozivamo vlast da nas za\u0161titi od Vlade Turske!"}]},{"@type":"WebSite","@id":"https:\/\/sandzakpress.net\/arhiva\/#website","url":"https:\/\/sandzakpress.net\/arhiva\/","name":"Sand\u017eak PRESS","description":"Prve elektronske novine u Sand\u017eaku","publisher":{"@id":"https:\/\/sandzakpress.net\/arhiva\/#\/schema\/person\/6e72b67d6e51910a1117b3b483ba20bd"},"potentialAction":[{"@type":"SearchAction","target":{"@type":"EntryPoint","urlTemplate":"https:\/\/sandzakpress.net\/arhiva\/?s={search_term_string}"},"query-input":{"@type":"PropertyValueSpecification","valueRequired":true,"valueName":"search_term_string"}}],"inLanguage":"bs-BA"},{"@type":["Person","Organization"],"@id":"https:\/\/sandzakpress.net\/arhiva\/#\/schema\/person\/6e72b67d6e51910a1117b3b483ba20bd","name":"Kul","image":{"@type":"ImageObject","inLanguage":"bs-BA","@id":"https:\/\/sandzakpress.net\/arhiva\/#\/schema\/person\/image\/","url":"https:\/\/secure.gravatar.com\/avatar\/42263f39aa27ac04c43cab85c280eb2e?s=96&d=mm&r=pg","contentUrl":"https:\/\/secure.gravatar.com\/avatar\/42263f39aa27ac04c43cab85c280eb2e?s=96&d=mm&r=pg","caption":"Kul"},"logo":{"@id":"https:\/\/sandzakpress.net\/arhiva\/#\/schema\/person\/image\/"}},{"@type":"Person","@id":"https:\/\/sandzakpress.net\/arhiva\/#\/schema\/person\/c8baee722073534b583ea7bdb2e36c02","name":"bosniak","image":{"@type":"ImageObject","inLanguage":"bs-BA","@id":"https:\/\/sandzakpress.net\/arhiva\/#\/schema\/person\/image\/","url":"https:\/\/secure.gravatar.com\/avatar\/a04fd330bfe3a36a72a0ad4a6d89fca7?s=96&d=mm&r=pg","contentUrl":"https:\/\/secure.gravatar.com\/avatar\/a04fd330bfe3a36a72a0ad4a6d89fca7?s=96&d=mm&r=pg","caption":"bosniak"},"url":"https:\/\/sandzakpress.net\/arhiva\/author\/bosniak\/"}]}},"_links":{"self":[{"href":"https:\/\/sandzakpress.net\/arhiva\/wp-json\/wp\/v2\/posts\/165454"}],"collection":[{"href":"https:\/\/sandzakpress.net\/arhiva\/wp-json\/wp\/v2\/posts"}],"about":[{"href":"https:\/\/sandzakpress.net\/arhiva\/wp-json\/wp\/v2\/types\/post"}],"author":[{"embeddable":true,"href":"https:\/\/sandzakpress.net\/arhiva\/wp-json\/wp\/v2\/users\/83"}],"replies":[{"embeddable":true,"href":"https:\/\/sandzakpress.net\/arhiva\/wp-json\/wp\/v2\/comments?post=165454"}],"version-history":[{"count":0,"href":"https:\/\/sandzakpress.net\/arhiva\/wp-json\/wp\/v2\/posts\/165454\/revisions"}],"wp:featuredmedia":[{"embeddable":true,"href":"https:\/\/sandzakpress.net\/arhiva\/wp-json\/wp\/v2\/media\/165455"}],"wp:attachment":[{"href":"https:\/\/sandzakpress.net\/arhiva\/wp-json\/wp\/v2\/media?parent=165454"}],"wp:term":[{"taxonomy":"category","embeddable":true,"href":"https:\/\/sandzakpress.net\/arhiva\/wp-json\/wp\/v2\/categories?post=165454"},{"taxonomy":"post_tag","embeddable":true,"href":"https:\/\/sandzakpress.net\/arhiva\/wp-json\/wp\/v2\/tags?post=165454"}],"curies":[{"name":"wp","href":"https:\/\/api.w.org\/{rel}","templated":true}]}}