{"id":165369,"date":"2016-08-09T22:32:46","date_gmt":"2016-08-09T20:32:46","guid":{"rendered":"https:\/\/sandzakpress.net\/arhiva\/?p=165369"},"modified":"2016-08-10T07:58:05","modified_gmt":"2016-08-10T05:58:05","slug":"ambasador-bozay-informisao-sam-srbijanske-vlasti-o-teroristickoj-organizaciji-feto-u-srbiji","status":"publish","type":"post","link":"https:\/\/sandzakpress.net\/arhiva\/ambasador-bozay-informisao-sam-srbijanske-vlasti-o-teroristickoj-organizaciji-feto-u-srbiji\/","title":{"rendered":"Ambasador Bozay: Informisao sam srbijanske vlasti o teroristi\u010dkoj organizaciji FETO u Srbiji"},"content":{"rendered":"<p><img loading=\"lazy\" decoding=\"async\" class=\"\" src=\"http:\/\/saff.ba\/wp-content\/uploads\/2016\/08\/thumbs_b_c_7284dc4f6b21a2916ac5dcdfd1f14a8f-650x366.jpg\" alt=\"Ambasador Bozay: Informisao sam srbijanske vlasti o teroristi\u010dkoj organizaciji FETO u Srbiji\" width=\"600\" height=\"338\" \/><\/p>\n<p><strong>Turska, Srbija &#8211; Ambasador Republike Turske u Srbiji Mehmet Kemal Bozay u intervjuu za Anadolu Agency, govore\u0107i o ustanovama \u0161irom Balkana koje su povezane sa teroristi\u010dkom organizacijom FETO, koja stoji iza poku\u0161aja dr\u017eavnog udara u Turskoj, rekao je da je upoznao vlasti u Srbiji sa svim informacijama koje je imao u vezi s tim te da je i javnosti i zvani\u010dnicima \u201eobjasnio i upozorio ih na opasnost od te organizacije\u201c.<\/strong><\/p>\n<p>\u201eHtjeli smo da im skrenemo pa\u017enju da se vrata tih \u0161kola zatvore, bilo gdje. Ukoliko bude toga u Srbiji, vlasti Srbije \u0107e preuzeti odgovornost i zna\u0107e \u0161ta dalje treba raditi. Ne bismo \u017eeljeli da se otruje ta omladina ili budu\u0107i nara\u0161taji, a s obzirom da su ta vrata otvorena u Turskoj, ne bismo voljeli da se \u0161iri dalje tako da smo sve informacije podjelili sa vlastima u Srbiji i oni su preduzeli mjere i preduze\u0107e i dalje korake u vezi sa tim\u201c, dodao je Bozay.<\/p>\n<p>Prema informacijama Anadolu Agency, u Srbiji, u glavnom gradu Beogradu, pod uticajem FETO organizacije djeluje osnovna \u0161kola \u201eBeyza\u201d, u Novom Sadu studentski dom i kurs za u\u010denje jezika, dok u Novom Pazaru djeluju dva udru\u017eenja \u201eMost\u201d i \u201eHorizont\u201d.<\/p>\n<p>\u2013 Nakon poku\u0161aja dr\u017eavnog udara intenzivirani sastanci ambasadora Bozaya sa dr\u017eavnicima Srbije \u2013<\/p>\n<p>Kako je ispri\u010dao Bozay, nakon poku\u0161aja dr\u017eavnog udara u Turskoj, susreti i kontakti sa politi\u010dkim vrhom Srbije su \u010de\u0161\u0107i, a ti sastanci slu\u017ee kako bi razmjenili mi\u0161ljenja i najnovije informacije. On je kazao da su ga odmah te no\u0107i, dok je poku\u0161aj pu\u010da bio u toku, kontaktirali savjetnici predsjednika Republike Srbije Tomislava Nikoli\u0107a, premijera Aleksandra Vu\u010di\u0107a te savjetnici mnogih ministara.<\/p>\n<p>\u201eKasnije mi se javio i sam premijer Alekandar Vu\u010di\u0107, najprije oko 02.30 izjutra, \u0161to mi je bilo izuzetno drago. Ponudio je bilo kakvu pomo\u0107, meni li\u010dno, svima onima koji rade u Ambasadi u Beogradu, svim turskim dr\u017eavljanima u Srbiji, ukoliko ne\u0161to zatreba. Sutradan sam imao priliku da razgovaram i sa predsjednikom Srbije Tomislavom Nikoli\u0107em i obavijestio sam ih o ovoj teroristi\u010dkoj grupi i teroristi\u010dkoj akciji, koja je poku\u0161ana da se izvede u Turskoj\u201c, rekao je Bozay.<\/p>\n<p>U subotu 16. jula, jutro nakon poku\u0161aja pu\u010da, ambasador Bozay se sastao i sa premijerom Srbije, koji mu je rekao \u201eda je stabilnost Turske ujedno stabilnost i podru\u010dja Srbije i Balkana\u201c te da je on obavijestio Vu\u010di\u0107a da je prema svim informacijama koje je imao u tom trenutku, \u201esituacija pod kontrolom\u201c.<\/p>\n<p>\u201eTurska je jedna velika zemlja, velika dr\u017eava i uspjela je za nepunih 12 sati da razbije taj poku\u0161aj pu\u010da\u201c, istakao je ambasador Bozay.<\/p>\n<p>Nakon tog sastanka, Bozay se sastajao i sa ministrima unutra\u0161njih i spoljnih poslova, Neboj\u0161om Stefanovi\u0107em i Ivicom Da\u010di\u0107em, kao i sa premijerom Srbije, koje je upoznao sa djelovanjem FETO organizacije.<br \/>S obzirom da je o teroristi\u010dkoj FETO organizaciji javnost Srbije bila slabo ili gotovo nimalo upoznata, Ambasada Turske i ambasador Bozay na razne na\u010dine su objasnili o \u010demu se zapravo radi. Prvo su podjelili bro\u0161ure u vezi FETO-om, a i ambasador je imao konferencije i intervjue za medije u kojima je pojasnio da se radi o teroristi\u010dkoj organizaciji.<\/p>\n<p>\u2013 Vanredno stanje uvedeno kako bi se pravdi priveli svi koji su u\u010destvovali u poku\u0161aju pu\u010da \u2013<\/p>\n<p>Obja\u0161njavaju\u0107i \u0161ta zapravo predstavlja vanredno stanje u Turskoj uvedeno nakon poku\u0161aja pu\u010da, Bozay je rekao da je u Turskoj prije toga bilo nekoliko teroristi\u010dkih napada i sli\u010dnih situacija kada nije uvo\u0111eno vanredno stanje, za razliku od primjera radi Francuske, koja je poslije prvog teroristi\u010dkog napada to u\u010dinila.<\/p>\n<p>\u201eTurska ranije nije preduzimala takve mjere, ali sada je morala, jer ovo je bio jedan teroristi\u010dki napad, ne samo na Tursku, turski narod, zakone, vlast, nego su oni bombardovali i turski parlament. Svo to oru\u017eje koje su koristili je od narodnih para. To je narodna imovina i zato je vanredna situacija morala da se uvede. Vanredna situacija je objavljena i da bi se svi pripadnici ove teroristi\u010dke organizacije, koji su u\u010destvovali u ovom poku\u0161aju pu\u010da, prona\u0161li i uhvatili, kako bi bili izvedeni pred pravdu\u201c, kazao je.<\/p>\n<p>\u2013 Nije bilo potrebe da se turisti iz Srbije vra\u0107aju iz Turske \u2013<\/p>\n<p>Bozay je kazao da Turska nije osjetila promene kada su u pitanju turisti iz Srbije te da su i oni, koji su se vratili dan nakon poku\u0161aja dr\u017eavnog udara u Beograd, na aerodromu Nikola Tesla, davali izjave da nisu osjetili drasti\u010dne promjene.<\/p>\n<p>\u201eRekli su da je sve bilo u redu i pod kontrolom. Mo\u017eda su malo turisti koji su se nalazili u Istanbulu i Ankari bili malo oprezniji i druga\u010dije to osjetili. \u0160to se ti\u010de turizma, jo\u0161 uvijek nemamo ni\u0161ta negativno, do sada je sve bilo u redu. Nemamo informacije niti da su ubudu\u0107e otkazane neke ture za posjetu Turskoj\u201c, kazao je i dodao da je njegov savjet dan nakon poku\u0161aja udara bio da bi trebalo zaobilaziti velike gu\u017eve, gdje god se nalazili.<\/p>\n<p>\u201eSve je pro\u0161lo u redu. Do sada nismo imali nikakvih problema kada su u pitanju dr\u017eavljani Srbije u Turskoj\u201c, naveo je.<\/p>\n<p>\u2013 Za ekonomsku saradnju dvije zemlje postoji podr\u0161ka i iz Turske i iz Srbije \u2013<\/p>\n<p>Kada je rije\u010d o saradnji u oblasti ekonomije izme\u0111u Turske i Srbije, kako je ispri\u010dao ambasador Bozay, \u201epostoji podr\u0161ka iz Srbije, a ve\u0107 za par dana o\u010dekuje se jedna grupa biznismena iz Turske, koji treba da do\u0111u u Srbiju i dogovore dalju saradnju\u201c.<\/p>\n<p>\u201eMi imamo jaku ekonomiju, koja ima sna\u017enu lokomotivu i nadam se da ne\u0107e biti nikakvih prepreka niti za saradnju sa Srbijom, niti za uspostavljanje kontakata sa srpskim biznismenima\u201c, rekao je Bozay i dodao: \u201eEkonomska saradnja ima podr\u0161ku i iz Turske i iz Srbije i ovo ne\u0107e uticati na tu saradnju.\u201c<\/p>\n<p>\u2013 Sand\u017eak je most prijateljstva izme\u0111u Srbije i Turske \u2013<\/p>\n<p>Navode\u0107i da su reakcije iz Novog Pazara, Tutina i Sjenice, odmah u no\u0107i poku\u0161aja pu\u010da, izazvale mnoga pitanja u Srbiji, Bozay je rekao da je morao odmah svima da odgovori i ka\u017ee \u201eda osoba koja je te ve\u010deri legla ispred tenka, da je zapravo jedan stari iseljenik iz Sand\u017eaka\u201c i dodao:<\/p>\n<p>\u201eJo\u0161 jednom je dokazano da je Sand\u017eak most izme\u0111u Srbije i Turske, jedan veliki most prijateljstva, jer to su ljudi koji imaju u Turskoj svoje ro\u0111ake, prijatelje i istovremeno jedni drugima su podr\u0161ka i pokazali su da su uz njih.\u201c<\/p>\n<p>(saff.ba)<\/p>\n","protected":false},"excerpt":{"rendered":"<p>Turska, Srbija &#8211; Ambasador Republike Turske u Srbiji Mehmet Kemal Bozay u intervjuu za Anadolu Agency, govore\u0107i o ustanovama \u0161irom Balkana koje su povezane sa teroristi\u010dkom organizacijom FETO, koja stoji iza poku\u0161aja dr\u017eavnog udara u Turskoj, rekao je da je upoznao vlasti u Srbiji sa svim informacijama koje je imao u vezi s tim te [&hellip;]<\/p>\n","protected":false},"author":509,"featured_media":165371,"comment_status":"open","ping_status":"open","sticky":false,"template":"","format":"standard","meta":{"footnotes":""},"categories":[1,10307,8957,2692,798],"tags":[],"class_list":{"0":"post-165369","1":"post","2":"type-post","3":"status-publish","4":"format-standard","5":"has-post-thumbnail","7":"category-politika","8":"category-srbija","9":"category-vijesti-dana","10":"category-turska-gradovi","11":"category-teme"},"yoast_head":"<!-- This site is optimized with the Yoast SEO Premium plugin v23.1 (Yoast SEO v24.9) - https:\/\/yoast.com\/wordpress\/plugins\/seo\/ -->\n<title>Ambasador Bozay: Informisao sam srbijanske vlasti o teroristi\u010dkoj organizaciji FETO u Srbiji<\/title>\n<meta name=\"robots\" content=\"index, follow, max-snippet:-1, max-image-preview:large, max-video-preview:-1\" \/>\n<link rel=\"canonical\" href=\"https:\/\/sandzakpress.net\/arhiva\/ambasador-bozay-informisao-sam-srbijanske-vlasti-o-teroristickoj-organizaciji-feto-u-srbiji\/\" \/>\n<meta property=\"og:locale\" content=\"bs_BA\" \/>\n<meta property=\"og:type\" content=\"article\" \/>\n<meta property=\"og:title\" content=\"Ambasador Bozay: Informisao sam srbijanske vlasti o teroristi\u010dkoj organizaciji FETO u Srbiji\" \/>\n<meta property=\"og:description\" content=\"Turska, Srbija &#8211; Ambasador Republike Turske u Srbiji Mehmet Kemal Bozay u intervjuu za Anadolu Agency, govore\u0107i o ustanovama \u0161irom Balkana koje su povezane sa teroristi\u010dkom organizacijom FETO, koja stoji iza poku\u0161aja dr\u017eavnog udara u Turskoj, rekao je da je upoznao vlasti u Srbiji sa svim informacijama koje je imao u vezi s tim te [&hellip;]\" \/>\n<meta property=\"og:url\" content=\"https:\/\/sandzakpress.net\/arhiva\/ambasador-bozay-informisao-sam-srbijanske-vlasti-o-teroristickoj-organizaciji-feto-u-srbiji\/\" \/>\n<meta property=\"og:site_name\" content=\"Sand\u017eak PRESS\" \/>\n<meta property=\"article:published_time\" content=\"2016-08-09T20:32:46+00:00\" \/>\n<meta property=\"article:modified_time\" content=\"2016-08-10T05:58:05+00:00\" \/>\n<meta property=\"og:image\" content=\"https:\/\/sandzakpress.net\/arhiva\/wp-content\/uploads\/2016\/08\/thumbs_b_c_7284dc4f6b21a2916ac5dcdfd1f14a8f-650x366.jpg\" \/>\n\t<meta property=\"og:image:width\" content=\"650\" \/>\n\t<meta property=\"og:image:height\" content=\"366\" \/>\n\t<meta property=\"og:image:type\" content=\"image\/jpeg\" \/>\n<meta name=\"author\" content=\"Agencija\" \/>\n<meta name=\"twitter:card\" content=\"summary_large_image\" \/>\n<meta name=\"twitter:label1\" content=\"Written by\" \/>\n\t<meta name=\"twitter:data1\" content=\"Agencija\" \/>\n\t<meta name=\"twitter:label2\" content=\"Est. reading time\" \/>\n\t<meta name=\"twitter:data2\" content=\"6 minuta\" \/>\n<script type=\"application\/ld+json\" class=\"yoast-schema-graph\">{\"@context\":\"https:\/\/schema.org\",\"@graph\":[{\"@type\":\"Article\",\"@id\":\"https:\/\/sandzakpress.net\/arhiva\/ambasador-bozay-informisao-sam-srbijanske-vlasti-o-teroristickoj-organizaciji-feto-u-srbiji\/#article\",\"isPartOf\":{\"@id\":\"https:\/\/sandzakpress.net\/arhiva\/ambasador-bozay-informisao-sam-srbijanske-vlasti-o-teroristickoj-organizaciji-feto-u-srbiji\/\"},\"author\":{\"name\":\"Agencija\",\"@id\":\"https:\/\/sandzakpress.net\/arhiva\/#\/schema\/person\/cb59d7e3ab91ab90dd680ad0305a6185\"},\"headline\":\"Ambasador Bozay: Informisao sam srbijanske vlasti o teroristi\u010dkoj organizaciji FETO u Srbiji\",\"datePublished\":\"2016-08-09T20:32:46+00:00\",\"dateModified\":\"2016-08-10T05:58:05+00:00\",\"mainEntityOfPage\":{\"@id\":\"https:\/\/sandzakpress.net\/arhiva\/ambasador-bozay-informisao-sam-srbijanske-vlasti-o-teroristickoj-organizaciji-feto-u-srbiji\/\"},\"wordCount\":1130,\"commentCount\":3,\"publisher\":{\"@id\":\"https:\/\/sandzakpress.net\/arhiva\/#\/schema\/person\/6e72b67d6e51910a1117b3b483ba20bd\"},\"image\":{\"@id\":\"https:\/\/sandzakpress.net\/arhiva\/ambasador-bozay-informisao-sam-srbijanske-vlasti-o-teroristickoj-organizaciji-feto-u-srbiji\/#primaryimage\"},\"thumbnailUrl\":\"https:\/\/sandzakpress.net\/arhiva\/wp-content\/uploads\/2016\/08\/thumbs_b_c_7284dc4f6b21a2916ac5dcdfd1f14a8f-650x366.jpg\",\"articleSection\":[\"Politika\",\"Srbija\",\"VIJESTI DANA\",\"Turska\",\"NAJNOVIJE\"],\"inLanguage\":\"bs-BA\",\"potentialAction\":[{\"@type\":\"CommentAction\",\"name\":\"Comment\",\"target\":[\"https:\/\/sandzakpress.net\/arhiva\/ambasador-bozay-informisao-sam-srbijanske-vlasti-o-teroristickoj-organizaciji-feto-u-srbiji\/#respond\"]}]},{\"@type\":\"WebPage\",\"@id\":\"https:\/\/sandzakpress.net\/arhiva\/ambasador-bozay-informisao-sam-srbijanske-vlasti-o-teroristickoj-organizaciji-feto-u-srbiji\/\",\"url\":\"https:\/\/sandzakpress.net\/arhiva\/ambasador-bozay-informisao-sam-srbijanske-vlasti-o-teroristickoj-organizaciji-feto-u-srbiji\/\",\"name\":\"Ambasador Bozay: Informisao sam srbijanske vlasti o teroristi\u010dkoj organizaciji FETO u Srbiji\",\"isPartOf\":{\"@id\":\"https:\/\/sandzakpress.net\/arhiva\/#website\"},\"primaryImageOfPage\":{\"@id\":\"https:\/\/sandzakpress.net\/arhiva\/ambasador-bozay-informisao-sam-srbijanske-vlasti-o-teroristickoj-organizaciji-feto-u-srbiji\/#primaryimage\"},\"image\":{\"@id\":\"https:\/\/sandzakpress.net\/arhiva\/ambasador-bozay-informisao-sam-srbijanske-vlasti-o-teroristickoj-organizaciji-feto-u-srbiji\/#primaryimage\"},\"thumbnailUrl\":\"https:\/\/sandzakpress.net\/arhiva\/wp-content\/uploads\/2016\/08\/thumbs_b_c_7284dc4f6b21a2916ac5dcdfd1f14a8f-650x366.jpg\",\"datePublished\":\"2016-08-09T20:32:46+00:00\",\"dateModified\":\"2016-08-10T05:58:05+00:00\",\"breadcrumb\":{\"@id\":\"https:\/\/sandzakpress.net\/arhiva\/ambasador-bozay-informisao-sam-srbijanske-vlasti-o-teroristickoj-organizaciji-feto-u-srbiji\/#breadcrumb\"},\"inLanguage\":\"bs-BA\",\"potentialAction\":[{\"@type\":\"ReadAction\",\"target\":[\"https:\/\/sandzakpress.net\/arhiva\/ambasador-bozay-informisao-sam-srbijanske-vlasti-o-teroristickoj-organizaciji-feto-u-srbiji\/\"]}]},{\"@type\":\"ImageObject\",\"inLanguage\":\"bs-BA\",\"@id\":\"https:\/\/sandzakpress.net\/arhiva\/ambasador-bozay-informisao-sam-srbijanske-vlasti-o-teroristickoj-organizaciji-feto-u-srbiji\/#primaryimage\",\"url\":\"https:\/\/sandzakpress.net\/arhiva\/wp-content\/uploads\/2016\/08\/thumbs_b_c_7284dc4f6b21a2916ac5dcdfd1f14a8f-650x366.jpg\",\"contentUrl\":\"https:\/\/sandzakpress.net\/arhiva\/wp-content\/uploads\/2016\/08\/thumbs_b_c_7284dc4f6b21a2916ac5dcdfd1f14a8f-650x366.jpg\",\"width\":650,\"height\":366},{\"@type\":\"BreadcrumbList\",\"@id\":\"https:\/\/sandzakpress.net\/arhiva\/ambasador-bozay-informisao-sam-srbijanske-vlasti-o-teroristickoj-organizaciji-feto-u-srbiji\/#breadcrumb\",\"itemListElement\":[{\"@type\":\"ListItem\",\"position\":1,\"name\":\"Home\",\"item\":\"https:\/\/sandzakpress.net\/arhiva\/\"},{\"@type\":\"ListItem\",\"position\":2,\"name\":\"Ambasador Bozay: Informisao sam srbijanske vlasti o teroristi\u010dkoj organizaciji FETO u Srbiji\"}]},{\"@type\":\"WebSite\",\"@id\":\"https:\/\/sandzakpress.net\/arhiva\/#website\",\"url\":\"https:\/\/sandzakpress.net\/arhiva\/\",\"name\":\"Sand\u017eak PRESS\",\"description\":\"Prve elektronske novine u Sand\u017eaku\",\"publisher\":{\"@id\":\"https:\/\/sandzakpress.net\/arhiva\/#\/schema\/person\/6e72b67d6e51910a1117b3b483ba20bd\"},\"potentialAction\":[{\"@type\":\"SearchAction\",\"target\":{\"@type\":\"EntryPoint\",\"urlTemplate\":\"https:\/\/sandzakpress.net\/arhiva\/?s={search_term_string}\"},\"query-input\":{\"@type\":\"PropertyValueSpecification\",\"valueRequired\":true,\"valueName\":\"search_term_string\"}}],\"inLanguage\":\"bs-BA\"},{\"@type\":[\"Person\",\"Organization\"],\"@id\":\"https:\/\/sandzakpress.net\/arhiva\/#\/schema\/person\/6e72b67d6e51910a1117b3b483ba20bd\",\"name\":\"Kul\",\"image\":{\"@type\":\"ImageObject\",\"inLanguage\":\"bs-BA\",\"@id\":\"https:\/\/sandzakpress.net\/arhiva\/#\/schema\/person\/image\/\",\"url\":\"https:\/\/secure.gravatar.com\/avatar\/42263f39aa27ac04c43cab85c280eb2e?s=96&d=mm&r=pg\",\"contentUrl\":\"https:\/\/secure.gravatar.com\/avatar\/42263f39aa27ac04c43cab85c280eb2e?s=96&d=mm&r=pg\",\"caption\":\"Kul\"},\"logo\":{\"@id\":\"https:\/\/sandzakpress.net\/arhiva\/#\/schema\/person\/image\/\"}},{\"@type\":\"Person\",\"@id\":\"https:\/\/sandzakpress.net\/arhiva\/#\/schema\/person\/cb59d7e3ab91ab90dd680ad0305a6185\",\"name\":\"Agencija\",\"image\":{\"@type\":\"ImageObject\",\"inLanguage\":\"bs-BA\",\"@id\":\"https:\/\/sandzakpress.net\/arhiva\/#\/schema\/person\/image\/\",\"url\":\"https:\/\/secure.gravatar.com\/avatar\/4b7fafa80a22f0c2afe23966b3961fe0?s=96&d=mm&r=pg\",\"contentUrl\":\"https:\/\/secure.gravatar.com\/avatar\/4b7fafa80a22f0c2afe23966b3961fe0?s=96&d=mm&r=pg\",\"caption\":\"Agencija\"},\"url\":\"https:\/\/sandzakpress.net\/arhiva\/author\/agencija\/\"}]}<\/script>\n<!-- \/ Yoast SEO Premium plugin. -->","yoast_head_json":{"title":"Ambasador Bozay: Informisao sam srbijanske vlasti o teroristi\u010dkoj organizaciji FETO u Srbiji","robots":{"index":"index","follow":"follow","max-snippet":"max-snippet:-1","max-image-preview":"max-image-preview:large","max-video-preview":"max-video-preview:-1"},"canonical":"https:\/\/sandzakpress.net\/arhiva\/ambasador-bozay-informisao-sam-srbijanske-vlasti-o-teroristickoj-organizaciji-feto-u-srbiji\/","og_locale":"bs_BA","og_type":"article","og_title":"Ambasador Bozay: Informisao sam srbijanske vlasti o teroristi\u010dkoj organizaciji FETO u Srbiji","og_description":"Turska, Srbija &#8211; Ambasador Republike Turske u Srbiji Mehmet Kemal Bozay u intervjuu za Anadolu Agency, govore\u0107i o ustanovama \u0161irom Balkana koje su povezane sa teroristi\u010dkom organizacijom FETO, koja stoji iza poku\u0161aja dr\u017eavnog udara u Turskoj, rekao je da je upoznao vlasti u Srbiji sa svim informacijama koje je imao u vezi s tim te [&hellip;]","og_url":"https:\/\/sandzakpress.net\/arhiva\/ambasador-bozay-informisao-sam-srbijanske-vlasti-o-teroristickoj-organizaciji-feto-u-srbiji\/","og_site_name":"Sand\u017eak PRESS","article_published_time":"2016-08-09T20:32:46+00:00","article_modified_time":"2016-08-10T05:58:05+00:00","og_image":[{"width":650,"height":366,"url":"https:\/\/sandzakpress.net\/arhiva\/wp-content\/uploads\/2016\/08\/thumbs_b_c_7284dc4f6b21a2916ac5dcdfd1f14a8f-650x366.jpg","type":"image\/jpeg"}],"author":"Agencija","twitter_card":"summary_large_image","twitter_misc":{"Written by":"Agencija","Est. reading time":"6 minuta"},"schema":{"@context":"https:\/\/schema.org","@graph":[{"@type":"Article","@id":"https:\/\/sandzakpress.net\/arhiva\/ambasador-bozay-informisao-sam-srbijanske-vlasti-o-teroristickoj-organizaciji-feto-u-srbiji\/#article","isPartOf":{"@id":"https:\/\/sandzakpress.net\/arhiva\/ambasador-bozay-informisao-sam-srbijanske-vlasti-o-teroristickoj-organizaciji-feto-u-srbiji\/"},"author":{"name":"Agencija","@id":"https:\/\/sandzakpress.net\/arhiva\/#\/schema\/person\/cb59d7e3ab91ab90dd680ad0305a6185"},"headline":"Ambasador Bozay: Informisao sam srbijanske vlasti o teroristi\u010dkoj organizaciji FETO u Srbiji","datePublished":"2016-08-09T20:32:46+00:00","dateModified":"2016-08-10T05:58:05+00:00","mainEntityOfPage":{"@id":"https:\/\/sandzakpress.net\/arhiva\/ambasador-bozay-informisao-sam-srbijanske-vlasti-o-teroristickoj-organizaciji-feto-u-srbiji\/"},"wordCount":1130,"commentCount":3,"publisher":{"@id":"https:\/\/sandzakpress.net\/arhiva\/#\/schema\/person\/6e72b67d6e51910a1117b3b483ba20bd"},"image":{"@id":"https:\/\/sandzakpress.net\/arhiva\/ambasador-bozay-informisao-sam-srbijanske-vlasti-o-teroristickoj-organizaciji-feto-u-srbiji\/#primaryimage"},"thumbnailUrl":"https:\/\/sandzakpress.net\/arhiva\/wp-content\/uploads\/2016\/08\/thumbs_b_c_7284dc4f6b21a2916ac5dcdfd1f14a8f-650x366.jpg","articleSection":["Politika","Srbija","VIJESTI DANA","Turska","NAJNOVIJE"],"inLanguage":"bs-BA","potentialAction":[{"@type":"CommentAction","name":"Comment","target":["https:\/\/sandzakpress.net\/arhiva\/ambasador-bozay-informisao-sam-srbijanske-vlasti-o-teroristickoj-organizaciji-feto-u-srbiji\/#respond"]}]},{"@type":"WebPage","@id":"https:\/\/sandzakpress.net\/arhiva\/ambasador-bozay-informisao-sam-srbijanske-vlasti-o-teroristickoj-organizaciji-feto-u-srbiji\/","url":"https:\/\/sandzakpress.net\/arhiva\/ambasador-bozay-informisao-sam-srbijanske-vlasti-o-teroristickoj-organizaciji-feto-u-srbiji\/","name":"Ambasador Bozay: Informisao sam srbijanske vlasti o teroristi\u010dkoj organizaciji FETO u Srbiji","isPartOf":{"@id":"https:\/\/sandzakpress.net\/arhiva\/#website"},"primaryImageOfPage":{"@id":"https:\/\/sandzakpress.net\/arhiva\/ambasador-bozay-informisao-sam-srbijanske-vlasti-o-teroristickoj-organizaciji-feto-u-srbiji\/#primaryimage"},"image":{"@id":"https:\/\/sandzakpress.net\/arhiva\/ambasador-bozay-informisao-sam-srbijanske-vlasti-o-teroristickoj-organizaciji-feto-u-srbiji\/#primaryimage"},"thumbnailUrl":"https:\/\/sandzakpress.net\/arhiva\/wp-content\/uploads\/2016\/08\/thumbs_b_c_7284dc4f6b21a2916ac5dcdfd1f14a8f-650x366.jpg","datePublished":"2016-08-09T20:32:46+00:00","dateModified":"2016-08-10T05:58:05+00:00","breadcrumb":{"@id":"https:\/\/sandzakpress.net\/arhiva\/ambasador-bozay-informisao-sam-srbijanske-vlasti-o-teroristickoj-organizaciji-feto-u-srbiji\/#breadcrumb"},"inLanguage":"bs-BA","potentialAction":[{"@type":"ReadAction","target":["https:\/\/sandzakpress.net\/arhiva\/ambasador-bozay-informisao-sam-srbijanske-vlasti-o-teroristickoj-organizaciji-feto-u-srbiji\/"]}]},{"@type":"ImageObject","inLanguage":"bs-BA","@id":"https:\/\/sandzakpress.net\/arhiva\/ambasador-bozay-informisao-sam-srbijanske-vlasti-o-teroristickoj-organizaciji-feto-u-srbiji\/#primaryimage","url":"https:\/\/sandzakpress.net\/arhiva\/wp-content\/uploads\/2016\/08\/thumbs_b_c_7284dc4f6b21a2916ac5dcdfd1f14a8f-650x366.jpg","contentUrl":"https:\/\/sandzakpress.net\/arhiva\/wp-content\/uploads\/2016\/08\/thumbs_b_c_7284dc4f6b21a2916ac5dcdfd1f14a8f-650x366.jpg","width":650,"height":366},{"@type":"BreadcrumbList","@id":"https:\/\/sandzakpress.net\/arhiva\/ambasador-bozay-informisao-sam-srbijanske-vlasti-o-teroristickoj-organizaciji-feto-u-srbiji\/#breadcrumb","itemListElement":[{"@type":"ListItem","position":1,"name":"Home","item":"https:\/\/sandzakpress.net\/arhiva\/"},{"@type":"ListItem","position":2,"name":"Ambasador Bozay: Informisao sam srbijanske vlasti o teroristi\u010dkoj organizaciji FETO u Srbiji"}]},{"@type":"WebSite","@id":"https:\/\/sandzakpress.net\/arhiva\/#website","url":"https:\/\/sandzakpress.net\/arhiva\/","name":"Sand\u017eak PRESS","description":"Prve elektronske novine u Sand\u017eaku","publisher":{"@id":"https:\/\/sandzakpress.net\/arhiva\/#\/schema\/person\/6e72b67d6e51910a1117b3b483ba20bd"},"potentialAction":[{"@type":"SearchAction","target":{"@type":"EntryPoint","urlTemplate":"https:\/\/sandzakpress.net\/arhiva\/?s={search_term_string}"},"query-input":{"@type":"PropertyValueSpecification","valueRequired":true,"valueName":"search_term_string"}}],"inLanguage":"bs-BA"},{"@type":["Person","Organization"],"@id":"https:\/\/sandzakpress.net\/arhiva\/#\/schema\/person\/6e72b67d6e51910a1117b3b483ba20bd","name":"Kul","image":{"@type":"ImageObject","inLanguage":"bs-BA","@id":"https:\/\/sandzakpress.net\/arhiva\/#\/schema\/person\/image\/","url":"https:\/\/secure.gravatar.com\/avatar\/42263f39aa27ac04c43cab85c280eb2e?s=96&d=mm&r=pg","contentUrl":"https:\/\/secure.gravatar.com\/avatar\/42263f39aa27ac04c43cab85c280eb2e?s=96&d=mm&r=pg","caption":"Kul"},"logo":{"@id":"https:\/\/sandzakpress.net\/arhiva\/#\/schema\/person\/image\/"}},{"@type":"Person","@id":"https:\/\/sandzakpress.net\/arhiva\/#\/schema\/person\/cb59d7e3ab91ab90dd680ad0305a6185","name":"Agencija","image":{"@type":"ImageObject","inLanguage":"bs-BA","@id":"https:\/\/sandzakpress.net\/arhiva\/#\/schema\/person\/image\/","url":"https:\/\/secure.gravatar.com\/avatar\/4b7fafa80a22f0c2afe23966b3961fe0?s=96&d=mm&r=pg","contentUrl":"https:\/\/secure.gravatar.com\/avatar\/4b7fafa80a22f0c2afe23966b3961fe0?s=96&d=mm&r=pg","caption":"Agencija"},"url":"https:\/\/sandzakpress.net\/arhiva\/author\/agencija\/"}]}},"_links":{"self":[{"href":"https:\/\/sandzakpress.net\/arhiva\/wp-json\/wp\/v2\/posts\/165369"}],"collection":[{"href":"https:\/\/sandzakpress.net\/arhiva\/wp-json\/wp\/v2\/posts"}],"about":[{"href":"https:\/\/sandzakpress.net\/arhiva\/wp-json\/wp\/v2\/types\/post"}],"author":[{"embeddable":true,"href":"https:\/\/sandzakpress.net\/arhiva\/wp-json\/wp\/v2\/users\/509"}],"replies":[{"embeddable":true,"href":"https:\/\/sandzakpress.net\/arhiva\/wp-json\/wp\/v2\/comments?post=165369"}],"version-history":[{"count":0,"href":"https:\/\/sandzakpress.net\/arhiva\/wp-json\/wp\/v2\/posts\/165369\/revisions"}],"wp:featuredmedia":[{"embeddable":true,"href":"https:\/\/sandzakpress.net\/arhiva\/wp-json\/wp\/v2\/media\/165371"}],"wp:attachment":[{"href":"https:\/\/sandzakpress.net\/arhiva\/wp-json\/wp\/v2\/media?parent=165369"}],"wp:term":[{"taxonomy":"category","embeddable":true,"href":"https:\/\/sandzakpress.net\/arhiva\/wp-json\/wp\/v2\/categories?post=165369"},{"taxonomy":"post_tag","embeddable":true,"href":"https:\/\/sandzakpress.net\/arhiva\/wp-json\/wp\/v2\/tags?post=165369"}],"curies":[{"name":"wp","href":"https:\/\/api.w.org\/{rel}","templated":true}]}}