{"id":165167,"date":"2016-08-07T11:53:33","date_gmt":"2016-08-07T09:53:33","guid":{"rendered":"https:\/\/sandzakpress.net\/arhiva\/?p=165167"},"modified":"2016-08-07T11:53:33","modified_gmt":"2016-08-07T09:53:33","slug":"skoplje-najmanje-15-mrtvih-u-nevremenu","status":"publish","type":"post","link":"https:\/\/sandzakpress.net\/arhiva\/skoplje-najmanje-15-mrtvih-u-nevremenu\/","title":{"rendered":"Skoplje: Najmanje 15 mrtvih u nevremenu"},"content":{"rendered":"<p><img decoding=\"async\" src=\"http:\/\/balkans.aljazeera.net\/sites\/staff.balkans.aljazeera.com\/files\/styles\/aljazeera_article_main_image\/public\/skoplje-poplave-epa-main.jpg?itok=5fUVv0jX\" alt=\"\" \/><\/p>\n<p><strong>Najmanje 15 ljudi je poginulo, a \u0161estero se smatra nestalim uslijed sino\u0107njeg nevremena koje je pogodilo Skoplje, saop\u0107ila je policija.<\/strong><\/p>\n<p>&nbsp;<\/p>\n<p>Me\u0111u poginulima je i jedno osmogodi\u0161nje dijete, javljaju lokalni mediji. Pribli\u017eno 100 ljudi je povrije\u0111eno i ljekari i hitne slu\u017ebe su im ukazali pomo\u0107.<\/p>\n<p>U intervencijama je u\u010destvovalo 12 timova hitne pomo\u0107i.\u00a0<\/p>\n<p>\u201eDo jutros u 8:30 sati, na\u0161e slu\u017ebe registrirale su 15 \u017ertava nevremena. \u017drtve su prona\u0111ene u rejonu naseljenih mjesta Stajkovci, Smilkovci i \u010cento\u201c, izjavila je Liza Bendevska, glasnogovornica skopske policije.<\/p>\n<p><strong>\u017dene i djeca me\u0111u \u017ertvama<\/strong><\/p>\n<p>Navodi se kako su \u017ertve razli\u010de \u017eivotne dobi i kako se jo\u0161 utvr\u0111uje njihov identitet, javlja portal telma.mk.<\/p>\n<p>Nevrijeme, sa vjetrovima koji su puhali ja\u010dinom ve\u0107om od 70 kilometara na sat, pogodilo je protekle no\u0107i sjeveroisto\u010dna predgra\u0111a Skoplja, a u nekim dijelovima je voda dostigla nivo od \u010dak metar i po, javili su lokalni mediji.<\/p>\n<p>\u201eOvo je katastrofa, ovako ne\u0161to nikada nismo do\u017eivjeli\u201c, rekao je gradona\u010delnik Skoplja Ko\u010de Trajanovski, navodi agencija AFP, dodaju\u0107i kako su jake oluje pogodile i sjeverozapadni grad Tetovo i pri tom izazvale \u0161tetu na objektima, ali ne i \u017ertve.<\/p>\n<p>Drugi mediji javljaju kako me\u0111u mrtvima ima \u017eena i djece, te kako postoji mogu\u0107nost porasta broja \u017ertava.<\/p>\n<p>Vojska i policija na terenu poma\u017eu nastradalima. Najte\u017ee su pogo\u0111eni selo Stajkovci i okolina Skoplja.<\/p>\n<p>Gradsko vije\u0107e Skoplja danas \u0107e odr\u017eati vanrednu sjednicu na kojoj \u0107e razmatrati posljedice nevremena i mjere i aktivnosti za saniranje \u0161tete.<\/p>\n<p><strong>Blokirana obilaznica i autoput<\/strong><\/p>\n<p>Skoplje i druge dijelove Makedonije ju\u010der i sino\u0107 je pogodilo sna\u017eno nevrijeme, pra\u0107eno jakim vjetrom, obilnim padavinama i \u017eestokom grmljavinom.<\/p>\n<p>Brojna naselja su prijavila nestanak elektri\u010dne energije zbog prekinutih vodova, ulice su bile blokirane i poplavljene, a mnoga vozila su bila blokirana.<\/p>\n<p>Gradske vlasti su sino\u0107 apelirale na gra\u0111ane da ne napu\u0161taju domove bez velike potrebe, te ne koriste automobile i druga vozila.<\/p>\n<p>Uprava za hidrometeorolo\u0161ke poslove navodi kako je tokom padavina u 24 sata na Skoplje palo 93 litra vode po kvadratnom metru.<\/p>\n<p>Iz sela pristi\u017eu slike prevrnutih automobila, poplavljenih ku\u0107a i zatrpanih ulica.<\/p>\n<p>Skopska obilaznica je zatvorena za saobra\u0107aj, kao i dio autoputa ka Tetovu.<\/p>\n<p>Ki\u0161a je jutros stala, ali se ve\u010deras ponovo o\u010dekuje. Prema prognozama meteorologa, podru\u010dje Makedonije \u0107e i danas ostati pod utjecajem vla\u017ene i nestabilne zra\u010dne mase sa Mediterana, koja \u0107e po podne i nave\u010der donijeti promjenljivo i nestabilno vrijeme sa grmljavinom, najprije u zapadnim, a potom i u centralnim i sjeveroisto\u010dnim dijelovima dr\u017eave, javlja agencija MIA.<\/p>\n<p><em>Izvor: Agencije<\/em><\/p>\n","protected":false},"excerpt":{"rendered":"<p>Najmanje 15 ljudi je poginulo, a \u0161estero se smatra nestalim uslijed sino\u0107njeg nevremena koje je pogodilo Skoplje, saop\u0107ila je policija. &nbsp; Me\u0111u poginulima je i jedno osmogodi\u0161nje dijete, javljaju lokalni mediji. Pribli\u017eno 100 ljudi je povrije\u0111eno i ljekari i hitne slu\u017ebe su im ukazali pomo\u0107. U intervencijama je u\u010destvovalo 12 timova hitne pomo\u0107i.\u00a0 \u201eDo jutros [&hellip;]<\/p>\n","protected":false},"author":83,"featured_media":165168,"comment_status":"open","ping_status":"open","sticky":false,"template":"","format":"standard","meta":{"footnotes":""},"categories":[2691,801,10429],"tags":[],"class_list":{"0":"post-165167","1":"post","2":"type-post","3":"status-publish","4":"format-standard","5":"has-post-thumbnail","7":"category-makedonija","8":"category-crna_hronika","9":"category-vazno"},"yoast_head":"<!-- This site is optimized with the Yoast SEO Premium plugin v23.1 (Yoast SEO v24.9) - https:\/\/yoast.com\/wordpress\/plugins\/seo\/ -->\n<title>Skoplje: Najmanje 15 mrtvih u nevremenu<\/title>\n<meta name=\"robots\" content=\"index, follow, max-snippet:-1, max-image-preview:large, max-video-preview:-1\" \/>\n<link rel=\"canonical\" href=\"https:\/\/sandzakpress.net\/arhiva\/skoplje-najmanje-15-mrtvih-u-nevremenu\/\" \/>\n<meta property=\"og:locale\" content=\"bs_BA\" \/>\n<meta property=\"og:type\" content=\"article\" \/>\n<meta property=\"og:title\" content=\"Skoplje: Najmanje 15 mrtvih u nevremenu\" \/>\n<meta property=\"og:description\" content=\"Najmanje 15 ljudi je poginulo, a \u0161estero se smatra nestalim uslijed sino\u0107njeg nevremena koje je pogodilo Skoplje, saop\u0107ila je policija. &nbsp; Me\u0111u poginulima je i jedno osmogodi\u0161nje dijete, javljaju lokalni mediji. Pribli\u017eno 100 ljudi je povrije\u0111eno i ljekari i hitne slu\u017ebe su im ukazali pomo\u0107. U intervencijama je u\u010destvovalo 12 timova hitne pomo\u0107i.\u00a0 \u201eDo jutros [&hellip;]\" \/>\n<meta property=\"og:url\" content=\"https:\/\/sandzakpress.net\/arhiva\/skoplje-najmanje-15-mrtvih-u-nevremenu\/\" \/>\n<meta property=\"og:site_name\" content=\"Sand\u017eak PRESS\" \/>\n<meta property=\"article:published_time\" content=\"2016-08-07T09:53:33+00:00\" \/>\n<meta property=\"og:image\" content=\"https:\/\/sandzakpress.net\/arhiva\/wp-content\/uploads\/2016\/08\/skoplje-poplave-epa-main.jpg\" \/>\n\t<meta property=\"og:image:width\" content=\"900\" \/>\n\t<meta property=\"og:image:height\" content=\"602\" \/>\n\t<meta property=\"og:image:type\" content=\"image\/jpeg\" \/>\n<meta name=\"author\" content=\"bosniak\" \/>\n<meta name=\"twitter:card\" content=\"summary_large_image\" \/>\n<meta name=\"twitter:label1\" content=\"Written by\" \/>\n\t<meta name=\"twitter:data1\" content=\"bosniak\" \/>\n\t<meta name=\"twitter:label2\" content=\"Est. reading time\" \/>\n\t<meta name=\"twitter:data2\" content=\"2 minute\" \/>\n<script type=\"application\/ld+json\" class=\"yoast-schema-graph\">{\"@context\":\"https:\/\/schema.org\",\"@graph\":[{\"@type\":\"Article\",\"@id\":\"https:\/\/sandzakpress.net\/arhiva\/skoplje-najmanje-15-mrtvih-u-nevremenu\/#article\",\"isPartOf\":{\"@id\":\"https:\/\/sandzakpress.net\/arhiva\/skoplje-najmanje-15-mrtvih-u-nevremenu\/\"},\"author\":{\"name\":\"bosniak\",\"@id\":\"https:\/\/sandzakpress.net\/arhiva\/#\/schema\/person\/c8baee722073534b583ea7bdb2e36c02\"},\"headline\":\"Skoplje: Najmanje 15 mrtvih u nevremenu\",\"datePublished\":\"2016-08-07T09:53:33+00:00\",\"mainEntityOfPage\":{\"@id\":\"https:\/\/sandzakpress.net\/arhiva\/skoplje-najmanje-15-mrtvih-u-nevremenu\/\"},\"wordCount\":451,\"commentCount\":1,\"publisher\":{\"@id\":\"https:\/\/sandzakpress.net\/arhiva\/#\/schema\/person\/6e72b67d6e51910a1117b3b483ba20bd\"},\"image\":{\"@id\":\"https:\/\/sandzakpress.net\/arhiva\/skoplje-najmanje-15-mrtvih-u-nevremenu\/#primaryimage\"},\"thumbnailUrl\":\"https:\/\/sandzakpress.net\/arhiva\/wp-content\/uploads\/2016\/08\/skoplje-poplave-epa-main.jpg\",\"articleSection\":[\"Makedonija\",\"Hronika\",\"VA\u017dNO!\"],\"inLanguage\":\"bs-BA\",\"potentialAction\":[{\"@type\":\"CommentAction\",\"name\":\"Comment\",\"target\":[\"https:\/\/sandzakpress.net\/arhiva\/skoplje-najmanje-15-mrtvih-u-nevremenu\/#respond\"]}]},{\"@type\":\"WebPage\",\"@id\":\"https:\/\/sandzakpress.net\/arhiva\/skoplje-najmanje-15-mrtvih-u-nevremenu\/\",\"url\":\"https:\/\/sandzakpress.net\/arhiva\/skoplje-najmanje-15-mrtvih-u-nevremenu\/\",\"name\":\"Skoplje: Najmanje 15 mrtvih u nevremenu\",\"isPartOf\":{\"@id\":\"https:\/\/sandzakpress.net\/arhiva\/#website\"},\"primaryImageOfPage\":{\"@id\":\"https:\/\/sandzakpress.net\/arhiva\/skoplje-najmanje-15-mrtvih-u-nevremenu\/#primaryimage\"},\"image\":{\"@id\":\"https:\/\/sandzakpress.net\/arhiva\/skoplje-najmanje-15-mrtvih-u-nevremenu\/#primaryimage\"},\"thumbnailUrl\":\"https:\/\/sandzakpress.net\/arhiva\/wp-content\/uploads\/2016\/08\/skoplje-poplave-epa-main.jpg\",\"datePublished\":\"2016-08-07T09:53:33+00:00\",\"breadcrumb\":{\"@id\":\"https:\/\/sandzakpress.net\/arhiva\/skoplje-najmanje-15-mrtvih-u-nevremenu\/#breadcrumb\"},\"inLanguage\":\"bs-BA\",\"potentialAction\":[{\"@type\":\"ReadAction\",\"target\":[\"https:\/\/sandzakpress.net\/arhiva\/skoplje-najmanje-15-mrtvih-u-nevremenu\/\"]}]},{\"@type\":\"ImageObject\",\"inLanguage\":\"bs-BA\",\"@id\":\"https:\/\/sandzakpress.net\/arhiva\/skoplje-najmanje-15-mrtvih-u-nevremenu\/#primaryimage\",\"url\":\"https:\/\/sandzakpress.net\/arhiva\/wp-content\/uploads\/2016\/08\/skoplje-poplave-epa-main.jpg\",\"contentUrl\":\"https:\/\/sandzakpress.net\/arhiva\/wp-content\/uploads\/2016\/08\/skoplje-poplave-epa-main.jpg\",\"width\":900,\"height\":602},{\"@type\":\"BreadcrumbList\",\"@id\":\"https:\/\/sandzakpress.net\/arhiva\/skoplje-najmanje-15-mrtvih-u-nevremenu\/#breadcrumb\",\"itemListElement\":[{\"@type\":\"ListItem\",\"position\":1,\"name\":\"Home\",\"item\":\"https:\/\/sandzakpress.net\/arhiva\/\"},{\"@type\":\"ListItem\",\"position\":2,\"name\":\"Skoplje: Najmanje 15 mrtvih u nevremenu\"}]},{\"@type\":\"WebSite\",\"@id\":\"https:\/\/sandzakpress.net\/arhiva\/#website\",\"url\":\"https:\/\/sandzakpress.net\/arhiva\/\",\"name\":\"Sand\u017eak PRESS\",\"description\":\"Prve elektronske novine u Sand\u017eaku\",\"publisher\":{\"@id\":\"https:\/\/sandzakpress.net\/arhiva\/#\/schema\/person\/6e72b67d6e51910a1117b3b483ba20bd\"},\"potentialAction\":[{\"@type\":\"SearchAction\",\"target\":{\"@type\":\"EntryPoint\",\"urlTemplate\":\"https:\/\/sandzakpress.net\/arhiva\/?s={search_term_string}\"},\"query-input\":{\"@type\":\"PropertyValueSpecification\",\"valueRequired\":true,\"valueName\":\"search_term_string\"}}],\"inLanguage\":\"bs-BA\"},{\"@type\":[\"Person\",\"Organization\"],\"@id\":\"https:\/\/sandzakpress.net\/arhiva\/#\/schema\/person\/6e72b67d6e51910a1117b3b483ba20bd\",\"name\":\"Kul\",\"image\":{\"@type\":\"ImageObject\",\"inLanguage\":\"bs-BA\",\"@id\":\"https:\/\/sandzakpress.net\/arhiva\/#\/schema\/person\/image\/\",\"url\":\"https:\/\/secure.gravatar.com\/avatar\/42263f39aa27ac04c43cab85c280eb2e?s=96&d=mm&r=pg\",\"contentUrl\":\"https:\/\/secure.gravatar.com\/avatar\/42263f39aa27ac04c43cab85c280eb2e?s=96&d=mm&r=pg\",\"caption\":\"Kul\"},\"logo\":{\"@id\":\"https:\/\/sandzakpress.net\/arhiva\/#\/schema\/person\/image\/\"}},{\"@type\":\"Person\",\"@id\":\"https:\/\/sandzakpress.net\/arhiva\/#\/schema\/person\/c8baee722073534b583ea7bdb2e36c02\",\"name\":\"bosniak\",\"image\":{\"@type\":\"ImageObject\",\"inLanguage\":\"bs-BA\",\"@id\":\"https:\/\/sandzakpress.net\/arhiva\/#\/schema\/person\/image\/\",\"url\":\"https:\/\/secure.gravatar.com\/avatar\/a04fd330bfe3a36a72a0ad4a6d89fca7?s=96&d=mm&r=pg\",\"contentUrl\":\"https:\/\/secure.gravatar.com\/avatar\/a04fd330bfe3a36a72a0ad4a6d89fca7?s=96&d=mm&r=pg\",\"caption\":\"bosniak\"},\"url\":\"https:\/\/sandzakpress.net\/arhiva\/author\/bosniak\/\"}]}<\/script>\n<!-- \/ Yoast SEO Premium plugin. -->","yoast_head_json":{"title":"Skoplje: Najmanje 15 mrtvih u nevremenu","robots":{"index":"index","follow":"follow","max-snippet":"max-snippet:-1","max-image-preview":"max-image-preview:large","max-video-preview":"max-video-preview:-1"},"canonical":"https:\/\/sandzakpress.net\/arhiva\/skoplje-najmanje-15-mrtvih-u-nevremenu\/","og_locale":"bs_BA","og_type":"article","og_title":"Skoplje: Najmanje 15 mrtvih u nevremenu","og_description":"Najmanje 15 ljudi je poginulo, a \u0161estero se smatra nestalim uslijed sino\u0107njeg nevremena koje je pogodilo Skoplje, saop\u0107ila je policija. &nbsp; Me\u0111u poginulima je i jedno osmogodi\u0161nje dijete, javljaju lokalni mediji. Pribli\u017eno 100 ljudi je povrije\u0111eno i ljekari i hitne slu\u017ebe su im ukazali pomo\u0107. U intervencijama je u\u010destvovalo 12 timova hitne pomo\u0107i.\u00a0 \u201eDo jutros [&hellip;]","og_url":"https:\/\/sandzakpress.net\/arhiva\/skoplje-najmanje-15-mrtvih-u-nevremenu\/","og_site_name":"Sand\u017eak PRESS","article_published_time":"2016-08-07T09:53:33+00:00","og_image":[{"width":900,"height":602,"url":"https:\/\/sandzakpress.net\/arhiva\/wp-content\/uploads\/2016\/08\/skoplje-poplave-epa-main.jpg","type":"image\/jpeg"}],"author":"bosniak","twitter_card":"summary_large_image","twitter_misc":{"Written by":"bosniak","Est. reading time":"2 minute"},"schema":{"@context":"https:\/\/schema.org","@graph":[{"@type":"Article","@id":"https:\/\/sandzakpress.net\/arhiva\/skoplje-najmanje-15-mrtvih-u-nevremenu\/#article","isPartOf":{"@id":"https:\/\/sandzakpress.net\/arhiva\/skoplje-najmanje-15-mrtvih-u-nevremenu\/"},"author":{"name":"bosniak","@id":"https:\/\/sandzakpress.net\/arhiva\/#\/schema\/person\/c8baee722073534b583ea7bdb2e36c02"},"headline":"Skoplje: Najmanje 15 mrtvih u nevremenu","datePublished":"2016-08-07T09:53:33+00:00","mainEntityOfPage":{"@id":"https:\/\/sandzakpress.net\/arhiva\/skoplje-najmanje-15-mrtvih-u-nevremenu\/"},"wordCount":451,"commentCount":1,"publisher":{"@id":"https:\/\/sandzakpress.net\/arhiva\/#\/schema\/person\/6e72b67d6e51910a1117b3b483ba20bd"},"image":{"@id":"https:\/\/sandzakpress.net\/arhiva\/skoplje-najmanje-15-mrtvih-u-nevremenu\/#primaryimage"},"thumbnailUrl":"https:\/\/sandzakpress.net\/arhiva\/wp-content\/uploads\/2016\/08\/skoplje-poplave-epa-main.jpg","articleSection":["Makedonija","Hronika","VA\u017dNO!"],"inLanguage":"bs-BA","potentialAction":[{"@type":"CommentAction","name":"Comment","target":["https:\/\/sandzakpress.net\/arhiva\/skoplje-najmanje-15-mrtvih-u-nevremenu\/#respond"]}]},{"@type":"WebPage","@id":"https:\/\/sandzakpress.net\/arhiva\/skoplje-najmanje-15-mrtvih-u-nevremenu\/","url":"https:\/\/sandzakpress.net\/arhiva\/skoplje-najmanje-15-mrtvih-u-nevremenu\/","name":"Skoplje: Najmanje 15 mrtvih u nevremenu","isPartOf":{"@id":"https:\/\/sandzakpress.net\/arhiva\/#website"},"primaryImageOfPage":{"@id":"https:\/\/sandzakpress.net\/arhiva\/skoplje-najmanje-15-mrtvih-u-nevremenu\/#primaryimage"},"image":{"@id":"https:\/\/sandzakpress.net\/arhiva\/skoplje-najmanje-15-mrtvih-u-nevremenu\/#primaryimage"},"thumbnailUrl":"https:\/\/sandzakpress.net\/arhiva\/wp-content\/uploads\/2016\/08\/skoplje-poplave-epa-main.jpg","datePublished":"2016-08-07T09:53:33+00:00","breadcrumb":{"@id":"https:\/\/sandzakpress.net\/arhiva\/skoplje-najmanje-15-mrtvih-u-nevremenu\/#breadcrumb"},"inLanguage":"bs-BA","potentialAction":[{"@type":"ReadAction","target":["https:\/\/sandzakpress.net\/arhiva\/skoplje-najmanje-15-mrtvih-u-nevremenu\/"]}]},{"@type":"ImageObject","inLanguage":"bs-BA","@id":"https:\/\/sandzakpress.net\/arhiva\/skoplje-najmanje-15-mrtvih-u-nevremenu\/#primaryimage","url":"https:\/\/sandzakpress.net\/arhiva\/wp-content\/uploads\/2016\/08\/skoplje-poplave-epa-main.jpg","contentUrl":"https:\/\/sandzakpress.net\/arhiva\/wp-content\/uploads\/2016\/08\/skoplje-poplave-epa-main.jpg","width":900,"height":602},{"@type":"BreadcrumbList","@id":"https:\/\/sandzakpress.net\/arhiva\/skoplje-najmanje-15-mrtvih-u-nevremenu\/#breadcrumb","itemListElement":[{"@type":"ListItem","position":1,"name":"Home","item":"https:\/\/sandzakpress.net\/arhiva\/"},{"@type":"ListItem","position":2,"name":"Skoplje: Najmanje 15 mrtvih u nevremenu"}]},{"@type":"WebSite","@id":"https:\/\/sandzakpress.net\/arhiva\/#website","url":"https:\/\/sandzakpress.net\/arhiva\/","name":"Sand\u017eak PRESS","description":"Prve elektronske novine u Sand\u017eaku","publisher":{"@id":"https:\/\/sandzakpress.net\/arhiva\/#\/schema\/person\/6e72b67d6e51910a1117b3b483ba20bd"},"potentialAction":[{"@type":"SearchAction","target":{"@type":"EntryPoint","urlTemplate":"https:\/\/sandzakpress.net\/arhiva\/?s={search_term_string}"},"query-input":{"@type":"PropertyValueSpecification","valueRequired":true,"valueName":"search_term_string"}}],"inLanguage":"bs-BA"},{"@type":["Person","Organization"],"@id":"https:\/\/sandzakpress.net\/arhiva\/#\/schema\/person\/6e72b67d6e51910a1117b3b483ba20bd","name":"Kul","image":{"@type":"ImageObject","inLanguage":"bs-BA","@id":"https:\/\/sandzakpress.net\/arhiva\/#\/schema\/person\/image\/","url":"https:\/\/secure.gravatar.com\/avatar\/42263f39aa27ac04c43cab85c280eb2e?s=96&d=mm&r=pg","contentUrl":"https:\/\/secure.gravatar.com\/avatar\/42263f39aa27ac04c43cab85c280eb2e?s=96&d=mm&r=pg","caption":"Kul"},"logo":{"@id":"https:\/\/sandzakpress.net\/arhiva\/#\/schema\/person\/image\/"}},{"@type":"Person","@id":"https:\/\/sandzakpress.net\/arhiva\/#\/schema\/person\/c8baee722073534b583ea7bdb2e36c02","name":"bosniak","image":{"@type":"ImageObject","inLanguage":"bs-BA","@id":"https:\/\/sandzakpress.net\/arhiva\/#\/schema\/person\/image\/","url":"https:\/\/secure.gravatar.com\/avatar\/a04fd330bfe3a36a72a0ad4a6d89fca7?s=96&d=mm&r=pg","contentUrl":"https:\/\/secure.gravatar.com\/avatar\/a04fd330bfe3a36a72a0ad4a6d89fca7?s=96&d=mm&r=pg","caption":"bosniak"},"url":"https:\/\/sandzakpress.net\/arhiva\/author\/bosniak\/"}]}},"_links":{"self":[{"href":"https:\/\/sandzakpress.net\/arhiva\/wp-json\/wp\/v2\/posts\/165167"}],"collection":[{"href":"https:\/\/sandzakpress.net\/arhiva\/wp-json\/wp\/v2\/posts"}],"about":[{"href":"https:\/\/sandzakpress.net\/arhiva\/wp-json\/wp\/v2\/types\/post"}],"author":[{"embeddable":true,"href":"https:\/\/sandzakpress.net\/arhiva\/wp-json\/wp\/v2\/users\/83"}],"replies":[{"embeddable":true,"href":"https:\/\/sandzakpress.net\/arhiva\/wp-json\/wp\/v2\/comments?post=165167"}],"version-history":[{"count":0,"href":"https:\/\/sandzakpress.net\/arhiva\/wp-json\/wp\/v2\/posts\/165167\/revisions"}],"wp:featuredmedia":[{"embeddable":true,"href":"https:\/\/sandzakpress.net\/arhiva\/wp-json\/wp\/v2\/media\/165168"}],"wp:attachment":[{"href":"https:\/\/sandzakpress.net\/arhiva\/wp-json\/wp\/v2\/media?parent=165167"}],"wp:term":[{"taxonomy":"category","embeddable":true,"href":"https:\/\/sandzakpress.net\/arhiva\/wp-json\/wp\/v2\/categories?post=165167"},{"taxonomy":"post_tag","embeddable":true,"href":"https:\/\/sandzakpress.net\/arhiva\/wp-json\/wp\/v2\/tags?post=165167"}],"curies":[{"name":"wp","href":"https:\/\/api.w.org\/{rel}","templated":true}]}}