{"id":16497,"date":"2011-05-19T16:13:28","date_gmt":"2011-05-19T14:13:28","guid":{"rendered":"https:\/\/sandzakpress.net\/arhiva\/?p=16497"},"modified":"2011-05-19T16:13:28","modified_gmt":"2011-05-19T14:13:28","slug":"jadi-bosanski","status":"publish","type":"post","link":"https:\/\/sandzakpress.net\/arhiva\/jadi-bosanski\/","title":{"rendered":"Jadi bosanski"},"content":{"rendered":"<p><a href=\"https:\/\/sandzakpress.net\/arhiva\/wp-content\/uploads\/2011\/05\/vijest-3935.jpg\"><img loading=\"lazy\" decoding=\"async\" class=\"aligncenter size-full wp-image-16499\" title=\"vijest-3935\" src=\"https:\/\/sandzakpress.net\/arhiva\/wp-content\/uploads\/2011\/05\/vijest-3935.jpg\" alt=\"\" width=\"616\" height=\"365\" \/><\/a><\/p>\n<p><strong>Glas islama &#8211; Iole upu\u0107eni znaju da agresija na Islamsku zajednicu u Sand\u017eaku 2007. godine nije bila krajnji cilj njenih arhitekata iz Beograda. Prema njihovom planu bilo je to uklanjanje posljednje prepreke za razaranje Islamske zajednice u Bosni i Hercegovini, \u010dime bi se eliminisao i posljednji oslonac opstanka bo\u0161nja\u010dkog naroda.<\/strong><\/p>\n<p>Ve\u0107 su bili pripremljeni spiskovi imama koji bi prihvatili beogradski koncept ure\u0111enja Islamske zajednice. RS entitet bio bi polazi\u0161te, a potom bi se akcija \u0161irila na druge dijelove Bosne i Hercegovine. Sve to bi se desilo nakon preuzimanja kontrole nad Islamskom zajednicom u Srbiji i njenog sjedi\u0161ta u Novom Pazaru, u \u0161ta su bili sigurni obzirom na svu politi\u010dku, policijsku i medijsku snagu koja je anga\u017eovana. No, za agresore na Islamsku zajednicu Novi Pazar se pretvorio u novi Staljingrad &#8211; neosvojivi cilj, \u0161to ih je natjeralo na reviziju daljih planova.<\/p>\n<figure id=\"attachment_16498\" aria-describedby=\"caption-attachment-16498\" style=\"width: 248px\" class=\"wp-caption alignleft\"><a href=\"https:\/\/sandzakpress.net\/arhiva\/wp-content\/uploads\/2011\/05\/serbia-bosnia-turkey-1801705223_v2.grid-6x2.jpg\"><img loading=\"lazy\" decoding=\"async\" class=\"size-medium wp-image-16498\" title=\"serbia bosnia turkey--1801705223_v2.grid-6x2\" src=\"https:\/\/sandzakpress.net\/arhiva\/wp-content\/uploads\/2011\/05\/serbia-bosnia-turkey-1801705223_v2.grid-6x2-248x300.jpg\" alt=\"\" width=\"248\" height=\"300\" \/><\/a><figcaption id=\"caption-attachment-16498\" class=\"wp-caption-text\">Jedna ku\u0107a, a tri ku\u0107ne glave ...<\/figcaption><\/figure>\n<p>Bilo bi naivno i pomisliti da ih je neuspjeh u Sand\u017eaku natjerao da odustanu od planova za razaranje Islamske zajednice u BiH. Zle nakane su samo odlo\u017eene do nove prilike. A za to vrijeme nastavit \u0107e se pripremanjem terena, prije svega kroz medijsku hajku na Islamsku zajednicu, a posebno njenog poglavara reisulemu dr. Mustafu Ceri\u0107a. Cilj ovakvog medijskog odnosa je omalova\u017eiti Zajednicu, a posebno njene autoritete, u o\u010dima javnosti kako bi izgubili podr\u0161ku vjernika, \u0161to je pretpostavka za kona\u010dni obra\u010dun. U ovoj ne\u010dasnoj igri neki mediji su permanentno kr\u0161ili novinarske kodekse i minimum medijske korektnosti i neutralnosti. Neki su, poput Federalne televizije i sarajevskih \u201eDana\u201c Senada Pe\u0107anina, oti\u0161li tako daleko nazivaju\u0107i Reisulemu pogrdnim imenima, neosnovano ga optu\u017euju\u0107i za kriminal, nasilje i sve negativne pojave u dru\u0161tvu. Ovi drugi (\u201eDani\u201c) vi\u0161e puta su objavili fotomonta\u017ee Reisuleme, u donjem ve\u0161u naprimjer, kao i drugim formama omalova\u017eavanja. Akteri medijskog bla\u0107enja obavezno su bila lica sa bo\u0161nja\u010dkim imenima kako bi izgledalo da su to stavovi pripadnika Islamske zajednice. U toj istoj Bosni, na tim istim i drugim medijima, od tih istih novinara nije se mogla desiti i najbla\u017ea kriti\u010dka, a kamoli uvrjedljiva intonacija prema predvodnicima Katoli\u010dke ili Pravoslavne crkve.<\/p>\n<p>Druga dimenzija priprema za realizaciju beogradskog plana odvija se posredstvom bo\u0161nja\u010dkih bh. politi\u010dara. Gorka realnost krize bo\u0161nja\u010dke politi\u010dke vertikale \u0161ansa je koju beogradski udba\u0161i nisu mogli propustiti. Logistika je ve\u0107 postojala. Beogradske obavje\u0161tajne slu\u017ebe se nikada nisu povukle iz Sarajeva, a i da jesu toliko je biv\u0161ih saradnika (jednom saradnik \u2013 zauvijek saradnik) da ne moraju brinuti za svoje planove. Sulejman Tihi\u0107 i ostala djeca komunizma ne predstavljaju posebno iznena\u0111enje. No, Bakir Izetbegovi\u0107 jeste veliko i bolno razo\u010darenje svih iole patriotski orjentisanih Bo\u0161njaka. Razo\u010darenje je bolnije \u0161to o\u010dekivanja od Bakira, sina Alije Izetbegovi\u0107a, nisu bila racionalna ve\u0107 emotivna. Samo mali broj onih koji ga li\u010dno poznaju bio je po\u0161te\u0111en razo\u010darenja u o\u010dekivanju od \u201evelikog\u201c sina da nastavi o\u010devim stopama. Kako je jadno izgledalo snishodljivo dodvoravanje Izetbegovi\u0107a \u00a0nasljednika Borisu Tadi\u0107u u Kara\u0111or\u0111evu, koji se, za razliku od drugih, vi\u0161e puta srpskom predsjedniku obra\u0107a sa \u201epredsjednik Tadi\u0107\u201c, sav sretan \u0161to je u prilici fotografisati se sa dr\u017eavnicima.<\/p>\n<p>Susret Bakira Izetbegovi\u0107a sa Muhamedom Jusufspahi\u0107em, dan prije Kara\u0111or\u0111eva, zapravo otkriva da je novi \u201ebo\u0161nja\u010dki\u201c \u010dlan Predsjedni\u0161tva BiH pristao da u korist Beograda odigra ulogu protiv Sand\u017eaka, Islamske zajednice i na koncu Bosne. Bo\u0161nja\u010dki pod navodnicima jer predstavljati Bo\u0161njake sa samo pet posto glasova od ukupnog broja Bo\u0161njaka u Bosni, a tri puta manje dobijenih bo\u0161nja\u010dkih glasova od Hrvata \u017deljka Kom\u0161i\u0107a, ne mo\u017ee biti ozbiljan temelj legitimiteta za predstavljanje bo\u0161nja\u010dkog naroda i njegovih interesa.<\/p>\n<p>Kada se prosje\u010dni dokopaju vrha, gore je nego kada to u\u010dine lo\u0161i. Za razliku od lo\u0161ih, prosje\u010dni izazivaju sa\u017ealjenje, \u0161to za bo\u0161nja\u010dki narod mo\u017ee biti kobno.<\/p>\n<p>Autor:\u00a0<strong>Sead \u0160a\u0107irovi\u0107<\/strong><\/p>\n","protected":false},"excerpt":{"rendered":"<p>Glas islama &#8211; Iole upu\u0107eni znaju da agresija na Islamsku zajednicu u Sand\u017eaku 2007. godine nije bila krajnji cilj njenih arhitekata iz Beograda. Prema njihovom planu bilo je to uklanjanje posljednje prepreke za razaranje Islamske zajednice u Bosni i Hercegovini, \u010dime bi se eliminisao i posljednji oslonac opstanka bo\u0161nja\u010dkog naroda. Ve\u0107 su bili pripremljeni spiskovi [&hellip;]<\/p>\n","protected":false},"author":83,"featured_media":16499,"comment_status":"open","ping_status":"open","sticky":false,"template":"","format":"standard","meta":{"footnotes":""},"categories":[2860],"tags":[],"class_list":{"0":"post-16497","1":"post","2":"type-post","3":"status-publish","4":"format-standard","5":"has-post-thumbnail","7":"category-bosna-i-hercegovina-gradovi"},"yoast_head":"<!-- This site is optimized with the Yoast SEO Premium plugin v23.1 (Yoast SEO v24.9) - https:\/\/yoast.com\/wordpress\/plugins\/seo\/ -->\n<title>Jadi bosanski<\/title>\n<meta name=\"robots\" content=\"index, follow, max-snippet:-1, max-image-preview:large, max-video-preview:-1\" \/>\n<link rel=\"canonical\" href=\"https:\/\/sandzakpress.net\/arhiva\/jadi-bosanski\/\" \/>\n<meta property=\"og:locale\" content=\"bs_BA\" \/>\n<meta property=\"og:type\" content=\"article\" \/>\n<meta property=\"og:title\" content=\"Jadi bosanski\" \/>\n<meta property=\"og:description\" content=\"Glas islama &#8211; Iole upu\u0107eni znaju da agresija na Islamsku zajednicu u Sand\u017eaku 2007. godine nije bila krajnji cilj njenih arhitekata iz Beograda. Prema njihovom planu bilo je to uklanjanje posljednje prepreke za razaranje Islamske zajednice u Bosni i Hercegovini, \u010dime bi se eliminisao i posljednji oslonac opstanka bo\u0161nja\u010dkog naroda. Ve\u0107 su bili pripremljeni spiskovi [&hellip;]\" \/>\n<meta property=\"og:url\" content=\"https:\/\/sandzakpress.net\/arhiva\/jadi-bosanski\/\" \/>\n<meta property=\"og:site_name\" content=\"Sand\u017eak PRESS\" \/>\n<meta property=\"article:published_time\" content=\"2011-05-19T14:13:28+00:00\" \/>\n<meta property=\"og:image\" content=\"https:\/\/sandzakpress.net\/arhiva\/wp-content\/uploads\/2011\/05\/vijest-3935.jpg\" \/>\n\t<meta property=\"og:image:width\" content=\"616\" \/>\n\t<meta property=\"og:image:height\" content=\"365\" \/>\n\t<meta property=\"og:image:type\" content=\"image\/jpeg\" \/>\n<meta name=\"author\" content=\"bosniak\" \/>\n<meta name=\"twitter:card\" content=\"summary_large_image\" \/>\n<meta name=\"twitter:label1\" content=\"Written by\" \/>\n\t<meta name=\"twitter:data1\" content=\"bosniak\" \/>\n\t<meta name=\"twitter:label2\" content=\"Est. reading time\" \/>\n\t<meta name=\"twitter:data2\" content=\"4 minute\" \/>\n<script type=\"application\/ld+json\" class=\"yoast-schema-graph\">{\"@context\":\"https:\/\/schema.org\",\"@graph\":[{\"@type\":\"Article\",\"@id\":\"https:\/\/sandzakpress.net\/arhiva\/jadi-bosanski\/#article\",\"isPartOf\":{\"@id\":\"https:\/\/sandzakpress.net\/arhiva\/jadi-bosanski\/\"},\"author\":{\"name\":\"bosniak\",\"@id\":\"https:\/\/sandzakpress.net\/arhiva\/#\/schema\/person\/c8baee722073534b583ea7bdb2e36c02\"},\"headline\":\"Jadi bosanski\",\"datePublished\":\"2011-05-19T14:13:28+00:00\",\"mainEntityOfPage\":{\"@id\":\"https:\/\/sandzakpress.net\/arhiva\/jadi-bosanski\/\"},\"wordCount\":702,\"commentCount\":6,\"publisher\":{\"@id\":\"https:\/\/sandzakpress.net\/arhiva\/#\/schema\/person\/6e72b67d6e51910a1117b3b483ba20bd\"},\"image\":{\"@id\":\"https:\/\/sandzakpress.net\/arhiva\/jadi-bosanski\/#primaryimage\"},\"thumbnailUrl\":\"https:\/\/sandzakpress.net\/arhiva\/wp-content\/uploads\/2011\/05\/vijest-3935.jpg\",\"articleSection\":[\"Bosna i Hercegovina\"],\"inLanguage\":\"bs-BA\",\"potentialAction\":[{\"@type\":\"CommentAction\",\"name\":\"Comment\",\"target\":[\"https:\/\/sandzakpress.net\/arhiva\/jadi-bosanski\/#respond\"]}]},{\"@type\":\"WebPage\",\"@id\":\"https:\/\/sandzakpress.net\/arhiva\/jadi-bosanski\/\",\"url\":\"https:\/\/sandzakpress.net\/arhiva\/jadi-bosanski\/\",\"name\":\"Jadi bosanski\",\"isPartOf\":{\"@id\":\"https:\/\/sandzakpress.net\/arhiva\/#website\"},\"primaryImageOfPage\":{\"@id\":\"https:\/\/sandzakpress.net\/arhiva\/jadi-bosanski\/#primaryimage\"},\"image\":{\"@id\":\"https:\/\/sandzakpress.net\/arhiva\/jadi-bosanski\/#primaryimage\"},\"thumbnailUrl\":\"https:\/\/sandzakpress.net\/arhiva\/wp-content\/uploads\/2011\/05\/vijest-3935.jpg\",\"datePublished\":\"2011-05-19T14:13:28+00:00\",\"breadcrumb\":{\"@id\":\"https:\/\/sandzakpress.net\/arhiva\/jadi-bosanski\/#breadcrumb\"},\"inLanguage\":\"bs-BA\",\"potentialAction\":[{\"@type\":\"ReadAction\",\"target\":[\"https:\/\/sandzakpress.net\/arhiva\/jadi-bosanski\/\"]}]},{\"@type\":\"ImageObject\",\"inLanguage\":\"bs-BA\",\"@id\":\"https:\/\/sandzakpress.net\/arhiva\/jadi-bosanski\/#primaryimage\",\"url\":\"https:\/\/sandzakpress.net\/arhiva\/wp-content\/uploads\/2011\/05\/vijest-3935.jpg\",\"contentUrl\":\"https:\/\/sandzakpress.net\/arhiva\/wp-content\/uploads\/2011\/05\/vijest-3935.jpg\",\"width\":616,\"height\":365},{\"@type\":\"BreadcrumbList\",\"@id\":\"https:\/\/sandzakpress.net\/arhiva\/jadi-bosanski\/#breadcrumb\",\"itemListElement\":[{\"@type\":\"ListItem\",\"position\":1,\"name\":\"Home\",\"item\":\"https:\/\/sandzakpress.net\/arhiva\/\"},{\"@type\":\"ListItem\",\"position\":2,\"name\":\"Jadi bosanski\"}]},{\"@type\":\"WebSite\",\"@id\":\"https:\/\/sandzakpress.net\/arhiva\/#website\",\"url\":\"https:\/\/sandzakpress.net\/arhiva\/\",\"name\":\"Sand\u017eak PRESS\",\"description\":\"Prve elektronske novine u Sand\u017eaku\",\"publisher\":{\"@id\":\"https:\/\/sandzakpress.net\/arhiva\/#\/schema\/person\/6e72b67d6e51910a1117b3b483ba20bd\"},\"potentialAction\":[{\"@type\":\"SearchAction\",\"target\":{\"@type\":\"EntryPoint\",\"urlTemplate\":\"https:\/\/sandzakpress.net\/arhiva\/?s={search_term_string}\"},\"query-input\":{\"@type\":\"PropertyValueSpecification\",\"valueRequired\":true,\"valueName\":\"search_term_string\"}}],\"inLanguage\":\"bs-BA\"},{\"@type\":[\"Person\",\"Organization\"],\"@id\":\"https:\/\/sandzakpress.net\/arhiva\/#\/schema\/person\/6e72b67d6e51910a1117b3b483ba20bd\",\"name\":\"Kul\",\"image\":{\"@type\":\"ImageObject\",\"inLanguage\":\"bs-BA\",\"@id\":\"https:\/\/sandzakpress.net\/arhiva\/#\/schema\/person\/image\/\",\"url\":\"https:\/\/secure.gravatar.com\/avatar\/42263f39aa27ac04c43cab85c280eb2e?s=96&d=mm&r=pg\",\"contentUrl\":\"https:\/\/secure.gravatar.com\/avatar\/42263f39aa27ac04c43cab85c280eb2e?s=96&d=mm&r=pg\",\"caption\":\"Kul\"},\"logo\":{\"@id\":\"https:\/\/sandzakpress.net\/arhiva\/#\/schema\/person\/image\/\"}},{\"@type\":\"Person\",\"@id\":\"https:\/\/sandzakpress.net\/arhiva\/#\/schema\/person\/c8baee722073534b583ea7bdb2e36c02\",\"name\":\"bosniak\",\"image\":{\"@type\":\"ImageObject\",\"inLanguage\":\"bs-BA\",\"@id\":\"https:\/\/sandzakpress.net\/arhiva\/#\/schema\/person\/image\/\",\"url\":\"https:\/\/secure.gravatar.com\/avatar\/a04fd330bfe3a36a72a0ad4a6d89fca7?s=96&d=mm&r=pg\",\"contentUrl\":\"https:\/\/secure.gravatar.com\/avatar\/a04fd330bfe3a36a72a0ad4a6d89fca7?s=96&d=mm&r=pg\",\"caption\":\"bosniak\"},\"url\":\"https:\/\/sandzakpress.net\/arhiva\/author\/bosniak\/\"}]}<\/script>\n<!-- \/ Yoast SEO Premium plugin. -->","yoast_head_json":{"title":"Jadi bosanski","robots":{"index":"index","follow":"follow","max-snippet":"max-snippet:-1","max-image-preview":"max-image-preview:large","max-video-preview":"max-video-preview:-1"},"canonical":"https:\/\/sandzakpress.net\/arhiva\/jadi-bosanski\/","og_locale":"bs_BA","og_type":"article","og_title":"Jadi bosanski","og_description":"Glas islama &#8211; Iole upu\u0107eni znaju da agresija na Islamsku zajednicu u Sand\u017eaku 2007. godine nije bila krajnji cilj njenih arhitekata iz Beograda. Prema njihovom planu bilo je to uklanjanje posljednje prepreke za razaranje Islamske zajednice u Bosni i Hercegovini, \u010dime bi se eliminisao i posljednji oslonac opstanka bo\u0161nja\u010dkog naroda. Ve\u0107 su bili pripremljeni spiskovi [&hellip;]","og_url":"https:\/\/sandzakpress.net\/arhiva\/jadi-bosanski\/","og_site_name":"Sand\u017eak PRESS","article_published_time":"2011-05-19T14:13:28+00:00","og_image":[{"width":616,"height":365,"url":"https:\/\/sandzakpress.net\/arhiva\/wp-content\/uploads\/2011\/05\/vijest-3935.jpg","type":"image\/jpeg"}],"author":"bosniak","twitter_card":"summary_large_image","twitter_misc":{"Written by":"bosniak","Est. reading time":"4 minute"},"schema":{"@context":"https:\/\/schema.org","@graph":[{"@type":"Article","@id":"https:\/\/sandzakpress.net\/arhiva\/jadi-bosanski\/#article","isPartOf":{"@id":"https:\/\/sandzakpress.net\/arhiva\/jadi-bosanski\/"},"author":{"name":"bosniak","@id":"https:\/\/sandzakpress.net\/arhiva\/#\/schema\/person\/c8baee722073534b583ea7bdb2e36c02"},"headline":"Jadi bosanski","datePublished":"2011-05-19T14:13:28+00:00","mainEntityOfPage":{"@id":"https:\/\/sandzakpress.net\/arhiva\/jadi-bosanski\/"},"wordCount":702,"commentCount":6,"publisher":{"@id":"https:\/\/sandzakpress.net\/arhiva\/#\/schema\/person\/6e72b67d6e51910a1117b3b483ba20bd"},"image":{"@id":"https:\/\/sandzakpress.net\/arhiva\/jadi-bosanski\/#primaryimage"},"thumbnailUrl":"https:\/\/sandzakpress.net\/arhiva\/wp-content\/uploads\/2011\/05\/vijest-3935.jpg","articleSection":["Bosna i Hercegovina"],"inLanguage":"bs-BA","potentialAction":[{"@type":"CommentAction","name":"Comment","target":["https:\/\/sandzakpress.net\/arhiva\/jadi-bosanski\/#respond"]}]},{"@type":"WebPage","@id":"https:\/\/sandzakpress.net\/arhiva\/jadi-bosanski\/","url":"https:\/\/sandzakpress.net\/arhiva\/jadi-bosanski\/","name":"Jadi bosanski","isPartOf":{"@id":"https:\/\/sandzakpress.net\/arhiva\/#website"},"primaryImageOfPage":{"@id":"https:\/\/sandzakpress.net\/arhiva\/jadi-bosanski\/#primaryimage"},"image":{"@id":"https:\/\/sandzakpress.net\/arhiva\/jadi-bosanski\/#primaryimage"},"thumbnailUrl":"https:\/\/sandzakpress.net\/arhiva\/wp-content\/uploads\/2011\/05\/vijest-3935.jpg","datePublished":"2011-05-19T14:13:28+00:00","breadcrumb":{"@id":"https:\/\/sandzakpress.net\/arhiva\/jadi-bosanski\/#breadcrumb"},"inLanguage":"bs-BA","potentialAction":[{"@type":"ReadAction","target":["https:\/\/sandzakpress.net\/arhiva\/jadi-bosanski\/"]}]},{"@type":"ImageObject","inLanguage":"bs-BA","@id":"https:\/\/sandzakpress.net\/arhiva\/jadi-bosanski\/#primaryimage","url":"https:\/\/sandzakpress.net\/arhiva\/wp-content\/uploads\/2011\/05\/vijest-3935.jpg","contentUrl":"https:\/\/sandzakpress.net\/arhiva\/wp-content\/uploads\/2011\/05\/vijest-3935.jpg","width":616,"height":365},{"@type":"BreadcrumbList","@id":"https:\/\/sandzakpress.net\/arhiva\/jadi-bosanski\/#breadcrumb","itemListElement":[{"@type":"ListItem","position":1,"name":"Home","item":"https:\/\/sandzakpress.net\/arhiva\/"},{"@type":"ListItem","position":2,"name":"Jadi bosanski"}]},{"@type":"WebSite","@id":"https:\/\/sandzakpress.net\/arhiva\/#website","url":"https:\/\/sandzakpress.net\/arhiva\/","name":"Sand\u017eak PRESS","description":"Prve elektronske novine u Sand\u017eaku","publisher":{"@id":"https:\/\/sandzakpress.net\/arhiva\/#\/schema\/person\/6e72b67d6e51910a1117b3b483ba20bd"},"potentialAction":[{"@type":"SearchAction","target":{"@type":"EntryPoint","urlTemplate":"https:\/\/sandzakpress.net\/arhiva\/?s={search_term_string}"},"query-input":{"@type":"PropertyValueSpecification","valueRequired":true,"valueName":"search_term_string"}}],"inLanguage":"bs-BA"},{"@type":["Person","Organization"],"@id":"https:\/\/sandzakpress.net\/arhiva\/#\/schema\/person\/6e72b67d6e51910a1117b3b483ba20bd","name":"Kul","image":{"@type":"ImageObject","inLanguage":"bs-BA","@id":"https:\/\/sandzakpress.net\/arhiva\/#\/schema\/person\/image\/","url":"https:\/\/secure.gravatar.com\/avatar\/42263f39aa27ac04c43cab85c280eb2e?s=96&d=mm&r=pg","contentUrl":"https:\/\/secure.gravatar.com\/avatar\/42263f39aa27ac04c43cab85c280eb2e?s=96&d=mm&r=pg","caption":"Kul"},"logo":{"@id":"https:\/\/sandzakpress.net\/arhiva\/#\/schema\/person\/image\/"}},{"@type":"Person","@id":"https:\/\/sandzakpress.net\/arhiva\/#\/schema\/person\/c8baee722073534b583ea7bdb2e36c02","name":"bosniak","image":{"@type":"ImageObject","inLanguage":"bs-BA","@id":"https:\/\/sandzakpress.net\/arhiva\/#\/schema\/person\/image\/","url":"https:\/\/secure.gravatar.com\/avatar\/a04fd330bfe3a36a72a0ad4a6d89fca7?s=96&d=mm&r=pg","contentUrl":"https:\/\/secure.gravatar.com\/avatar\/a04fd330bfe3a36a72a0ad4a6d89fca7?s=96&d=mm&r=pg","caption":"bosniak"},"url":"https:\/\/sandzakpress.net\/arhiva\/author\/bosniak\/"}]}},"_links":{"self":[{"href":"https:\/\/sandzakpress.net\/arhiva\/wp-json\/wp\/v2\/posts\/16497"}],"collection":[{"href":"https:\/\/sandzakpress.net\/arhiva\/wp-json\/wp\/v2\/posts"}],"about":[{"href":"https:\/\/sandzakpress.net\/arhiva\/wp-json\/wp\/v2\/types\/post"}],"author":[{"embeddable":true,"href":"https:\/\/sandzakpress.net\/arhiva\/wp-json\/wp\/v2\/users\/83"}],"replies":[{"embeddable":true,"href":"https:\/\/sandzakpress.net\/arhiva\/wp-json\/wp\/v2\/comments?post=16497"}],"version-history":[{"count":0,"href":"https:\/\/sandzakpress.net\/arhiva\/wp-json\/wp\/v2\/posts\/16497\/revisions"}],"wp:featuredmedia":[{"embeddable":true,"href":"https:\/\/sandzakpress.net\/arhiva\/wp-json\/wp\/v2\/media\/16499"}],"wp:attachment":[{"href":"https:\/\/sandzakpress.net\/arhiva\/wp-json\/wp\/v2\/media?parent=16497"}],"wp:term":[{"taxonomy":"category","embeddable":true,"href":"https:\/\/sandzakpress.net\/arhiva\/wp-json\/wp\/v2\/categories?post=16497"},{"taxonomy":"post_tag","embeddable":true,"href":"https:\/\/sandzakpress.net\/arhiva\/wp-json\/wp\/v2\/tags?post=16497"}],"curies":[{"name":"wp","href":"https:\/\/api.w.org\/{rel}","templated":true}]}}