{"id":164915,"date":"2016-08-04T10:58:53","date_gmt":"2016-08-04T08:58:53","guid":{"rendered":"https:\/\/sandzakpress.net\/arhiva\/dodik-u-pismu-izetbegovicu-predlozio-dopunu-dogovora-iz-barke"},"modified":"2016-08-04T10:58:53","modified_gmt":"2016-08-04T08:58:53","slug":"dodik-u-pismu-izetbegovicu-predlozio-dopunu-dogovora-iz-barke","status":"publish","type":"post","link":"https:\/\/sandzakpress.net\/arhiva\/dodik-u-pismu-izetbegovicu-predlozio-dopunu-dogovora-iz-barke\/","title":{"rendered":"Dodik u pismu Izetbegovi\u0107u predlo\u017eio dopunu dogovora iz \u201cBarke\u201d"},"content":{"rendered":"<p style=\"text-align: justify\"><strong><a href=\"http:\/\/bosnapress.net\/wp-content\/uploads\/2016\/08\/izetbegovic-dodik-31072016-IS-1.jpg\"><img loading=\"lazy\" decoding=\"async\" class=\"alignnone size-large wp-image-183961\" src=\"http:\/\/bosnapress.net\/wp-content\/uploads\/2016\/08\/izetbegovic-dodik-31072016-IS-1-616x411.jpg\" alt=\"izetbegovic-dodik-31072016-IS-1\" width=\"600\" height=\"400\" \/><\/a>Sarajevo, Mostar, Banja Lukaa \u2013 Dodik je u pismu, u koje je Klix.ba imao uvid, Izetbegovi\u0107u i \u010covi\u0107u rekao da podr\u017eava u potpunosti dogovor iz \u201cBarke\u201d, ali predla\u017ee da se on dopuni.<\/strong><\/p>\n<p style=\"text-align: justify\">Dodik je pismo poslao u utorak, a u njemu ka\u017ee da \u017eeli demantirati kako je dogovor sa Izetbegovi\u0107em usmjeren protiv Hrvata. Sastanak u Isto\u010dnom Sarajevu je ocijenio konstruktivnim jer je doprinio rje\u0161avanju problema mehanizma koordinacije.<\/p>\n<p>Dodik na po\u010drtku izra\u017eava punu i nedvosmislenu podr\u0161ku nedjeljnom dogovoru iz \u201cBarke\u201d.<\/p>\n<p>\u201cMe\u0111utim, prate\u0107i reakcije predstavnika hrvatskog naroda u BiH, a u vezi sa usagla\u0161enim rje\u0161enjem sa pomenutog sastanka, \u017eelim jasno naglasiti da pomenute prigovore razumijem i da smatram da postoji osnovana potreba za njihovim uva\u017eavanjem. I ovom prilikom \u017eelim naglasiti da je atmosfera odr\u017eanog sastanka bila ptpuno u funkciji pronalaska prihvatljivog rje\u0161enja, a nikako u funkciji stvaranja novog problema ili usagla\u0161avanja rje\u0161enja koje bi bilo na \u0161tetu bilo kojeg konstitutivnog naroda u BiH. I ovo smatram dodatnim razlogom za razumijevanje i uva\u017eavanje prigovora koje su iznijeli predstavnici Hrvatskog naroda u BiH\u201d, navodi se u pismu.<\/p>\n<p>U skladu s tim, Dodik smatra da u \u010dlanu 3. stav 3 usagla\u0161enog rje\u0161enja Mehanizma koordinacije, opravdano i potrebno dopuniti sljede\u0107om konstrukcijom:<\/p>\n<p>\u201ci predstavnike vlada kantona i Br\u010dko distrikta u skladu sa ustavnim nadle\u017enostima za sadr\u017eaj koji se razmatra na sjednici, odnosno koji je predmet odluke\u201d.<\/p>\n<p>Podsje\u0107amo, \u010dlan tri definira da predstavnici dr\u017eavnog i entitetskih nivoa mogu revidirati odluke ni\u017eih tijela u sistemu mehanizma koordinacije. U ovom tijelu, prema dogovoru Izetbegovi\u0107a i Dodika, nema predstavnika kantona i Br\u010dko distrikta, \u0161to je za \u010covi\u0107a neprihvatljivo jer bi se moglo desiti da ono \u0161to kantoni u ni\u017eim tijelima mehanizma koordinacije ishoduju bude poni\u0161teno na vi\u0161im nivoima gdje nema njihovih predstavnika.<\/p>\n<p>Dodik na kraju ka\u017ee da je uvjeren da bi ovom dopunom eliminsali i odagnali razloge za javnu polemiku te bi na taj na\u010din okon\u010dali vi\u0161egodi\u0161nje usagla\u0161avanje mehanizma koordinacije.<\/p>\n<p style=\"text-align: justify\">(klix)<\/p>\n<p>Pogledajte vijest na izvornom sajtu:<\/p>\n<p><a href=\"http:\/\/bosnapress.net\/dodik-u-pismu-izetbegovicu-predlozio-dopunu-dogovora-iz-barke\/\" target=\"_blank\">Dodik u pismu Izetbegovi\u0107u predlo\u017eio dopunu dogovora iz \u201cBarke\u201d<\/a><\/p>\n","protected":false},"excerpt":{"rendered":"<p>Sarajevo, Mostar, Banja Lukaa \u2013 Dodik je u pismu, u koje je Klix.ba imao uvid, Izetbegovi\u0107u i \u010covi\u0107u rekao da podr\u017eava u potpunosti dogovor iz \u201cBarke\u201d, ali predla\u017ee da se on dopuni. Dodik je pismo poslao u utorak, a u njemu ka\u017ee da \u017eeli demantirati kako je dogovor sa Izetbegovi\u0107em usmjeren protiv Hrvata. Sastanak u [&hellip;]<\/p>\n","protected":false},"author":83,"featured_media":164917,"comment_status":"open","ping_status":"open","sticky":false,"template":"","format":"standard","meta":{"footnotes":""},"categories":[10513],"tags":[10466],"class_list":{"0":"post-164915","1":"post","2":"type-post","3":"status-publish","4":"format-standard","5":"has-post-thumbnail","7":"category-bosna-press","8":"tag-bosna-i-hercegovina"},"yoast_head":"<!-- This site is optimized with the Yoast SEO Premium plugin v23.1 (Yoast SEO v24.9) - https:\/\/yoast.com\/wordpress\/plugins\/seo\/ -->\n<title>Dodik u pismu Izetbegovi\u0107u predlo\u017eio dopunu dogovora iz \u201cBarke\u201d<\/title>\n<meta name=\"robots\" content=\"index, follow, max-snippet:-1, max-image-preview:large, max-video-preview:-1\" \/>\n<link rel=\"canonical\" href=\"https:\/\/sandzakpress.net\/arhiva\/dodik-u-pismu-izetbegovicu-predlozio-dopunu-dogovora-iz-barke\/\" \/>\n<meta property=\"og:locale\" content=\"bs_BA\" \/>\n<meta property=\"og:type\" content=\"article\" \/>\n<meta property=\"og:title\" content=\"Dodik u pismu Izetbegovi\u0107u predlo\u017eio dopunu dogovora iz \u201cBarke\u201d\" \/>\n<meta property=\"og:description\" content=\"Sarajevo, Mostar, Banja Lukaa \u2013 Dodik je u pismu, u koje je Klix.ba imao uvid, Izetbegovi\u0107u i \u010covi\u0107u rekao da podr\u017eava u potpunosti dogovor iz \u201cBarke\u201d, ali predla\u017ee da se on dopuni. Dodik je pismo poslao u utorak, a u njemu ka\u017ee da \u017eeli demantirati kako je dogovor sa Izetbegovi\u0107em usmjeren protiv Hrvata. Sastanak u [&hellip;]\" \/>\n<meta property=\"og:url\" content=\"https:\/\/sandzakpress.net\/arhiva\/dodik-u-pismu-izetbegovicu-predlozio-dopunu-dogovora-iz-barke\/\" \/>\n<meta property=\"og:site_name\" content=\"Sand\u017eak PRESS\" \/>\n<meta property=\"article:published_time\" content=\"2016-08-04T08:58:53+00:00\" \/>\n<meta property=\"og:image\" content=\"https:\/\/sandzakpress.net\/arhiva\/wp-content\/uploads\/2016\/08\/izetbegovic-dodik-31072016-IS-1-616x411-1.jpg\" \/>\n\t<meta property=\"og:image:width\" content=\"616\" \/>\n\t<meta property=\"og:image:height\" content=\"411\" \/>\n\t<meta property=\"og:image:type\" content=\"image\/jpeg\" \/>\n<meta name=\"author\" content=\"bosniak\" \/>\n<meta name=\"twitter:card\" content=\"summary_large_image\" \/>\n<meta name=\"twitter:label1\" content=\"Written by\" \/>\n\t<meta name=\"twitter:data1\" content=\"bosniak\" \/>\n\t<meta name=\"twitter:label2\" content=\"Est. reading time\" \/>\n\t<meta name=\"twitter:data2\" content=\"2 minute\" \/>\n<script type=\"application\/ld+json\" class=\"yoast-schema-graph\">{\"@context\":\"https:\/\/schema.org\",\"@graph\":[{\"@type\":\"Article\",\"@id\":\"https:\/\/sandzakpress.net\/arhiva\/dodik-u-pismu-izetbegovicu-predlozio-dopunu-dogovora-iz-barke\/#article\",\"isPartOf\":{\"@id\":\"https:\/\/sandzakpress.net\/arhiva\/dodik-u-pismu-izetbegovicu-predlozio-dopunu-dogovora-iz-barke\/\"},\"author\":{\"name\":\"bosniak\",\"@id\":\"https:\/\/sandzakpress.net\/arhiva\/#\/schema\/person\/c8baee722073534b583ea7bdb2e36c02\"},\"headline\":\"Dodik u pismu Izetbegovi\u0107u predlo\u017eio dopunu dogovora iz \u201cBarke\u201d\",\"datePublished\":\"2016-08-04T08:58:53+00:00\",\"mainEntityOfPage\":{\"@id\":\"https:\/\/sandzakpress.net\/arhiva\/dodik-u-pismu-izetbegovicu-predlozio-dopunu-dogovora-iz-barke\/\"},\"wordCount\":377,\"commentCount\":0,\"publisher\":{\"@id\":\"https:\/\/sandzakpress.net\/arhiva\/#\/schema\/person\/6e72b67d6e51910a1117b3b483ba20bd\"},\"image\":{\"@id\":\"https:\/\/sandzakpress.net\/arhiva\/dodik-u-pismu-izetbegovicu-predlozio-dopunu-dogovora-iz-barke\/#primaryimage\"},\"thumbnailUrl\":\"https:\/\/sandzakpress.net\/arhiva\/wp-content\/uploads\/2016\/08\/izetbegovic-dodik-31072016-IS-1-616x411-1.jpg\",\"keywords\":[\"Bosna i Hercegovina\"],\"articleSection\":[\"Bosna PRESS\"],\"inLanguage\":\"bs-BA\",\"potentialAction\":[{\"@type\":\"CommentAction\",\"name\":\"Comment\",\"target\":[\"https:\/\/sandzakpress.net\/arhiva\/dodik-u-pismu-izetbegovicu-predlozio-dopunu-dogovora-iz-barke\/#respond\"]}]},{\"@type\":\"WebPage\",\"@id\":\"https:\/\/sandzakpress.net\/arhiva\/dodik-u-pismu-izetbegovicu-predlozio-dopunu-dogovora-iz-barke\/\",\"url\":\"https:\/\/sandzakpress.net\/arhiva\/dodik-u-pismu-izetbegovicu-predlozio-dopunu-dogovora-iz-barke\/\",\"name\":\"Dodik u pismu Izetbegovi\u0107u predlo\u017eio dopunu dogovora iz \u201cBarke\u201d\",\"isPartOf\":{\"@id\":\"https:\/\/sandzakpress.net\/arhiva\/#website\"},\"primaryImageOfPage\":{\"@id\":\"https:\/\/sandzakpress.net\/arhiva\/dodik-u-pismu-izetbegovicu-predlozio-dopunu-dogovora-iz-barke\/#primaryimage\"},\"image\":{\"@id\":\"https:\/\/sandzakpress.net\/arhiva\/dodik-u-pismu-izetbegovicu-predlozio-dopunu-dogovora-iz-barke\/#primaryimage\"},\"thumbnailUrl\":\"https:\/\/sandzakpress.net\/arhiva\/wp-content\/uploads\/2016\/08\/izetbegovic-dodik-31072016-IS-1-616x411-1.jpg\",\"datePublished\":\"2016-08-04T08:58:53+00:00\",\"breadcrumb\":{\"@id\":\"https:\/\/sandzakpress.net\/arhiva\/dodik-u-pismu-izetbegovicu-predlozio-dopunu-dogovora-iz-barke\/#breadcrumb\"},\"inLanguage\":\"bs-BA\",\"potentialAction\":[{\"@type\":\"ReadAction\",\"target\":[\"https:\/\/sandzakpress.net\/arhiva\/dodik-u-pismu-izetbegovicu-predlozio-dopunu-dogovora-iz-barke\/\"]}]},{\"@type\":\"ImageObject\",\"inLanguage\":\"bs-BA\",\"@id\":\"https:\/\/sandzakpress.net\/arhiva\/dodik-u-pismu-izetbegovicu-predlozio-dopunu-dogovora-iz-barke\/#primaryimage\",\"url\":\"https:\/\/sandzakpress.net\/arhiva\/wp-content\/uploads\/2016\/08\/izetbegovic-dodik-31072016-IS-1-616x411-1.jpg\",\"contentUrl\":\"https:\/\/sandzakpress.net\/arhiva\/wp-content\/uploads\/2016\/08\/izetbegovic-dodik-31072016-IS-1-616x411-1.jpg\",\"width\":616,\"height\":411},{\"@type\":\"BreadcrumbList\",\"@id\":\"https:\/\/sandzakpress.net\/arhiva\/dodik-u-pismu-izetbegovicu-predlozio-dopunu-dogovora-iz-barke\/#breadcrumb\",\"itemListElement\":[{\"@type\":\"ListItem\",\"position\":1,\"name\":\"Home\",\"item\":\"https:\/\/sandzakpress.net\/arhiva\/\"},{\"@type\":\"ListItem\",\"position\":2,\"name\":\"Dodik u pismu Izetbegovi\u0107u predlo\u017eio dopunu dogovora iz \u201cBarke\u201d\"}]},{\"@type\":\"WebSite\",\"@id\":\"https:\/\/sandzakpress.net\/arhiva\/#website\",\"url\":\"https:\/\/sandzakpress.net\/arhiva\/\",\"name\":\"Sand\u017eak PRESS\",\"description\":\"Prve elektronske novine u Sand\u017eaku\",\"publisher\":{\"@id\":\"https:\/\/sandzakpress.net\/arhiva\/#\/schema\/person\/6e72b67d6e51910a1117b3b483ba20bd\"},\"potentialAction\":[{\"@type\":\"SearchAction\",\"target\":{\"@type\":\"EntryPoint\",\"urlTemplate\":\"https:\/\/sandzakpress.net\/arhiva\/?s={search_term_string}\"},\"query-input\":{\"@type\":\"PropertyValueSpecification\",\"valueRequired\":true,\"valueName\":\"search_term_string\"}}],\"inLanguage\":\"bs-BA\"},{\"@type\":[\"Person\",\"Organization\"],\"@id\":\"https:\/\/sandzakpress.net\/arhiva\/#\/schema\/person\/6e72b67d6e51910a1117b3b483ba20bd\",\"name\":\"Kul\",\"image\":{\"@type\":\"ImageObject\",\"inLanguage\":\"bs-BA\",\"@id\":\"https:\/\/sandzakpress.net\/arhiva\/#\/schema\/person\/image\/\",\"url\":\"https:\/\/secure.gravatar.com\/avatar\/42263f39aa27ac04c43cab85c280eb2e?s=96&d=mm&r=pg\",\"contentUrl\":\"https:\/\/secure.gravatar.com\/avatar\/42263f39aa27ac04c43cab85c280eb2e?s=96&d=mm&r=pg\",\"caption\":\"Kul\"},\"logo\":{\"@id\":\"https:\/\/sandzakpress.net\/arhiva\/#\/schema\/person\/image\/\"}},{\"@type\":\"Person\",\"@id\":\"https:\/\/sandzakpress.net\/arhiva\/#\/schema\/person\/c8baee722073534b583ea7bdb2e36c02\",\"name\":\"bosniak\",\"image\":{\"@type\":\"ImageObject\",\"inLanguage\":\"bs-BA\",\"@id\":\"https:\/\/sandzakpress.net\/arhiva\/#\/schema\/person\/image\/\",\"url\":\"https:\/\/secure.gravatar.com\/avatar\/a04fd330bfe3a36a72a0ad4a6d89fca7?s=96&d=mm&r=pg\",\"contentUrl\":\"https:\/\/secure.gravatar.com\/avatar\/a04fd330bfe3a36a72a0ad4a6d89fca7?s=96&d=mm&r=pg\",\"caption\":\"bosniak\"},\"url\":\"https:\/\/sandzakpress.net\/arhiva\/author\/bosniak\/\"}]}<\/script>\n<!-- \/ Yoast SEO Premium plugin. -->","yoast_head_json":{"title":"Dodik u pismu Izetbegovi\u0107u predlo\u017eio dopunu dogovora iz \u201cBarke\u201d","robots":{"index":"index","follow":"follow","max-snippet":"max-snippet:-1","max-image-preview":"max-image-preview:large","max-video-preview":"max-video-preview:-1"},"canonical":"https:\/\/sandzakpress.net\/arhiva\/dodik-u-pismu-izetbegovicu-predlozio-dopunu-dogovora-iz-barke\/","og_locale":"bs_BA","og_type":"article","og_title":"Dodik u pismu Izetbegovi\u0107u predlo\u017eio dopunu dogovora iz \u201cBarke\u201d","og_description":"Sarajevo, Mostar, Banja Lukaa \u2013 Dodik je u pismu, u koje je Klix.ba imao uvid, Izetbegovi\u0107u i \u010covi\u0107u rekao da podr\u017eava u potpunosti dogovor iz \u201cBarke\u201d, ali predla\u017ee da se on dopuni. Dodik je pismo poslao u utorak, a u njemu ka\u017ee da \u017eeli demantirati kako je dogovor sa Izetbegovi\u0107em usmjeren protiv Hrvata. Sastanak u [&hellip;]","og_url":"https:\/\/sandzakpress.net\/arhiva\/dodik-u-pismu-izetbegovicu-predlozio-dopunu-dogovora-iz-barke\/","og_site_name":"Sand\u017eak PRESS","article_published_time":"2016-08-04T08:58:53+00:00","og_image":[{"width":616,"height":411,"url":"https:\/\/sandzakpress.net\/arhiva\/wp-content\/uploads\/2016\/08\/izetbegovic-dodik-31072016-IS-1-616x411-1.jpg","type":"image\/jpeg"}],"author":"bosniak","twitter_card":"summary_large_image","twitter_misc":{"Written by":"bosniak","Est. reading time":"2 minute"},"schema":{"@context":"https:\/\/schema.org","@graph":[{"@type":"Article","@id":"https:\/\/sandzakpress.net\/arhiva\/dodik-u-pismu-izetbegovicu-predlozio-dopunu-dogovora-iz-barke\/#article","isPartOf":{"@id":"https:\/\/sandzakpress.net\/arhiva\/dodik-u-pismu-izetbegovicu-predlozio-dopunu-dogovora-iz-barke\/"},"author":{"name":"bosniak","@id":"https:\/\/sandzakpress.net\/arhiva\/#\/schema\/person\/c8baee722073534b583ea7bdb2e36c02"},"headline":"Dodik u pismu Izetbegovi\u0107u predlo\u017eio dopunu dogovora iz \u201cBarke\u201d","datePublished":"2016-08-04T08:58:53+00:00","mainEntityOfPage":{"@id":"https:\/\/sandzakpress.net\/arhiva\/dodik-u-pismu-izetbegovicu-predlozio-dopunu-dogovora-iz-barke\/"},"wordCount":377,"commentCount":0,"publisher":{"@id":"https:\/\/sandzakpress.net\/arhiva\/#\/schema\/person\/6e72b67d6e51910a1117b3b483ba20bd"},"image":{"@id":"https:\/\/sandzakpress.net\/arhiva\/dodik-u-pismu-izetbegovicu-predlozio-dopunu-dogovora-iz-barke\/#primaryimage"},"thumbnailUrl":"https:\/\/sandzakpress.net\/arhiva\/wp-content\/uploads\/2016\/08\/izetbegovic-dodik-31072016-IS-1-616x411-1.jpg","keywords":["Bosna i Hercegovina"],"articleSection":["Bosna PRESS"],"inLanguage":"bs-BA","potentialAction":[{"@type":"CommentAction","name":"Comment","target":["https:\/\/sandzakpress.net\/arhiva\/dodik-u-pismu-izetbegovicu-predlozio-dopunu-dogovora-iz-barke\/#respond"]}]},{"@type":"WebPage","@id":"https:\/\/sandzakpress.net\/arhiva\/dodik-u-pismu-izetbegovicu-predlozio-dopunu-dogovora-iz-barke\/","url":"https:\/\/sandzakpress.net\/arhiva\/dodik-u-pismu-izetbegovicu-predlozio-dopunu-dogovora-iz-barke\/","name":"Dodik u pismu Izetbegovi\u0107u predlo\u017eio dopunu dogovora iz \u201cBarke\u201d","isPartOf":{"@id":"https:\/\/sandzakpress.net\/arhiva\/#website"},"primaryImageOfPage":{"@id":"https:\/\/sandzakpress.net\/arhiva\/dodik-u-pismu-izetbegovicu-predlozio-dopunu-dogovora-iz-barke\/#primaryimage"},"image":{"@id":"https:\/\/sandzakpress.net\/arhiva\/dodik-u-pismu-izetbegovicu-predlozio-dopunu-dogovora-iz-barke\/#primaryimage"},"thumbnailUrl":"https:\/\/sandzakpress.net\/arhiva\/wp-content\/uploads\/2016\/08\/izetbegovic-dodik-31072016-IS-1-616x411-1.jpg","datePublished":"2016-08-04T08:58:53+00:00","breadcrumb":{"@id":"https:\/\/sandzakpress.net\/arhiva\/dodik-u-pismu-izetbegovicu-predlozio-dopunu-dogovora-iz-barke\/#breadcrumb"},"inLanguage":"bs-BA","potentialAction":[{"@type":"ReadAction","target":["https:\/\/sandzakpress.net\/arhiva\/dodik-u-pismu-izetbegovicu-predlozio-dopunu-dogovora-iz-barke\/"]}]},{"@type":"ImageObject","inLanguage":"bs-BA","@id":"https:\/\/sandzakpress.net\/arhiva\/dodik-u-pismu-izetbegovicu-predlozio-dopunu-dogovora-iz-barke\/#primaryimage","url":"https:\/\/sandzakpress.net\/arhiva\/wp-content\/uploads\/2016\/08\/izetbegovic-dodik-31072016-IS-1-616x411-1.jpg","contentUrl":"https:\/\/sandzakpress.net\/arhiva\/wp-content\/uploads\/2016\/08\/izetbegovic-dodik-31072016-IS-1-616x411-1.jpg","width":616,"height":411},{"@type":"BreadcrumbList","@id":"https:\/\/sandzakpress.net\/arhiva\/dodik-u-pismu-izetbegovicu-predlozio-dopunu-dogovora-iz-barke\/#breadcrumb","itemListElement":[{"@type":"ListItem","position":1,"name":"Home","item":"https:\/\/sandzakpress.net\/arhiva\/"},{"@type":"ListItem","position":2,"name":"Dodik u pismu Izetbegovi\u0107u predlo\u017eio dopunu dogovora iz \u201cBarke\u201d"}]},{"@type":"WebSite","@id":"https:\/\/sandzakpress.net\/arhiva\/#website","url":"https:\/\/sandzakpress.net\/arhiva\/","name":"Sand\u017eak PRESS","description":"Prve elektronske novine u Sand\u017eaku","publisher":{"@id":"https:\/\/sandzakpress.net\/arhiva\/#\/schema\/person\/6e72b67d6e51910a1117b3b483ba20bd"},"potentialAction":[{"@type":"SearchAction","target":{"@type":"EntryPoint","urlTemplate":"https:\/\/sandzakpress.net\/arhiva\/?s={search_term_string}"},"query-input":{"@type":"PropertyValueSpecification","valueRequired":true,"valueName":"search_term_string"}}],"inLanguage":"bs-BA"},{"@type":["Person","Organization"],"@id":"https:\/\/sandzakpress.net\/arhiva\/#\/schema\/person\/6e72b67d6e51910a1117b3b483ba20bd","name":"Kul","image":{"@type":"ImageObject","inLanguage":"bs-BA","@id":"https:\/\/sandzakpress.net\/arhiva\/#\/schema\/person\/image\/","url":"https:\/\/secure.gravatar.com\/avatar\/42263f39aa27ac04c43cab85c280eb2e?s=96&d=mm&r=pg","contentUrl":"https:\/\/secure.gravatar.com\/avatar\/42263f39aa27ac04c43cab85c280eb2e?s=96&d=mm&r=pg","caption":"Kul"},"logo":{"@id":"https:\/\/sandzakpress.net\/arhiva\/#\/schema\/person\/image\/"}},{"@type":"Person","@id":"https:\/\/sandzakpress.net\/arhiva\/#\/schema\/person\/c8baee722073534b583ea7bdb2e36c02","name":"bosniak","image":{"@type":"ImageObject","inLanguage":"bs-BA","@id":"https:\/\/sandzakpress.net\/arhiva\/#\/schema\/person\/image\/","url":"https:\/\/secure.gravatar.com\/avatar\/a04fd330bfe3a36a72a0ad4a6d89fca7?s=96&d=mm&r=pg","contentUrl":"https:\/\/secure.gravatar.com\/avatar\/a04fd330bfe3a36a72a0ad4a6d89fca7?s=96&d=mm&r=pg","caption":"bosniak"},"url":"https:\/\/sandzakpress.net\/arhiva\/author\/bosniak\/"}]}},"_links":{"self":[{"href":"https:\/\/sandzakpress.net\/arhiva\/wp-json\/wp\/v2\/posts\/164915"}],"collection":[{"href":"https:\/\/sandzakpress.net\/arhiva\/wp-json\/wp\/v2\/posts"}],"about":[{"href":"https:\/\/sandzakpress.net\/arhiva\/wp-json\/wp\/v2\/types\/post"}],"author":[{"embeddable":true,"href":"https:\/\/sandzakpress.net\/arhiva\/wp-json\/wp\/v2\/users\/83"}],"replies":[{"embeddable":true,"href":"https:\/\/sandzakpress.net\/arhiva\/wp-json\/wp\/v2\/comments?post=164915"}],"version-history":[{"count":0,"href":"https:\/\/sandzakpress.net\/arhiva\/wp-json\/wp\/v2\/posts\/164915\/revisions"}],"wp:featuredmedia":[{"embeddable":true,"href":"https:\/\/sandzakpress.net\/arhiva\/wp-json\/wp\/v2\/media\/164917"}],"wp:attachment":[{"href":"https:\/\/sandzakpress.net\/arhiva\/wp-json\/wp\/v2\/media?parent=164915"}],"wp:term":[{"taxonomy":"category","embeddable":true,"href":"https:\/\/sandzakpress.net\/arhiva\/wp-json\/wp\/v2\/categories?post=164915"},{"taxonomy":"post_tag","embeddable":true,"href":"https:\/\/sandzakpress.net\/arhiva\/wp-json\/wp\/v2\/tags?post=164915"}],"curies":[{"name":"wp","href":"https:\/\/api.w.org\/{rel}","templated":true}]}}