{"id":16475,"date":"2011-05-19T11:38:55","date_gmt":"2011-05-19T09:38:55","guid":{"rendered":"https:\/\/sandzakpress.net\/arhiva\/?p=16475"},"modified":"2011-05-19T11:38:55","modified_gmt":"2011-05-19T09:38:55","slug":"sad-uvele-sankcije-sirijskom-predsjedniku-basaru-al-asadu","status":"publish","type":"post","link":"https:\/\/sandzakpress.net\/arhiva\/sad-uvele-sankcije-sirijskom-predsjedniku-basaru-al-asadu\/","title":{"rendered":"SAD uvele sankcije sirijskom predsjedniku Ba\u0161aru al Asadu"},"content":{"rendered":"<p><strong><a href=\"https:\/\/sandzakpress.net\/arhiva\/wp-content\/uploads\/2011\/05\/2327b57ca49c0c93dfea48def1eef1fd.jpg\"><img loading=\"lazy\" decoding=\"async\" class=\"alignleft size-full wp-image-16476\" src=\"https:\/\/sandzakpress.net\/arhiva\/wp-content\/uploads\/2011\/05\/2327b57ca49c0c93dfea48def1eef1fd.jpg\" alt=\"\" width=\"180\" height=\"220\" \/><\/a>Sirija\u00a0 &#8211; SAD su danas uvele sankcije sirijskom predsjedniku Ba\u0161aru al Asadu i  \u0161estorici njegovih saradnika zbog kr\u0161enja ljudskih prava, \u010dime se ja\u010da  pritisak na sirijske vlasti povodom akcija protiv demonstanata.<\/strong><\/p>\n<p>Komentatori smatraju da bi ovaj potez mogao da bude uvod u zahtjev Zapada da se Asad povu\u010de sa vlasti.<\/p>\n<p>Sirijski aktivisti tvrde da je najmanje 700 civila ubijeno u sukobima  snaga bezbjednosti i demonstranata u posljednja dva mjeseca. Protesti u  Siriji po\u010deli su poslije ru\u0161enja re\u017eima u narodnim ustancima u Tunisu i  Egiptu.<\/p>\n<p>Uvo\u0111enje sankcija objavilo je ameri\u010dko Ministarstvo finansija.  Washington je zamrznuo svu imovinu sirijskih zvani\u010dnika koja je pod  ameri\u010dkom jurisdikcijom i zabranio ameri\u010dkim kompanijama da posluju sa  njima.<\/p>\n<p>Pored predsjednika Asada, na listi sankcionisanih lica su  potpredsjednik Faruk al \u0160ara, premijer Adel Safar, ministar unutra\u0161njih  poslova Mohamad Ibrahim al \u0160ar, ministar odbrane Ali Habib, \u0161ef vojne  obavje\u0161tajne slu\u017ebe Abdul Fatah Kudsija i direktor  politi\u010dko-ebzbjednosne direkcije Mohamed Dib Zajtun.<\/p>\n<p>&#8220;Predsjednik Asad i njegov re\u017eim moraju odmah da obustave upotrebu  nasilja, odgovore na zahtjeve sirijskog naroda i formiraju  reprezentativniju vlast, kao i da sprovedu svrsishodne demokratske  reforme&#8221;, saop\u0161tio je David Koen, vr\u0161ilac du\u017enosti podsekretara ameri\u010dke  Obavje\u0161tajne slu\u017ebe za terorizam i finansije.<\/p>\n<p>Evropske zemlje postigle su ju\u010de dogovor o poo\u0161travanju sankcija  protiv sirijskog rukovodstva, ali su rekle da \u0107e sljede\u0107e sedmice  odlu\u010divati o tome da li da na listu stave i Asada.<\/p>\n<p>Izvor: <strong>IslamBosna.ba<\/strong><\/p>\n","protected":false},"excerpt":{"rendered":"<p>Sirija\u00a0 &#8211; SAD su danas uvele sankcije sirijskom predsjedniku Ba\u0161aru al Asadu i \u0161estorici njegovih saradnika zbog kr\u0161enja ljudskih prava, \u010dime se ja\u010da pritisak na sirijske vlasti povodom akcija protiv demonstanata. Komentatori smatraju da bi ovaj potez mogao da bude uvod u zahtjev Zapada da se Asad povu\u010de sa vlasti. Sirijski aktivisti tvrde da je [&hellip;]<\/p>\n","protected":false},"author":13,"featured_media":16476,"comment_status":"open","ping_status":"open","sticky":false,"template":"","format":"standard","meta":{"footnotes":""},"categories":[9],"tags":[],"class_list":{"0":"post-16475","1":"post","2":"type-post","3":"status-publish","4":"format-standard","5":"has-post-thumbnail","7":"category-svijet"},"yoast_head":"<!-- This site is optimized with the Yoast SEO Premium plugin v23.1 (Yoast SEO v24.9) - https:\/\/yoast.com\/wordpress\/plugins\/seo\/ -->\n<title>SAD uvele sankcije sirijskom predsjedniku Ba\u0161aru al Asadu<\/title>\n<meta name=\"robots\" content=\"index, follow, max-snippet:-1, max-image-preview:large, max-video-preview:-1\" \/>\n<link rel=\"canonical\" href=\"https:\/\/sandzakpress.net\/arhiva\/sad-uvele-sankcije-sirijskom-predsjedniku-basaru-al-asadu\/\" \/>\n<meta property=\"og:locale\" content=\"bs_BA\" \/>\n<meta property=\"og:type\" content=\"article\" \/>\n<meta property=\"og:title\" content=\"SAD uvele sankcije sirijskom predsjedniku Ba\u0161aru al Asadu\" \/>\n<meta property=\"og:description\" content=\"Sirija\u00a0 &#8211; SAD su danas uvele sankcije sirijskom predsjedniku Ba\u0161aru al Asadu i \u0161estorici njegovih saradnika zbog kr\u0161enja ljudskih prava, \u010dime se ja\u010da pritisak na sirijske vlasti povodom akcija protiv demonstanata. Komentatori smatraju da bi ovaj potez mogao da bude uvod u zahtjev Zapada da se Asad povu\u010de sa vlasti. Sirijski aktivisti tvrde da je [&hellip;]\" \/>\n<meta property=\"og:url\" content=\"https:\/\/sandzakpress.net\/arhiva\/sad-uvele-sankcije-sirijskom-predsjedniku-basaru-al-asadu\/\" \/>\n<meta property=\"og:site_name\" content=\"Sand\u017eak PRESS\" \/>\n<meta property=\"article:published_time\" content=\"2011-05-19T09:38:55+00:00\" \/>\n<meta property=\"og:image\" content=\"https:\/\/sandzakpress.net\/arhiva\/wp-content\/uploads\/2011\/05\/2327b57ca49c0c93dfea48def1eef1fd.jpg\" \/>\n\t<meta property=\"og:image:width\" content=\"180\" \/>\n\t<meta property=\"og:image:height\" content=\"220\" \/>\n\t<meta property=\"og:image:type\" content=\"image\/jpeg\" \/>\n<meta name=\"twitter:card\" content=\"summary_large_image\" \/>\n<meta name=\"twitter:label1\" content=\"Written by\" \/>\n\t<meta name=\"twitter:data1\" content=\"\" \/>\n\t<meta name=\"twitter:label2\" content=\"Est. reading time\" \/>\n\t<meta name=\"twitter:data2\" content=\"1 minuta\" \/>\n<script type=\"application\/ld+json\" class=\"yoast-schema-graph\">{\"@context\":\"https:\/\/schema.org\",\"@graph\":[{\"@type\":\"Article\",\"@id\":\"https:\/\/sandzakpress.net\/arhiva\/sad-uvele-sankcije-sirijskom-predsjedniku-basaru-al-asadu\/#article\",\"isPartOf\":{\"@id\":\"https:\/\/sandzakpress.net\/arhiva\/sad-uvele-sankcije-sirijskom-predsjedniku-basaru-al-asadu\/\"},\"author\":{\"name\":\"\",\"@id\":\"\"},\"headline\":\"SAD uvele sankcije sirijskom predsjedniku Ba\u0161aru al Asadu\",\"datePublished\":\"2011-05-19T09:38:55+00:00\",\"mainEntityOfPage\":{\"@id\":\"https:\/\/sandzakpress.net\/arhiva\/sad-uvele-sankcije-sirijskom-predsjedniku-basaru-al-asadu\/\"},\"wordCount\":260,\"commentCount\":1,\"publisher\":{\"@id\":\"https:\/\/sandzakpress.net\/arhiva\/#\/schema\/person\/6e72b67d6e51910a1117b3b483ba20bd\"},\"image\":{\"@id\":\"https:\/\/sandzakpress.net\/arhiva\/sad-uvele-sankcije-sirijskom-predsjedniku-basaru-al-asadu\/#primaryimage\"},\"thumbnailUrl\":\"https:\/\/sandzakpress.net\/arhiva\/wp-content\/uploads\/2011\/05\/2327b57ca49c0c93dfea48def1eef1fd.jpg\",\"articleSection\":[\"Svijet\"],\"inLanguage\":\"bs-BA\",\"potentialAction\":[{\"@type\":\"CommentAction\",\"name\":\"Comment\",\"target\":[\"https:\/\/sandzakpress.net\/arhiva\/sad-uvele-sankcije-sirijskom-predsjedniku-basaru-al-asadu\/#respond\"]}]},{\"@type\":\"WebPage\",\"@id\":\"https:\/\/sandzakpress.net\/arhiva\/sad-uvele-sankcije-sirijskom-predsjedniku-basaru-al-asadu\/\",\"url\":\"https:\/\/sandzakpress.net\/arhiva\/sad-uvele-sankcije-sirijskom-predsjedniku-basaru-al-asadu\/\",\"name\":\"SAD uvele sankcije sirijskom predsjedniku Ba\u0161aru al Asadu\",\"isPartOf\":{\"@id\":\"https:\/\/sandzakpress.net\/arhiva\/#website\"},\"primaryImageOfPage\":{\"@id\":\"https:\/\/sandzakpress.net\/arhiva\/sad-uvele-sankcije-sirijskom-predsjedniku-basaru-al-asadu\/#primaryimage\"},\"image\":{\"@id\":\"https:\/\/sandzakpress.net\/arhiva\/sad-uvele-sankcije-sirijskom-predsjedniku-basaru-al-asadu\/#primaryimage\"},\"thumbnailUrl\":\"https:\/\/sandzakpress.net\/arhiva\/wp-content\/uploads\/2011\/05\/2327b57ca49c0c93dfea48def1eef1fd.jpg\",\"datePublished\":\"2011-05-19T09:38:55+00:00\",\"breadcrumb\":{\"@id\":\"https:\/\/sandzakpress.net\/arhiva\/sad-uvele-sankcije-sirijskom-predsjedniku-basaru-al-asadu\/#breadcrumb\"},\"inLanguage\":\"bs-BA\",\"potentialAction\":[{\"@type\":\"ReadAction\",\"target\":[\"https:\/\/sandzakpress.net\/arhiva\/sad-uvele-sankcije-sirijskom-predsjedniku-basaru-al-asadu\/\"]}]},{\"@type\":\"ImageObject\",\"inLanguage\":\"bs-BA\",\"@id\":\"https:\/\/sandzakpress.net\/arhiva\/sad-uvele-sankcije-sirijskom-predsjedniku-basaru-al-asadu\/#primaryimage\",\"url\":\"https:\/\/sandzakpress.net\/arhiva\/wp-content\/uploads\/2011\/05\/2327b57ca49c0c93dfea48def1eef1fd.jpg\",\"contentUrl\":\"https:\/\/sandzakpress.net\/arhiva\/wp-content\/uploads\/2011\/05\/2327b57ca49c0c93dfea48def1eef1fd.jpg\",\"width\":180,\"height\":220},{\"@type\":\"BreadcrumbList\",\"@id\":\"https:\/\/sandzakpress.net\/arhiva\/sad-uvele-sankcije-sirijskom-predsjedniku-basaru-al-asadu\/#breadcrumb\",\"itemListElement\":[{\"@type\":\"ListItem\",\"position\":1,\"name\":\"Home\",\"item\":\"https:\/\/sandzakpress.net\/arhiva\/\"},{\"@type\":\"ListItem\",\"position\":2,\"name\":\"SAD uvele sankcije sirijskom predsjedniku Ba\u0161aru al Asadu\"}]},{\"@type\":\"WebSite\",\"@id\":\"https:\/\/sandzakpress.net\/arhiva\/#website\",\"url\":\"https:\/\/sandzakpress.net\/arhiva\/\",\"name\":\"Sand\u017eak PRESS\",\"description\":\"Prve elektronske novine u Sand\u017eaku\",\"publisher\":{\"@id\":\"https:\/\/sandzakpress.net\/arhiva\/#\/schema\/person\/6e72b67d6e51910a1117b3b483ba20bd\"},\"potentialAction\":[{\"@type\":\"SearchAction\",\"target\":{\"@type\":\"EntryPoint\",\"urlTemplate\":\"https:\/\/sandzakpress.net\/arhiva\/?s={search_term_string}\"},\"query-input\":{\"@type\":\"PropertyValueSpecification\",\"valueRequired\":true,\"valueName\":\"search_term_string\"}}],\"inLanguage\":\"bs-BA\"},{\"@type\":[\"Person\",\"Organization\"],\"@id\":\"https:\/\/sandzakpress.net\/arhiva\/#\/schema\/person\/6e72b67d6e51910a1117b3b483ba20bd\",\"name\":\"Kul\",\"image\":{\"@type\":\"ImageObject\",\"inLanguage\":\"bs-BA\",\"@id\":\"https:\/\/sandzakpress.net\/arhiva\/#\/schema\/person\/image\/\",\"url\":\"https:\/\/secure.gravatar.com\/avatar\/42263f39aa27ac04c43cab85c280eb2e?s=96&d=mm&r=pg\",\"contentUrl\":\"https:\/\/secure.gravatar.com\/avatar\/42263f39aa27ac04c43cab85c280eb2e?s=96&d=mm&r=pg\",\"caption\":\"Kul\"},\"logo\":{\"@id\":\"https:\/\/sandzakpress.net\/arhiva\/#\/schema\/person\/image\/\"}},{\"@type\":\"Person\",\"@id\":\"\",\"url\":\"https:\/\/sandzakpress.net\/arhiva\/author\/\"}]}<\/script>\n<!-- \/ Yoast SEO Premium plugin. -->","yoast_head_json":{"title":"SAD uvele sankcije sirijskom predsjedniku Ba\u0161aru al Asadu","robots":{"index":"index","follow":"follow","max-snippet":"max-snippet:-1","max-image-preview":"max-image-preview:large","max-video-preview":"max-video-preview:-1"},"canonical":"https:\/\/sandzakpress.net\/arhiva\/sad-uvele-sankcije-sirijskom-predsjedniku-basaru-al-asadu\/","og_locale":"bs_BA","og_type":"article","og_title":"SAD uvele sankcije sirijskom predsjedniku Ba\u0161aru al Asadu","og_description":"Sirija\u00a0 &#8211; SAD su danas uvele sankcije sirijskom predsjedniku Ba\u0161aru al Asadu i \u0161estorici njegovih saradnika zbog kr\u0161enja ljudskih prava, \u010dime se ja\u010da pritisak na sirijske vlasti povodom akcija protiv demonstanata. Komentatori smatraju da bi ovaj potez mogao da bude uvod u zahtjev Zapada da se Asad povu\u010de sa vlasti. Sirijski aktivisti tvrde da je [&hellip;]","og_url":"https:\/\/sandzakpress.net\/arhiva\/sad-uvele-sankcije-sirijskom-predsjedniku-basaru-al-asadu\/","og_site_name":"Sand\u017eak PRESS","article_published_time":"2011-05-19T09:38:55+00:00","og_image":[{"width":180,"height":220,"url":"https:\/\/sandzakpress.net\/arhiva\/wp-content\/uploads\/2011\/05\/2327b57ca49c0c93dfea48def1eef1fd.jpg","type":"image\/jpeg"}],"twitter_card":"summary_large_image","twitter_misc":{"Written by":"","Est. reading time":"1 minuta"},"schema":{"@context":"https:\/\/schema.org","@graph":[{"@type":"Article","@id":"https:\/\/sandzakpress.net\/arhiva\/sad-uvele-sankcije-sirijskom-predsjedniku-basaru-al-asadu\/#article","isPartOf":{"@id":"https:\/\/sandzakpress.net\/arhiva\/sad-uvele-sankcije-sirijskom-predsjedniku-basaru-al-asadu\/"},"author":{"name":"","@id":""},"headline":"SAD uvele sankcije sirijskom predsjedniku Ba\u0161aru al Asadu","datePublished":"2011-05-19T09:38:55+00:00","mainEntityOfPage":{"@id":"https:\/\/sandzakpress.net\/arhiva\/sad-uvele-sankcije-sirijskom-predsjedniku-basaru-al-asadu\/"},"wordCount":260,"commentCount":1,"publisher":{"@id":"https:\/\/sandzakpress.net\/arhiva\/#\/schema\/person\/6e72b67d6e51910a1117b3b483ba20bd"},"image":{"@id":"https:\/\/sandzakpress.net\/arhiva\/sad-uvele-sankcije-sirijskom-predsjedniku-basaru-al-asadu\/#primaryimage"},"thumbnailUrl":"https:\/\/sandzakpress.net\/arhiva\/wp-content\/uploads\/2011\/05\/2327b57ca49c0c93dfea48def1eef1fd.jpg","articleSection":["Svijet"],"inLanguage":"bs-BA","potentialAction":[{"@type":"CommentAction","name":"Comment","target":["https:\/\/sandzakpress.net\/arhiva\/sad-uvele-sankcije-sirijskom-predsjedniku-basaru-al-asadu\/#respond"]}]},{"@type":"WebPage","@id":"https:\/\/sandzakpress.net\/arhiva\/sad-uvele-sankcije-sirijskom-predsjedniku-basaru-al-asadu\/","url":"https:\/\/sandzakpress.net\/arhiva\/sad-uvele-sankcije-sirijskom-predsjedniku-basaru-al-asadu\/","name":"SAD uvele sankcije sirijskom predsjedniku Ba\u0161aru al Asadu","isPartOf":{"@id":"https:\/\/sandzakpress.net\/arhiva\/#website"},"primaryImageOfPage":{"@id":"https:\/\/sandzakpress.net\/arhiva\/sad-uvele-sankcije-sirijskom-predsjedniku-basaru-al-asadu\/#primaryimage"},"image":{"@id":"https:\/\/sandzakpress.net\/arhiva\/sad-uvele-sankcije-sirijskom-predsjedniku-basaru-al-asadu\/#primaryimage"},"thumbnailUrl":"https:\/\/sandzakpress.net\/arhiva\/wp-content\/uploads\/2011\/05\/2327b57ca49c0c93dfea48def1eef1fd.jpg","datePublished":"2011-05-19T09:38:55+00:00","breadcrumb":{"@id":"https:\/\/sandzakpress.net\/arhiva\/sad-uvele-sankcije-sirijskom-predsjedniku-basaru-al-asadu\/#breadcrumb"},"inLanguage":"bs-BA","potentialAction":[{"@type":"ReadAction","target":["https:\/\/sandzakpress.net\/arhiva\/sad-uvele-sankcije-sirijskom-predsjedniku-basaru-al-asadu\/"]}]},{"@type":"ImageObject","inLanguage":"bs-BA","@id":"https:\/\/sandzakpress.net\/arhiva\/sad-uvele-sankcije-sirijskom-predsjedniku-basaru-al-asadu\/#primaryimage","url":"https:\/\/sandzakpress.net\/arhiva\/wp-content\/uploads\/2011\/05\/2327b57ca49c0c93dfea48def1eef1fd.jpg","contentUrl":"https:\/\/sandzakpress.net\/arhiva\/wp-content\/uploads\/2011\/05\/2327b57ca49c0c93dfea48def1eef1fd.jpg","width":180,"height":220},{"@type":"BreadcrumbList","@id":"https:\/\/sandzakpress.net\/arhiva\/sad-uvele-sankcije-sirijskom-predsjedniku-basaru-al-asadu\/#breadcrumb","itemListElement":[{"@type":"ListItem","position":1,"name":"Home","item":"https:\/\/sandzakpress.net\/arhiva\/"},{"@type":"ListItem","position":2,"name":"SAD uvele sankcije sirijskom predsjedniku Ba\u0161aru al Asadu"}]},{"@type":"WebSite","@id":"https:\/\/sandzakpress.net\/arhiva\/#website","url":"https:\/\/sandzakpress.net\/arhiva\/","name":"Sand\u017eak PRESS","description":"Prve elektronske novine u Sand\u017eaku","publisher":{"@id":"https:\/\/sandzakpress.net\/arhiva\/#\/schema\/person\/6e72b67d6e51910a1117b3b483ba20bd"},"potentialAction":[{"@type":"SearchAction","target":{"@type":"EntryPoint","urlTemplate":"https:\/\/sandzakpress.net\/arhiva\/?s={search_term_string}"},"query-input":{"@type":"PropertyValueSpecification","valueRequired":true,"valueName":"search_term_string"}}],"inLanguage":"bs-BA"},{"@type":["Person","Organization"],"@id":"https:\/\/sandzakpress.net\/arhiva\/#\/schema\/person\/6e72b67d6e51910a1117b3b483ba20bd","name":"Kul","image":{"@type":"ImageObject","inLanguage":"bs-BA","@id":"https:\/\/sandzakpress.net\/arhiva\/#\/schema\/person\/image\/","url":"https:\/\/secure.gravatar.com\/avatar\/42263f39aa27ac04c43cab85c280eb2e?s=96&d=mm&r=pg","contentUrl":"https:\/\/secure.gravatar.com\/avatar\/42263f39aa27ac04c43cab85c280eb2e?s=96&d=mm&r=pg","caption":"Kul"},"logo":{"@id":"https:\/\/sandzakpress.net\/arhiva\/#\/schema\/person\/image\/"}},{"@type":"Person","@id":"","url":"https:\/\/sandzakpress.net\/arhiva\/author\/"}]}},"_links":{"self":[{"href":"https:\/\/sandzakpress.net\/arhiva\/wp-json\/wp\/v2\/posts\/16475"}],"collection":[{"href":"https:\/\/sandzakpress.net\/arhiva\/wp-json\/wp\/v2\/posts"}],"about":[{"href":"https:\/\/sandzakpress.net\/arhiva\/wp-json\/wp\/v2\/types\/post"}],"author":[{"embeddable":true,"href":"https:\/\/sandzakpress.net\/arhiva\/wp-json\/wp\/v2\/users\/13"}],"replies":[{"embeddable":true,"href":"https:\/\/sandzakpress.net\/arhiva\/wp-json\/wp\/v2\/comments?post=16475"}],"version-history":[{"count":0,"href":"https:\/\/sandzakpress.net\/arhiva\/wp-json\/wp\/v2\/posts\/16475\/revisions"}],"wp:featuredmedia":[{"embeddable":true,"href":"https:\/\/sandzakpress.net\/arhiva\/wp-json\/wp\/v2\/media\/16476"}],"wp:attachment":[{"href":"https:\/\/sandzakpress.net\/arhiva\/wp-json\/wp\/v2\/media?parent=16475"}],"wp:term":[{"taxonomy":"category","embeddable":true,"href":"https:\/\/sandzakpress.net\/arhiva\/wp-json\/wp\/v2\/categories?post=16475"},{"taxonomy":"post_tag","embeddable":true,"href":"https:\/\/sandzakpress.net\/arhiva\/wp-json\/wp\/v2\/tags?post=16475"}],"curies":[{"name":"wp","href":"https:\/\/api.w.org\/{rel}","templated":true}]}}