{"id":164551,"date":"2016-07-30T14:48:41","date_gmt":"2016-07-30T12:48:41","guid":{"rendered":"https:\/\/sandzakpress.net\/arhiva\/?p=164551"},"modified":"2016-07-30T21:27:22","modified_gmt":"2016-07-30T19:27:22","slug":"bozaj-srbi-tursku-razumeju-bolje-nego-drugi-narodi","status":"publish","type":"post","link":"https:\/\/sandzakpress.net\/arhiva\/bozaj-srbi-tursku-razumeju-bolje-nego-drugi-narodi\/","title":{"rendered":"Bozaj: Srbi Tursku razumiju bolje nego drugi narodi"},"content":{"rendered":"<p><img loading=\"lazy\" decoding=\"async\" class=\"\" src=\"http:\/\/ocdn.eu\/images\/pulscms\/MzI7MDMsMzE0LDAsMCwxOzAzLDFkNiwwLDAsMTswYywxZDc0Y2I0MTcwNTk1MDQzNjYyOWNhYmQ2MDZmNTBmNiwxLDAsNiww\/9beabc0c3795779d2be8af77659516e7.jpg\" alt=\"Mehmet Kemal Bozaj\" width=\"601\" height=\"400\" \/><\/p>\n<p>Ambasador Turske u Srbiji Mehmet Kemal Bozaj poru\u010dio je danas da bi uvo\u0111enje smrtne kazne u toj zemlji, za \u0161ta, kako je rekao, postoji pritisak javnosti, moglo da uti\u010de na odnose sa EU i NATO, ali ne i sa SAD koja je vode\u0107a \u010dlanica Alijanse, a ima smrtnu kaznu.<\/p>\n<p>Bozaj je na tribini o aktuelnim de\u0161avanjima u Turskoj, nakon poku\u0161aja vojnog pu\u010da, rekao da \u0107e volja naroda biti prioritet u dono\u0161enju odluke o smrtnoj kazni jer je, precizirao je, upravo narod borbu za demokratiju u\u010dinio uspje\u0161nom.<\/p>\n<p>Na tribini u organizaciji Instituta za evropske studije, Bozaj je naglasio da Turska sa SAD ima strate\u0161ko partnerstvo i poru\u010dio da njegova zemlja &#8220;ne vjeruje da su SAD stajale ili da \u0107e u budu\u0107nosti stajati iza muslimanskog vjerskog vo\u0111e Fetulaha Gulena&#8221;, kojeg turske vlasti optu\u017euju za neuspjeli poku\u0161aj vojnog pu\u010da.<\/p>\n<p><strong>Turska zasnovana na vrijednostima EU<\/strong><\/p>\n<p>Upitan da li \u0107e se nakon poku\u0161aja vojnog pu\u010da promijeniti geopoliti\u010dka pozicija Turske, Bozaj je odgovorio da je Turska pouzdan partner i da je njen predsjednik Red\u017eep Tajip Erdogan rekao da \u0107e se ta zemlja odnositi sa po\u0161tovanjem prema obavezama prema EU podrazumjevaju\u0107i da \u0107e i druga strana ispuniti svoje obaveze.<\/p>\n<p>&#8211; Turska dr\u017eava zasnovana je na univerzalnim vrijednostima na kojima zasnovana i EU. Zbog toga bi Turska i Srbija \u017eeljele da budu \u010dlanice EU, ali ove univerzalne vrijednosti nisu stvar monopola bilo koje institucije. Mi nismo vezani za ove vrijednosti zbog toga \u0161to je to proboj ka EU ve\u0107 jer \u017eelimo da budemo savremena demokratska dr\u017eava, poput onoga \u0161to danas Turska jeste i \u0161to je i Srbija &#8211; rekao je Bozaj.<\/p>\n<p><strong>\u010cistimo virus u turskom dru\u0161tvu<\/strong><\/p>\n<p>Bozaj je ocijenio da je poku\u0161aj vojnog pu\u010da usmjeren protiv jedinstva i integriteta Turske i poru\u010dio da ta zemlja &#8220;nikome ne\u0107e dozvoliti da otme sekularnu demokratsku dr\u017eavu od turskog naroda&#8221;.<\/p>\n<p>&#8211; Bi\u0107e potrebno vrijeme, ali \u0107e Turska pre\u017eivjeti jer \u010distimo virus, \u010distimo maligne \u0107elije turskog dru\u0161tva, ali kao i rak ovaj virus je zahvatio vi\u0161e organa, odnosno nalazi se na vi\u0161e mjesta nego \u0161to smo o\u010dekivali. Mi \u0107emo, ipak, uspjeti i iza\u0107i ja\u010di iz ove krize &#8211; poru\u010dio je Bozaj.<\/p>\n<p>Mogu, kako je rekao, postojati razli\u010diti pogledi i razli\u010dite partije, ali se turski narod u te\u0161kim vremenima ujedinuje.<\/p>\n<p>&#8211; Srbi znaju to dobro jer su takav narod. Srpski narod mo\u017ee da nas razumije bolje nego drugi narodi &#8211; ocijenio je Bozaj i istakao da su gra\u0111ani Srbije u Turskoj u vremenu vanrednog stanja bezbjedni.<\/p>\n<p><strong>Pu\u010d je bio iznena\u0111enje<\/strong><\/p>\n<p>Turski amabasador rekao je da je poku\u0161aj dr\u017eavnog udara bio iznena\u0111enje jer se prvi put u historiji &#8220;Gulenova mre\u017ea ma\u0161ila oru\u017eja&#8221;.<\/p>\n<p>Podsjetio je da je Turska objavila vanredno stanje kako bi iza\u0161la na kraj sa aktuelnom krizom i istakao da turski narod shvata da su &#8220;vladavina prava i demokratija vrijednosti koje treba da ostanu iza svega ovoga&#8221;.<\/p>\n<p>&#8211; U\u010dini\u0107emo sve \u0161to je u na\u0161oj mo\u0107i kako bismo iza\u0161li na kraj sa ovim vanrednim stanjem &#8211; poru\u010dio je Bozaj.<\/p>\n<p>Upitan \u0161ta \u0107e se dogoditi sa \u0161kolama Gulenovog pokreta Hizmet, Bozaj je odgovorio da pojedine zemlje, poput Azerbejd\u017eana i Jordana, ve\u0107 zatvaraju i nacionalizuju te \u0161kole.<\/p>\n<p>&#8211; Mi smo oni koji stradali zbog djelovanja ovakvih \u0161kola, odnosno pripreme njihovih studenata kao sredstva politi\u010dke borbe. Jasno je da ove \u0161kole nisu samo opasnost za Tursku ve\u0107 i za dr\u017eave u kojima se nalaze &#8211; rekao je Bozaj.<\/p>\n<p>(blic.rs)<\/p>\n","protected":false},"excerpt":{"rendered":"<p>Ambasador Turske u Srbiji Mehmet Kemal Bozaj poru\u010dio je danas da bi uvo\u0111enje smrtne kazne u toj zemlji, za \u0161ta, kako je rekao, postoji pritisak javnosti, moglo da uti\u010de na odnose sa EU i NATO, ali ne i sa SAD koja je vode\u0107a \u010dlanica Alijanse, a ima smrtnu kaznu. Bozaj je na tribini o aktuelnim [&hellip;]<\/p>\n","protected":false},"author":509,"featured_media":164555,"comment_status":"open","ping_status":"open","sticky":false,"template":"","format":"standard","meta":{"footnotes":""},"categories":[9,8957,798,2692],"tags":[],"class_list":{"0":"post-164551","1":"post","2":"type-post","3":"status-publish","4":"format-standard","5":"has-post-thumbnail","7":"category-svijet","8":"category-vijesti-dana","9":"category-teme","10":"category-turska-gradovi"},"yoast_head":"<!-- This site is optimized with the Yoast SEO Premium plugin v23.1 (Yoast SEO v24.9) - https:\/\/yoast.com\/wordpress\/plugins\/seo\/ -->\n<title>Bozaj: Srbi Tursku razumiju bolje nego drugi narodi<\/title>\n<meta name=\"robots\" content=\"index, follow, max-snippet:-1, max-image-preview:large, max-video-preview:-1\" \/>\n<link rel=\"canonical\" href=\"https:\/\/sandzakpress.net\/arhiva\/bozaj-srbi-tursku-razumeju-bolje-nego-drugi-narodi\/\" \/>\n<meta property=\"og:locale\" content=\"bs_BA\" \/>\n<meta property=\"og:type\" content=\"article\" \/>\n<meta property=\"og:title\" content=\"Bozaj: Srbi Tursku razumiju bolje nego drugi narodi\" \/>\n<meta property=\"og:description\" content=\"Ambasador Turske u Srbiji Mehmet Kemal Bozaj poru\u010dio je danas da bi uvo\u0111enje smrtne kazne u toj zemlji, za \u0161ta, kako je rekao, postoji pritisak javnosti, moglo da uti\u010de na odnose sa EU i NATO, ali ne i sa SAD koja je vode\u0107a \u010dlanica Alijanse, a ima smrtnu kaznu. Bozaj je na tribini o aktuelnim [&hellip;]\" \/>\n<meta property=\"og:url\" content=\"https:\/\/sandzakpress.net\/arhiva\/bozaj-srbi-tursku-razumeju-bolje-nego-drugi-narodi\/\" \/>\n<meta property=\"og:site_name\" content=\"Sand\u017eak PRESS\" \/>\n<meta property=\"article:published_time\" content=\"2016-07-30T12:48:41+00:00\" \/>\n<meta property=\"article:modified_time\" content=\"2016-07-30T19:27:22+00:00\" \/>\n<meta property=\"og:image\" content=\"https:\/\/sandzakpress.net\/arhiva\/wp-content\/uploads\/2016\/07\/9beabc0c3795779d2be8af77659516e7.jpg\" \/>\n\t<meta property=\"og:image:width\" content=\"470\" \/>\n\t<meta property=\"og:image:height\" content=\"313\" \/>\n\t<meta property=\"og:image:type\" content=\"image\/jpeg\" \/>\n<meta name=\"author\" content=\"Agencija\" \/>\n<meta name=\"twitter:card\" content=\"summary_large_image\" \/>\n<meta name=\"twitter:label1\" content=\"Written by\" \/>\n\t<meta name=\"twitter:data1\" content=\"Agencija\" \/>\n\t<meta name=\"twitter:label2\" content=\"Est. reading time\" \/>\n\t<meta name=\"twitter:data2\" content=\"3 minute\" \/>\n<script type=\"application\/ld+json\" class=\"yoast-schema-graph\">{\"@context\":\"https:\/\/schema.org\",\"@graph\":[{\"@type\":\"Article\",\"@id\":\"https:\/\/sandzakpress.net\/arhiva\/bozaj-srbi-tursku-razumeju-bolje-nego-drugi-narodi\/#article\",\"isPartOf\":{\"@id\":\"https:\/\/sandzakpress.net\/arhiva\/bozaj-srbi-tursku-razumeju-bolje-nego-drugi-narodi\/\"},\"author\":{\"name\":\"Agencija\",\"@id\":\"https:\/\/sandzakpress.net\/arhiva\/#\/schema\/person\/cb59d7e3ab91ab90dd680ad0305a6185\"},\"headline\":\"Bozaj: Srbi Tursku razumiju bolje nego drugi narodi\",\"datePublished\":\"2016-07-30T12:48:41+00:00\",\"dateModified\":\"2016-07-30T19:27:22+00:00\",\"mainEntityOfPage\":{\"@id\":\"https:\/\/sandzakpress.net\/arhiva\/bozaj-srbi-tursku-razumeju-bolje-nego-drugi-narodi\/\"},\"wordCount\":622,\"commentCount\":23,\"publisher\":{\"@id\":\"https:\/\/sandzakpress.net\/arhiva\/#\/schema\/person\/6e72b67d6e51910a1117b3b483ba20bd\"},\"image\":{\"@id\":\"https:\/\/sandzakpress.net\/arhiva\/bozaj-srbi-tursku-razumeju-bolje-nego-drugi-narodi\/#primaryimage\"},\"thumbnailUrl\":\"https:\/\/sandzakpress.net\/arhiva\/wp-content\/uploads\/2016\/07\/9beabc0c3795779d2be8af77659516e7.jpg\",\"articleSection\":[\"Svijet\",\"VIJESTI DANA\",\"NAJNOVIJE\",\"Turska\"],\"inLanguage\":\"bs-BA\",\"potentialAction\":[{\"@type\":\"CommentAction\",\"name\":\"Comment\",\"target\":[\"https:\/\/sandzakpress.net\/arhiva\/bozaj-srbi-tursku-razumeju-bolje-nego-drugi-narodi\/#respond\"]}]},{\"@type\":\"WebPage\",\"@id\":\"https:\/\/sandzakpress.net\/arhiva\/bozaj-srbi-tursku-razumeju-bolje-nego-drugi-narodi\/\",\"url\":\"https:\/\/sandzakpress.net\/arhiva\/bozaj-srbi-tursku-razumeju-bolje-nego-drugi-narodi\/\",\"name\":\"Bozaj: Srbi Tursku razumiju bolje nego drugi narodi\",\"isPartOf\":{\"@id\":\"https:\/\/sandzakpress.net\/arhiva\/#website\"},\"primaryImageOfPage\":{\"@id\":\"https:\/\/sandzakpress.net\/arhiva\/bozaj-srbi-tursku-razumeju-bolje-nego-drugi-narodi\/#primaryimage\"},\"image\":{\"@id\":\"https:\/\/sandzakpress.net\/arhiva\/bozaj-srbi-tursku-razumeju-bolje-nego-drugi-narodi\/#primaryimage\"},\"thumbnailUrl\":\"https:\/\/sandzakpress.net\/arhiva\/wp-content\/uploads\/2016\/07\/9beabc0c3795779d2be8af77659516e7.jpg\",\"datePublished\":\"2016-07-30T12:48:41+00:00\",\"dateModified\":\"2016-07-30T19:27:22+00:00\",\"breadcrumb\":{\"@id\":\"https:\/\/sandzakpress.net\/arhiva\/bozaj-srbi-tursku-razumeju-bolje-nego-drugi-narodi\/#breadcrumb\"},\"inLanguage\":\"bs-BA\",\"potentialAction\":[{\"@type\":\"ReadAction\",\"target\":[\"https:\/\/sandzakpress.net\/arhiva\/bozaj-srbi-tursku-razumeju-bolje-nego-drugi-narodi\/\"]}]},{\"@type\":\"ImageObject\",\"inLanguage\":\"bs-BA\",\"@id\":\"https:\/\/sandzakpress.net\/arhiva\/bozaj-srbi-tursku-razumeju-bolje-nego-drugi-narodi\/#primaryimage\",\"url\":\"https:\/\/sandzakpress.net\/arhiva\/wp-content\/uploads\/2016\/07\/9beabc0c3795779d2be8af77659516e7.jpg\",\"contentUrl\":\"https:\/\/sandzakpress.net\/arhiva\/wp-content\/uploads\/2016\/07\/9beabc0c3795779d2be8af77659516e7.jpg\",\"width\":470,\"height\":313},{\"@type\":\"BreadcrumbList\",\"@id\":\"https:\/\/sandzakpress.net\/arhiva\/bozaj-srbi-tursku-razumeju-bolje-nego-drugi-narodi\/#breadcrumb\",\"itemListElement\":[{\"@type\":\"ListItem\",\"position\":1,\"name\":\"Home\",\"item\":\"https:\/\/sandzakpress.net\/arhiva\/\"},{\"@type\":\"ListItem\",\"position\":2,\"name\":\"Bozaj: Srbi Tursku razumiju bolje nego drugi narodi\"}]},{\"@type\":\"WebSite\",\"@id\":\"https:\/\/sandzakpress.net\/arhiva\/#website\",\"url\":\"https:\/\/sandzakpress.net\/arhiva\/\",\"name\":\"Sand\u017eak PRESS\",\"description\":\"Prve elektronske novine u Sand\u017eaku\",\"publisher\":{\"@id\":\"https:\/\/sandzakpress.net\/arhiva\/#\/schema\/person\/6e72b67d6e51910a1117b3b483ba20bd\"},\"potentialAction\":[{\"@type\":\"SearchAction\",\"target\":{\"@type\":\"EntryPoint\",\"urlTemplate\":\"https:\/\/sandzakpress.net\/arhiva\/?s={search_term_string}\"},\"query-input\":{\"@type\":\"PropertyValueSpecification\",\"valueRequired\":true,\"valueName\":\"search_term_string\"}}],\"inLanguage\":\"bs-BA\"},{\"@type\":[\"Person\",\"Organization\"],\"@id\":\"https:\/\/sandzakpress.net\/arhiva\/#\/schema\/person\/6e72b67d6e51910a1117b3b483ba20bd\",\"name\":\"Kul\",\"image\":{\"@type\":\"ImageObject\",\"inLanguage\":\"bs-BA\",\"@id\":\"https:\/\/sandzakpress.net\/arhiva\/#\/schema\/person\/image\/\",\"url\":\"https:\/\/secure.gravatar.com\/avatar\/42263f39aa27ac04c43cab85c280eb2e?s=96&d=mm&r=pg\",\"contentUrl\":\"https:\/\/secure.gravatar.com\/avatar\/42263f39aa27ac04c43cab85c280eb2e?s=96&d=mm&r=pg\",\"caption\":\"Kul\"},\"logo\":{\"@id\":\"https:\/\/sandzakpress.net\/arhiva\/#\/schema\/person\/image\/\"}},{\"@type\":\"Person\",\"@id\":\"https:\/\/sandzakpress.net\/arhiva\/#\/schema\/person\/cb59d7e3ab91ab90dd680ad0305a6185\",\"name\":\"Agencija\",\"image\":{\"@type\":\"ImageObject\",\"inLanguage\":\"bs-BA\",\"@id\":\"https:\/\/sandzakpress.net\/arhiva\/#\/schema\/person\/image\/\",\"url\":\"https:\/\/secure.gravatar.com\/avatar\/4b7fafa80a22f0c2afe23966b3961fe0?s=96&d=mm&r=pg\",\"contentUrl\":\"https:\/\/secure.gravatar.com\/avatar\/4b7fafa80a22f0c2afe23966b3961fe0?s=96&d=mm&r=pg\",\"caption\":\"Agencija\"},\"url\":\"https:\/\/sandzakpress.net\/arhiva\/author\/agencija\/\"}]}<\/script>\n<!-- \/ Yoast SEO Premium plugin. -->","yoast_head_json":{"title":"Bozaj: Srbi Tursku razumiju bolje nego drugi narodi","robots":{"index":"index","follow":"follow","max-snippet":"max-snippet:-1","max-image-preview":"max-image-preview:large","max-video-preview":"max-video-preview:-1"},"canonical":"https:\/\/sandzakpress.net\/arhiva\/bozaj-srbi-tursku-razumeju-bolje-nego-drugi-narodi\/","og_locale":"bs_BA","og_type":"article","og_title":"Bozaj: Srbi Tursku razumiju bolje nego drugi narodi","og_description":"Ambasador Turske u Srbiji Mehmet Kemal Bozaj poru\u010dio je danas da bi uvo\u0111enje smrtne kazne u toj zemlji, za \u0161ta, kako je rekao, postoji pritisak javnosti, moglo da uti\u010de na odnose sa EU i NATO, ali ne i sa SAD koja je vode\u0107a \u010dlanica Alijanse, a ima smrtnu kaznu. Bozaj je na tribini o aktuelnim [&hellip;]","og_url":"https:\/\/sandzakpress.net\/arhiva\/bozaj-srbi-tursku-razumeju-bolje-nego-drugi-narodi\/","og_site_name":"Sand\u017eak PRESS","article_published_time":"2016-07-30T12:48:41+00:00","article_modified_time":"2016-07-30T19:27:22+00:00","og_image":[{"width":470,"height":313,"url":"https:\/\/sandzakpress.net\/arhiva\/wp-content\/uploads\/2016\/07\/9beabc0c3795779d2be8af77659516e7.jpg","type":"image\/jpeg"}],"author":"Agencija","twitter_card":"summary_large_image","twitter_misc":{"Written by":"Agencija","Est. reading time":"3 minute"},"schema":{"@context":"https:\/\/schema.org","@graph":[{"@type":"Article","@id":"https:\/\/sandzakpress.net\/arhiva\/bozaj-srbi-tursku-razumeju-bolje-nego-drugi-narodi\/#article","isPartOf":{"@id":"https:\/\/sandzakpress.net\/arhiva\/bozaj-srbi-tursku-razumeju-bolje-nego-drugi-narodi\/"},"author":{"name":"Agencija","@id":"https:\/\/sandzakpress.net\/arhiva\/#\/schema\/person\/cb59d7e3ab91ab90dd680ad0305a6185"},"headline":"Bozaj: Srbi Tursku razumiju bolje nego drugi narodi","datePublished":"2016-07-30T12:48:41+00:00","dateModified":"2016-07-30T19:27:22+00:00","mainEntityOfPage":{"@id":"https:\/\/sandzakpress.net\/arhiva\/bozaj-srbi-tursku-razumeju-bolje-nego-drugi-narodi\/"},"wordCount":622,"commentCount":23,"publisher":{"@id":"https:\/\/sandzakpress.net\/arhiva\/#\/schema\/person\/6e72b67d6e51910a1117b3b483ba20bd"},"image":{"@id":"https:\/\/sandzakpress.net\/arhiva\/bozaj-srbi-tursku-razumeju-bolje-nego-drugi-narodi\/#primaryimage"},"thumbnailUrl":"https:\/\/sandzakpress.net\/arhiva\/wp-content\/uploads\/2016\/07\/9beabc0c3795779d2be8af77659516e7.jpg","articleSection":["Svijet","VIJESTI DANA","NAJNOVIJE","Turska"],"inLanguage":"bs-BA","potentialAction":[{"@type":"CommentAction","name":"Comment","target":["https:\/\/sandzakpress.net\/arhiva\/bozaj-srbi-tursku-razumeju-bolje-nego-drugi-narodi\/#respond"]}]},{"@type":"WebPage","@id":"https:\/\/sandzakpress.net\/arhiva\/bozaj-srbi-tursku-razumeju-bolje-nego-drugi-narodi\/","url":"https:\/\/sandzakpress.net\/arhiva\/bozaj-srbi-tursku-razumeju-bolje-nego-drugi-narodi\/","name":"Bozaj: Srbi Tursku razumiju bolje nego drugi narodi","isPartOf":{"@id":"https:\/\/sandzakpress.net\/arhiva\/#website"},"primaryImageOfPage":{"@id":"https:\/\/sandzakpress.net\/arhiva\/bozaj-srbi-tursku-razumeju-bolje-nego-drugi-narodi\/#primaryimage"},"image":{"@id":"https:\/\/sandzakpress.net\/arhiva\/bozaj-srbi-tursku-razumeju-bolje-nego-drugi-narodi\/#primaryimage"},"thumbnailUrl":"https:\/\/sandzakpress.net\/arhiva\/wp-content\/uploads\/2016\/07\/9beabc0c3795779d2be8af77659516e7.jpg","datePublished":"2016-07-30T12:48:41+00:00","dateModified":"2016-07-30T19:27:22+00:00","breadcrumb":{"@id":"https:\/\/sandzakpress.net\/arhiva\/bozaj-srbi-tursku-razumeju-bolje-nego-drugi-narodi\/#breadcrumb"},"inLanguage":"bs-BA","potentialAction":[{"@type":"ReadAction","target":["https:\/\/sandzakpress.net\/arhiva\/bozaj-srbi-tursku-razumeju-bolje-nego-drugi-narodi\/"]}]},{"@type":"ImageObject","inLanguage":"bs-BA","@id":"https:\/\/sandzakpress.net\/arhiva\/bozaj-srbi-tursku-razumeju-bolje-nego-drugi-narodi\/#primaryimage","url":"https:\/\/sandzakpress.net\/arhiva\/wp-content\/uploads\/2016\/07\/9beabc0c3795779d2be8af77659516e7.jpg","contentUrl":"https:\/\/sandzakpress.net\/arhiva\/wp-content\/uploads\/2016\/07\/9beabc0c3795779d2be8af77659516e7.jpg","width":470,"height":313},{"@type":"BreadcrumbList","@id":"https:\/\/sandzakpress.net\/arhiva\/bozaj-srbi-tursku-razumeju-bolje-nego-drugi-narodi\/#breadcrumb","itemListElement":[{"@type":"ListItem","position":1,"name":"Home","item":"https:\/\/sandzakpress.net\/arhiva\/"},{"@type":"ListItem","position":2,"name":"Bozaj: Srbi Tursku razumiju bolje nego drugi narodi"}]},{"@type":"WebSite","@id":"https:\/\/sandzakpress.net\/arhiva\/#website","url":"https:\/\/sandzakpress.net\/arhiva\/","name":"Sand\u017eak PRESS","description":"Prve elektronske novine u Sand\u017eaku","publisher":{"@id":"https:\/\/sandzakpress.net\/arhiva\/#\/schema\/person\/6e72b67d6e51910a1117b3b483ba20bd"},"potentialAction":[{"@type":"SearchAction","target":{"@type":"EntryPoint","urlTemplate":"https:\/\/sandzakpress.net\/arhiva\/?s={search_term_string}"},"query-input":{"@type":"PropertyValueSpecification","valueRequired":true,"valueName":"search_term_string"}}],"inLanguage":"bs-BA"},{"@type":["Person","Organization"],"@id":"https:\/\/sandzakpress.net\/arhiva\/#\/schema\/person\/6e72b67d6e51910a1117b3b483ba20bd","name":"Kul","image":{"@type":"ImageObject","inLanguage":"bs-BA","@id":"https:\/\/sandzakpress.net\/arhiva\/#\/schema\/person\/image\/","url":"https:\/\/secure.gravatar.com\/avatar\/42263f39aa27ac04c43cab85c280eb2e?s=96&d=mm&r=pg","contentUrl":"https:\/\/secure.gravatar.com\/avatar\/42263f39aa27ac04c43cab85c280eb2e?s=96&d=mm&r=pg","caption":"Kul"},"logo":{"@id":"https:\/\/sandzakpress.net\/arhiva\/#\/schema\/person\/image\/"}},{"@type":"Person","@id":"https:\/\/sandzakpress.net\/arhiva\/#\/schema\/person\/cb59d7e3ab91ab90dd680ad0305a6185","name":"Agencija","image":{"@type":"ImageObject","inLanguage":"bs-BA","@id":"https:\/\/sandzakpress.net\/arhiva\/#\/schema\/person\/image\/","url":"https:\/\/secure.gravatar.com\/avatar\/4b7fafa80a22f0c2afe23966b3961fe0?s=96&d=mm&r=pg","contentUrl":"https:\/\/secure.gravatar.com\/avatar\/4b7fafa80a22f0c2afe23966b3961fe0?s=96&d=mm&r=pg","caption":"Agencija"},"url":"https:\/\/sandzakpress.net\/arhiva\/author\/agencija\/"}]}},"_links":{"self":[{"href":"https:\/\/sandzakpress.net\/arhiva\/wp-json\/wp\/v2\/posts\/164551"}],"collection":[{"href":"https:\/\/sandzakpress.net\/arhiva\/wp-json\/wp\/v2\/posts"}],"about":[{"href":"https:\/\/sandzakpress.net\/arhiva\/wp-json\/wp\/v2\/types\/post"}],"author":[{"embeddable":true,"href":"https:\/\/sandzakpress.net\/arhiva\/wp-json\/wp\/v2\/users\/509"}],"replies":[{"embeddable":true,"href":"https:\/\/sandzakpress.net\/arhiva\/wp-json\/wp\/v2\/comments?post=164551"}],"version-history":[{"count":0,"href":"https:\/\/sandzakpress.net\/arhiva\/wp-json\/wp\/v2\/posts\/164551\/revisions"}],"wp:featuredmedia":[{"embeddable":true,"href":"https:\/\/sandzakpress.net\/arhiva\/wp-json\/wp\/v2\/media\/164555"}],"wp:attachment":[{"href":"https:\/\/sandzakpress.net\/arhiva\/wp-json\/wp\/v2\/media?parent=164551"}],"wp:term":[{"taxonomy":"category","embeddable":true,"href":"https:\/\/sandzakpress.net\/arhiva\/wp-json\/wp\/v2\/categories?post=164551"},{"taxonomy":"post_tag","embeddable":true,"href":"https:\/\/sandzakpress.net\/arhiva\/wp-json\/wp\/v2\/tags?post=164551"}],"curies":[{"name":"wp","href":"https:\/\/api.w.org\/{rel}","templated":true}]}}