{"id":16429,"date":"2011-05-17T20:14:18","date_gmt":"2011-05-17T18:14:18","guid":{"rendered":"https:\/\/sandzakpress.net\/arhiva\/?p=16429"},"modified":"2011-05-17T20:14:18","modified_gmt":"2011-05-17T18:14:18","slug":"tradicionalni-susreti-okupili-600-bosnjaka","status":"publish","type":"post","link":"https:\/\/sandzakpress.net\/arhiva\/tradicionalni-susreti-okupili-600-bosnjaka\/","title":{"rendered":"Tradicionalni susreti okupili 600 Bo\u0161njaka"},"content":{"rendered":"<p><strong><a href=\"https:\/\/sandzakpress.net\/arhiva\/wp-content\/uploads\/2011\/05\/85965_234644eeac50405682b7b04d44e79af5mw800s_f.jpg\"><img loading=\"lazy\" decoding=\"async\" class=\"alignleft size-medium wp-image-16430\" src=\"https:\/\/sandzakpress.net\/arhiva\/wp-content\/uploads\/2011\/05\/85965_234644eeac50405682b7b04d44e79af5mw800s_f-300x181.jpg\" alt=\"\" width=\"300\" height=\"181\" \/><\/a>Amerika &#8211; Od 29. aprila do 1. maja 2011. u Detroit-u (Michigan \u2013 USA) odr\u017eani su prvi susreti sand\u017ea\u010dke dijaspore na Sjevernoameri\u010dkom kontinentu, pod nazivom \u201cSand\u017eak Bez Granica\u201d (Sandzak Without Borders). S obzirom, da dosada\u0161nje organizaciono stanje nije odslikavalo na\u0161u realnu snagu na ovom kontinentu, i zbog sve ja\u010dih izazova, do\u0161lo je do formiranja vi\u0161eg stepena organizovanosti. <\/strong><\/p>\n<p>Ovi, od sada tradicionalni susreti, treba da afirmi\u0161u na\u0161u dijasporu kao konstututivni dio Sand\u017eaka koja \u0107e raditi na \u010duvanju, i ja\u010danju, nacionalnog, vjersko i kulturnog identiteta. Organizacija \u201eSand\u017eak bez granica\u201c se zala\u017ee za suverenu, demokratsku i jedinstvenu Bosnu i Hercegovinu. Organizacija \u201eSand\u017eak bez granica\u201c se zala\u017ee za maksimalnu autonomiju Sand\u017eaka, po pozitivnim i potvr\u0111enim principima Evropske Unije. Podvla\u010dimo, da su me\u0111usobno razumijevanje i uva\u017eavanje razli\u010ditosti preduslovi za realizaciju jedinstva programa i akcija, pogotovu, imaju\u0107i u vidu aktuelnu dru\u0161tveno-ekonomsku krizu koja zahtijeva brzo i adekvatno djelovanje. Tradicija na\u0161e tolerancije je vrlina koja \u0107e nam pomo\u0107i da prevazi\u0111emo veliki dio problema. Svjesni smo, vi\u0161e nego ikada, da samo prakti\u010dnim djelovanjem mo\u017eemo potvrditi na\u0161e trajno oprjedeljenje za jedinstvo Bo\u0161njaka na ameri\u010dkim prostorima, Sand\u017eaku, BiH i ma gdje se nalazili. Jedinstvenog smo mi\u0161ljenja da \u0107e na\u0161a sloga i jedinstvo biti najbolji odgovor svima, od institucija do pojedinaca, \u010dije pona\u0161anje nema dovoljno sluha za Bo\u0161njake, Sand\u017eak, sand\u017ea\u010dku dijasporu i na\u0161e zajedni\u010dke interese. Nije slu\u010dajno da smo ovom na\u0161em prvom skupu dali ime \u201eSand\u017eak bez granica,\u201c reaguju\u0107i, ne na fizi\u010dke granice, ve\u0107 na one subjektivne podjele koje nas sprije\u010davaju da budemo jedno jako tijelo. Za ovaj susret nisu nas motivisali pojedinci i njihov lokalni rejting, ve\u0107 \u017eelja da se primaknemo Sand\u017eaku, koji nad\u017eivljava generacije, a koji od nas tra\u017ei da poru\u0161imo me\u0111usobne i lokalne barijere. Na\u017ealost, Sand\u017eak trpi tamo, rodni kraj, i ovamo u dijaspori, jer smo previ\u0161e okupirani neslogom. Zar nije vrijeme da osmislimo su\u0161tinu jedinstva? Organizacija \u201eSand\u017eak bez granica\u201c \u017eeli da okupi \u0161to vi\u0161e mladih, jer su oni nosioci moderne i sna\u017ene dijaspore, i da ih afirmi\u0161e kroz razne oblike organizovanog okupljanja. Stoga, odre\u0111eni su koordinatori za Sjedinjene Ameri\u010dke Dr\u017eave i Kanadu, koji \u0107e raditi na prikupljanju baze podataka o broju Bo\u0161njaka iz Sand\u017eaka, da bi u narednom periodu vi\u0161e koristili potencijale na\u0161ih visoko obrazovanih, uspje\u0161nih pojedinaca i organizacija. Na ovom prvom, istorijskom susretu, prisustvovalo je vi\u0161e od 600 Bo\u0161njaka. U zabavnom programu susreta u\u010destvovala su kulturno umjetni\u010dka dru\u0161tva, lokalni i profesionalni muzi\u010dari. Od svih relevantnih faktora o\u010dekujemo razumijevanje, podr\u0161ku i saradnju, kako bi uspjeli u realizaciji na\u0161ih programskih ciljeva.<\/p>\n<p>Izvor: <strong>SandzakPRESS.net<\/strong><\/p>\n","protected":false},"excerpt":{"rendered":"<p>Amerika &#8211; Od 29. aprila do 1. maja 2011. u Detroit-u (Michigan \u2013 USA) odr\u017eani su prvi susreti sand\u017ea\u010dke dijaspore na Sjevernoameri\u010dkom kontinentu, pod nazivom \u201cSand\u017eak Bez Granica\u201d (Sandzak Without Borders). S obzirom, da dosada\u0161nje organizaciono stanje nije odslikavalo na\u0161u realnu snagu na ovom kontinentu, i zbog sve ja\u010dih izazova, do\u0161lo je do formiranja vi\u0161eg [&hellip;]<\/p>\n","protected":false},"author":13,"featured_media":16430,"comment_status":"open","ping_status":"open","sticky":false,"template":"","format":"standard","meta":{"footnotes":""},"categories":[3012],"tags":[],"class_list":{"0":"post-16429","1":"post","2":"type-post","3":"status-publish","4":"format-standard","5":"has-post-thumbnail","7":"category-amerika-gradovi"},"yoast_head":"<!-- This site is optimized with the Yoast SEO Premium plugin v23.1 (Yoast SEO v24.9) - https:\/\/yoast.com\/wordpress\/plugins\/seo\/ -->\n<title>Tradicionalni susreti okupili 600 Bo\u0161njaka<\/title>\n<meta name=\"robots\" content=\"index, follow, max-snippet:-1, max-image-preview:large, max-video-preview:-1\" \/>\n<link rel=\"canonical\" href=\"https:\/\/sandzakpress.net\/arhiva\/tradicionalni-susreti-okupili-600-bosnjaka\/\" \/>\n<meta property=\"og:locale\" content=\"bs_BA\" \/>\n<meta property=\"og:type\" content=\"article\" \/>\n<meta property=\"og:title\" content=\"Tradicionalni susreti okupili 600 Bo\u0161njaka\" \/>\n<meta property=\"og:description\" content=\"Amerika &#8211; Od 29. aprila do 1. maja 2011. u Detroit-u (Michigan \u2013 USA) odr\u017eani su prvi susreti sand\u017ea\u010dke dijaspore na Sjevernoameri\u010dkom kontinentu, pod nazivom \u201cSand\u017eak Bez Granica\u201d (Sandzak Without Borders). S obzirom, da dosada\u0161nje organizaciono stanje nije odslikavalo na\u0161u realnu snagu na ovom kontinentu, i zbog sve ja\u010dih izazova, do\u0161lo je do formiranja vi\u0161eg [&hellip;]\" \/>\n<meta property=\"og:url\" content=\"https:\/\/sandzakpress.net\/arhiva\/tradicionalni-susreti-okupili-600-bosnjaka\/\" \/>\n<meta property=\"og:site_name\" content=\"Sand\u017eak PRESS\" \/>\n<meta property=\"article:published_time\" content=\"2011-05-17T18:14:18+00:00\" \/>\n<meta property=\"og:image\" content=\"https:\/\/sandzakpress.net\/arhiva\/wp-content\/uploads\/2011\/05\/85965_234644eeac50405682b7b04d44e79af5mw800s_f.jpg\" \/>\n\t<meta property=\"og:image:width\" content=\"480\" \/>\n\t<meta property=\"og:image:height\" content=\"290\" \/>\n\t<meta property=\"og:image:type\" content=\"image\/jpeg\" \/>\n<meta name=\"twitter:card\" content=\"summary_large_image\" \/>\n<meta name=\"twitter:label1\" content=\"Written by\" \/>\n\t<meta name=\"twitter:data1\" content=\"\" \/>\n\t<meta name=\"twitter:label2\" content=\"Est. reading time\" \/>\n\t<meta name=\"twitter:data2\" content=\"2 minute\" \/>\n<script type=\"application\/ld+json\" class=\"yoast-schema-graph\">{\"@context\":\"https:\/\/schema.org\",\"@graph\":[{\"@type\":\"Article\",\"@id\":\"https:\/\/sandzakpress.net\/arhiva\/tradicionalni-susreti-okupili-600-bosnjaka\/#article\",\"isPartOf\":{\"@id\":\"https:\/\/sandzakpress.net\/arhiva\/tradicionalni-susreti-okupili-600-bosnjaka\/\"},\"author\":{\"name\":\"\",\"@id\":\"\"},\"headline\":\"Tradicionalni susreti okupili 600 Bo\u0161njaka\",\"datePublished\":\"2011-05-17T18:14:18+00:00\",\"mainEntityOfPage\":{\"@id\":\"https:\/\/sandzakpress.net\/arhiva\/tradicionalni-susreti-okupili-600-bosnjaka\/\"},\"wordCount\":487,\"commentCount\":0,\"publisher\":{\"@id\":\"https:\/\/sandzakpress.net\/arhiva\/#\/schema\/person\/6e72b67d6e51910a1117b3b483ba20bd\"},\"image\":{\"@id\":\"https:\/\/sandzakpress.net\/arhiva\/tradicionalni-susreti-okupili-600-bosnjaka\/#primaryimage\"},\"thumbnailUrl\":\"https:\/\/sandzakpress.net\/arhiva\/wp-content\/uploads\/2011\/05\/85965_234644eeac50405682b7b04d44e79af5mw800s_f.jpg\",\"articleSection\":[\"Amerika\"],\"inLanguage\":\"bs-BA\",\"potentialAction\":[{\"@type\":\"CommentAction\",\"name\":\"Comment\",\"target\":[\"https:\/\/sandzakpress.net\/arhiva\/tradicionalni-susreti-okupili-600-bosnjaka\/#respond\"]}]},{\"@type\":\"WebPage\",\"@id\":\"https:\/\/sandzakpress.net\/arhiva\/tradicionalni-susreti-okupili-600-bosnjaka\/\",\"url\":\"https:\/\/sandzakpress.net\/arhiva\/tradicionalni-susreti-okupili-600-bosnjaka\/\",\"name\":\"Tradicionalni susreti okupili 600 Bo\u0161njaka\",\"isPartOf\":{\"@id\":\"https:\/\/sandzakpress.net\/arhiva\/#website\"},\"primaryImageOfPage\":{\"@id\":\"https:\/\/sandzakpress.net\/arhiva\/tradicionalni-susreti-okupili-600-bosnjaka\/#primaryimage\"},\"image\":{\"@id\":\"https:\/\/sandzakpress.net\/arhiva\/tradicionalni-susreti-okupili-600-bosnjaka\/#primaryimage\"},\"thumbnailUrl\":\"https:\/\/sandzakpress.net\/arhiva\/wp-content\/uploads\/2011\/05\/85965_234644eeac50405682b7b04d44e79af5mw800s_f.jpg\",\"datePublished\":\"2011-05-17T18:14:18+00:00\",\"breadcrumb\":{\"@id\":\"https:\/\/sandzakpress.net\/arhiva\/tradicionalni-susreti-okupili-600-bosnjaka\/#breadcrumb\"},\"inLanguage\":\"bs-BA\",\"potentialAction\":[{\"@type\":\"ReadAction\",\"target\":[\"https:\/\/sandzakpress.net\/arhiva\/tradicionalni-susreti-okupili-600-bosnjaka\/\"]}]},{\"@type\":\"ImageObject\",\"inLanguage\":\"bs-BA\",\"@id\":\"https:\/\/sandzakpress.net\/arhiva\/tradicionalni-susreti-okupili-600-bosnjaka\/#primaryimage\",\"url\":\"https:\/\/sandzakpress.net\/arhiva\/wp-content\/uploads\/2011\/05\/85965_234644eeac50405682b7b04d44e79af5mw800s_f.jpg\",\"contentUrl\":\"https:\/\/sandzakpress.net\/arhiva\/wp-content\/uploads\/2011\/05\/85965_234644eeac50405682b7b04d44e79af5mw800s_f.jpg\",\"width\":480,\"height\":290},{\"@type\":\"BreadcrumbList\",\"@id\":\"https:\/\/sandzakpress.net\/arhiva\/tradicionalni-susreti-okupili-600-bosnjaka\/#breadcrumb\",\"itemListElement\":[{\"@type\":\"ListItem\",\"position\":1,\"name\":\"Home\",\"item\":\"https:\/\/sandzakpress.net\/arhiva\/\"},{\"@type\":\"ListItem\",\"position\":2,\"name\":\"Tradicionalni susreti okupili 600 Bo\u0161njaka\"}]},{\"@type\":\"WebSite\",\"@id\":\"https:\/\/sandzakpress.net\/arhiva\/#website\",\"url\":\"https:\/\/sandzakpress.net\/arhiva\/\",\"name\":\"Sand\u017eak PRESS\",\"description\":\"Prve elektronske novine u Sand\u017eaku\",\"publisher\":{\"@id\":\"https:\/\/sandzakpress.net\/arhiva\/#\/schema\/person\/6e72b67d6e51910a1117b3b483ba20bd\"},\"potentialAction\":[{\"@type\":\"SearchAction\",\"target\":{\"@type\":\"EntryPoint\",\"urlTemplate\":\"https:\/\/sandzakpress.net\/arhiva\/?s={search_term_string}\"},\"query-input\":{\"@type\":\"PropertyValueSpecification\",\"valueRequired\":true,\"valueName\":\"search_term_string\"}}],\"inLanguage\":\"bs-BA\"},{\"@type\":[\"Person\",\"Organization\"],\"@id\":\"https:\/\/sandzakpress.net\/arhiva\/#\/schema\/person\/6e72b67d6e51910a1117b3b483ba20bd\",\"name\":\"Kul\",\"image\":{\"@type\":\"ImageObject\",\"inLanguage\":\"bs-BA\",\"@id\":\"https:\/\/sandzakpress.net\/arhiva\/#\/schema\/person\/image\/\",\"url\":\"https:\/\/secure.gravatar.com\/avatar\/42263f39aa27ac04c43cab85c280eb2e?s=96&d=mm&r=pg\",\"contentUrl\":\"https:\/\/secure.gravatar.com\/avatar\/42263f39aa27ac04c43cab85c280eb2e?s=96&d=mm&r=pg\",\"caption\":\"Kul\"},\"logo\":{\"@id\":\"https:\/\/sandzakpress.net\/arhiva\/#\/schema\/person\/image\/\"}},{\"@type\":\"Person\",\"@id\":\"\",\"url\":\"https:\/\/sandzakpress.net\/arhiva\/author\/\"}]}<\/script>\n<!-- \/ Yoast SEO Premium plugin. -->","yoast_head_json":{"title":"Tradicionalni susreti okupili 600 Bo\u0161njaka","robots":{"index":"index","follow":"follow","max-snippet":"max-snippet:-1","max-image-preview":"max-image-preview:large","max-video-preview":"max-video-preview:-1"},"canonical":"https:\/\/sandzakpress.net\/arhiva\/tradicionalni-susreti-okupili-600-bosnjaka\/","og_locale":"bs_BA","og_type":"article","og_title":"Tradicionalni susreti okupili 600 Bo\u0161njaka","og_description":"Amerika &#8211; Od 29. aprila do 1. maja 2011. u Detroit-u (Michigan \u2013 USA) odr\u017eani su prvi susreti sand\u017ea\u010dke dijaspore na Sjevernoameri\u010dkom kontinentu, pod nazivom \u201cSand\u017eak Bez Granica\u201d (Sandzak Without Borders). S obzirom, da dosada\u0161nje organizaciono stanje nije odslikavalo na\u0161u realnu snagu na ovom kontinentu, i zbog sve ja\u010dih izazova, do\u0161lo je do formiranja vi\u0161eg [&hellip;]","og_url":"https:\/\/sandzakpress.net\/arhiva\/tradicionalni-susreti-okupili-600-bosnjaka\/","og_site_name":"Sand\u017eak PRESS","article_published_time":"2011-05-17T18:14:18+00:00","og_image":[{"width":480,"height":290,"url":"https:\/\/sandzakpress.net\/arhiva\/wp-content\/uploads\/2011\/05\/85965_234644eeac50405682b7b04d44e79af5mw800s_f.jpg","type":"image\/jpeg"}],"twitter_card":"summary_large_image","twitter_misc":{"Written by":"","Est. reading time":"2 minute"},"schema":{"@context":"https:\/\/schema.org","@graph":[{"@type":"Article","@id":"https:\/\/sandzakpress.net\/arhiva\/tradicionalni-susreti-okupili-600-bosnjaka\/#article","isPartOf":{"@id":"https:\/\/sandzakpress.net\/arhiva\/tradicionalni-susreti-okupili-600-bosnjaka\/"},"author":{"name":"","@id":""},"headline":"Tradicionalni susreti okupili 600 Bo\u0161njaka","datePublished":"2011-05-17T18:14:18+00:00","mainEntityOfPage":{"@id":"https:\/\/sandzakpress.net\/arhiva\/tradicionalni-susreti-okupili-600-bosnjaka\/"},"wordCount":487,"commentCount":0,"publisher":{"@id":"https:\/\/sandzakpress.net\/arhiva\/#\/schema\/person\/6e72b67d6e51910a1117b3b483ba20bd"},"image":{"@id":"https:\/\/sandzakpress.net\/arhiva\/tradicionalni-susreti-okupili-600-bosnjaka\/#primaryimage"},"thumbnailUrl":"https:\/\/sandzakpress.net\/arhiva\/wp-content\/uploads\/2011\/05\/85965_234644eeac50405682b7b04d44e79af5mw800s_f.jpg","articleSection":["Amerika"],"inLanguage":"bs-BA","potentialAction":[{"@type":"CommentAction","name":"Comment","target":["https:\/\/sandzakpress.net\/arhiva\/tradicionalni-susreti-okupili-600-bosnjaka\/#respond"]}]},{"@type":"WebPage","@id":"https:\/\/sandzakpress.net\/arhiva\/tradicionalni-susreti-okupili-600-bosnjaka\/","url":"https:\/\/sandzakpress.net\/arhiva\/tradicionalni-susreti-okupili-600-bosnjaka\/","name":"Tradicionalni susreti okupili 600 Bo\u0161njaka","isPartOf":{"@id":"https:\/\/sandzakpress.net\/arhiva\/#website"},"primaryImageOfPage":{"@id":"https:\/\/sandzakpress.net\/arhiva\/tradicionalni-susreti-okupili-600-bosnjaka\/#primaryimage"},"image":{"@id":"https:\/\/sandzakpress.net\/arhiva\/tradicionalni-susreti-okupili-600-bosnjaka\/#primaryimage"},"thumbnailUrl":"https:\/\/sandzakpress.net\/arhiva\/wp-content\/uploads\/2011\/05\/85965_234644eeac50405682b7b04d44e79af5mw800s_f.jpg","datePublished":"2011-05-17T18:14:18+00:00","breadcrumb":{"@id":"https:\/\/sandzakpress.net\/arhiva\/tradicionalni-susreti-okupili-600-bosnjaka\/#breadcrumb"},"inLanguage":"bs-BA","potentialAction":[{"@type":"ReadAction","target":["https:\/\/sandzakpress.net\/arhiva\/tradicionalni-susreti-okupili-600-bosnjaka\/"]}]},{"@type":"ImageObject","inLanguage":"bs-BA","@id":"https:\/\/sandzakpress.net\/arhiva\/tradicionalni-susreti-okupili-600-bosnjaka\/#primaryimage","url":"https:\/\/sandzakpress.net\/arhiva\/wp-content\/uploads\/2011\/05\/85965_234644eeac50405682b7b04d44e79af5mw800s_f.jpg","contentUrl":"https:\/\/sandzakpress.net\/arhiva\/wp-content\/uploads\/2011\/05\/85965_234644eeac50405682b7b04d44e79af5mw800s_f.jpg","width":480,"height":290},{"@type":"BreadcrumbList","@id":"https:\/\/sandzakpress.net\/arhiva\/tradicionalni-susreti-okupili-600-bosnjaka\/#breadcrumb","itemListElement":[{"@type":"ListItem","position":1,"name":"Home","item":"https:\/\/sandzakpress.net\/arhiva\/"},{"@type":"ListItem","position":2,"name":"Tradicionalni susreti okupili 600 Bo\u0161njaka"}]},{"@type":"WebSite","@id":"https:\/\/sandzakpress.net\/arhiva\/#website","url":"https:\/\/sandzakpress.net\/arhiva\/","name":"Sand\u017eak PRESS","description":"Prve elektronske novine u Sand\u017eaku","publisher":{"@id":"https:\/\/sandzakpress.net\/arhiva\/#\/schema\/person\/6e72b67d6e51910a1117b3b483ba20bd"},"potentialAction":[{"@type":"SearchAction","target":{"@type":"EntryPoint","urlTemplate":"https:\/\/sandzakpress.net\/arhiva\/?s={search_term_string}"},"query-input":{"@type":"PropertyValueSpecification","valueRequired":true,"valueName":"search_term_string"}}],"inLanguage":"bs-BA"},{"@type":["Person","Organization"],"@id":"https:\/\/sandzakpress.net\/arhiva\/#\/schema\/person\/6e72b67d6e51910a1117b3b483ba20bd","name":"Kul","image":{"@type":"ImageObject","inLanguage":"bs-BA","@id":"https:\/\/sandzakpress.net\/arhiva\/#\/schema\/person\/image\/","url":"https:\/\/secure.gravatar.com\/avatar\/42263f39aa27ac04c43cab85c280eb2e?s=96&d=mm&r=pg","contentUrl":"https:\/\/secure.gravatar.com\/avatar\/42263f39aa27ac04c43cab85c280eb2e?s=96&d=mm&r=pg","caption":"Kul"},"logo":{"@id":"https:\/\/sandzakpress.net\/arhiva\/#\/schema\/person\/image\/"}},{"@type":"Person","@id":"","url":"https:\/\/sandzakpress.net\/arhiva\/author\/"}]}},"_links":{"self":[{"href":"https:\/\/sandzakpress.net\/arhiva\/wp-json\/wp\/v2\/posts\/16429"}],"collection":[{"href":"https:\/\/sandzakpress.net\/arhiva\/wp-json\/wp\/v2\/posts"}],"about":[{"href":"https:\/\/sandzakpress.net\/arhiva\/wp-json\/wp\/v2\/types\/post"}],"author":[{"embeddable":true,"href":"https:\/\/sandzakpress.net\/arhiva\/wp-json\/wp\/v2\/users\/13"}],"replies":[{"embeddable":true,"href":"https:\/\/sandzakpress.net\/arhiva\/wp-json\/wp\/v2\/comments?post=16429"}],"version-history":[{"count":0,"href":"https:\/\/sandzakpress.net\/arhiva\/wp-json\/wp\/v2\/posts\/16429\/revisions"}],"wp:featuredmedia":[{"embeddable":true,"href":"https:\/\/sandzakpress.net\/arhiva\/wp-json\/wp\/v2\/media\/16430"}],"wp:attachment":[{"href":"https:\/\/sandzakpress.net\/arhiva\/wp-json\/wp\/v2\/media?parent=16429"}],"wp:term":[{"taxonomy":"category","embeddable":true,"href":"https:\/\/sandzakpress.net\/arhiva\/wp-json\/wp\/v2\/categories?post=16429"},{"taxonomy":"post_tag","embeddable":true,"href":"https:\/\/sandzakpress.net\/arhiva\/wp-json\/wp\/v2\/tags?post=16429"}],"curies":[{"name":"wp","href":"https:\/\/api.w.org\/{rel}","templated":true}]}}