{"id":163892,"date":"2016-07-25T10:42:22","date_gmt":"2016-07-25T08:42:22","guid":{"rendered":"https:\/\/sandzakpress.net\/arhiva\/?p=163892"},"modified":"2016-07-25T11:21:50","modified_gmt":"2016-07-25T09:21:50","slug":"u-teroristickom-napadu-u-minhenu-ubijeno-troje-tinejdzera-sa-kosova-a-14-godisnji-adil-tesko-ranjen","status":"publish","type":"post","link":"https:\/\/sandzakpress.net\/arhiva\/u-teroristickom-napadu-u-minhenu-ubijeno-troje-tinejdzera-sa-kosova-a-14-godisnji-adil-tesko-ranjen\/","title":{"rendered":"U teroristi\u010dkom napadu u Minhenu ubijeno troje tinejd\u017eera sa Kosova, a 14-godi\u0161nji Adil te\u0161ko ranjen"},"content":{"rendered":"<p><img loading=\"lazy\" decoding=\"async\" class=\"\" src=\"http:\/\/saff.ba\/wp-content\/uploads\/2016\/07\/Screenshot_658-650x296.jpg\" alt=\"U teroristi\u010dkom napadu u Minhenu ubijeno troje tinejd\u017eera sa Kosova, a 14-godi\u0161nji Adil te\u0161ko ranjen\" width=\"602\" height=\"274\" \/><\/p>\n<p><strong>Njema\u010dka, Kosovo &#8211; U sino\u0107njem teroristi\u010dkom napadau kojeg je izveo osamnaestogodi\u0161nji Iranac \u00a0ubijeno je troje tinejd\u017eera sa Kosova, a 14-godi\u0161nji dje\u010dak iz Bujanovca te\u0161ko je ranjen u predjelu abdomena.<\/strong><\/p>\n<p>Ubijene su\u00a0Sabina Sulaj i\u00a0Armela Segashi, dvije prijateljice iz Podujeva. Tako\u0111er, ubijen je dvadesetogodi\u0161nji Dijamant Zabergja. Ovu tu\u017enu vijest upotpunjuje saznanje da je u napadu u Minhenu te\u0161ko ranjen\u00a0Benet Adili iz sela Konqul u op\u0161tini Bujanovac.<\/p>\n<p>(saff.ba)<\/p>\n","protected":false},"excerpt":{"rendered":"<p>Njema\u010dka, Kosovo &#8211; U sino\u0107njem teroristi\u010dkom napadau kojeg je izveo osamnaestogodi\u0161nji Iranac \u00a0ubijeno je troje tinejd\u017eera sa Kosova, a 14-godi\u0161nji dje\u010dak iz Bujanovca te\u0161ko je ranjen u predjelu abdomena. Ubijene su\u00a0Sabina Sulaj i\u00a0Armela Segashi, dvije prijateljice iz Podujeva. Tako\u0111er, ubijen je dvadesetogodi\u0161nji Dijamant Zabergja. Ovu tu\u017enu vijest upotpunjuje saznanje da je u napadu u Minhenu [&hellip;]<\/p>\n","protected":false},"author":509,"featured_media":163895,"comment_status":"open","ping_status":"open","sticky":false,"template":"","format":"standard","meta":{"footnotes":""},"categories":[9538,2690,801,9,8957,798],"tags":[],"class_list":{"0":"post-163892","1":"post","2":"type-post","3":"status-publish","4":"format-standard","5":"has-post-thumbnail","7":"category-njemacka-dijaspora-gradovi-vase-vijesti","8":"category-kosovo-gradovi","9":"category-crna_hronika","10":"category-svijet","11":"category-vijesti-dana","12":"category-teme"},"yoast_head":"<!-- This site is optimized with the Yoast SEO Premium plugin v23.1 (Yoast SEO v24.9) - https:\/\/yoast.com\/wordpress\/plugins\/seo\/ -->\n<title>U teroristi\u010dkom napadu u Minhenu ubijeno troje tinejd\u017eera sa Kosova, a 14-godi\u0161nji Adil te\u0161ko ranjen<\/title>\n<meta name=\"robots\" content=\"index, follow, max-snippet:-1, max-image-preview:large, max-video-preview:-1\" \/>\n<link rel=\"canonical\" href=\"https:\/\/sandzakpress.net\/arhiva\/u-teroristickom-napadu-u-minhenu-ubijeno-troje-tinejdzera-sa-kosova-a-14-godisnji-adil-tesko-ranjen\/\" \/>\n<meta property=\"og:locale\" content=\"bs_BA\" \/>\n<meta property=\"og:type\" content=\"article\" \/>\n<meta property=\"og:title\" content=\"U teroristi\u010dkom napadu u Minhenu ubijeno troje tinejd\u017eera sa Kosova, a 14-godi\u0161nji Adil te\u0161ko ranjen\" \/>\n<meta property=\"og:description\" content=\"Njema\u010dka, Kosovo &#8211; U sino\u0107njem teroristi\u010dkom napadau kojeg je izveo osamnaestogodi\u0161nji Iranac \u00a0ubijeno je troje tinejd\u017eera sa Kosova, a 14-godi\u0161nji dje\u010dak iz Bujanovca te\u0161ko je ranjen u predjelu abdomena. Ubijene su\u00a0Sabina Sulaj i\u00a0Armela Segashi, dvije prijateljice iz Podujeva. Tako\u0111er, ubijen je dvadesetogodi\u0161nji Dijamant Zabergja. Ovu tu\u017enu vijest upotpunjuje saznanje da je u napadu u Minhenu [&hellip;]\" \/>\n<meta property=\"og:url\" content=\"https:\/\/sandzakpress.net\/arhiva\/u-teroristickom-napadu-u-minhenu-ubijeno-troje-tinejdzera-sa-kosova-a-14-godisnji-adil-tesko-ranjen\/\" \/>\n<meta property=\"og:site_name\" content=\"Sand\u017eak PRESS\" \/>\n<meta property=\"article:published_time\" content=\"2016-07-25T08:42:22+00:00\" \/>\n<meta property=\"article:modified_time\" content=\"2016-07-25T09:21:50+00:00\" \/>\n<meta property=\"og:image\" content=\"https:\/\/sandzakpress.net\/arhiva\/wp-content\/uploads\/2016\/07\/Screenshot_658-650x296.jpg\" \/>\n\t<meta property=\"og:image:width\" content=\"650\" \/>\n\t<meta property=\"og:image:height\" content=\"296\" \/>\n\t<meta property=\"og:image:type\" content=\"image\/jpeg\" \/>\n<meta name=\"author\" content=\"Agencija\" \/>\n<meta name=\"twitter:card\" content=\"summary_large_image\" \/>\n<meta name=\"twitter:label1\" content=\"Written by\" \/>\n\t<meta name=\"twitter:data1\" content=\"Agencija\" \/>\n<script type=\"application\/ld+json\" class=\"yoast-schema-graph\">{\"@context\":\"https:\/\/schema.org\",\"@graph\":[{\"@type\":\"Article\",\"@id\":\"https:\/\/sandzakpress.net\/arhiva\/u-teroristickom-napadu-u-minhenu-ubijeno-troje-tinejdzera-sa-kosova-a-14-godisnji-adil-tesko-ranjen\/#article\",\"isPartOf\":{\"@id\":\"https:\/\/sandzakpress.net\/arhiva\/u-teroristickom-napadu-u-minhenu-ubijeno-troje-tinejdzera-sa-kosova-a-14-godisnji-adil-tesko-ranjen\/\"},\"author\":{\"name\":\"Agencija\",\"@id\":\"https:\/\/sandzakpress.net\/arhiva\/#\/schema\/person\/cb59d7e3ab91ab90dd680ad0305a6185\"},\"headline\":\"U teroristi\u010dkom napadu u Minhenu ubijeno troje tinejd\u017eera sa Kosova, a 14-godi\u0161nji Adil te\u0161ko ranjen\",\"datePublished\":\"2016-07-25T08:42:22+00:00\",\"dateModified\":\"2016-07-25T09:21:50+00:00\",\"mainEntityOfPage\":{\"@id\":\"https:\/\/sandzakpress.net\/arhiva\/u-teroristickom-napadu-u-minhenu-ubijeno-troje-tinejdzera-sa-kosova-a-14-godisnji-adil-tesko-ranjen\/\"},\"wordCount\":101,\"commentCount\":5,\"publisher\":{\"@id\":\"https:\/\/sandzakpress.net\/arhiva\/#\/schema\/person\/6e72b67d6e51910a1117b3b483ba20bd\"},\"image\":{\"@id\":\"https:\/\/sandzakpress.net\/arhiva\/u-teroristickom-napadu-u-minhenu-ubijeno-troje-tinejdzera-sa-kosova-a-14-godisnji-adil-tesko-ranjen\/#primaryimage\"},\"thumbnailUrl\":\"https:\/\/sandzakpress.net\/arhiva\/wp-content\/uploads\/2016\/07\/Screenshot_658-650x296.jpg\",\"articleSection\":[\"Njema\u010dka\",\"Kosovo\",\"Hronika\",\"Svijet\",\"VIJESTI DANA\",\"NAJNOVIJE\"],\"inLanguage\":\"bs-BA\",\"potentialAction\":[{\"@type\":\"CommentAction\",\"name\":\"Comment\",\"target\":[\"https:\/\/sandzakpress.net\/arhiva\/u-teroristickom-napadu-u-minhenu-ubijeno-troje-tinejdzera-sa-kosova-a-14-godisnji-adil-tesko-ranjen\/#respond\"]}]},{\"@type\":\"WebPage\",\"@id\":\"https:\/\/sandzakpress.net\/arhiva\/u-teroristickom-napadu-u-minhenu-ubijeno-troje-tinejdzera-sa-kosova-a-14-godisnji-adil-tesko-ranjen\/\",\"url\":\"https:\/\/sandzakpress.net\/arhiva\/u-teroristickom-napadu-u-minhenu-ubijeno-troje-tinejdzera-sa-kosova-a-14-godisnji-adil-tesko-ranjen\/\",\"name\":\"U teroristi\u010dkom napadu u Minhenu ubijeno troje tinejd\u017eera sa Kosova, a 14-godi\u0161nji Adil te\u0161ko ranjen\",\"isPartOf\":{\"@id\":\"https:\/\/sandzakpress.net\/arhiva\/#website\"},\"primaryImageOfPage\":{\"@id\":\"https:\/\/sandzakpress.net\/arhiva\/u-teroristickom-napadu-u-minhenu-ubijeno-troje-tinejdzera-sa-kosova-a-14-godisnji-adil-tesko-ranjen\/#primaryimage\"},\"image\":{\"@id\":\"https:\/\/sandzakpress.net\/arhiva\/u-teroristickom-napadu-u-minhenu-ubijeno-troje-tinejdzera-sa-kosova-a-14-godisnji-adil-tesko-ranjen\/#primaryimage\"},\"thumbnailUrl\":\"https:\/\/sandzakpress.net\/arhiva\/wp-content\/uploads\/2016\/07\/Screenshot_658-650x296.jpg\",\"datePublished\":\"2016-07-25T08:42:22+00:00\",\"dateModified\":\"2016-07-25T09:21:50+00:00\",\"breadcrumb\":{\"@id\":\"https:\/\/sandzakpress.net\/arhiva\/u-teroristickom-napadu-u-minhenu-ubijeno-troje-tinejdzera-sa-kosova-a-14-godisnji-adil-tesko-ranjen\/#breadcrumb\"},\"inLanguage\":\"bs-BA\",\"potentialAction\":[{\"@type\":\"ReadAction\",\"target\":[\"https:\/\/sandzakpress.net\/arhiva\/u-teroristickom-napadu-u-minhenu-ubijeno-troje-tinejdzera-sa-kosova-a-14-godisnji-adil-tesko-ranjen\/\"]}]},{\"@type\":\"ImageObject\",\"inLanguage\":\"bs-BA\",\"@id\":\"https:\/\/sandzakpress.net\/arhiva\/u-teroristickom-napadu-u-minhenu-ubijeno-troje-tinejdzera-sa-kosova-a-14-godisnji-adil-tesko-ranjen\/#primaryimage\",\"url\":\"https:\/\/sandzakpress.net\/arhiva\/wp-content\/uploads\/2016\/07\/Screenshot_658-650x296.jpg\",\"contentUrl\":\"https:\/\/sandzakpress.net\/arhiva\/wp-content\/uploads\/2016\/07\/Screenshot_658-650x296.jpg\",\"width\":650,\"height\":296},{\"@type\":\"BreadcrumbList\",\"@id\":\"https:\/\/sandzakpress.net\/arhiva\/u-teroristickom-napadu-u-minhenu-ubijeno-troje-tinejdzera-sa-kosova-a-14-godisnji-adil-tesko-ranjen\/#breadcrumb\",\"itemListElement\":[{\"@type\":\"ListItem\",\"position\":1,\"name\":\"Home\",\"item\":\"https:\/\/sandzakpress.net\/arhiva\/\"},{\"@type\":\"ListItem\",\"position\":2,\"name\":\"U teroristi\u010dkom napadu u Minhenu ubijeno troje tinejd\u017eera sa Kosova, a 14-godi\u0161nji Adil te\u0161ko ranjen\"}]},{\"@type\":\"WebSite\",\"@id\":\"https:\/\/sandzakpress.net\/arhiva\/#website\",\"url\":\"https:\/\/sandzakpress.net\/arhiva\/\",\"name\":\"Sand\u017eak PRESS\",\"description\":\"Prve elektronske novine u Sand\u017eaku\",\"publisher\":{\"@id\":\"https:\/\/sandzakpress.net\/arhiva\/#\/schema\/person\/6e72b67d6e51910a1117b3b483ba20bd\"},\"potentialAction\":[{\"@type\":\"SearchAction\",\"target\":{\"@type\":\"EntryPoint\",\"urlTemplate\":\"https:\/\/sandzakpress.net\/arhiva\/?s={search_term_string}\"},\"query-input\":{\"@type\":\"PropertyValueSpecification\",\"valueRequired\":true,\"valueName\":\"search_term_string\"}}],\"inLanguage\":\"bs-BA\"},{\"@type\":[\"Person\",\"Organization\"],\"@id\":\"https:\/\/sandzakpress.net\/arhiva\/#\/schema\/person\/6e72b67d6e51910a1117b3b483ba20bd\",\"name\":\"Kul\",\"image\":{\"@type\":\"ImageObject\",\"inLanguage\":\"bs-BA\",\"@id\":\"https:\/\/sandzakpress.net\/arhiva\/#\/schema\/person\/image\/\",\"url\":\"https:\/\/secure.gravatar.com\/avatar\/42263f39aa27ac04c43cab85c280eb2e?s=96&d=mm&r=pg\",\"contentUrl\":\"https:\/\/secure.gravatar.com\/avatar\/42263f39aa27ac04c43cab85c280eb2e?s=96&d=mm&r=pg\",\"caption\":\"Kul\"},\"logo\":{\"@id\":\"https:\/\/sandzakpress.net\/arhiva\/#\/schema\/person\/image\/\"}},{\"@type\":\"Person\",\"@id\":\"https:\/\/sandzakpress.net\/arhiva\/#\/schema\/person\/cb59d7e3ab91ab90dd680ad0305a6185\",\"name\":\"Agencija\",\"image\":{\"@type\":\"ImageObject\",\"inLanguage\":\"bs-BA\",\"@id\":\"https:\/\/sandzakpress.net\/arhiva\/#\/schema\/person\/image\/\",\"url\":\"https:\/\/secure.gravatar.com\/avatar\/4b7fafa80a22f0c2afe23966b3961fe0?s=96&d=mm&r=pg\",\"contentUrl\":\"https:\/\/secure.gravatar.com\/avatar\/4b7fafa80a22f0c2afe23966b3961fe0?s=96&d=mm&r=pg\",\"caption\":\"Agencija\"},\"url\":\"https:\/\/sandzakpress.net\/arhiva\/author\/agencija\/\"}]}<\/script>\n<!-- \/ Yoast SEO Premium plugin. -->","yoast_head_json":{"title":"U teroristi\u010dkom napadu u Minhenu ubijeno troje tinejd\u017eera sa Kosova, a 14-godi\u0161nji Adil te\u0161ko ranjen","robots":{"index":"index","follow":"follow","max-snippet":"max-snippet:-1","max-image-preview":"max-image-preview:large","max-video-preview":"max-video-preview:-1"},"canonical":"https:\/\/sandzakpress.net\/arhiva\/u-teroristickom-napadu-u-minhenu-ubijeno-troje-tinejdzera-sa-kosova-a-14-godisnji-adil-tesko-ranjen\/","og_locale":"bs_BA","og_type":"article","og_title":"U teroristi\u010dkom napadu u Minhenu ubijeno troje tinejd\u017eera sa Kosova, a 14-godi\u0161nji Adil te\u0161ko ranjen","og_description":"Njema\u010dka, Kosovo &#8211; U sino\u0107njem teroristi\u010dkom napadau kojeg je izveo osamnaestogodi\u0161nji Iranac \u00a0ubijeno je troje tinejd\u017eera sa Kosova, a 14-godi\u0161nji dje\u010dak iz Bujanovca te\u0161ko je ranjen u predjelu abdomena. Ubijene su\u00a0Sabina Sulaj i\u00a0Armela Segashi, dvije prijateljice iz Podujeva. Tako\u0111er, ubijen je dvadesetogodi\u0161nji Dijamant Zabergja. Ovu tu\u017enu vijest upotpunjuje saznanje da je u napadu u Minhenu [&hellip;]","og_url":"https:\/\/sandzakpress.net\/arhiva\/u-teroristickom-napadu-u-minhenu-ubijeno-troje-tinejdzera-sa-kosova-a-14-godisnji-adil-tesko-ranjen\/","og_site_name":"Sand\u017eak PRESS","article_published_time":"2016-07-25T08:42:22+00:00","article_modified_time":"2016-07-25T09:21:50+00:00","og_image":[{"width":650,"height":296,"url":"https:\/\/sandzakpress.net\/arhiva\/wp-content\/uploads\/2016\/07\/Screenshot_658-650x296.jpg","type":"image\/jpeg"}],"author":"Agencija","twitter_card":"summary_large_image","twitter_misc":{"Written by":"Agencija"},"schema":{"@context":"https:\/\/schema.org","@graph":[{"@type":"Article","@id":"https:\/\/sandzakpress.net\/arhiva\/u-teroristickom-napadu-u-minhenu-ubijeno-troje-tinejdzera-sa-kosova-a-14-godisnji-adil-tesko-ranjen\/#article","isPartOf":{"@id":"https:\/\/sandzakpress.net\/arhiva\/u-teroristickom-napadu-u-minhenu-ubijeno-troje-tinejdzera-sa-kosova-a-14-godisnji-adil-tesko-ranjen\/"},"author":{"name":"Agencija","@id":"https:\/\/sandzakpress.net\/arhiva\/#\/schema\/person\/cb59d7e3ab91ab90dd680ad0305a6185"},"headline":"U teroristi\u010dkom napadu u Minhenu ubijeno troje tinejd\u017eera sa Kosova, a 14-godi\u0161nji Adil te\u0161ko ranjen","datePublished":"2016-07-25T08:42:22+00:00","dateModified":"2016-07-25T09:21:50+00:00","mainEntityOfPage":{"@id":"https:\/\/sandzakpress.net\/arhiva\/u-teroristickom-napadu-u-minhenu-ubijeno-troje-tinejdzera-sa-kosova-a-14-godisnji-adil-tesko-ranjen\/"},"wordCount":101,"commentCount":5,"publisher":{"@id":"https:\/\/sandzakpress.net\/arhiva\/#\/schema\/person\/6e72b67d6e51910a1117b3b483ba20bd"},"image":{"@id":"https:\/\/sandzakpress.net\/arhiva\/u-teroristickom-napadu-u-minhenu-ubijeno-troje-tinejdzera-sa-kosova-a-14-godisnji-adil-tesko-ranjen\/#primaryimage"},"thumbnailUrl":"https:\/\/sandzakpress.net\/arhiva\/wp-content\/uploads\/2016\/07\/Screenshot_658-650x296.jpg","articleSection":["Njema\u010dka","Kosovo","Hronika","Svijet","VIJESTI DANA","NAJNOVIJE"],"inLanguage":"bs-BA","potentialAction":[{"@type":"CommentAction","name":"Comment","target":["https:\/\/sandzakpress.net\/arhiva\/u-teroristickom-napadu-u-minhenu-ubijeno-troje-tinejdzera-sa-kosova-a-14-godisnji-adil-tesko-ranjen\/#respond"]}]},{"@type":"WebPage","@id":"https:\/\/sandzakpress.net\/arhiva\/u-teroristickom-napadu-u-minhenu-ubijeno-troje-tinejdzera-sa-kosova-a-14-godisnji-adil-tesko-ranjen\/","url":"https:\/\/sandzakpress.net\/arhiva\/u-teroristickom-napadu-u-minhenu-ubijeno-troje-tinejdzera-sa-kosova-a-14-godisnji-adil-tesko-ranjen\/","name":"U teroristi\u010dkom napadu u Minhenu ubijeno troje tinejd\u017eera sa Kosova, a 14-godi\u0161nji Adil te\u0161ko ranjen","isPartOf":{"@id":"https:\/\/sandzakpress.net\/arhiva\/#website"},"primaryImageOfPage":{"@id":"https:\/\/sandzakpress.net\/arhiva\/u-teroristickom-napadu-u-minhenu-ubijeno-troje-tinejdzera-sa-kosova-a-14-godisnji-adil-tesko-ranjen\/#primaryimage"},"image":{"@id":"https:\/\/sandzakpress.net\/arhiva\/u-teroristickom-napadu-u-minhenu-ubijeno-troje-tinejdzera-sa-kosova-a-14-godisnji-adil-tesko-ranjen\/#primaryimage"},"thumbnailUrl":"https:\/\/sandzakpress.net\/arhiva\/wp-content\/uploads\/2016\/07\/Screenshot_658-650x296.jpg","datePublished":"2016-07-25T08:42:22+00:00","dateModified":"2016-07-25T09:21:50+00:00","breadcrumb":{"@id":"https:\/\/sandzakpress.net\/arhiva\/u-teroristickom-napadu-u-minhenu-ubijeno-troje-tinejdzera-sa-kosova-a-14-godisnji-adil-tesko-ranjen\/#breadcrumb"},"inLanguage":"bs-BA","potentialAction":[{"@type":"ReadAction","target":["https:\/\/sandzakpress.net\/arhiva\/u-teroristickom-napadu-u-minhenu-ubijeno-troje-tinejdzera-sa-kosova-a-14-godisnji-adil-tesko-ranjen\/"]}]},{"@type":"ImageObject","inLanguage":"bs-BA","@id":"https:\/\/sandzakpress.net\/arhiva\/u-teroristickom-napadu-u-minhenu-ubijeno-troje-tinejdzera-sa-kosova-a-14-godisnji-adil-tesko-ranjen\/#primaryimage","url":"https:\/\/sandzakpress.net\/arhiva\/wp-content\/uploads\/2016\/07\/Screenshot_658-650x296.jpg","contentUrl":"https:\/\/sandzakpress.net\/arhiva\/wp-content\/uploads\/2016\/07\/Screenshot_658-650x296.jpg","width":650,"height":296},{"@type":"BreadcrumbList","@id":"https:\/\/sandzakpress.net\/arhiva\/u-teroristickom-napadu-u-minhenu-ubijeno-troje-tinejdzera-sa-kosova-a-14-godisnji-adil-tesko-ranjen\/#breadcrumb","itemListElement":[{"@type":"ListItem","position":1,"name":"Home","item":"https:\/\/sandzakpress.net\/arhiva\/"},{"@type":"ListItem","position":2,"name":"U teroristi\u010dkom napadu u Minhenu ubijeno troje tinejd\u017eera sa Kosova, a 14-godi\u0161nji Adil te\u0161ko ranjen"}]},{"@type":"WebSite","@id":"https:\/\/sandzakpress.net\/arhiva\/#website","url":"https:\/\/sandzakpress.net\/arhiva\/","name":"Sand\u017eak PRESS","description":"Prve elektronske novine u Sand\u017eaku","publisher":{"@id":"https:\/\/sandzakpress.net\/arhiva\/#\/schema\/person\/6e72b67d6e51910a1117b3b483ba20bd"},"potentialAction":[{"@type":"SearchAction","target":{"@type":"EntryPoint","urlTemplate":"https:\/\/sandzakpress.net\/arhiva\/?s={search_term_string}"},"query-input":{"@type":"PropertyValueSpecification","valueRequired":true,"valueName":"search_term_string"}}],"inLanguage":"bs-BA"},{"@type":["Person","Organization"],"@id":"https:\/\/sandzakpress.net\/arhiva\/#\/schema\/person\/6e72b67d6e51910a1117b3b483ba20bd","name":"Kul","image":{"@type":"ImageObject","inLanguage":"bs-BA","@id":"https:\/\/sandzakpress.net\/arhiva\/#\/schema\/person\/image\/","url":"https:\/\/secure.gravatar.com\/avatar\/42263f39aa27ac04c43cab85c280eb2e?s=96&d=mm&r=pg","contentUrl":"https:\/\/secure.gravatar.com\/avatar\/42263f39aa27ac04c43cab85c280eb2e?s=96&d=mm&r=pg","caption":"Kul"},"logo":{"@id":"https:\/\/sandzakpress.net\/arhiva\/#\/schema\/person\/image\/"}},{"@type":"Person","@id":"https:\/\/sandzakpress.net\/arhiva\/#\/schema\/person\/cb59d7e3ab91ab90dd680ad0305a6185","name":"Agencija","image":{"@type":"ImageObject","inLanguage":"bs-BA","@id":"https:\/\/sandzakpress.net\/arhiva\/#\/schema\/person\/image\/","url":"https:\/\/secure.gravatar.com\/avatar\/4b7fafa80a22f0c2afe23966b3961fe0?s=96&d=mm&r=pg","contentUrl":"https:\/\/secure.gravatar.com\/avatar\/4b7fafa80a22f0c2afe23966b3961fe0?s=96&d=mm&r=pg","caption":"Agencija"},"url":"https:\/\/sandzakpress.net\/arhiva\/author\/agencija\/"}]}},"_links":{"self":[{"href":"https:\/\/sandzakpress.net\/arhiva\/wp-json\/wp\/v2\/posts\/163892"}],"collection":[{"href":"https:\/\/sandzakpress.net\/arhiva\/wp-json\/wp\/v2\/posts"}],"about":[{"href":"https:\/\/sandzakpress.net\/arhiva\/wp-json\/wp\/v2\/types\/post"}],"author":[{"embeddable":true,"href":"https:\/\/sandzakpress.net\/arhiva\/wp-json\/wp\/v2\/users\/509"}],"replies":[{"embeddable":true,"href":"https:\/\/sandzakpress.net\/arhiva\/wp-json\/wp\/v2\/comments?post=163892"}],"version-history":[{"count":0,"href":"https:\/\/sandzakpress.net\/arhiva\/wp-json\/wp\/v2\/posts\/163892\/revisions"}],"wp:featuredmedia":[{"embeddable":true,"href":"https:\/\/sandzakpress.net\/arhiva\/wp-json\/wp\/v2\/media\/163895"}],"wp:attachment":[{"href":"https:\/\/sandzakpress.net\/arhiva\/wp-json\/wp\/v2\/media?parent=163892"}],"wp:term":[{"taxonomy":"category","embeddable":true,"href":"https:\/\/sandzakpress.net\/arhiva\/wp-json\/wp\/v2\/categories?post=163892"},{"taxonomy":"post_tag","embeddable":true,"href":"https:\/\/sandzakpress.net\/arhiva\/wp-json\/wp\/v2\/tags?post=163892"}],"curies":[{"name":"wp","href":"https:\/\/api.w.org\/{rel}","templated":true}]}}