{"id":163811,"date":"2016-07-20T02:14:19","date_gmt":"2016-07-20T00:14:19","guid":{"rendered":"https:\/\/sandzakpress.net\/arhiva\/?p=163811"},"modified":"2016-07-20T02:14:19","modified_gmt":"2016-07-20T00:14:19","slug":"pala-je-najstarija-poznata-diktatura","status":"publish","type":"post","link":"https:\/\/sandzakpress.net\/arhiva\/pala-je-najstarija-poznata-diktatura\/","title":{"rendered":"Pala je najstarija poznata diktatura!"},"content":{"rendered":"<p><img loading=\"lazy\" decoding=\"async\" class=\"alignnone  wp-image-163812\" src=\"https:\/\/sandzakpress.net\/arhiva\/wp-content\/uploads\/2016\/07\/Arben-jakupi-285x300.jpg\" alt=\"Arben-jakupi-285x300\" width=\"601\" height=\"633\" \/><\/p>\n<p><strong>Sino\u0107 razgovaraju\u0107i sa Akademikom Fatmirom Ba\u010dijem i njegovim pogledom na poku\u0161aj pu\u010da u Turskoj dobih informaciju zlata vrijednu! Ka\u017ee vrlo jednostavno brate pa pala je najstarija diktatura na svijetu zato je uznemiren cio Zapad.<\/strong><\/p>\n<p>I ba\u0161 je tako&#8230; Pri\u010da kre\u0107e od osnivanja moderne Turske (1924) gdje je tada\u0161nja vlast na \u010delu sa sa Ataturkom vojsci povjerila da je \u010duvar moderne Tirske (a zapad pod tim podrazumijeva robovanja njima). Da bi generali, a preko njih i vojska, radila protiv sopstvenog naroda generalima su date sve privilegije i monopoli kako bi ih podmitili da na mig odrade prljav posao. Kada se god narod poku\u0161ao osloboditi ropstva vojska bi izvela pu\u010d i smijenila vlast koja je krenula putem osvajanja slobode. Svaki pu\u010d im je uspio&#8230;<\/p>\n<p>Ali te famozne 1954. godine majka rodi Erdogana u najsiroma\u0161nijem dijelu Turske. To siroma\u0161tvo ne bi prepreka da ga odgoji s moralom, velikom hrabro\u0161\u0107u, mudro\u0161\u0107u a prije svega s jakim Islamom! Neko \u0107e re\u0107i za\u0161to potencirati Islam kad je vjera individualna stvar svakog pojedinca? Upravo zato \u0161to je Islam takva vjera kada je neko primijeni u \u017eivotu zna da \u0107e zavr\u0161iti u vatri ako iznad sebe prizna bilo koje la\u017eno bo\u017eanstvo ili bilo koji sistem koji porobljava \u010dovje\u010danstvo (bilo to kamatnom, monopolom, i drugim sistemima ropsta). Vo\u0111en time da je svaki \u010dovjek slobodan krenuo je u osloba\u0111anje Turske&#8230;<\/p>\n<p>Dok je bio slab znao je da mora \u0161urovati sa svima \u010desto i na razo\u010darenje svoje nacije i muslimana, ali s jasnim ciljem da svakog dana makar za gram oslobodi narod okova. I oslobodi ih&#8230; Oslobodi ih duga prema najve\u0107em lopovu \u010dovje\u010danstva MMF-u, oslobodi ih siroma\u0161tva, oslobodi ih svih zavisnosti osim onih koje je morao po\u0161tovati zbog ugovora potpisanih na 99 godina. Ve\u0107ina tih ugovora isti\u010de idu\u0107e godine prije svih ugovor gdje Englezi napla\u0107uju prolaz kroz Bosfor (plja\u010dka koja se mjeri u stotinama miliona \u20ac), ugovor na zabranu eksploatacije nafte i gasa (za sada Turska sve uvozi, naj\u010de\u0161\u0107e iz Rusije 54% gasa itd) te mnogi drugi reketa\u0161ki ugovori.<\/p>\n<p>Ukapirali su bjelosvjetski lopovi \u0161ta to zna\u010di.. A zna\u010di ako nisu zaustavili progres Turske sa svim tim okovima \u0161ta \u0107e tek biti kada jo\u0161 to budu imali i upravljali svojim resursima. Bi\u0107e blagostanje za 80 mil ljudi, a oni vladari iz sjenke ne\u0107e blagostanje i sjeti\u0161e se da imaju vlast preko vojske u Turskoj&#8230;<\/p>\n<p>Pozvali su svoje korumpirane generale i naredili im zaustavite Erdogana pokazat \u0107e svima kako ljudi u\u017eivaju u slobodi! \u0160ta \u0107e biti kada oni na istoku i oni na zapadu vide \u0161ta zna\u010di sloboda? Nare\u0111enje su poslu\u0161ali Ataturkovi generali, me\u0111utim toliko su u\u017eivali u onom \u0161to im je dato da nisu ni primijetili koliko je slobodnih ljudi u\u0161lo u institucije Turske \u010dak i u vojsci. Sigurni u uspjeh izveli su pu\u010d po modelu osamdesetih, zaboravljaju\u0107i da je ovo vrijeme informacija i interneta i da jedan FaceTime program mo\u017ee da izvede naciju na ulice!<\/p>\n<p>Mainstream mediji su ve\u0107 po nalogu spremili senzacionalisti\u010dke naslove (sjetite se samo Blica, Kurira, itd) mislili su pade Erdogan pade i osvajanje slobode. Me\u0111utim, pade najstarija diktatura koja vlada od 1924. godine Turskom i po\u010deo je lov na lopove i izdajnike&#8230;<\/p>\n<p>Zapad u \u010dudu, moraju ispred svijeta da brane legitimno izabranog predsjednika, jer se kunu u demokraciju, a vide im se suze u o\u010dima \u0161to pu\u010d nije uspio! Sada da bi odbranili makar sjeme onih koji bi porobili opet turski narod pozivaju Erdogana da ne hapsi jer im toliko trebaju ti nitkovi te ovih dana se mo\u017ee \u010ditati u medijima kako je pu\u010d montiran i da se ne hapse &#8220;nevini&#8221; ljudi&#8230; Obi\u010dnom narodu poturaju\u0107i podvalu da se hapse politi\u010dki protivnici jasno skrivaju\u0107i istinu da su \u010dak i opozicione partije osudile poku\u0161aj pu\u010da!<\/p>\n<p>Hapsi Sultan Erdogane, hapsi i neka ti je Bog na pomo\u0107i, hapsi i neka vam je sretan dan slobode svjesni ljudi!<\/p>\n<p>(Erdogan je samo \u010dovjek poga\u0111a i grije\u0161i, mnogo je ve\u0107i broj pogodaka i tome se raduju svi slobodni ljudi bez obzira koje vjere, nacije bili)<\/p>\n<p>Arben Jakupi<br \/>Predsjednik IO SABA<\/p>\n","protected":false},"excerpt":{"rendered":"<p>Autor: Arben Jakupi<\/p>\n","protected":false},"author":509,"featured_media":163812,"comment_status":"open","ping_status":"open","sticky":false,"template":"","format":"standard","meta":{"footnotes":""},"categories":[10196,798,2692],"tags":[],"class_list":{"0":"post-163811","1":"post","2":"type-post","3":"status-publish","4":"format-standard","5":"has-post-thumbnail","7":"category-iz-pera-nasih-autora","8":"category-teme","9":"category-turska-gradovi"},"yoast_head":"<!-- This site is optimized with the Yoast SEO Premium plugin v23.1 (Yoast SEO v24.9) - https:\/\/yoast.com\/wordpress\/plugins\/seo\/ -->\n<title>Pala je najstarija poznata diktatura!<\/title>\n<meta name=\"robots\" content=\"index, follow, max-snippet:-1, max-image-preview:large, max-video-preview:-1\" \/>\n<link rel=\"canonical\" href=\"https:\/\/sandzakpress.net\/arhiva\/pala-je-najstarija-poznata-diktatura\/\" \/>\n<meta property=\"og:locale\" content=\"bs_BA\" \/>\n<meta property=\"og:type\" content=\"article\" \/>\n<meta property=\"og:title\" content=\"Pala je najstarija poznata diktatura!\" \/>\n<meta property=\"og:description\" content=\"Autor: Arben Jakupi\" \/>\n<meta property=\"og:url\" content=\"https:\/\/sandzakpress.net\/arhiva\/pala-je-najstarija-poznata-diktatura\/\" \/>\n<meta property=\"og:site_name\" content=\"Sand\u017eak PRESS\" \/>\n<meta property=\"article:published_time\" content=\"2016-07-20T00:14:19+00:00\" \/>\n<meta property=\"og:image\" content=\"https:\/\/sandzakpress.net\/arhiva\/wp-content\/uploads\/2016\/07\/Arben-jakupi-285x300.jpg\" \/>\n\t<meta property=\"og:image:width\" content=\"285\" \/>\n\t<meta property=\"og:image:height\" content=\"300\" \/>\n\t<meta property=\"og:image:type\" content=\"image\/jpeg\" \/>\n<meta name=\"author\" content=\"Agencija\" \/>\n<meta name=\"twitter:card\" content=\"summary_large_image\" \/>\n<meta name=\"twitter:label1\" content=\"Written by\" \/>\n\t<meta name=\"twitter:data1\" content=\"Agencija\" \/>\n\t<meta name=\"twitter:label2\" content=\"Est. reading time\" \/>\n\t<meta name=\"twitter:data2\" content=\"4 minute\" \/>\n<script type=\"application\/ld+json\" class=\"yoast-schema-graph\">{\"@context\":\"https:\/\/schema.org\",\"@graph\":[{\"@type\":\"Article\",\"@id\":\"https:\/\/sandzakpress.net\/arhiva\/pala-je-najstarija-poznata-diktatura\/#article\",\"isPartOf\":{\"@id\":\"https:\/\/sandzakpress.net\/arhiva\/pala-je-najstarija-poznata-diktatura\/\"},\"author\":{\"name\":\"Agencija\",\"@id\":\"https:\/\/sandzakpress.net\/arhiva\/#\/schema\/person\/cb59d7e3ab91ab90dd680ad0305a6185\"},\"headline\":\"Pala je najstarija poznata diktatura!\",\"datePublished\":\"2016-07-20T00:14:19+00:00\",\"mainEntityOfPage\":{\"@id\":\"https:\/\/sandzakpress.net\/arhiva\/pala-je-najstarija-poznata-diktatura\/\"},\"wordCount\":717,\"commentCount\":86,\"publisher\":{\"@id\":\"https:\/\/sandzakpress.net\/arhiva\/#\/schema\/person\/6e72b67d6e51910a1117b3b483ba20bd\"},\"image\":{\"@id\":\"https:\/\/sandzakpress.net\/arhiva\/pala-je-najstarija-poznata-diktatura\/#primaryimage\"},\"thumbnailUrl\":\"https:\/\/sandzakpress.net\/arhiva\/wp-content\/uploads\/2016\/07\/Arben-jakupi-285x300.jpg\",\"articleSection\":[\"Iz pera na\u0161ih autora\",\"NAJNOVIJE\",\"Turska\"],\"inLanguage\":\"bs-BA\",\"potentialAction\":[{\"@type\":\"CommentAction\",\"name\":\"Comment\",\"target\":[\"https:\/\/sandzakpress.net\/arhiva\/pala-je-najstarija-poznata-diktatura\/#respond\"]}]},{\"@type\":\"WebPage\",\"@id\":\"https:\/\/sandzakpress.net\/arhiva\/pala-je-najstarija-poznata-diktatura\/\",\"url\":\"https:\/\/sandzakpress.net\/arhiva\/pala-je-najstarija-poznata-diktatura\/\",\"name\":\"Pala je najstarija poznata diktatura!\",\"isPartOf\":{\"@id\":\"https:\/\/sandzakpress.net\/arhiva\/#website\"},\"primaryImageOfPage\":{\"@id\":\"https:\/\/sandzakpress.net\/arhiva\/pala-je-najstarija-poznata-diktatura\/#primaryimage\"},\"image\":{\"@id\":\"https:\/\/sandzakpress.net\/arhiva\/pala-je-najstarija-poznata-diktatura\/#primaryimage\"},\"thumbnailUrl\":\"https:\/\/sandzakpress.net\/arhiva\/wp-content\/uploads\/2016\/07\/Arben-jakupi-285x300.jpg\",\"datePublished\":\"2016-07-20T00:14:19+00:00\",\"breadcrumb\":{\"@id\":\"https:\/\/sandzakpress.net\/arhiva\/pala-je-najstarija-poznata-diktatura\/#breadcrumb\"},\"inLanguage\":\"bs-BA\",\"potentialAction\":[{\"@type\":\"ReadAction\",\"target\":[\"https:\/\/sandzakpress.net\/arhiva\/pala-je-najstarija-poznata-diktatura\/\"]}]},{\"@type\":\"ImageObject\",\"inLanguage\":\"bs-BA\",\"@id\":\"https:\/\/sandzakpress.net\/arhiva\/pala-je-najstarija-poznata-diktatura\/#primaryimage\",\"url\":\"https:\/\/sandzakpress.net\/arhiva\/wp-content\/uploads\/2016\/07\/Arben-jakupi-285x300.jpg\",\"contentUrl\":\"https:\/\/sandzakpress.net\/arhiva\/wp-content\/uploads\/2016\/07\/Arben-jakupi-285x300.jpg\",\"width\":285,\"height\":300},{\"@type\":\"BreadcrumbList\",\"@id\":\"https:\/\/sandzakpress.net\/arhiva\/pala-je-najstarija-poznata-diktatura\/#breadcrumb\",\"itemListElement\":[{\"@type\":\"ListItem\",\"position\":1,\"name\":\"Home\",\"item\":\"https:\/\/sandzakpress.net\/arhiva\/\"},{\"@type\":\"ListItem\",\"position\":2,\"name\":\"Pala je najstarija poznata diktatura!\"}]},{\"@type\":\"WebSite\",\"@id\":\"https:\/\/sandzakpress.net\/arhiva\/#website\",\"url\":\"https:\/\/sandzakpress.net\/arhiva\/\",\"name\":\"Sand\u017eak PRESS\",\"description\":\"Prve elektronske novine u Sand\u017eaku\",\"publisher\":{\"@id\":\"https:\/\/sandzakpress.net\/arhiva\/#\/schema\/person\/6e72b67d6e51910a1117b3b483ba20bd\"},\"potentialAction\":[{\"@type\":\"SearchAction\",\"target\":{\"@type\":\"EntryPoint\",\"urlTemplate\":\"https:\/\/sandzakpress.net\/arhiva\/?s={search_term_string}\"},\"query-input\":{\"@type\":\"PropertyValueSpecification\",\"valueRequired\":true,\"valueName\":\"search_term_string\"}}],\"inLanguage\":\"bs-BA\"},{\"@type\":[\"Person\",\"Organization\"],\"@id\":\"https:\/\/sandzakpress.net\/arhiva\/#\/schema\/person\/6e72b67d6e51910a1117b3b483ba20bd\",\"name\":\"Kul\",\"image\":{\"@type\":\"ImageObject\",\"inLanguage\":\"bs-BA\",\"@id\":\"https:\/\/sandzakpress.net\/arhiva\/#\/schema\/person\/image\/\",\"url\":\"https:\/\/secure.gravatar.com\/avatar\/42263f39aa27ac04c43cab85c280eb2e?s=96&d=mm&r=pg\",\"contentUrl\":\"https:\/\/secure.gravatar.com\/avatar\/42263f39aa27ac04c43cab85c280eb2e?s=96&d=mm&r=pg\",\"caption\":\"Kul\"},\"logo\":{\"@id\":\"https:\/\/sandzakpress.net\/arhiva\/#\/schema\/person\/image\/\"}},{\"@type\":\"Person\",\"@id\":\"https:\/\/sandzakpress.net\/arhiva\/#\/schema\/person\/cb59d7e3ab91ab90dd680ad0305a6185\",\"name\":\"Agencija\",\"image\":{\"@type\":\"ImageObject\",\"inLanguage\":\"bs-BA\",\"@id\":\"https:\/\/sandzakpress.net\/arhiva\/#\/schema\/person\/image\/\",\"url\":\"https:\/\/secure.gravatar.com\/avatar\/4b7fafa80a22f0c2afe23966b3961fe0?s=96&d=mm&r=pg\",\"contentUrl\":\"https:\/\/secure.gravatar.com\/avatar\/4b7fafa80a22f0c2afe23966b3961fe0?s=96&d=mm&r=pg\",\"caption\":\"Agencija\"},\"url\":\"https:\/\/sandzakpress.net\/arhiva\/author\/agencija\/\"}]}<\/script>\n<!-- \/ Yoast SEO Premium plugin. -->","yoast_head_json":{"title":"Pala je najstarija poznata diktatura!","robots":{"index":"index","follow":"follow","max-snippet":"max-snippet:-1","max-image-preview":"max-image-preview:large","max-video-preview":"max-video-preview:-1"},"canonical":"https:\/\/sandzakpress.net\/arhiva\/pala-je-najstarija-poznata-diktatura\/","og_locale":"bs_BA","og_type":"article","og_title":"Pala je najstarija poznata diktatura!","og_description":"Autor: Arben Jakupi","og_url":"https:\/\/sandzakpress.net\/arhiva\/pala-je-najstarija-poznata-diktatura\/","og_site_name":"Sand\u017eak PRESS","article_published_time":"2016-07-20T00:14:19+00:00","og_image":[{"width":285,"height":300,"url":"https:\/\/sandzakpress.net\/arhiva\/wp-content\/uploads\/2016\/07\/Arben-jakupi-285x300.jpg","type":"image\/jpeg"}],"author":"Agencija","twitter_card":"summary_large_image","twitter_misc":{"Written by":"Agencija","Est. reading time":"4 minute"},"schema":{"@context":"https:\/\/schema.org","@graph":[{"@type":"Article","@id":"https:\/\/sandzakpress.net\/arhiva\/pala-je-najstarija-poznata-diktatura\/#article","isPartOf":{"@id":"https:\/\/sandzakpress.net\/arhiva\/pala-je-najstarija-poznata-diktatura\/"},"author":{"name":"Agencija","@id":"https:\/\/sandzakpress.net\/arhiva\/#\/schema\/person\/cb59d7e3ab91ab90dd680ad0305a6185"},"headline":"Pala je najstarija poznata diktatura!","datePublished":"2016-07-20T00:14:19+00:00","mainEntityOfPage":{"@id":"https:\/\/sandzakpress.net\/arhiva\/pala-je-najstarija-poznata-diktatura\/"},"wordCount":717,"commentCount":86,"publisher":{"@id":"https:\/\/sandzakpress.net\/arhiva\/#\/schema\/person\/6e72b67d6e51910a1117b3b483ba20bd"},"image":{"@id":"https:\/\/sandzakpress.net\/arhiva\/pala-je-najstarija-poznata-diktatura\/#primaryimage"},"thumbnailUrl":"https:\/\/sandzakpress.net\/arhiva\/wp-content\/uploads\/2016\/07\/Arben-jakupi-285x300.jpg","articleSection":["Iz pera na\u0161ih autora","NAJNOVIJE","Turska"],"inLanguage":"bs-BA","potentialAction":[{"@type":"CommentAction","name":"Comment","target":["https:\/\/sandzakpress.net\/arhiva\/pala-je-najstarija-poznata-diktatura\/#respond"]}]},{"@type":"WebPage","@id":"https:\/\/sandzakpress.net\/arhiva\/pala-je-najstarija-poznata-diktatura\/","url":"https:\/\/sandzakpress.net\/arhiva\/pala-je-najstarija-poznata-diktatura\/","name":"Pala je najstarija poznata diktatura!","isPartOf":{"@id":"https:\/\/sandzakpress.net\/arhiva\/#website"},"primaryImageOfPage":{"@id":"https:\/\/sandzakpress.net\/arhiva\/pala-je-najstarija-poznata-diktatura\/#primaryimage"},"image":{"@id":"https:\/\/sandzakpress.net\/arhiva\/pala-je-najstarija-poznata-diktatura\/#primaryimage"},"thumbnailUrl":"https:\/\/sandzakpress.net\/arhiva\/wp-content\/uploads\/2016\/07\/Arben-jakupi-285x300.jpg","datePublished":"2016-07-20T00:14:19+00:00","breadcrumb":{"@id":"https:\/\/sandzakpress.net\/arhiva\/pala-je-najstarija-poznata-diktatura\/#breadcrumb"},"inLanguage":"bs-BA","potentialAction":[{"@type":"ReadAction","target":["https:\/\/sandzakpress.net\/arhiva\/pala-je-najstarija-poznata-diktatura\/"]}]},{"@type":"ImageObject","inLanguage":"bs-BA","@id":"https:\/\/sandzakpress.net\/arhiva\/pala-je-najstarija-poznata-diktatura\/#primaryimage","url":"https:\/\/sandzakpress.net\/arhiva\/wp-content\/uploads\/2016\/07\/Arben-jakupi-285x300.jpg","contentUrl":"https:\/\/sandzakpress.net\/arhiva\/wp-content\/uploads\/2016\/07\/Arben-jakupi-285x300.jpg","width":285,"height":300},{"@type":"BreadcrumbList","@id":"https:\/\/sandzakpress.net\/arhiva\/pala-je-najstarija-poznata-diktatura\/#breadcrumb","itemListElement":[{"@type":"ListItem","position":1,"name":"Home","item":"https:\/\/sandzakpress.net\/arhiva\/"},{"@type":"ListItem","position":2,"name":"Pala je najstarija poznata diktatura!"}]},{"@type":"WebSite","@id":"https:\/\/sandzakpress.net\/arhiva\/#website","url":"https:\/\/sandzakpress.net\/arhiva\/","name":"Sand\u017eak PRESS","description":"Prve elektronske novine u Sand\u017eaku","publisher":{"@id":"https:\/\/sandzakpress.net\/arhiva\/#\/schema\/person\/6e72b67d6e51910a1117b3b483ba20bd"},"potentialAction":[{"@type":"SearchAction","target":{"@type":"EntryPoint","urlTemplate":"https:\/\/sandzakpress.net\/arhiva\/?s={search_term_string}"},"query-input":{"@type":"PropertyValueSpecification","valueRequired":true,"valueName":"search_term_string"}}],"inLanguage":"bs-BA"},{"@type":["Person","Organization"],"@id":"https:\/\/sandzakpress.net\/arhiva\/#\/schema\/person\/6e72b67d6e51910a1117b3b483ba20bd","name":"Kul","image":{"@type":"ImageObject","inLanguage":"bs-BA","@id":"https:\/\/sandzakpress.net\/arhiva\/#\/schema\/person\/image\/","url":"https:\/\/secure.gravatar.com\/avatar\/42263f39aa27ac04c43cab85c280eb2e?s=96&d=mm&r=pg","contentUrl":"https:\/\/secure.gravatar.com\/avatar\/42263f39aa27ac04c43cab85c280eb2e?s=96&d=mm&r=pg","caption":"Kul"},"logo":{"@id":"https:\/\/sandzakpress.net\/arhiva\/#\/schema\/person\/image\/"}},{"@type":"Person","@id":"https:\/\/sandzakpress.net\/arhiva\/#\/schema\/person\/cb59d7e3ab91ab90dd680ad0305a6185","name":"Agencija","image":{"@type":"ImageObject","inLanguage":"bs-BA","@id":"https:\/\/sandzakpress.net\/arhiva\/#\/schema\/person\/image\/","url":"https:\/\/secure.gravatar.com\/avatar\/4b7fafa80a22f0c2afe23966b3961fe0?s=96&d=mm&r=pg","contentUrl":"https:\/\/secure.gravatar.com\/avatar\/4b7fafa80a22f0c2afe23966b3961fe0?s=96&d=mm&r=pg","caption":"Agencija"},"url":"https:\/\/sandzakpress.net\/arhiva\/author\/agencija\/"}]}},"_links":{"self":[{"href":"https:\/\/sandzakpress.net\/arhiva\/wp-json\/wp\/v2\/posts\/163811"}],"collection":[{"href":"https:\/\/sandzakpress.net\/arhiva\/wp-json\/wp\/v2\/posts"}],"about":[{"href":"https:\/\/sandzakpress.net\/arhiva\/wp-json\/wp\/v2\/types\/post"}],"author":[{"embeddable":true,"href":"https:\/\/sandzakpress.net\/arhiva\/wp-json\/wp\/v2\/users\/509"}],"replies":[{"embeddable":true,"href":"https:\/\/sandzakpress.net\/arhiva\/wp-json\/wp\/v2\/comments?post=163811"}],"version-history":[{"count":0,"href":"https:\/\/sandzakpress.net\/arhiva\/wp-json\/wp\/v2\/posts\/163811\/revisions"}],"wp:featuredmedia":[{"embeddable":true,"href":"https:\/\/sandzakpress.net\/arhiva\/wp-json\/wp\/v2\/media\/163812"}],"wp:attachment":[{"href":"https:\/\/sandzakpress.net\/arhiva\/wp-json\/wp\/v2\/media?parent=163811"}],"wp:term":[{"taxonomy":"category","embeddable":true,"href":"https:\/\/sandzakpress.net\/arhiva\/wp-json\/wp\/v2\/categories?post=163811"},{"taxonomy":"post_tag","embeddable":true,"href":"https:\/\/sandzakpress.net\/arhiva\/wp-json\/wp\/v2\/tags?post=163811"}],"curies":[{"name":"wp","href":"https:\/\/api.w.org\/{rel}","templated":true}]}}