{"id":163720,"date":"2016-07-16T08:31:49","date_gmt":"2016-07-16T06:31:49","guid":{"rendered":"https:\/\/sandzakpress.net\/arhiva\/?p=163720"},"modified":"2016-07-16T12:32:22","modified_gmt":"2016-07-16T10:32:22","slug":"erdogan-vojni-udar-zavrsen-vlada-preuzela-kontrolu","status":"publish","type":"post","link":"https:\/\/sandzakpress.net\/arhiva\/erdogan-vojni-udar-zavrsen-vlada-preuzela-kontrolu\/","title":{"rendered":"Erdogan: Vojni udar zavr\u0161en, vlada preuzela kontrolu"},"content":{"rendered":"<p><img decoding=\"async\" src=\"http:\/\/www.sandzacke.rs\/wp-content\/uploads\/2016\/07\/erdogan-5-660x330.jpg\" alt=\"Foto: Izvor: REUTERS\/Afolabi Sotunde\" \/><\/p>\n<p><strong>Turska &#8211; Turski premijer Binali Yildirim potvrdio je da je dio generala u petak nave\u010der poku\u0161ao izvesti pobunu, ali da je njihova namjera sprije\u010dena.<\/strong><\/p>\n<p>Turski predsjednik Recep Tayyip Erdogan ranije jutros je kazao da je vojni udar, u kojem je najmanje 60 ljudi ubijeno, a stotine vojnika uhap\u0161eno, zavr\u0161io i da je vlada preuzela kontrolu nad zemljom.<\/p>\n<p>Vrhovni zapovjednik turske vojske Hulusi Akar, za kojeg je ranije javljeno da je otet, prema posljednjim informacijama je oslobo\u0111en u Ankari, javlja CNN Turk.<\/p>\n<p>BBC javlja da ljudi polako izlaze na ulice i da se trgovine u gradovima otvaraju.<\/p>\n<p>Izvor: FENA<\/p>\n","protected":false},"excerpt":{"rendered":"<p>Turska &#8211; Turski premijer Binali Yildirim potvrdio je da je dio generala u petak nave\u010der poku\u0161ao izvesti pobunu, ali da je njihova namjera sprije\u010dena. Turski predsjednik Recep Tayyip Erdogan ranije jutros je kazao da je vojni udar, u kojem je najmanje 60 ljudi ubijeno, a stotine vojnika uhap\u0161eno, zavr\u0161io i da je vlada preuzela kontrolu [&hellip;]<\/p>\n","protected":false},"author":83,"featured_media":163721,"comment_status":"open","ping_status":"open","sticky":false,"template":"","format":"standard","meta":{"footnotes":""},"categories":[1,8957,2692],"tags":[],"class_list":{"0":"post-163720","1":"post","2":"type-post","3":"status-publish","4":"format-standard","5":"has-post-thumbnail","7":"category-politika","8":"category-vijesti-dana","9":"category-turska-gradovi"},"yoast_head":"<!-- This site is optimized with the Yoast SEO Premium plugin v23.1 (Yoast SEO v24.9) - https:\/\/yoast.com\/wordpress\/plugins\/seo\/ -->\n<title>Erdogan: Vojni udar zavr\u0161en, vlada preuzela kontrolu<\/title>\n<meta name=\"robots\" content=\"index, follow, max-snippet:-1, max-image-preview:large, max-video-preview:-1\" \/>\n<link rel=\"canonical\" href=\"https:\/\/sandzakpress.net\/arhiva\/erdogan-vojni-udar-zavrsen-vlada-preuzela-kontrolu\/\" \/>\n<meta property=\"og:locale\" content=\"bs_BA\" \/>\n<meta property=\"og:type\" content=\"article\" \/>\n<meta property=\"og:title\" content=\"Erdogan: Vojni udar zavr\u0161en, vlada preuzela kontrolu\" \/>\n<meta property=\"og:description\" content=\"Turska &#8211; Turski premijer Binali Yildirim potvrdio je da je dio generala u petak nave\u010der poku\u0161ao izvesti pobunu, ali da je njihova namjera sprije\u010dena. Turski predsjednik Recep Tayyip Erdogan ranije jutros je kazao da je vojni udar, u kojem je najmanje 60 ljudi ubijeno, a stotine vojnika uhap\u0161eno, zavr\u0161io i da je vlada preuzela kontrolu [&hellip;]\" \/>\n<meta property=\"og:url\" content=\"https:\/\/sandzakpress.net\/arhiva\/erdogan-vojni-udar-zavrsen-vlada-preuzela-kontrolu\/\" \/>\n<meta property=\"og:site_name\" content=\"Sand\u017eak PRESS\" \/>\n<meta property=\"article:published_time\" content=\"2016-07-16T06:31:49+00:00\" \/>\n<meta property=\"article:modified_time\" content=\"2016-07-16T10:32:22+00:00\" \/>\n<meta property=\"og:image\" content=\"https:\/\/sandzakpress.net\/arhiva\/wp-content\/uploads\/2016\/07\/erdogan-5-660x330.jpg\" \/>\n\t<meta property=\"og:image:width\" content=\"660\" \/>\n\t<meta property=\"og:image:height\" content=\"330\" \/>\n\t<meta property=\"og:image:type\" content=\"image\/jpeg\" \/>\n<meta name=\"author\" content=\"bosniak\" \/>\n<meta name=\"twitter:card\" content=\"summary_large_image\" \/>\n<meta name=\"twitter:label1\" content=\"Written by\" \/>\n\t<meta name=\"twitter:data1\" content=\"bosniak\" \/>\n\t<meta name=\"twitter:label2\" content=\"Est. reading time\" \/>\n\t<meta name=\"twitter:data2\" content=\"1 minuta\" \/>\n<script type=\"application\/ld+json\" class=\"yoast-schema-graph\">{\"@context\":\"https:\/\/schema.org\",\"@graph\":[{\"@type\":\"Article\",\"@id\":\"https:\/\/sandzakpress.net\/arhiva\/erdogan-vojni-udar-zavrsen-vlada-preuzela-kontrolu\/#article\",\"isPartOf\":{\"@id\":\"https:\/\/sandzakpress.net\/arhiva\/erdogan-vojni-udar-zavrsen-vlada-preuzela-kontrolu\/\"},\"author\":{\"name\":\"bosniak\",\"@id\":\"https:\/\/sandzakpress.net\/arhiva\/#\/schema\/person\/c8baee722073534b583ea7bdb2e36c02\"},\"headline\":\"Erdogan: Vojni udar zavr\u0161en, vlada preuzela kontrolu\",\"datePublished\":\"2016-07-16T06:31:49+00:00\",\"dateModified\":\"2016-07-16T10:32:22+00:00\",\"mainEntityOfPage\":{\"@id\":\"https:\/\/sandzakpress.net\/arhiva\/erdogan-vojni-udar-zavrsen-vlada-preuzela-kontrolu\/\"},\"wordCount\":111,\"commentCount\":40,\"publisher\":{\"@id\":\"https:\/\/sandzakpress.net\/arhiva\/#\/schema\/person\/6e72b67d6e51910a1117b3b483ba20bd\"},\"image\":{\"@id\":\"https:\/\/sandzakpress.net\/arhiva\/erdogan-vojni-udar-zavrsen-vlada-preuzela-kontrolu\/#primaryimage\"},\"thumbnailUrl\":\"https:\/\/sandzakpress.net\/arhiva\/wp-content\/uploads\/2016\/07\/erdogan-5-660x330.jpg\",\"articleSection\":[\"Politika\",\"VIJESTI DANA\",\"Turska\"],\"inLanguage\":\"bs-BA\",\"potentialAction\":[{\"@type\":\"CommentAction\",\"name\":\"Comment\",\"target\":[\"https:\/\/sandzakpress.net\/arhiva\/erdogan-vojni-udar-zavrsen-vlada-preuzela-kontrolu\/#respond\"]}]},{\"@type\":\"WebPage\",\"@id\":\"https:\/\/sandzakpress.net\/arhiva\/erdogan-vojni-udar-zavrsen-vlada-preuzela-kontrolu\/\",\"url\":\"https:\/\/sandzakpress.net\/arhiva\/erdogan-vojni-udar-zavrsen-vlada-preuzela-kontrolu\/\",\"name\":\"Erdogan: Vojni udar zavr\u0161en, vlada preuzela kontrolu\",\"isPartOf\":{\"@id\":\"https:\/\/sandzakpress.net\/arhiva\/#website\"},\"primaryImageOfPage\":{\"@id\":\"https:\/\/sandzakpress.net\/arhiva\/erdogan-vojni-udar-zavrsen-vlada-preuzela-kontrolu\/#primaryimage\"},\"image\":{\"@id\":\"https:\/\/sandzakpress.net\/arhiva\/erdogan-vojni-udar-zavrsen-vlada-preuzela-kontrolu\/#primaryimage\"},\"thumbnailUrl\":\"https:\/\/sandzakpress.net\/arhiva\/wp-content\/uploads\/2016\/07\/erdogan-5-660x330.jpg\",\"datePublished\":\"2016-07-16T06:31:49+00:00\",\"dateModified\":\"2016-07-16T10:32:22+00:00\",\"breadcrumb\":{\"@id\":\"https:\/\/sandzakpress.net\/arhiva\/erdogan-vojni-udar-zavrsen-vlada-preuzela-kontrolu\/#breadcrumb\"},\"inLanguage\":\"bs-BA\",\"potentialAction\":[{\"@type\":\"ReadAction\",\"target\":[\"https:\/\/sandzakpress.net\/arhiva\/erdogan-vojni-udar-zavrsen-vlada-preuzela-kontrolu\/\"]}]},{\"@type\":\"ImageObject\",\"inLanguage\":\"bs-BA\",\"@id\":\"https:\/\/sandzakpress.net\/arhiva\/erdogan-vojni-udar-zavrsen-vlada-preuzela-kontrolu\/#primaryimage\",\"url\":\"https:\/\/sandzakpress.net\/arhiva\/wp-content\/uploads\/2016\/07\/erdogan-5-660x330.jpg\",\"contentUrl\":\"https:\/\/sandzakpress.net\/arhiva\/wp-content\/uploads\/2016\/07\/erdogan-5-660x330.jpg\",\"width\":660,\"height\":330},{\"@type\":\"BreadcrumbList\",\"@id\":\"https:\/\/sandzakpress.net\/arhiva\/erdogan-vojni-udar-zavrsen-vlada-preuzela-kontrolu\/#breadcrumb\",\"itemListElement\":[{\"@type\":\"ListItem\",\"position\":1,\"name\":\"Home\",\"item\":\"https:\/\/sandzakpress.net\/arhiva\/\"},{\"@type\":\"ListItem\",\"position\":2,\"name\":\"Erdogan: Vojni udar zavr\u0161en, vlada preuzela kontrolu\"}]},{\"@type\":\"WebSite\",\"@id\":\"https:\/\/sandzakpress.net\/arhiva\/#website\",\"url\":\"https:\/\/sandzakpress.net\/arhiva\/\",\"name\":\"Sand\u017eak PRESS\",\"description\":\"Prve elektronske novine u Sand\u017eaku\",\"publisher\":{\"@id\":\"https:\/\/sandzakpress.net\/arhiva\/#\/schema\/person\/6e72b67d6e51910a1117b3b483ba20bd\"},\"potentialAction\":[{\"@type\":\"SearchAction\",\"target\":{\"@type\":\"EntryPoint\",\"urlTemplate\":\"https:\/\/sandzakpress.net\/arhiva\/?s={search_term_string}\"},\"query-input\":{\"@type\":\"PropertyValueSpecification\",\"valueRequired\":true,\"valueName\":\"search_term_string\"}}],\"inLanguage\":\"bs-BA\"},{\"@type\":[\"Person\",\"Organization\"],\"@id\":\"https:\/\/sandzakpress.net\/arhiva\/#\/schema\/person\/6e72b67d6e51910a1117b3b483ba20bd\",\"name\":\"Kul\",\"image\":{\"@type\":\"ImageObject\",\"inLanguage\":\"bs-BA\",\"@id\":\"https:\/\/sandzakpress.net\/arhiva\/#\/schema\/person\/image\/\",\"url\":\"https:\/\/secure.gravatar.com\/avatar\/42263f39aa27ac04c43cab85c280eb2e?s=96&d=mm&r=pg\",\"contentUrl\":\"https:\/\/secure.gravatar.com\/avatar\/42263f39aa27ac04c43cab85c280eb2e?s=96&d=mm&r=pg\",\"caption\":\"Kul\"},\"logo\":{\"@id\":\"https:\/\/sandzakpress.net\/arhiva\/#\/schema\/person\/image\/\"}},{\"@type\":\"Person\",\"@id\":\"https:\/\/sandzakpress.net\/arhiva\/#\/schema\/person\/c8baee722073534b583ea7bdb2e36c02\",\"name\":\"bosniak\",\"image\":{\"@type\":\"ImageObject\",\"inLanguage\":\"bs-BA\",\"@id\":\"https:\/\/sandzakpress.net\/arhiva\/#\/schema\/person\/image\/\",\"url\":\"https:\/\/secure.gravatar.com\/avatar\/a04fd330bfe3a36a72a0ad4a6d89fca7?s=96&d=mm&r=pg\",\"contentUrl\":\"https:\/\/secure.gravatar.com\/avatar\/a04fd330bfe3a36a72a0ad4a6d89fca7?s=96&d=mm&r=pg\",\"caption\":\"bosniak\"},\"url\":\"https:\/\/sandzakpress.net\/arhiva\/author\/bosniak\/\"}]}<\/script>\n<!-- \/ Yoast SEO Premium plugin. -->","yoast_head_json":{"title":"Erdogan: Vojni udar zavr\u0161en, vlada preuzela kontrolu","robots":{"index":"index","follow":"follow","max-snippet":"max-snippet:-1","max-image-preview":"max-image-preview:large","max-video-preview":"max-video-preview:-1"},"canonical":"https:\/\/sandzakpress.net\/arhiva\/erdogan-vojni-udar-zavrsen-vlada-preuzela-kontrolu\/","og_locale":"bs_BA","og_type":"article","og_title":"Erdogan: Vojni udar zavr\u0161en, vlada preuzela kontrolu","og_description":"Turska &#8211; Turski premijer Binali Yildirim potvrdio je da je dio generala u petak nave\u010der poku\u0161ao izvesti pobunu, ali da je njihova namjera sprije\u010dena. Turski predsjednik Recep Tayyip Erdogan ranije jutros je kazao da je vojni udar, u kojem je najmanje 60 ljudi ubijeno, a stotine vojnika uhap\u0161eno, zavr\u0161io i da je vlada preuzela kontrolu [&hellip;]","og_url":"https:\/\/sandzakpress.net\/arhiva\/erdogan-vojni-udar-zavrsen-vlada-preuzela-kontrolu\/","og_site_name":"Sand\u017eak PRESS","article_published_time":"2016-07-16T06:31:49+00:00","article_modified_time":"2016-07-16T10:32:22+00:00","og_image":[{"width":660,"height":330,"url":"https:\/\/sandzakpress.net\/arhiva\/wp-content\/uploads\/2016\/07\/erdogan-5-660x330.jpg","type":"image\/jpeg"}],"author":"bosniak","twitter_card":"summary_large_image","twitter_misc":{"Written by":"bosniak","Est. reading time":"1 minuta"},"schema":{"@context":"https:\/\/schema.org","@graph":[{"@type":"Article","@id":"https:\/\/sandzakpress.net\/arhiva\/erdogan-vojni-udar-zavrsen-vlada-preuzela-kontrolu\/#article","isPartOf":{"@id":"https:\/\/sandzakpress.net\/arhiva\/erdogan-vojni-udar-zavrsen-vlada-preuzela-kontrolu\/"},"author":{"name":"bosniak","@id":"https:\/\/sandzakpress.net\/arhiva\/#\/schema\/person\/c8baee722073534b583ea7bdb2e36c02"},"headline":"Erdogan: Vojni udar zavr\u0161en, vlada preuzela kontrolu","datePublished":"2016-07-16T06:31:49+00:00","dateModified":"2016-07-16T10:32:22+00:00","mainEntityOfPage":{"@id":"https:\/\/sandzakpress.net\/arhiva\/erdogan-vojni-udar-zavrsen-vlada-preuzela-kontrolu\/"},"wordCount":111,"commentCount":40,"publisher":{"@id":"https:\/\/sandzakpress.net\/arhiva\/#\/schema\/person\/6e72b67d6e51910a1117b3b483ba20bd"},"image":{"@id":"https:\/\/sandzakpress.net\/arhiva\/erdogan-vojni-udar-zavrsen-vlada-preuzela-kontrolu\/#primaryimage"},"thumbnailUrl":"https:\/\/sandzakpress.net\/arhiva\/wp-content\/uploads\/2016\/07\/erdogan-5-660x330.jpg","articleSection":["Politika","VIJESTI DANA","Turska"],"inLanguage":"bs-BA","potentialAction":[{"@type":"CommentAction","name":"Comment","target":["https:\/\/sandzakpress.net\/arhiva\/erdogan-vojni-udar-zavrsen-vlada-preuzela-kontrolu\/#respond"]}]},{"@type":"WebPage","@id":"https:\/\/sandzakpress.net\/arhiva\/erdogan-vojni-udar-zavrsen-vlada-preuzela-kontrolu\/","url":"https:\/\/sandzakpress.net\/arhiva\/erdogan-vojni-udar-zavrsen-vlada-preuzela-kontrolu\/","name":"Erdogan: Vojni udar zavr\u0161en, vlada preuzela kontrolu","isPartOf":{"@id":"https:\/\/sandzakpress.net\/arhiva\/#website"},"primaryImageOfPage":{"@id":"https:\/\/sandzakpress.net\/arhiva\/erdogan-vojni-udar-zavrsen-vlada-preuzela-kontrolu\/#primaryimage"},"image":{"@id":"https:\/\/sandzakpress.net\/arhiva\/erdogan-vojni-udar-zavrsen-vlada-preuzela-kontrolu\/#primaryimage"},"thumbnailUrl":"https:\/\/sandzakpress.net\/arhiva\/wp-content\/uploads\/2016\/07\/erdogan-5-660x330.jpg","datePublished":"2016-07-16T06:31:49+00:00","dateModified":"2016-07-16T10:32:22+00:00","breadcrumb":{"@id":"https:\/\/sandzakpress.net\/arhiva\/erdogan-vojni-udar-zavrsen-vlada-preuzela-kontrolu\/#breadcrumb"},"inLanguage":"bs-BA","potentialAction":[{"@type":"ReadAction","target":["https:\/\/sandzakpress.net\/arhiva\/erdogan-vojni-udar-zavrsen-vlada-preuzela-kontrolu\/"]}]},{"@type":"ImageObject","inLanguage":"bs-BA","@id":"https:\/\/sandzakpress.net\/arhiva\/erdogan-vojni-udar-zavrsen-vlada-preuzela-kontrolu\/#primaryimage","url":"https:\/\/sandzakpress.net\/arhiva\/wp-content\/uploads\/2016\/07\/erdogan-5-660x330.jpg","contentUrl":"https:\/\/sandzakpress.net\/arhiva\/wp-content\/uploads\/2016\/07\/erdogan-5-660x330.jpg","width":660,"height":330},{"@type":"BreadcrumbList","@id":"https:\/\/sandzakpress.net\/arhiva\/erdogan-vojni-udar-zavrsen-vlada-preuzela-kontrolu\/#breadcrumb","itemListElement":[{"@type":"ListItem","position":1,"name":"Home","item":"https:\/\/sandzakpress.net\/arhiva\/"},{"@type":"ListItem","position":2,"name":"Erdogan: Vojni udar zavr\u0161en, vlada preuzela kontrolu"}]},{"@type":"WebSite","@id":"https:\/\/sandzakpress.net\/arhiva\/#website","url":"https:\/\/sandzakpress.net\/arhiva\/","name":"Sand\u017eak PRESS","description":"Prve elektronske novine u Sand\u017eaku","publisher":{"@id":"https:\/\/sandzakpress.net\/arhiva\/#\/schema\/person\/6e72b67d6e51910a1117b3b483ba20bd"},"potentialAction":[{"@type":"SearchAction","target":{"@type":"EntryPoint","urlTemplate":"https:\/\/sandzakpress.net\/arhiva\/?s={search_term_string}"},"query-input":{"@type":"PropertyValueSpecification","valueRequired":true,"valueName":"search_term_string"}}],"inLanguage":"bs-BA"},{"@type":["Person","Organization"],"@id":"https:\/\/sandzakpress.net\/arhiva\/#\/schema\/person\/6e72b67d6e51910a1117b3b483ba20bd","name":"Kul","image":{"@type":"ImageObject","inLanguage":"bs-BA","@id":"https:\/\/sandzakpress.net\/arhiva\/#\/schema\/person\/image\/","url":"https:\/\/secure.gravatar.com\/avatar\/42263f39aa27ac04c43cab85c280eb2e?s=96&d=mm&r=pg","contentUrl":"https:\/\/secure.gravatar.com\/avatar\/42263f39aa27ac04c43cab85c280eb2e?s=96&d=mm&r=pg","caption":"Kul"},"logo":{"@id":"https:\/\/sandzakpress.net\/arhiva\/#\/schema\/person\/image\/"}},{"@type":"Person","@id":"https:\/\/sandzakpress.net\/arhiva\/#\/schema\/person\/c8baee722073534b583ea7bdb2e36c02","name":"bosniak","image":{"@type":"ImageObject","inLanguage":"bs-BA","@id":"https:\/\/sandzakpress.net\/arhiva\/#\/schema\/person\/image\/","url":"https:\/\/secure.gravatar.com\/avatar\/a04fd330bfe3a36a72a0ad4a6d89fca7?s=96&d=mm&r=pg","contentUrl":"https:\/\/secure.gravatar.com\/avatar\/a04fd330bfe3a36a72a0ad4a6d89fca7?s=96&d=mm&r=pg","caption":"bosniak"},"url":"https:\/\/sandzakpress.net\/arhiva\/author\/bosniak\/"}]}},"_links":{"self":[{"href":"https:\/\/sandzakpress.net\/arhiva\/wp-json\/wp\/v2\/posts\/163720"}],"collection":[{"href":"https:\/\/sandzakpress.net\/arhiva\/wp-json\/wp\/v2\/posts"}],"about":[{"href":"https:\/\/sandzakpress.net\/arhiva\/wp-json\/wp\/v2\/types\/post"}],"author":[{"embeddable":true,"href":"https:\/\/sandzakpress.net\/arhiva\/wp-json\/wp\/v2\/users\/83"}],"replies":[{"embeddable":true,"href":"https:\/\/sandzakpress.net\/arhiva\/wp-json\/wp\/v2\/comments?post=163720"}],"version-history":[{"count":0,"href":"https:\/\/sandzakpress.net\/arhiva\/wp-json\/wp\/v2\/posts\/163720\/revisions"}],"wp:featuredmedia":[{"embeddable":true,"href":"https:\/\/sandzakpress.net\/arhiva\/wp-json\/wp\/v2\/media\/163721"}],"wp:attachment":[{"href":"https:\/\/sandzakpress.net\/arhiva\/wp-json\/wp\/v2\/media?parent=163720"}],"wp:term":[{"taxonomy":"category","embeddable":true,"href":"https:\/\/sandzakpress.net\/arhiva\/wp-json\/wp\/v2\/categories?post=163720"},{"taxonomy":"post_tag","embeddable":true,"href":"https:\/\/sandzakpress.net\/arhiva\/wp-json\/wp\/v2\/tags?post=163720"}],"curies":[{"name":"wp","href":"https:\/\/api.w.org\/{rel}","templated":true}]}}