{"id":163685,"date":"2016-07-15T22:37:12","date_gmt":"2016-07-15T20:37:12","guid":{"rendered":"https:\/\/sandzakpress.net\/arhiva\/pokusaj-drzavnog-udara-u-turskoj-ankaru-i-istanbul-nadlijecu-avioni"},"modified":"2016-07-15T22:37:12","modified_gmt":"2016-07-15T20:37:12","slug":"pokusaj-drzavnog-udara-u-turskoj-ankaru-i-istanbul-nadlijecu-avioni","status":"publish","type":"post","link":"https:\/\/sandzakpress.net\/arhiva\/pokusaj-drzavnog-udara-u-turskoj-ankaru-i-istanbul-nadlijecu-avioni\/","title":{"rendered":"Poku\u0161aj dr\u017eavnog udara u Turskoj \u2013 Ankaru i Istanbul nadlije\u0107u avioni"},"content":{"rendered":"<p><img loading=\"lazy\" decoding=\"async\" class=\"\" src=\"http:\/\/images2.kurir.rs\/slika-620x419\/turska-vojska-foto-twitter-1468612477-950767.jpg\" alt=\"(U\u017dIVO) U TOKU DR\u017dAVNI UDAR U TURSKOJ: Ankaru i Istanbul nadle\u0107u avioni, u gradu se \u010duje pucnjava!\" width=\"600\" height=\"406\" \/><\/p>\n<p><strong>Turska \u2013 U prijestolnici Ankari se \u010dula pucnjava, vojska blokirala dva istanbulska mosta, tenkovi na aerodromu Ataturk.<\/strong><\/p>\n<p>Turski premijer Binali Yildirim izjavio je u petak nave\u010der kako je grupa unutar turske vojske pokrenula de\u0161avanja koja imaju karakteristike poku\u0161aja dr\u017eavnog udara.<\/p>\n<p>On je za NTV televiziju kazao \u201ckako je ta\u010dno da je bio takav poku\u0161aj\u201d.<\/p>\n<p>Nije dao vi\u0161e detalja, ali je naveo kako Turska nikada ne\u0107e dozvoliti nikakvu \u201ctakvu inicijativu koja \u0107e poremetiti demokratiju\u201d.<\/p>\n<p>Kazao je kako \u0107e odgovorni za de\u0161avanja platiti najve\u0107u kaznu.<\/p>\n<p>Yildirim je naveo kako je odre\u0111en broj generala umije\u0161ano u poku\u0161aj preuzimanja Vlade.<\/p>\n<p><strong>Vojni avioni i helikopteri u zraku<\/strong><\/p>\n<p>U petak nave\u010der se u turskoj prijestolnici Ankari za\u010dula pucnjava, navode svjedoci novinskih agencija, dok su vi\u0111eni vojni avioni i helikopteri u zraku.<\/p>\n<p>Svjedoci agencije Reuters iz Istanbula, najve\u0107eg grada Turske, tako\u0111er su vidjeli helikoptere u zraku.<\/p>\n<p>Turska TV NTV javlja kako su oba istanbulska mosta preko moreuza Bosfor zatvorena za saobra\u0107aj.<\/p>\n<p>Jo\u0161 nije poznato da li su ova de\u0161avanja povezana.<\/p>\n<p>Turski mediji javljaju kako se na istanbulskom aerodromu Ataturk nalaze brojni tenkovi i pje\u0161adija vojske.<\/p>\n<p>Izvor: Al Jazeera i agencije<\/p>\n<p>Pogledajte vijest na izvornom sajtu:<\/p>\n<p><a href=\"http:\/\/islampress.net\/dijeli\/pokusaj-drzavnog-udara-u-turskoj-ankaru-i-istanbul-nadlijecu-avioni\" target=\"_blank\">Poku\u0161aj dr\u017eavnog udara u Turskoj \u2013 Ankaru i Istanbul nadlije\u0107u avioni<\/a><\/p>\n","protected":false},"excerpt":{"rendered":"<p>Turska \u2013 U prijestolnici Ankari se \u010dula pucnjava, vojska blokirala dva istanbulska mosta, tenkovi na aerodromu Ataturk. Turski premijer Binali Yildirim izjavio je u petak nave\u010der kako je grupa unutar turske vojske pokrenula de\u0161avanja koja imaju karakteristike poku\u0161aja dr\u017eavnog udara. On je za NTV televiziju kazao \u201ckako je ta\u010dno da je bio takav poku\u0161aj\u201d. Nije [&hellip;]<\/p>\n","protected":false},"author":83,"featured_media":163687,"comment_status":"open","ping_status":"open","sticky":false,"template":"","format":"standard","meta":{"footnotes":""},"categories":[10514],"tags":[10516],"class_list":{"0":"post-163685","1":"post","2":"type-post","3":"status-publish","4":"format-standard","5":"has-post-thumbnail","7":"category-islam-press","8":"tag-islam"},"yoast_head":"<!-- This site is optimized with the Yoast SEO Premium plugin v23.1 (Yoast SEO v24.9) - https:\/\/yoast.com\/wordpress\/plugins\/seo\/ -->\n<title>Poku\u0161aj dr\u017eavnog udara u Turskoj \u2013 Ankaru i Istanbul nadlije\u0107u avioni<\/title>\n<meta name=\"robots\" content=\"index, follow, max-snippet:-1, max-image-preview:large, max-video-preview:-1\" \/>\n<link rel=\"canonical\" href=\"https:\/\/sandzakpress.net\/arhiva\/pokusaj-drzavnog-udara-u-turskoj-ankaru-i-istanbul-nadlijecu-avioni\/\" \/>\n<meta property=\"og:locale\" content=\"bs_BA\" \/>\n<meta property=\"og:type\" content=\"article\" \/>\n<meta property=\"og:title\" content=\"Poku\u0161aj dr\u017eavnog udara u Turskoj \u2013 Ankaru i Istanbul nadlije\u0107u avioni\" \/>\n<meta property=\"og:description\" content=\"Turska \u2013 U prijestolnici Ankari se \u010dula pucnjava, vojska blokirala dva istanbulska mosta, tenkovi na aerodromu Ataturk. Turski premijer Binali Yildirim izjavio je u petak nave\u010der kako je grupa unutar turske vojske pokrenula de\u0161avanja koja imaju karakteristike poku\u0161aja dr\u017eavnog udara. On je za NTV televiziju kazao \u201ckako je ta\u010dno da je bio takav poku\u0161aj\u201d. Nije [&hellip;]\" \/>\n<meta property=\"og:url\" content=\"https:\/\/sandzakpress.net\/arhiva\/pokusaj-drzavnog-udara-u-turskoj-ankaru-i-istanbul-nadlijecu-avioni\/\" \/>\n<meta property=\"og:site_name\" content=\"Sand\u017eak PRESS\" \/>\n<meta property=\"article:published_time\" content=\"2016-07-15T20:37:12+00:00\" \/>\n<meta property=\"og:image\" content=\"https:\/\/sandzakpress.net\/arhiva\/wp-content\/uploads\/2016\/07\/turska-vojska-foto-twitter-1468612477-950767-1.jpg\" \/>\n\t<meta property=\"og:image:width\" content=\"620\" \/>\n\t<meta property=\"og:image:height\" content=\"419\" \/>\n\t<meta property=\"og:image:type\" content=\"image\/jpeg\" \/>\n<meta name=\"author\" content=\"bosniak\" \/>\n<meta name=\"twitter:card\" content=\"summary_large_image\" \/>\n<meta name=\"twitter:label1\" content=\"Written by\" \/>\n\t<meta name=\"twitter:data1\" content=\"bosniak\" \/>\n\t<meta name=\"twitter:label2\" content=\"Est. reading time\" \/>\n\t<meta name=\"twitter:data2\" content=\"1 minuta\" \/>\n<script type=\"application\/ld+json\" class=\"yoast-schema-graph\">{\"@context\":\"https:\/\/schema.org\",\"@graph\":[{\"@type\":\"Article\",\"@id\":\"https:\/\/sandzakpress.net\/arhiva\/pokusaj-drzavnog-udara-u-turskoj-ankaru-i-istanbul-nadlijecu-avioni\/#article\",\"isPartOf\":{\"@id\":\"https:\/\/sandzakpress.net\/arhiva\/pokusaj-drzavnog-udara-u-turskoj-ankaru-i-istanbul-nadlijecu-avioni\/\"},\"author\":{\"name\":\"bosniak\",\"@id\":\"https:\/\/sandzakpress.net\/arhiva\/#\/schema\/person\/c8baee722073534b583ea7bdb2e36c02\"},\"headline\":\"Poku\u0161aj dr\u017eavnog udara u Turskoj \u2013 Ankaru i Istanbul nadlije\u0107u avioni\",\"datePublished\":\"2016-07-15T20:37:12+00:00\",\"mainEntityOfPage\":{\"@id\":\"https:\/\/sandzakpress.net\/arhiva\/pokusaj-drzavnog-udara-u-turskoj-ankaru-i-istanbul-nadlijecu-avioni\/\"},\"wordCount\":234,\"commentCount\":0,\"publisher\":{\"@id\":\"https:\/\/sandzakpress.net\/arhiva\/#\/schema\/person\/6e72b67d6e51910a1117b3b483ba20bd\"},\"image\":{\"@id\":\"https:\/\/sandzakpress.net\/arhiva\/pokusaj-drzavnog-udara-u-turskoj-ankaru-i-istanbul-nadlijecu-avioni\/#primaryimage\"},\"thumbnailUrl\":\"https:\/\/sandzakpress.net\/arhiva\/wp-content\/uploads\/2016\/07\/turska-vojska-foto-twitter-1468612477-950767-1.jpg\",\"keywords\":[\"Islam\"],\"articleSection\":[\"Islam PRESS\"],\"inLanguage\":\"bs-BA\",\"potentialAction\":[{\"@type\":\"CommentAction\",\"name\":\"Comment\",\"target\":[\"https:\/\/sandzakpress.net\/arhiva\/pokusaj-drzavnog-udara-u-turskoj-ankaru-i-istanbul-nadlijecu-avioni\/#respond\"]}]},{\"@type\":\"WebPage\",\"@id\":\"https:\/\/sandzakpress.net\/arhiva\/pokusaj-drzavnog-udara-u-turskoj-ankaru-i-istanbul-nadlijecu-avioni\/\",\"url\":\"https:\/\/sandzakpress.net\/arhiva\/pokusaj-drzavnog-udara-u-turskoj-ankaru-i-istanbul-nadlijecu-avioni\/\",\"name\":\"Poku\u0161aj dr\u017eavnog udara u Turskoj \u2013 Ankaru i Istanbul nadlije\u0107u avioni\",\"isPartOf\":{\"@id\":\"https:\/\/sandzakpress.net\/arhiva\/#website\"},\"primaryImageOfPage\":{\"@id\":\"https:\/\/sandzakpress.net\/arhiva\/pokusaj-drzavnog-udara-u-turskoj-ankaru-i-istanbul-nadlijecu-avioni\/#primaryimage\"},\"image\":{\"@id\":\"https:\/\/sandzakpress.net\/arhiva\/pokusaj-drzavnog-udara-u-turskoj-ankaru-i-istanbul-nadlijecu-avioni\/#primaryimage\"},\"thumbnailUrl\":\"https:\/\/sandzakpress.net\/arhiva\/wp-content\/uploads\/2016\/07\/turska-vojska-foto-twitter-1468612477-950767-1.jpg\",\"datePublished\":\"2016-07-15T20:37:12+00:00\",\"breadcrumb\":{\"@id\":\"https:\/\/sandzakpress.net\/arhiva\/pokusaj-drzavnog-udara-u-turskoj-ankaru-i-istanbul-nadlijecu-avioni\/#breadcrumb\"},\"inLanguage\":\"bs-BA\",\"potentialAction\":[{\"@type\":\"ReadAction\",\"target\":[\"https:\/\/sandzakpress.net\/arhiva\/pokusaj-drzavnog-udara-u-turskoj-ankaru-i-istanbul-nadlijecu-avioni\/\"]}]},{\"@type\":\"ImageObject\",\"inLanguage\":\"bs-BA\",\"@id\":\"https:\/\/sandzakpress.net\/arhiva\/pokusaj-drzavnog-udara-u-turskoj-ankaru-i-istanbul-nadlijecu-avioni\/#primaryimage\",\"url\":\"https:\/\/sandzakpress.net\/arhiva\/wp-content\/uploads\/2016\/07\/turska-vojska-foto-twitter-1468612477-950767-1.jpg\",\"contentUrl\":\"https:\/\/sandzakpress.net\/arhiva\/wp-content\/uploads\/2016\/07\/turska-vojska-foto-twitter-1468612477-950767-1.jpg\",\"width\":620,\"height\":419},{\"@type\":\"BreadcrumbList\",\"@id\":\"https:\/\/sandzakpress.net\/arhiva\/pokusaj-drzavnog-udara-u-turskoj-ankaru-i-istanbul-nadlijecu-avioni\/#breadcrumb\",\"itemListElement\":[{\"@type\":\"ListItem\",\"position\":1,\"name\":\"Home\",\"item\":\"https:\/\/sandzakpress.net\/arhiva\/\"},{\"@type\":\"ListItem\",\"position\":2,\"name\":\"Poku\u0161aj dr\u017eavnog udara u Turskoj \u2013 Ankaru i Istanbul nadlije\u0107u avioni\"}]},{\"@type\":\"WebSite\",\"@id\":\"https:\/\/sandzakpress.net\/arhiva\/#website\",\"url\":\"https:\/\/sandzakpress.net\/arhiva\/\",\"name\":\"Sand\u017eak PRESS\",\"description\":\"Prve elektronske novine u Sand\u017eaku\",\"publisher\":{\"@id\":\"https:\/\/sandzakpress.net\/arhiva\/#\/schema\/person\/6e72b67d6e51910a1117b3b483ba20bd\"},\"potentialAction\":[{\"@type\":\"SearchAction\",\"target\":{\"@type\":\"EntryPoint\",\"urlTemplate\":\"https:\/\/sandzakpress.net\/arhiva\/?s={search_term_string}\"},\"query-input\":{\"@type\":\"PropertyValueSpecification\",\"valueRequired\":true,\"valueName\":\"search_term_string\"}}],\"inLanguage\":\"bs-BA\"},{\"@type\":[\"Person\",\"Organization\"],\"@id\":\"https:\/\/sandzakpress.net\/arhiva\/#\/schema\/person\/6e72b67d6e51910a1117b3b483ba20bd\",\"name\":\"Kul\",\"image\":{\"@type\":\"ImageObject\",\"inLanguage\":\"bs-BA\",\"@id\":\"https:\/\/sandzakpress.net\/arhiva\/#\/schema\/person\/image\/\",\"url\":\"https:\/\/secure.gravatar.com\/avatar\/42263f39aa27ac04c43cab85c280eb2e?s=96&d=mm&r=pg\",\"contentUrl\":\"https:\/\/secure.gravatar.com\/avatar\/42263f39aa27ac04c43cab85c280eb2e?s=96&d=mm&r=pg\",\"caption\":\"Kul\"},\"logo\":{\"@id\":\"https:\/\/sandzakpress.net\/arhiva\/#\/schema\/person\/image\/\"}},{\"@type\":\"Person\",\"@id\":\"https:\/\/sandzakpress.net\/arhiva\/#\/schema\/person\/c8baee722073534b583ea7bdb2e36c02\",\"name\":\"bosniak\",\"image\":{\"@type\":\"ImageObject\",\"inLanguage\":\"bs-BA\",\"@id\":\"https:\/\/sandzakpress.net\/arhiva\/#\/schema\/person\/image\/\",\"url\":\"https:\/\/secure.gravatar.com\/avatar\/a04fd330bfe3a36a72a0ad4a6d89fca7?s=96&d=mm&r=pg\",\"contentUrl\":\"https:\/\/secure.gravatar.com\/avatar\/a04fd330bfe3a36a72a0ad4a6d89fca7?s=96&d=mm&r=pg\",\"caption\":\"bosniak\"},\"url\":\"https:\/\/sandzakpress.net\/arhiva\/author\/bosniak\/\"}]}<\/script>\n<!-- \/ Yoast SEO Premium plugin. -->","yoast_head_json":{"title":"Poku\u0161aj dr\u017eavnog udara u Turskoj \u2013 Ankaru i Istanbul nadlije\u0107u avioni","robots":{"index":"index","follow":"follow","max-snippet":"max-snippet:-1","max-image-preview":"max-image-preview:large","max-video-preview":"max-video-preview:-1"},"canonical":"https:\/\/sandzakpress.net\/arhiva\/pokusaj-drzavnog-udara-u-turskoj-ankaru-i-istanbul-nadlijecu-avioni\/","og_locale":"bs_BA","og_type":"article","og_title":"Poku\u0161aj dr\u017eavnog udara u Turskoj \u2013 Ankaru i Istanbul nadlije\u0107u avioni","og_description":"Turska \u2013 U prijestolnici Ankari se \u010dula pucnjava, vojska blokirala dva istanbulska mosta, tenkovi na aerodromu Ataturk. Turski premijer Binali Yildirim izjavio je u petak nave\u010der kako je grupa unutar turske vojske pokrenula de\u0161avanja koja imaju karakteristike poku\u0161aja dr\u017eavnog udara. On je za NTV televiziju kazao \u201ckako je ta\u010dno da je bio takav poku\u0161aj\u201d. Nije [&hellip;]","og_url":"https:\/\/sandzakpress.net\/arhiva\/pokusaj-drzavnog-udara-u-turskoj-ankaru-i-istanbul-nadlijecu-avioni\/","og_site_name":"Sand\u017eak PRESS","article_published_time":"2016-07-15T20:37:12+00:00","og_image":[{"width":620,"height":419,"url":"https:\/\/sandzakpress.net\/arhiva\/wp-content\/uploads\/2016\/07\/turska-vojska-foto-twitter-1468612477-950767-1.jpg","type":"image\/jpeg"}],"author":"bosniak","twitter_card":"summary_large_image","twitter_misc":{"Written by":"bosniak","Est. reading time":"1 minuta"},"schema":{"@context":"https:\/\/schema.org","@graph":[{"@type":"Article","@id":"https:\/\/sandzakpress.net\/arhiva\/pokusaj-drzavnog-udara-u-turskoj-ankaru-i-istanbul-nadlijecu-avioni\/#article","isPartOf":{"@id":"https:\/\/sandzakpress.net\/arhiva\/pokusaj-drzavnog-udara-u-turskoj-ankaru-i-istanbul-nadlijecu-avioni\/"},"author":{"name":"bosniak","@id":"https:\/\/sandzakpress.net\/arhiva\/#\/schema\/person\/c8baee722073534b583ea7bdb2e36c02"},"headline":"Poku\u0161aj dr\u017eavnog udara u Turskoj \u2013 Ankaru i Istanbul nadlije\u0107u avioni","datePublished":"2016-07-15T20:37:12+00:00","mainEntityOfPage":{"@id":"https:\/\/sandzakpress.net\/arhiva\/pokusaj-drzavnog-udara-u-turskoj-ankaru-i-istanbul-nadlijecu-avioni\/"},"wordCount":234,"commentCount":0,"publisher":{"@id":"https:\/\/sandzakpress.net\/arhiva\/#\/schema\/person\/6e72b67d6e51910a1117b3b483ba20bd"},"image":{"@id":"https:\/\/sandzakpress.net\/arhiva\/pokusaj-drzavnog-udara-u-turskoj-ankaru-i-istanbul-nadlijecu-avioni\/#primaryimage"},"thumbnailUrl":"https:\/\/sandzakpress.net\/arhiva\/wp-content\/uploads\/2016\/07\/turska-vojska-foto-twitter-1468612477-950767-1.jpg","keywords":["Islam"],"articleSection":["Islam PRESS"],"inLanguage":"bs-BA","potentialAction":[{"@type":"CommentAction","name":"Comment","target":["https:\/\/sandzakpress.net\/arhiva\/pokusaj-drzavnog-udara-u-turskoj-ankaru-i-istanbul-nadlijecu-avioni\/#respond"]}]},{"@type":"WebPage","@id":"https:\/\/sandzakpress.net\/arhiva\/pokusaj-drzavnog-udara-u-turskoj-ankaru-i-istanbul-nadlijecu-avioni\/","url":"https:\/\/sandzakpress.net\/arhiva\/pokusaj-drzavnog-udara-u-turskoj-ankaru-i-istanbul-nadlijecu-avioni\/","name":"Poku\u0161aj dr\u017eavnog udara u Turskoj \u2013 Ankaru i Istanbul nadlije\u0107u avioni","isPartOf":{"@id":"https:\/\/sandzakpress.net\/arhiva\/#website"},"primaryImageOfPage":{"@id":"https:\/\/sandzakpress.net\/arhiva\/pokusaj-drzavnog-udara-u-turskoj-ankaru-i-istanbul-nadlijecu-avioni\/#primaryimage"},"image":{"@id":"https:\/\/sandzakpress.net\/arhiva\/pokusaj-drzavnog-udara-u-turskoj-ankaru-i-istanbul-nadlijecu-avioni\/#primaryimage"},"thumbnailUrl":"https:\/\/sandzakpress.net\/arhiva\/wp-content\/uploads\/2016\/07\/turska-vojska-foto-twitter-1468612477-950767-1.jpg","datePublished":"2016-07-15T20:37:12+00:00","breadcrumb":{"@id":"https:\/\/sandzakpress.net\/arhiva\/pokusaj-drzavnog-udara-u-turskoj-ankaru-i-istanbul-nadlijecu-avioni\/#breadcrumb"},"inLanguage":"bs-BA","potentialAction":[{"@type":"ReadAction","target":["https:\/\/sandzakpress.net\/arhiva\/pokusaj-drzavnog-udara-u-turskoj-ankaru-i-istanbul-nadlijecu-avioni\/"]}]},{"@type":"ImageObject","inLanguage":"bs-BA","@id":"https:\/\/sandzakpress.net\/arhiva\/pokusaj-drzavnog-udara-u-turskoj-ankaru-i-istanbul-nadlijecu-avioni\/#primaryimage","url":"https:\/\/sandzakpress.net\/arhiva\/wp-content\/uploads\/2016\/07\/turska-vojska-foto-twitter-1468612477-950767-1.jpg","contentUrl":"https:\/\/sandzakpress.net\/arhiva\/wp-content\/uploads\/2016\/07\/turska-vojska-foto-twitter-1468612477-950767-1.jpg","width":620,"height":419},{"@type":"BreadcrumbList","@id":"https:\/\/sandzakpress.net\/arhiva\/pokusaj-drzavnog-udara-u-turskoj-ankaru-i-istanbul-nadlijecu-avioni\/#breadcrumb","itemListElement":[{"@type":"ListItem","position":1,"name":"Home","item":"https:\/\/sandzakpress.net\/arhiva\/"},{"@type":"ListItem","position":2,"name":"Poku\u0161aj dr\u017eavnog udara u Turskoj \u2013 Ankaru i Istanbul nadlije\u0107u avioni"}]},{"@type":"WebSite","@id":"https:\/\/sandzakpress.net\/arhiva\/#website","url":"https:\/\/sandzakpress.net\/arhiva\/","name":"Sand\u017eak PRESS","description":"Prve elektronske novine u Sand\u017eaku","publisher":{"@id":"https:\/\/sandzakpress.net\/arhiva\/#\/schema\/person\/6e72b67d6e51910a1117b3b483ba20bd"},"potentialAction":[{"@type":"SearchAction","target":{"@type":"EntryPoint","urlTemplate":"https:\/\/sandzakpress.net\/arhiva\/?s={search_term_string}"},"query-input":{"@type":"PropertyValueSpecification","valueRequired":true,"valueName":"search_term_string"}}],"inLanguage":"bs-BA"},{"@type":["Person","Organization"],"@id":"https:\/\/sandzakpress.net\/arhiva\/#\/schema\/person\/6e72b67d6e51910a1117b3b483ba20bd","name":"Kul","image":{"@type":"ImageObject","inLanguage":"bs-BA","@id":"https:\/\/sandzakpress.net\/arhiva\/#\/schema\/person\/image\/","url":"https:\/\/secure.gravatar.com\/avatar\/42263f39aa27ac04c43cab85c280eb2e?s=96&d=mm&r=pg","contentUrl":"https:\/\/secure.gravatar.com\/avatar\/42263f39aa27ac04c43cab85c280eb2e?s=96&d=mm&r=pg","caption":"Kul"},"logo":{"@id":"https:\/\/sandzakpress.net\/arhiva\/#\/schema\/person\/image\/"}},{"@type":"Person","@id":"https:\/\/sandzakpress.net\/arhiva\/#\/schema\/person\/c8baee722073534b583ea7bdb2e36c02","name":"bosniak","image":{"@type":"ImageObject","inLanguage":"bs-BA","@id":"https:\/\/sandzakpress.net\/arhiva\/#\/schema\/person\/image\/","url":"https:\/\/secure.gravatar.com\/avatar\/a04fd330bfe3a36a72a0ad4a6d89fca7?s=96&d=mm&r=pg","contentUrl":"https:\/\/secure.gravatar.com\/avatar\/a04fd330bfe3a36a72a0ad4a6d89fca7?s=96&d=mm&r=pg","caption":"bosniak"},"url":"https:\/\/sandzakpress.net\/arhiva\/author\/bosniak\/"}]}},"_links":{"self":[{"href":"https:\/\/sandzakpress.net\/arhiva\/wp-json\/wp\/v2\/posts\/163685"}],"collection":[{"href":"https:\/\/sandzakpress.net\/arhiva\/wp-json\/wp\/v2\/posts"}],"about":[{"href":"https:\/\/sandzakpress.net\/arhiva\/wp-json\/wp\/v2\/types\/post"}],"author":[{"embeddable":true,"href":"https:\/\/sandzakpress.net\/arhiva\/wp-json\/wp\/v2\/users\/83"}],"replies":[{"embeddable":true,"href":"https:\/\/sandzakpress.net\/arhiva\/wp-json\/wp\/v2\/comments?post=163685"}],"version-history":[{"count":0,"href":"https:\/\/sandzakpress.net\/arhiva\/wp-json\/wp\/v2\/posts\/163685\/revisions"}],"wp:featuredmedia":[{"embeddable":true,"href":"https:\/\/sandzakpress.net\/arhiva\/wp-json\/wp\/v2\/media\/163687"}],"wp:attachment":[{"href":"https:\/\/sandzakpress.net\/arhiva\/wp-json\/wp\/v2\/media?parent=163685"}],"wp:term":[{"taxonomy":"category","embeddable":true,"href":"https:\/\/sandzakpress.net\/arhiva\/wp-json\/wp\/v2\/categories?post=163685"},{"taxonomy":"post_tag","embeddable":true,"href":"https:\/\/sandzakpress.net\/arhiva\/wp-json\/wp\/v2\/tags?post=163685"}],"curies":[{"name":"wp","href":"https:\/\/api.w.org\/{rel}","templated":true}]}}