{"id":16342,"date":"2011-05-16T16:06:22","date_gmt":"2011-05-16T14:06:22","guid":{"rendered":"https:\/\/sandzakpress.net\/arhiva\/?p=16342"},"modified":"2011-05-16T16:06:22","modified_gmt":"2011-05-16T14:06:22","slug":"izetbegovic-ima-problem-sa-stvarnim-legitimitetom","status":"publish","type":"post","link":"https:\/\/sandzakpress.net\/arhiva\/izetbegovic-ima-problem-sa-stvarnim-legitimitetom\/","title":{"rendered":"&#8220;Izetbegovi\u0107 ima problem sa stvarnim legitimitetom&#8221;"},"content":{"rendered":"<p><strong><a href=\"https:\/\/sandzakpress.net\/arhiva\/wp-content\/uploads\/2011\/05\/muamer_zkorlic_001-180x180.jpg\"><img loading=\"lazy\" decoding=\"async\" class=\"alignleft size-full wp-image-16343\" title=\"muamer_zkorlic_001-180x180\" src=\"https:\/\/sandzakpress.net\/arhiva\/wp-content\/uploads\/2011\/05\/muamer_zkorlic_001-180x180.jpg\" alt=\"\" width=\"180\" height=\"180\" srcset=\"https:\/\/sandzakpress.net\/arhiva\/wp-content\/uploads\/2011\/05\/muamer_zkorlic_001-180x180.jpg 180w, https:\/\/sandzakpress.net\/arhiva\/wp-content\/uploads\/2011\/05\/muamer_zkorlic_001-180x180-150x150.jpg 150w, https:\/\/sandzakpress.net\/arhiva\/wp-content\/uploads\/2011\/05\/muamer_zkorlic_001-180x180-90x90.jpg 90w, https:\/\/sandzakpress.net\/arhiva\/wp-content\/uploads\/2011\/05\/muamer_zkorlic_001-180x180-125x125.jpg 125w\" sizes=\"(max-width: 180px) 100vw, 180px\" \/><\/a>BiH &#8211; Glavni muftija Islamske zajednice u Srbiji Muamer ed. Zukorli\u0107 izjavio je da bo\u0161nja\u010dki \u010dlan Predsjedni\u0161tva BiH Bakir Izetbegovi\u0107 ima problem sa stvarnim legitimitetom u bo\u0161nja\u010dkom narodu, jer je na proteklim izborima hrvatski \u010dlan Predsjedni\u0161tva BiH \u017deljko Kom\u0161i\u0107 dobio tri puta vi\u0161e bo\u0161nja\u010dkih glasova od njega.<\/strong><\/p>\n<p>Povodom izjave Izetbegovi\u0107a da je ranije podr\u017eavao muftiju Zukorli\u0107a, ali da je sada o\u010digledno da je pogrije\u0161io, te da se sada zala\u017ee za jedinstvenu islamsku zajednicu svih Bo\u0161njaka sa Rijasetom i poglavarom u Sarajevu, poglavar Islamske zajednice u Srbiji ka\u017ee da je ta izjava &#8220;paradigma trenutnog stanja bo\u0161nja\u010dkih politi\u010dara&#8221;.<\/p>\n<p>&#8220;Sada o\u010dito ne govori po svojoj savjesti ve\u0107 po interesima javnih i tajnih stvarnih vladara Bosne&#8221;, rekao je muftija Zukorli\u0107 za beogradske medije.<\/p>\n<p>On je naveo da je podr\u0161ku Izetbegovi\u0107a imao dok on nije bio na vlasti, kada je, kako je rekao, bio slobodan \u010dovjek i govorio ono \u0161to misli i osje\u0107a.<\/p>\n<p>Muftija Zukorli\u0107 je ocijenio da ta promjena u Izetbegovi\u0107evim stavovima govori o slabosti njegove pozicije.<\/p>\n<p>Izvor: <strong>IslamBosna.ba<\/strong><\/p>\n","protected":false},"excerpt":{"rendered":"<p>BiH &#8211; Glavni muftija Islamske zajednice u Srbiji Muamer ed. Zukorli\u0107 izjavio je da bo\u0161nja\u010dki \u010dlan Predsjedni\u0161tva BiH Bakir Izetbegovi\u0107 ima problem sa stvarnim legitimitetom u bo\u0161nja\u010dkom narodu, jer je na proteklim izborima hrvatski \u010dlan Predsjedni\u0161tva BiH \u017deljko Kom\u0161i\u0107 dobio tri puta vi\u0161e bo\u0161nja\u010dkih glasova od njega. Povodom izjave Izetbegovi\u0107a da je ranije podr\u017eavao muftiju [&hellip;]<\/p>\n","protected":false},"author":83,"featured_media":16343,"comment_status":"open","ping_status":"open","sticky":false,"template":"","format":"standard","meta":{"footnotes":""},"categories":[2860,802],"tags":[],"class_list":{"0":"post-16342","1":"post","2":"type-post","3":"status-publish","4":"format-standard","5":"has-post-thumbnail","7":"category-bosna-i-hercegovina-gradovi","8":"category-islamska_zajednica"},"yoast_head":"<!-- This site is optimized with the Yoast SEO Premium plugin v23.1 (Yoast SEO v24.9) - https:\/\/yoast.com\/wordpress\/plugins\/seo\/ -->\n<title>&quot;Izetbegovi\u0107 ima problem sa stvarnim legitimitetom&quot;<\/title>\n<meta name=\"robots\" content=\"index, follow, max-snippet:-1, max-image-preview:large, max-video-preview:-1\" \/>\n<link rel=\"canonical\" href=\"https:\/\/sandzakpress.net\/arhiva\/izetbegovic-ima-problem-sa-stvarnim-legitimitetom\/\" \/>\n<meta property=\"og:locale\" content=\"bs_BA\" \/>\n<meta property=\"og:type\" content=\"article\" \/>\n<meta property=\"og:title\" content=\"&quot;Izetbegovi\u0107 ima problem sa stvarnim legitimitetom&quot;\" \/>\n<meta property=\"og:description\" content=\"BiH &#8211; Glavni muftija Islamske zajednice u Srbiji Muamer ed. Zukorli\u0107 izjavio je da bo\u0161nja\u010dki \u010dlan Predsjedni\u0161tva BiH Bakir Izetbegovi\u0107 ima problem sa stvarnim legitimitetom u bo\u0161nja\u010dkom narodu, jer je na proteklim izborima hrvatski \u010dlan Predsjedni\u0161tva BiH \u017deljko Kom\u0161i\u0107 dobio tri puta vi\u0161e bo\u0161nja\u010dkih glasova od njega. Povodom izjave Izetbegovi\u0107a da je ranije podr\u017eavao muftiju [&hellip;]\" \/>\n<meta property=\"og:url\" content=\"https:\/\/sandzakpress.net\/arhiva\/izetbegovic-ima-problem-sa-stvarnim-legitimitetom\/\" \/>\n<meta property=\"og:site_name\" content=\"Sand\u017eak PRESS\" \/>\n<meta property=\"article:published_time\" content=\"2011-05-16T14:06:22+00:00\" \/>\n<meta property=\"og:image\" content=\"https:\/\/sandzakpress.net\/arhiva\/wp-content\/uploads\/2011\/05\/muamer_zkorlic_001-180x180.jpg\" \/>\n\t<meta property=\"og:image:width\" content=\"180\" \/>\n\t<meta property=\"og:image:height\" content=\"180\" \/>\n\t<meta property=\"og:image:type\" content=\"image\/jpeg\" \/>\n<meta name=\"author\" content=\"bosniak\" \/>\n<meta name=\"twitter:card\" content=\"summary_large_image\" \/>\n<meta name=\"twitter:label1\" content=\"Written by\" \/>\n\t<meta name=\"twitter:data1\" content=\"bosniak\" \/>\n\t<meta name=\"twitter:label2\" content=\"Est. reading time\" \/>\n\t<meta name=\"twitter:data2\" content=\"1 minuta\" \/>\n<script type=\"application\/ld+json\" class=\"yoast-schema-graph\">{\"@context\":\"https:\/\/schema.org\",\"@graph\":[{\"@type\":\"Article\",\"@id\":\"https:\/\/sandzakpress.net\/arhiva\/izetbegovic-ima-problem-sa-stvarnim-legitimitetom\/#article\",\"isPartOf\":{\"@id\":\"https:\/\/sandzakpress.net\/arhiva\/izetbegovic-ima-problem-sa-stvarnim-legitimitetom\/\"},\"author\":{\"name\":\"bosniak\",\"@id\":\"https:\/\/sandzakpress.net\/arhiva\/#\/schema\/person\/c8baee722073534b583ea7bdb2e36c02\"},\"headline\":\"&#8220;Izetbegovi\u0107 ima problem sa stvarnim legitimitetom&#8221;\",\"datePublished\":\"2011-05-16T14:06:22+00:00\",\"mainEntityOfPage\":{\"@id\":\"https:\/\/sandzakpress.net\/arhiva\/izetbegovic-ima-problem-sa-stvarnim-legitimitetom\/\"},\"wordCount\":198,\"commentCount\":12,\"publisher\":{\"@id\":\"https:\/\/sandzakpress.net\/arhiva\/#\/schema\/person\/6e72b67d6e51910a1117b3b483ba20bd\"},\"image\":{\"@id\":\"https:\/\/sandzakpress.net\/arhiva\/izetbegovic-ima-problem-sa-stvarnim-legitimitetom\/#primaryimage\"},\"thumbnailUrl\":\"https:\/\/sandzakpress.net\/arhiva\/wp-content\/uploads\/2011\/05\/muamer_zkorlic_001-180x180.jpg\",\"articleSection\":[\"Bosna i Hercegovina\",\"Islamska zajednica\"],\"inLanguage\":\"bs-BA\",\"potentialAction\":[{\"@type\":\"CommentAction\",\"name\":\"Comment\",\"target\":[\"https:\/\/sandzakpress.net\/arhiva\/izetbegovic-ima-problem-sa-stvarnim-legitimitetom\/#respond\"]}]},{\"@type\":\"WebPage\",\"@id\":\"https:\/\/sandzakpress.net\/arhiva\/izetbegovic-ima-problem-sa-stvarnim-legitimitetom\/\",\"url\":\"https:\/\/sandzakpress.net\/arhiva\/izetbegovic-ima-problem-sa-stvarnim-legitimitetom\/\",\"name\":\"\\\"Izetbegovi\u0107 ima problem sa stvarnim legitimitetom\\\"\",\"isPartOf\":{\"@id\":\"https:\/\/sandzakpress.net\/arhiva\/#website\"},\"primaryImageOfPage\":{\"@id\":\"https:\/\/sandzakpress.net\/arhiva\/izetbegovic-ima-problem-sa-stvarnim-legitimitetom\/#primaryimage\"},\"image\":{\"@id\":\"https:\/\/sandzakpress.net\/arhiva\/izetbegovic-ima-problem-sa-stvarnim-legitimitetom\/#primaryimage\"},\"thumbnailUrl\":\"https:\/\/sandzakpress.net\/arhiva\/wp-content\/uploads\/2011\/05\/muamer_zkorlic_001-180x180.jpg\",\"datePublished\":\"2011-05-16T14:06:22+00:00\",\"breadcrumb\":{\"@id\":\"https:\/\/sandzakpress.net\/arhiva\/izetbegovic-ima-problem-sa-stvarnim-legitimitetom\/#breadcrumb\"},\"inLanguage\":\"bs-BA\",\"potentialAction\":[{\"@type\":\"ReadAction\",\"target\":[\"https:\/\/sandzakpress.net\/arhiva\/izetbegovic-ima-problem-sa-stvarnim-legitimitetom\/\"]}]},{\"@type\":\"ImageObject\",\"inLanguage\":\"bs-BA\",\"@id\":\"https:\/\/sandzakpress.net\/arhiva\/izetbegovic-ima-problem-sa-stvarnim-legitimitetom\/#primaryimage\",\"url\":\"https:\/\/sandzakpress.net\/arhiva\/wp-content\/uploads\/2011\/05\/muamer_zkorlic_001-180x180.jpg\",\"contentUrl\":\"https:\/\/sandzakpress.net\/arhiva\/wp-content\/uploads\/2011\/05\/muamer_zkorlic_001-180x180.jpg\",\"width\":180,\"height\":180},{\"@type\":\"BreadcrumbList\",\"@id\":\"https:\/\/sandzakpress.net\/arhiva\/izetbegovic-ima-problem-sa-stvarnim-legitimitetom\/#breadcrumb\",\"itemListElement\":[{\"@type\":\"ListItem\",\"position\":1,\"name\":\"Home\",\"item\":\"https:\/\/sandzakpress.net\/arhiva\/\"},{\"@type\":\"ListItem\",\"position\":2,\"name\":\"&#8220;Izetbegovi\u0107 ima problem sa stvarnim legitimitetom&#8221;\"}]},{\"@type\":\"WebSite\",\"@id\":\"https:\/\/sandzakpress.net\/arhiva\/#website\",\"url\":\"https:\/\/sandzakpress.net\/arhiva\/\",\"name\":\"Sand\u017eak PRESS\",\"description\":\"Prve elektronske novine u Sand\u017eaku\",\"publisher\":{\"@id\":\"https:\/\/sandzakpress.net\/arhiva\/#\/schema\/person\/6e72b67d6e51910a1117b3b483ba20bd\"},\"potentialAction\":[{\"@type\":\"SearchAction\",\"target\":{\"@type\":\"EntryPoint\",\"urlTemplate\":\"https:\/\/sandzakpress.net\/arhiva\/?s={search_term_string}\"},\"query-input\":{\"@type\":\"PropertyValueSpecification\",\"valueRequired\":true,\"valueName\":\"search_term_string\"}}],\"inLanguage\":\"bs-BA\"},{\"@type\":[\"Person\",\"Organization\"],\"@id\":\"https:\/\/sandzakpress.net\/arhiva\/#\/schema\/person\/6e72b67d6e51910a1117b3b483ba20bd\",\"name\":\"Kul\",\"image\":{\"@type\":\"ImageObject\",\"inLanguage\":\"bs-BA\",\"@id\":\"https:\/\/sandzakpress.net\/arhiva\/#\/schema\/person\/image\/\",\"url\":\"https:\/\/secure.gravatar.com\/avatar\/42263f39aa27ac04c43cab85c280eb2e?s=96&d=mm&r=pg\",\"contentUrl\":\"https:\/\/secure.gravatar.com\/avatar\/42263f39aa27ac04c43cab85c280eb2e?s=96&d=mm&r=pg\",\"caption\":\"Kul\"},\"logo\":{\"@id\":\"https:\/\/sandzakpress.net\/arhiva\/#\/schema\/person\/image\/\"}},{\"@type\":\"Person\",\"@id\":\"https:\/\/sandzakpress.net\/arhiva\/#\/schema\/person\/c8baee722073534b583ea7bdb2e36c02\",\"name\":\"bosniak\",\"image\":{\"@type\":\"ImageObject\",\"inLanguage\":\"bs-BA\",\"@id\":\"https:\/\/sandzakpress.net\/arhiva\/#\/schema\/person\/image\/\",\"url\":\"https:\/\/secure.gravatar.com\/avatar\/a04fd330bfe3a36a72a0ad4a6d89fca7?s=96&d=mm&r=pg\",\"contentUrl\":\"https:\/\/secure.gravatar.com\/avatar\/a04fd330bfe3a36a72a0ad4a6d89fca7?s=96&d=mm&r=pg\",\"caption\":\"bosniak\"},\"url\":\"https:\/\/sandzakpress.net\/arhiva\/author\/bosniak\/\"}]}<\/script>\n<!-- \/ Yoast SEO Premium plugin. -->","yoast_head_json":{"title":"\"Izetbegovi\u0107 ima problem sa stvarnim legitimitetom\"","robots":{"index":"index","follow":"follow","max-snippet":"max-snippet:-1","max-image-preview":"max-image-preview:large","max-video-preview":"max-video-preview:-1"},"canonical":"https:\/\/sandzakpress.net\/arhiva\/izetbegovic-ima-problem-sa-stvarnim-legitimitetom\/","og_locale":"bs_BA","og_type":"article","og_title":"\"Izetbegovi\u0107 ima problem sa stvarnim legitimitetom\"","og_description":"BiH &#8211; Glavni muftija Islamske zajednice u Srbiji Muamer ed. Zukorli\u0107 izjavio je da bo\u0161nja\u010dki \u010dlan Predsjedni\u0161tva BiH Bakir Izetbegovi\u0107 ima problem sa stvarnim legitimitetom u bo\u0161nja\u010dkom narodu, jer je na proteklim izborima hrvatski \u010dlan Predsjedni\u0161tva BiH \u017deljko Kom\u0161i\u0107 dobio tri puta vi\u0161e bo\u0161nja\u010dkih glasova od njega. Povodom izjave Izetbegovi\u0107a da je ranije podr\u017eavao muftiju [&hellip;]","og_url":"https:\/\/sandzakpress.net\/arhiva\/izetbegovic-ima-problem-sa-stvarnim-legitimitetom\/","og_site_name":"Sand\u017eak PRESS","article_published_time":"2011-05-16T14:06:22+00:00","og_image":[{"width":180,"height":180,"url":"https:\/\/sandzakpress.net\/arhiva\/wp-content\/uploads\/2011\/05\/muamer_zkorlic_001-180x180.jpg","type":"image\/jpeg"}],"author":"bosniak","twitter_card":"summary_large_image","twitter_misc":{"Written by":"bosniak","Est. reading time":"1 minuta"},"schema":{"@context":"https:\/\/schema.org","@graph":[{"@type":"Article","@id":"https:\/\/sandzakpress.net\/arhiva\/izetbegovic-ima-problem-sa-stvarnim-legitimitetom\/#article","isPartOf":{"@id":"https:\/\/sandzakpress.net\/arhiva\/izetbegovic-ima-problem-sa-stvarnim-legitimitetom\/"},"author":{"name":"bosniak","@id":"https:\/\/sandzakpress.net\/arhiva\/#\/schema\/person\/c8baee722073534b583ea7bdb2e36c02"},"headline":"&#8220;Izetbegovi\u0107 ima problem sa stvarnim legitimitetom&#8221;","datePublished":"2011-05-16T14:06:22+00:00","mainEntityOfPage":{"@id":"https:\/\/sandzakpress.net\/arhiva\/izetbegovic-ima-problem-sa-stvarnim-legitimitetom\/"},"wordCount":198,"commentCount":12,"publisher":{"@id":"https:\/\/sandzakpress.net\/arhiva\/#\/schema\/person\/6e72b67d6e51910a1117b3b483ba20bd"},"image":{"@id":"https:\/\/sandzakpress.net\/arhiva\/izetbegovic-ima-problem-sa-stvarnim-legitimitetom\/#primaryimage"},"thumbnailUrl":"https:\/\/sandzakpress.net\/arhiva\/wp-content\/uploads\/2011\/05\/muamer_zkorlic_001-180x180.jpg","articleSection":["Bosna i Hercegovina","Islamska zajednica"],"inLanguage":"bs-BA","potentialAction":[{"@type":"CommentAction","name":"Comment","target":["https:\/\/sandzakpress.net\/arhiva\/izetbegovic-ima-problem-sa-stvarnim-legitimitetom\/#respond"]}]},{"@type":"WebPage","@id":"https:\/\/sandzakpress.net\/arhiva\/izetbegovic-ima-problem-sa-stvarnim-legitimitetom\/","url":"https:\/\/sandzakpress.net\/arhiva\/izetbegovic-ima-problem-sa-stvarnim-legitimitetom\/","name":"\"Izetbegovi\u0107 ima problem sa stvarnim legitimitetom\"","isPartOf":{"@id":"https:\/\/sandzakpress.net\/arhiva\/#website"},"primaryImageOfPage":{"@id":"https:\/\/sandzakpress.net\/arhiva\/izetbegovic-ima-problem-sa-stvarnim-legitimitetom\/#primaryimage"},"image":{"@id":"https:\/\/sandzakpress.net\/arhiva\/izetbegovic-ima-problem-sa-stvarnim-legitimitetom\/#primaryimage"},"thumbnailUrl":"https:\/\/sandzakpress.net\/arhiva\/wp-content\/uploads\/2011\/05\/muamer_zkorlic_001-180x180.jpg","datePublished":"2011-05-16T14:06:22+00:00","breadcrumb":{"@id":"https:\/\/sandzakpress.net\/arhiva\/izetbegovic-ima-problem-sa-stvarnim-legitimitetom\/#breadcrumb"},"inLanguage":"bs-BA","potentialAction":[{"@type":"ReadAction","target":["https:\/\/sandzakpress.net\/arhiva\/izetbegovic-ima-problem-sa-stvarnim-legitimitetom\/"]}]},{"@type":"ImageObject","inLanguage":"bs-BA","@id":"https:\/\/sandzakpress.net\/arhiva\/izetbegovic-ima-problem-sa-stvarnim-legitimitetom\/#primaryimage","url":"https:\/\/sandzakpress.net\/arhiva\/wp-content\/uploads\/2011\/05\/muamer_zkorlic_001-180x180.jpg","contentUrl":"https:\/\/sandzakpress.net\/arhiva\/wp-content\/uploads\/2011\/05\/muamer_zkorlic_001-180x180.jpg","width":180,"height":180},{"@type":"BreadcrumbList","@id":"https:\/\/sandzakpress.net\/arhiva\/izetbegovic-ima-problem-sa-stvarnim-legitimitetom\/#breadcrumb","itemListElement":[{"@type":"ListItem","position":1,"name":"Home","item":"https:\/\/sandzakpress.net\/arhiva\/"},{"@type":"ListItem","position":2,"name":"&#8220;Izetbegovi\u0107 ima problem sa stvarnim legitimitetom&#8221;"}]},{"@type":"WebSite","@id":"https:\/\/sandzakpress.net\/arhiva\/#website","url":"https:\/\/sandzakpress.net\/arhiva\/","name":"Sand\u017eak PRESS","description":"Prve elektronske novine u Sand\u017eaku","publisher":{"@id":"https:\/\/sandzakpress.net\/arhiva\/#\/schema\/person\/6e72b67d6e51910a1117b3b483ba20bd"},"potentialAction":[{"@type":"SearchAction","target":{"@type":"EntryPoint","urlTemplate":"https:\/\/sandzakpress.net\/arhiva\/?s={search_term_string}"},"query-input":{"@type":"PropertyValueSpecification","valueRequired":true,"valueName":"search_term_string"}}],"inLanguage":"bs-BA"},{"@type":["Person","Organization"],"@id":"https:\/\/sandzakpress.net\/arhiva\/#\/schema\/person\/6e72b67d6e51910a1117b3b483ba20bd","name":"Kul","image":{"@type":"ImageObject","inLanguage":"bs-BA","@id":"https:\/\/sandzakpress.net\/arhiva\/#\/schema\/person\/image\/","url":"https:\/\/secure.gravatar.com\/avatar\/42263f39aa27ac04c43cab85c280eb2e?s=96&d=mm&r=pg","contentUrl":"https:\/\/secure.gravatar.com\/avatar\/42263f39aa27ac04c43cab85c280eb2e?s=96&d=mm&r=pg","caption":"Kul"},"logo":{"@id":"https:\/\/sandzakpress.net\/arhiva\/#\/schema\/person\/image\/"}},{"@type":"Person","@id":"https:\/\/sandzakpress.net\/arhiva\/#\/schema\/person\/c8baee722073534b583ea7bdb2e36c02","name":"bosniak","image":{"@type":"ImageObject","inLanguage":"bs-BA","@id":"https:\/\/sandzakpress.net\/arhiva\/#\/schema\/person\/image\/","url":"https:\/\/secure.gravatar.com\/avatar\/a04fd330bfe3a36a72a0ad4a6d89fca7?s=96&d=mm&r=pg","contentUrl":"https:\/\/secure.gravatar.com\/avatar\/a04fd330bfe3a36a72a0ad4a6d89fca7?s=96&d=mm&r=pg","caption":"bosniak"},"url":"https:\/\/sandzakpress.net\/arhiva\/author\/bosniak\/"}]}},"_links":{"self":[{"href":"https:\/\/sandzakpress.net\/arhiva\/wp-json\/wp\/v2\/posts\/16342"}],"collection":[{"href":"https:\/\/sandzakpress.net\/arhiva\/wp-json\/wp\/v2\/posts"}],"about":[{"href":"https:\/\/sandzakpress.net\/arhiva\/wp-json\/wp\/v2\/types\/post"}],"author":[{"embeddable":true,"href":"https:\/\/sandzakpress.net\/arhiva\/wp-json\/wp\/v2\/users\/83"}],"replies":[{"embeddable":true,"href":"https:\/\/sandzakpress.net\/arhiva\/wp-json\/wp\/v2\/comments?post=16342"}],"version-history":[{"count":0,"href":"https:\/\/sandzakpress.net\/arhiva\/wp-json\/wp\/v2\/posts\/16342\/revisions"}],"wp:featuredmedia":[{"embeddable":true,"href":"https:\/\/sandzakpress.net\/arhiva\/wp-json\/wp\/v2\/media\/16343"}],"wp:attachment":[{"href":"https:\/\/sandzakpress.net\/arhiva\/wp-json\/wp\/v2\/media?parent=16342"}],"wp:term":[{"taxonomy":"category","embeddable":true,"href":"https:\/\/sandzakpress.net\/arhiva\/wp-json\/wp\/v2\/categories?post=16342"},{"taxonomy":"post_tag","embeddable":true,"href":"https:\/\/sandzakpress.net\/arhiva\/wp-json\/wp\/v2\/tags?post=16342"}],"curies":[{"name":"wp","href":"https:\/\/api.w.org\/{rel}","templated":true}]}}