{"id":163173,"date":"2016-07-04T13:22:50","date_gmt":"2016-07-04T11:22:50","guid":{"rendered":"https:\/\/sandzakpress.net\/arhiva\/?p=163173"},"modified":"2016-07-04T13:22:50","modified_gmt":"2016-07-04T11:22:50","slug":"predstavnici-ikc-a-na-iftaru-kod-gradonacalnika-beca","status":"publish","type":"post","link":"https:\/\/sandzakpress.net\/arhiva\/predstavnici-ikc-a-na-iftaru-kod-gradonacalnika-beca\/","title":{"rendered":"Predstavnici IKC-a na iftaru kod gradona\u010dalnika Be\u010da"},"content":{"rendered":"<section class=\"entry-content clearfix\">\n<div><img decoding=\"async\" src=\"http:\/\/mesihat.org\/wp-content\/uploads\/2016\/07\/13529198_1221489284542462_5843646418028400951_n.jpg\" alt=\"13529198_1221489284542462_5843646418028400951_n\" \/><\/div>\n<div><strong>Austrija \u2013 Pro\u0161le srijede, 29. juna, organiziran je iftar u glavnom gradu Austrije \u2013 Be\u010du od strane gradona\u010dalnika dr. Mihaila Hojpla. Iftar je uprili\u010den za veliki broj predstavnika vjerskih, kulturnih i humanitarnih udru\u017eenja u restoranu op\u0107inske zgrade grada Be\u010da u Rathausu. Pored brojnih gostiju, ove godine kao i proteklih iftaru su prisustvovali predstavnici IKC-a Bo\u0161njaka u Be\u010du, predsjednik Mithat ef. Mujovi\u0107, kao i glavni imam Nihat ef. Gegi\u0107.<\/strong><\/p>\n<\/div>\n<div>Na samom po\u010detku minutom \u0161utnje odata je po\u010dast \u017ertvama terorizma u Turskoj, a nakon toga prisutnima se obratio gradona\u010dalnik Hojpl ukazuju\u0107i na va\u017enost me\u0111usobnog uva\u017eavanja i zajedni\u010dkog napora da gradimo ambijent mira i tolerancije u kojem ne smije biti nikakvih oblika diskriminacije.<\/p>\n<\/div>\n<div>Na skupu je tako\u0111er govorio novi predsjednik Islamske zajednice Austrije \u2013 Ibrahim Olgun koji se zahvalio gradona\u010delniku na gostoprimstvu i istakao da mjesec Ramazan muslimane u\u010di da budu dobri ljudi koji sebi, ali i drugima, \u017eele dobro.<\/p>\n<\/div>\n<div>Republika Austrija ve\u0107 decenijama gaji vrlo dobar odnos prema muslimanima i op\u0107enito prema manjinama koje \u017eive u ovoj dr\u017eavi, \u0161to mo\u017ee poslu\u017eiti kao dobar primjer ostalim zapadnim zemljama.<\/div>\n<div><img loading=\"lazy\" decoding=\"async\" class=\"alignleft size-full wp-image-33970\" src=\"http:\/\/mesihat.org\/wp-content\/uploads\/2016\/07\/13532788_1221489491209108_2269454601046775456_n.jpg\" sizes=\"(max-width: 800px) 100vw, 800px\" srcset=\"http:\/\/mesihat.org\/wp-content\/uploads\/2016\/07\/13532788_1221489491209108_2269454601046775456_n.jpg 800w, http:\/\/mesihat.org\/wp-content\/uploads\/2016\/07\/13532788_1221489491209108_2269454601046775456_n-400x300.jpg 400w, http:\/\/mesihat.org\/wp-content\/uploads\/2016\/07\/13532788_1221489491209108_2269454601046775456_n-768x576.jpg 768w, http:\/\/mesihat.org\/wp-content\/uploads\/2016\/07\/13532788_1221489491209108_2269454601046775456_n-80x60.jpg 80w\" alt=\"13532788_1221489491209108_2269454601046775456_n\" width=\"800\" height=\"600\" \/><img loading=\"lazy\" decoding=\"async\" class=\"alignleft size-full wp-image-33968\" src=\"http:\/\/mesihat.org\/wp-content\/uploads\/2016\/07\/13495119_1221489377875786_4900888720833989382_n.jpg\" sizes=\"(max-width: 800px) 100vw, 800px\" srcset=\"http:\/\/mesihat.org\/wp-content\/uploads\/2016\/07\/13495119_1221489377875786_4900888720833989382_n.jpg 800w, http:\/\/mesihat.org\/wp-content\/uploads\/2016\/07\/13495119_1221489377875786_4900888720833989382_n-400x300.jpg 400w, http:\/\/mesihat.org\/wp-content\/uploads\/2016\/07\/13495119_1221489377875786_4900888720833989382_n-768x576.jpg 768w, http:\/\/mesihat.org\/wp-content\/uploads\/2016\/07\/13495119_1221489377875786_4900888720833989382_n-80x60.jpg 80w\" alt=\"13495119_1221489377875786_4900888720833989382_n\" width=\"800\" height=\"600\" \/><img loading=\"lazy\" decoding=\"async\" class=\"alignleft size-full wp-image-33967\" src=\"http:\/\/mesihat.org\/wp-content\/uploads\/2016\/07\/13439072_1221489411209116_1320149874760253183_n.jpg\" sizes=\"(max-width: 720px) 100vw, 720px\" srcset=\"http:\/\/mesihat.org\/wp-content\/uploads\/2016\/07\/13439072_1221489411209116_1320149874760253183_n.jpg 720w, http:\/\/mesihat.org\/wp-content\/uploads\/2016\/07\/13439072_1221489411209116_1320149874760253183_n-225x300.jpg 225w, http:\/\/mesihat.org\/wp-content\/uploads\/2016\/07\/13439072_1221489411209116_1320149874760253183_n-450x600.jpg 450w\" alt=\"13439072_1221489411209116_1320149874760253183_n\" width=\"720\" height=\"960\" \/><img loading=\"lazy\" decoding=\"async\" class=\"alignleft size-full wp-image-33966\" src=\"http:\/\/mesihat.org\/wp-content\/uploads\/2016\/07\/13438801_1221489451209112_415723693339677818_n.jpg\" sizes=\"(max-width: 800px) 100vw, 800px\" srcset=\"http:\/\/mesihat.org\/wp-content\/uploads\/2016\/07\/13438801_1221489451209112_415723693339677818_n.jpg 800w, http:\/\/mesihat.org\/wp-content\/uploads\/2016\/07\/13438801_1221489451209112_415723693339677818_n-400x300.jpg 400w, http:\/\/mesihat.org\/wp-content\/uploads\/2016\/07\/13438801_1221489451209112_415723693339677818_n-768x576.jpg 768w, http:\/\/mesihat.org\/wp-content\/uploads\/2016\/07\/13438801_1221489451209112_415723693339677818_n-80x60.jpg 80w\" alt=\"13438801_1221489451209112_415723693339677818_n\" width=\"800\" height=\"600\" \/><\/div>\n<\/section>\n<footer class=\"article-footer\">\n<div class=\"cb-social-sharing cb-beside cb-social-box clearfix\">\n<div class=\"cb-title-subtle\">\u00a0<\/div>\n<\/div>\n<\/footer>\n","protected":false},"excerpt":{"rendered":"<p>Austrija \u2013 Pro\u0161le srijede, 29. juna, organiziran je iftar u glavnom gradu Austrije \u2013 Be\u010du od strane gradona\u010dalnika dr. Mihaila Hojpla. Iftar je uprili\u010den za veliki broj predstavnika vjerskih, kulturnih i humanitarnih udru\u017eenja u restoranu op\u0107inske zgrade grada Be\u010da u Rathausu. Pored brojnih gostiju, ove godine kao i proteklih iftaru su prisustvovali predstavnici IKC-a Bo\u0161njaka [&hellip;]<\/p>\n","protected":false},"author":83,"featured_media":163174,"comment_status":"open","ping_status":"open","sticky":false,"template":"","format":"standard","meta":{"footnotes":""},"categories":[9539,802,10429],"tags":[],"class_list":{"0":"post-163173","1":"post","2":"type-post","3":"status-publish","4":"format-standard","5":"has-post-thumbnail","7":"category-austrija-dijaspora-gradovi-vase-vijesti","8":"category-islamska_zajednica","9":"category-vazno"},"yoast_head":"<!-- This site is optimized with the Yoast SEO Premium plugin v23.1 (Yoast SEO v24.9) - https:\/\/yoast.com\/wordpress\/plugins\/seo\/ -->\n<title>Predstavnici IKC-a na iftaru kod gradona\u010dalnika Be\u010da<\/title>\n<meta name=\"robots\" content=\"index, follow, max-snippet:-1, max-image-preview:large, max-video-preview:-1\" \/>\n<link rel=\"canonical\" href=\"https:\/\/sandzakpress.net\/arhiva\/predstavnici-ikc-a-na-iftaru-kod-gradonacalnika-beca\/\" \/>\n<meta property=\"og:locale\" content=\"bs_BA\" \/>\n<meta property=\"og:type\" content=\"article\" \/>\n<meta property=\"og:title\" content=\"Predstavnici IKC-a na iftaru kod gradona\u010dalnika Be\u010da\" \/>\n<meta property=\"og:description\" content=\"Austrija \u2013 Pro\u0161le srijede, 29. juna, organiziran je iftar u glavnom gradu Austrije \u2013 Be\u010du od strane gradona\u010dalnika dr. Mihaila Hojpla. Iftar je uprili\u010den za veliki broj predstavnika vjerskih, kulturnih i humanitarnih udru\u017eenja u restoranu op\u0107inske zgrade grada Be\u010da u Rathausu. Pored brojnih gostiju, ove godine kao i proteklih iftaru su prisustvovali predstavnici IKC-a Bo\u0161njaka [&hellip;]\" \/>\n<meta property=\"og:url\" content=\"https:\/\/sandzakpress.net\/arhiva\/predstavnici-ikc-a-na-iftaru-kod-gradonacalnika-beca\/\" \/>\n<meta property=\"og:site_name\" content=\"Sand\u017eak PRESS\" \/>\n<meta property=\"article:published_time\" content=\"2016-07-04T11:22:50+00:00\" \/>\n<meta property=\"og:image\" content=\"https:\/\/sandzakpress.net\/arhiva\/wp-content\/uploads\/2016\/07\/13529198_1221489284542462_5843646418028400951_n.jpg\" \/>\n\t<meta property=\"og:image:width\" content=\"960\" \/>\n\t<meta property=\"og:image:height\" content=\"720\" \/>\n\t<meta property=\"og:image:type\" content=\"image\/jpeg\" \/>\n<meta name=\"author\" content=\"bosniak\" \/>\n<meta name=\"twitter:card\" content=\"summary_large_image\" \/>\n<meta name=\"twitter:label1\" content=\"Written by\" \/>\n\t<meta name=\"twitter:data1\" content=\"bosniak\" \/>\n\t<meta name=\"twitter:label2\" content=\"Est. reading time\" \/>\n\t<meta name=\"twitter:data2\" content=\"1 minuta\" \/>\n<script type=\"application\/ld+json\" class=\"yoast-schema-graph\">{\"@context\":\"https:\/\/schema.org\",\"@graph\":[{\"@type\":\"Article\",\"@id\":\"https:\/\/sandzakpress.net\/arhiva\/predstavnici-ikc-a-na-iftaru-kod-gradonacalnika-beca\/#article\",\"isPartOf\":{\"@id\":\"https:\/\/sandzakpress.net\/arhiva\/predstavnici-ikc-a-na-iftaru-kod-gradonacalnika-beca\/\"},\"author\":{\"name\":\"bosniak\",\"@id\":\"https:\/\/sandzakpress.net\/arhiva\/#\/schema\/person\/c8baee722073534b583ea7bdb2e36c02\"},\"headline\":\"Predstavnici IKC-a na iftaru kod gradona\u010dalnika Be\u010da\",\"datePublished\":\"2016-07-04T11:22:50+00:00\",\"mainEntityOfPage\":{\"@id\":\"https:\/\/sandzakpress.net\/arhiva\/predstavnici-ikc-a-na-iftaru-kod-gradonacalnika-beca\/\"},\"wordCount\":204,\"commentCount\":0,\"publisher\":{\"@id\":\"https:\/\/sandzakpress.net\/arhiva\/#\/schema\/person\/6e72b67d6e51910a1117b3b483ba20bd\"},\"image\":{\"@id\":\"https:\/\/sandzakpress.net\/arhiva\/predstavnici-ikc-a-na-iftaru-kod-gradonacalnika-beca\/#primaryimage\"},\"thumbnailUrl\":\"https:\/\/sandzakpress.net\/arhiva\/wp-content\/uploads\/2016\/07\/13529198_1221489284542462_5843646418028400951_n.jpg\",\"articleSection\":[\"Austrija\",\"Islamska zajednica\",\"VA\u017dNO!\"],\"inLanguage\":\"bs-BA\",\"potentialAction\":[{\"@type\":\"CommentAction\",\"name\":\"Comment\",\"target\":[\"https:\/\/sandzakpress.net\/arhiva\/predstavnici-ikc-a-na-iftaru-kod-gradonacalnika-beca\/#respond\"]}]},{\"@type\":\"WebPage\",\"@id\":\"https:\/\/sandzakpress.net\/arhiva\/predstavnici-ikc-a-na-iftaru-kod-gradonacalnika-beca\/\",\"url\":\"https:\/\/sandzakpress.net\/arhiva\/predstavnici-ikc-a-na-iftaru-kod-gradonacalnika-beca\/\",\"name\":\"Predstavnici IKC-a na iftaru kod gradona\u010dalnika Be\u010da\",\"isPartOf\":{\"@id\":\"https:\/\/sandzakpress.net\/arhiva\/#website\"},\"primaryImageOfPage\":{\"@id\":\"https:\/\/sandzakpress.net\/arhiva\/predstavnici-ikc-a-na-iftaru-kod-gradonacalnika-beca\/#primaryimage\"},\"image\":{\"@id\":\"https:\/\/sandzakpress.net\/arhiva\/predstavnici-ikc-a-na-iftaru-kod-gradonacalnika-beca\/#primaryimage\"},\"thumbnailUrl\":\"https:\/\/sandzakpress.net\/arhiva\/wp-content\/uploads\/2016\/07\/13529198_1221489284542462_5843646418028400951_n.jpg\",\"datePublished\":\"2016-07-04T11:22:50+00:00\",\"breadcrumb\":{\"@id\":\"https:\/\/sandzakpress.net\/arhiva\/predstavnici-ikc-a-na-iftaru-kod-gradonacalnika-beca\/#breadcrumb\"},\"inLanguage\":\"bs-BA\",\"potentialAction\":[{\"@type\":\"ReadAction\",\"target\":[\"https:\/\/sandzakpress.net\/arhiva\/predstavnici-ikc-a-na-iftaru-kod-gradonacalnika-beca\/\"]}]},{\"@type\":\"ImageObject\",\"inLanguage\":\"bs-BA\",\"@id\":\"https:\/\/sandzakpress.net\/arhiva\/predstavnici-ikc-a-na-iftaru-kod-gradonacalnika-beca\/#primaryimage\",\"url\":\"https:\/\/sandzakpress.net\/arhiva\/wp-content\/uploads\/2016\/07\/13529198_1221489284542462_5843646418028400951_n.jpg\",\"contentUrl\":\"https:\/\/sandzakpress.net\/arhiva\/wp-content\/uploads\/2016\/07\/13529198_1221489284542462_5843646418028400951_n.jpg\",\"width\":960,\"height\":720},{\"@type\":\"BreadcrumbList\",\"@id\":\"https:\/\/sandzakpress.net\/arhiva\/predstavnici-ikc-a-na-iftaru-kod-gradonacalnika-beca\/#breadcrumb\",\"itemListElement\":[{\"@type\":\"ListItem\",\"position\":1,\"name\":\"Home\",\"item\":\"https:\/\/sandzakpress.net\/arhiva\/\"},{\"@type\":\"ListItem\",\"position\":2,\"name\":\"Predstavnici IKC-a na iftaru kod gradona\u010dalnika Be\u010da\"}]},{\"@type\":\"WebSite\",\"@id\":\"https:\/\/sandzakpress.net\/arhiva\/#website\",\"url\":\"https:\/\/sandzakpress.net\/arhiva\/\",\"name\":\"Sand\u017eak PRESS\",\"description\":\"Prve elektronske novine u Sand\u017eaku\",\"publisher\":{\"@id\":\"https:\/\/sandzakpress.net\/arhiva\/#\/schema\/person\/6e72b67d6e51910a1117b3b483ba20bd\"},\"potentialAction\":[{\"@type\":\"SearchAction\",\"target\":{\"@type\":\"EntryPoint\",\"urlTemplate\":\"https:\/\/sandzakpress.net\/arhiva\/?s={search_term_string}\"},\"query-input\":{\"@type\":\"PropertyValueSpecification\",\"valueRequired\":true,\"valueName\":\"search_term_string\"}}],\"inLanguage\":\"bs-BA\"},{\"@type\":[\"Person\",\"Organization\"],\"@id\":\"https:\/\/sandzakpress.net\/arhiva\/#\/schema\/person\/6e72b67d6e51910a1117b3b483ba20bd\",\"name\":\"Kul\",\"image\":{\"@type\":\"ImageObject\",\"inLanguage\":\"bs-BA\",\"@id\":\"https:\/\/sandzakpress.net\/arhiva\/#\/schema\/person\/image\/\",\"url\":\"https:\/\/secure.gravatar.com\/avatar\/42263f39aa27ac04c43cab85c280eb2e?s=96&d=mm&r=pg\",\"contentUrl\":\"https:\/\/secure.gravatar.com\/avatar\/42263f39aa27ac04c43cab85c280eb2e?s=96&d=mm&r=pg\",\"caption\":\"Kul\"},\"logo\":{\"@id\":\"https:\/\/sandzakpress.net\/arhiva\/#\/schema\/person\/image\/\"}},{\"@type\":\"Person\",\"@id\":\"https:\/\/sandzakpress.net\/arhiva\/#\/schema\/person\/c8baee722073534b583ea7bdb2e36c02\",\"name\":\"bosniak\",\"image\":{\"@type\":\"ImageObject\",\"inLanguage\":\"bs-BA\",\"@id\":\"https:\/\/sandzakpress.net\/arhiva\/#\/schema\/person\/image\/\",\"url\":\"https:\/\/secure.gravatar.com\/avatar\/a04fd330bfe3a36a72a0ad4a6d89fca7?s=96&d=mm&r=pg\",\"contentUrl\":\"https:\/\/secure.gravatar.com\/avatar\/a04fd330bfe3a36a72a0ad4a6d89fca7?s=96&d=mm&r=pg\",\"caption\":\"bosniak\"},\"url\":\"https:\/\/sandzakpress.net\/arhiva\/author\/bosniak\/\"}]}<\/script>\n<!-- \/ Yoast SEO Premium plugin. -->","yoast_head_json":{"title":"Predstavnici IKC-a na iftaru kod gradona\u010dalnika Be\u010da","robots":{"index":"index","follow":"follow","max-snippet":"max-snippet:-1","max-image-preview":"max-image-preview:large","max-video-preview":"max-video-preview:-1"},"canonical":"https:\/\/sandzakpress.net\/arhiva\/predstavnici-ikc-a-na-iftaru-kod-gradonacalnika-beca\/","og_locale":"bs_BA","og_type":"article","og_title":"Predstavnici IKC-a na iftaru kod gradona\u010dalnika Be\u010da","og_description":"Austrija \u2013 Pro\u0161le srijede, 29. juna, organiziran je iftar u glavnom gradu Austrije \u2013 Be\u010du od strane gradona\u010dalnika dr. Mihaila Hojpla. Iftar je uprili\u010den za veliki broj predstavnika vjerskih, kulturnih i humanitarnih udru\u017eenja u restoranu op\u0107inske zgrade grada Be\u010da u Rathausu. Pored brojnih gostiju, ove godine kao i proteklih iftaru su prisustvovali predstavnici IKC-a Bo\u0161njaka [&hellip;]","og_url":"https:\/\/sandzakpress.net\/arhiva\/predstavnici-ikc-a-na-iftaru-kod-gradonacalnika-beca\/","og_site_name":"Sand\u017eak PRESS","article_published_time":"2016-07-04T11:22:50+00:00","og_image":[{"width":960,"height":720,"url":"https:\/\/sandzakpress.net\/arhiva\/wp-content\/uploads\/2016\/07\/13529198_1221489284542462_5843646418028400951_n.jpg","type":"image\/jpeg"}],"author":"bosniak","twitter_card":"summary_large_image","twitter_misc":{"Written by":"bosniak","Est. reading time":"1 minuta"},"schema":{"@context":"https:\/\/schema.org","@graph":[{"@type":"Article","@id":"https:\/\/sandzakpress.net\/arhiva\/predstavnici-ikc-a-na-iftaru-kod-gradonacalnika-beca\/#article","isPartOf":{"@id":"https:\/\/sandzakpress.net\/arhiva\/predstavnici-ikc-a-na-iftaru-kod-gradonacalnika-beca\/"},"author":{"name":"bosniak","@id":"https:\/\/sandzakpress.net\/arhiva\/#\/schema\/person\/c8baee722073534b583ea7bdb2e36c02"},"headline":"Predstavnici IKC-a na iftaru kod gradona\u010dalnika Be\u010da","datePublished":"2016-07-04T11:22:50+00:00","mainEntityOfPage":{"@id":"https:\/\/sandzakpress.net\/arhiva\/predstavnici-ikc-a-na-iftaru-kod-gradonacalnika-beca\/"},"wordCount":204,"commentCount":0,"publisher":{"@id":"https:\/\/sandzakpress.net\/arhiva\/#\/schema\/person\/6e72b67d6e51910a1117b3b483ba20bd"},"image":{"@id":"https:\/\/sandzakpress.net\/arhiva\/predstavnici-ikc-a-na-iftaru-kod-gradonacalnika-beca\/#primaryimage"},"thumbnailUrl":"https:\/\/sandzakpress.net\/arhiva\/wp-content\/uploads\/2016\/07\/13529198_1221489284542462_5843646418028400951_n.jpg","articleSection":["Austrija","Islamska zajednica","VA\u017dNO!"],"inLanguage":"bs-BA","potentialAction":[{"@type":"CommentAction","name":"Comment","target":["https:\/\/sandzakpress.net\/arhiva\/predstavnici-ikc-a-na-iftaru-kod-gradonacalnika-beca\/#respond"]}]},{"@type":"WebPage","@id":"https:\/\/sandzakpress.net\/arhiva\/predstavnici-ikc-a-na-iftaru-kod-gradonacalnika-beca\/","url":"https:\/\/sandzakpress.net\/arhiva\/predstavnici-ikc-a-na-iftaru-kod-gradonacalnika-beca\/","name":"Predstavnici IKC-a na iftaru kod gradona\u010dalnika Be\u010da","isPartOf":{"@id":"https:\/\/sandzakpress.net\/arhiva\/#website"},"primaryImageOfPage":{"@id":"https:\/\/sandzakpress.net\/arhiva\/predstavnici-ikc-a-na-iftaru-kod-gradonacalnika-beca\/#primaryimage"},"image":{"@id":"https:\/\/sandzakpress.net\/arhiva\/predstavnici-ikc-a-na-iftaru-kod-gradonacalnika-beca\/#primaryimage"},"thumbnailUrl":"https:\/\/sandzakpress.net\/arhiva\/wp-content\/uploads\/2016\/07\/13529198_1221489284542462_5843646418028400951_n.jpg","datePublished":"2016-07-04T11:22:50+00:00","breadcrumb":{"@id":"https:\/\/sandzakpress.net\/arhiva\/predstavnici-ikc-a-na-iftaru-kod-gradonacalnika-beca\/#breadcrumb"},"inLanguage":"bs-BA","potentialAction":[{"@type":"ReadAction","target":["https:\/\/sandzakpress.net\/arhiva\/predstavnici-ikc-a-na-iftaru-kod-gradonacalnika-beca\/"]}]},{"@type":"ImageObject","inLanguage":"bs-BA","@id":"https:\/\/sandzakpress.net\/arhiva\/predstavnici-ikc-a-na-iftaru-kod-gradonacalnika-beca\/#primaryimage","url":"https:\/\/sandzakpress.net\/arhiva\/wp-content\/uploads\/2016\/07\/13529198_1221489284542462_5843646418028400951_n.jpg","contentUrl":"https:\/\/sandzakpress.net\/arhiva\/wp-content\/uploads\/2016\/07\/13529198_1221489284542462_5843646418028400951_n.jpg","width":960,"height":720},{"@type":"BreadcrumbList","@id":"https:\/\/sandzakpress.net\/arhiva\/predstavnici-ikc-a-na-iftaru-kod-gradonacalnika-beca\/#breadcrumb","itemListElement":[{"@type":"ListItem","position":1,"name":"Home","item":"https:\/\/sandzakpress.net\/arhiva\/"},{"@type":"ListItem","position":2,"name":"Predstavnici IKC-a na iftaru kod gradona\u010dalnika Be\u010da"}]},{"@type":"WebSite","@id":"https:\/\/sandzakpress.net\/arhiva\/#website","url":"https:\/\/sandzakpress.net\/arhiva\/","name":"Sand\u017eak PRESS","description":"Prve elektronske novine u Sand\u017eaku","publisher":{"@id":"https:\/\/sandzakpress.net\/arhiva\/#\/schema\/person\/6e72b67d6e51910a1117b3b483ba20bd"},"potentialAction":[{"@type":"SearchAction","target":{"@type":"EntryPoint","urlTemplate":"https:\/\/sandzakpress.net\/arhiva\/?s={search_term_string}"},"query-input":{"@type":"PropertyValueSpecification","valueRequired":true,"valueName":"search_term_string"}}],"inLanguage":"bs-BA"},{"@type":["Person","Organization"],"@id":"https:\/\/sandzakpress.net\/arhiva\/#\/schema\/person\/6e72b67d6e51910a1117b3b483ba20bd","name":"Kul","image":{"@type":"ImageObject","inLanguage":"bs-BA","@id":"https:\/\/sandzakpress.net\/arhiva\/#\/schema\/person\/image\/","url":"https:\/\/secure.gravatar.com\/avatar\/42263f39aa27ac04c43cab85c280eb2e?s=96&d=mm&r=pg","contentUrl":"https:\/\/secure.gravatar.com\/avatar\/42263f39aa27ac04c43cab85c280eb2e?s=96&d=mm&r=pg","caption":"Kul"},"logo":{"@id":"https:\/\/sandzakpress.net\/arhiva\/#\/schema\/person\/image\/"}},{"@type":"Person","@id":"https:\/\/sandzakpress.net\/arhiva\/#\/schema\/person\/c8baee722073534b583ea7bdb2e36c02","name":"bosniak","image":{"@type":"ImageObject","inLanguage":"bs-BA","@id":"https:\/\/sandzakpress.net\/arhiva\/#\/schema\/person\/image\/","url":"https:\/\/secure.gravatar.com\/avatar\/a04fd330bfe3a36a72a0ad4a6d89fca7?s=96&d=mm&r=pg","contentUrl":"https:\/\/secure.gravatar.com\/avatar\/a04fd330bfe3a36a72a0ad4a6d89fca7?s=96&d=mm&r=pg","caption":"bosniak"},"url":"https:\/\/sandzakpress.net\/arhiva\/author\/bosniak\/"}]}},"_links":{"self":[{"href":"https:\/\/sandzakpress.net\/arhiva\/wp-json\/wp\/v2\/posts\/163173"}],"collection":[{"href":"https:\/\/sandzakpress.net\/arhiva\/wp-json\/wp\/v2\/posts"}],"about":[{"href":"https:\/\/sandzakpress.net\/arhiva\/wp-json\/wp\/v2\/types\/post"}],"author":[{"embeddable":true,"href":"https:\/\/sandzakpress.net\/arhiva\/wp-json\/wp\/v2\/users\/83"}],"replies":[{"embeddable":true,"href":"https:\/\/sandzakpress.net\/arhiva\/wp-json\/wp\/v2\/comments?post=163173"}],"version-history":[{"count":0,"href":"https:\/\/sandzakpress.net\/arhiva\/wp-json\/wp\/v2\/posts\/163173\/revisions"}],"wp:featuredmedia":[{"embeddable":true,"href":"https:\/\/sandzakpress.net\/arhiva\/wp-json\/wp\/v2\/media\/163174"}],"wp:attachment":[{"href":"https:\/\/sandzakpress.net\/arhiva\/wp-json\/wp\/v2\/media?parent=163173"}],"wp:term":[{"taxonomy":"category","embeddable":true,"href":"https:\/\/sandzakpress.net\/arhiva\/wp-json\/wp\/v2\/categories?post=163173"},{"taxonomy":"post_tag","embeddable":true,"href":"https:\/\/sandzakpress.net\/arhiva\/wp-json\/wp\/v2\/tags?post=163173"}],"curies":[{"name":"wp","href":"https:\/\/api.w.org\/{rel}","templated":true}]}}