{"id":163031,"date":"2016-06-30T18:14:13","date_gmt":"2016-06-30T16:14:13","guid":{"rendered":"https:\/\/sandzakpress.net\/arhiva\/?p=163031"},"modified":"2016-06-30T18:20:21","modified_gmt":"2016-06-30T16:20:21","slug":"zukorlic-zalozicu-se-da-informatika-bude-obavezan-predmet","status":"publish","type":"post","link":"https:\/\/sandzakpress.net\/arhiva\/zukorlic-zalozicu-se-da-informatika-bude-obavezan-predmet\/","title":{"rendered":"Zukorli\u0107: Zalo\u017ei\u0107u se da informatika bude obavezan predmet"},"content":{"rendered":"<p><img decoding=\"async\" src=\"http:\/\/www.rts.rs\/upload\/storyBoxImageData\/2016\/06\/30\/20879435\/Muamer-Zukorlic.jpg\" alt=\"Muamer Zukorli\u0107 (arhivska fotografija)\" \/><\/p>\n<p><strong>Predsjednik skup\u0161tinskog Odbora za obrazovanje Muamer Zukorli\u0107 izjavio je danas da je informati\u010dko obrazovanje prioritet i da li\u010dno podr\u017eava inicijativu da informatika bude obavezan predmet u \u0161kolama.<\/strong><\/p>\n<p>Ipak, kako ka\u017ee, ne \u017eeli da daje ishitrene stavove po pitanju ne\u010dega \u0161to treba dobro razmotriti na Odboru, u stru\u010dnim slu\u017ebama ministarstva i vlade.<\/p>\n<p>&#8220;Principijalno \u0107u podr\u017eati sve ono \u0161to ide u smjeru modernizacije u smjeru kvalitetnijeg \u0161kolovanja i obrazovanja na\u0161ih mladih, kako bi se suo\u010dili sa izazovima. Definitivno informati\u010dko obrazovanje jeste prioritet i u tom pogledu sam sklon da podr\u017eim takve intencije&#8221;, rekao je Zukorli\u0107 novinarima u Skup\u0161tini Srbije.<\/p>\n<p>(Tanjug)<\/p>\n","protected":false},"excerpt":{"rendered":"<p>Predsjednik skup\u0161tinskog Odbora za obrazovanje Muamer Zukorli\u0107 izjavio je danas da je informati\u010dko obrazovanje prioritet i da li\u010dno podr\u017eava inicijativu da informatika bude obavezan predmet u \u0161kolama. Ipak, kako ka\u017ee, ne \u017eeli da daje ishitrene stavove po pitanju ne\u010dega \u0161to treba dobro razmotriti na Odboru, u stru\u010dnim slu\u017ebama ministarstva i vlade. &#8220;Principijalno \u0107u podr\u017eati sve [&hellip;]<\/p>\n","protected":false},"author":83,"featured_media":163032,"comment_status":"open","ping_status":"open","sticky":false,"template":"","format":"standard","meta":{"footnotes":""},"categories":[72,52,327,392,393,4,394,8957],"tags":[10204,10223],"class_list":{"0":"post-163031","1":"post","2":"type-post","3":"status-publish","4":"format-standard","5":"has-post-thumbnail","7":"category-novi-pazar","8":"category-sjenica","9":"category-tutin","10":"category-prijepolje_","11":"category-priboj","12":"category-obrazovanje","13":"category-nova-varos","14":"category-vijesti-dana","15":"tag-muftija-muamer-zukorlic","16":"tag-bdz"},"yoast_head":"<!-- This site is optimized with the Yoast SEO Premium plugin v23.1 (Yoast SEO v24.9) - https:\/\/yoast.com\/wordpress\/plugins\/seo\/ -->\n<title>Zukorli\u0107: Zalo\u017ei\u0107u se da informatika bude obavezan predmet<\/title>\n<meta name=\"robots\" content=\"index, follow, max-snippet:-1, max-image-preview:large, max-video-preview:-1\" \/>\n<link rel=\"canonical\" href=\"https:\/\/sandzakpress.net\/arhiva\/zukorlic-zalozicu-se-da-informatika-bude-obavezan-predmet\/\" \/>\n<meta property=\"og:locale\" content=\"bs_BA\" \/>\n<meta property=\"og:type\" content=\"article\" \/>\n<meta property=\"og:title\" content=\"Zukorli\u0107: Zalo\u017ei\u0107u se da informatika bude obavezan predmet\" \/>\n<meta property=\"og:description\" content=\"Predsjednik skup\u0161tinskog Odbora za obrazovanje Muamer Zukorli\u0107 izjavio je danas da je informati\u010dko obrazovanje prioritet i da li\u010dno podr\u017eava inicijativu da informatika bude obavezan predmet u \u0161kolama. Ipak, kako ka\u017ee, ne \u017eeli da daje ishitrene stavove po pitanju ne\u010dega \u0161to treba dobro razmotriti na Odboru, u stru\u010dnim slu\u017ebama ministarstva i vlade. &#8220;Principijalno \u0107u podr\u017eati sve [&hellip;]\" \/>\n<meta property=\"og:url\" content=\"https:\/\/sandzakpress.net\/arhiva\/zukorlic-zalozicu-se-da-informatika-bude-obavezan-predmet\/\" \/>\n<meta property=\"og:site_name\" content=\"Sand\u017eak PRESS\" \/>\n<meta property=\"article:published_time\" content=\"2016-06-30T16:14:13+00:00\" \/>\n<meta property=\"article:modified_time\" content=\"2016-06-30T16:20:21+00:00\" \/>\n<meta property=\"og:image\" content=\"https:\/\/sandzakpress.net\/arhiva\/wp-content\/uploads\/2016\/06\/Muamer-Zukorlic.jpg\" \/>\n\t<meta property=\"og:image:width\" content=\"620\" \/>\n\t<meta property=\"og:image:height\" content=\"345\" \/>\n\t<meta property=\"og:image:type\" content=\"image\/jpeg\" \/>\n<meta name=\"author\" content=\"bosniak\" \/>\n<meta name=\"twitter:card\" content=\"summary_large_image\" \/>\n<meta name=\"twitter:label1\" content=\"Written by\" \/>\n\t<meta name=\"twitter:data1\" content=\"bosniak\" \/>\n\t<meta name=\"twitter:label2\" content=\"Est. reading time\" \/>\n\t<meta name=\"twitter:data2\" content=\"1 minuta\" \/>\n<script type=\"application\/ld+json\" class=\"yoast-schema-graph\">{\"@context\":\"https:\/\/schema.org\",\"@graph\":[{\"@type\":\"Article\",\"@id\":\"https:\/\/sandzakpress.net\/arhiva\/zukorlic-zalozicu-se-da-informatika-bude-obavezan-predmet\/#article\",\"isPartOf\":{\"@id\":\"https:\/\/sandzakpress.net\/arhiva\/zukorlic-zalozicu-se-da-informatika-bude-obavezan-predmet\/\"},\"author\":{\"name\":\"bosniak\",\"@id\":\"https:\/\/sandzakpress.net\/arhiva\/#\/schema\/person\/c8baee722073534b583ea7bdb2e36c02\"},\"headline\":\"Zukorli\u0107: Zalo\u017ei\u0107u se da informatika bude obavezan predmet\",\"datePublished\":\"2016-06-30T16:14:13+00:00\",\"dateModified\":\"2016-06-30T16:20:21+00:00\",\"mainEntityOfPage\":{\"@id\":\"https:\/\/sandzakpress.net\/arhiva\/zukorlic-zalozicu-se-da-informatika-bude-obavezan-predmet\/\"},\"wordCount\":122,\"commentCount\":34,\"publisher\":{\"@id\":\"https:\/\/sandzakpress.net\/arhiva\/#\/schema\/person\/6e72b67d6e51910a1117b3b483ba20bd\"},\"image\":{\"@id\":\"https:\/\/sandzakpress.net\/arhiva\/zukorlic-zalozicu-se-da-informatika-bude-obavezan-predmet\/#primaryimage\"},\"thumbnailUrl\":\"https:\/\/sandzakpress.net\/arhiva\/wp-content\/uploads\/2016\/06\/Muamer-Zukorlic.jpg\",\"keywords\":[\"muftija Muamer Zukorli\u0107\",\"BDZ\"],\"articleSection\":[\"Novi Pazar\",\"Sjenica\",\"Tutin\",\"Prijepolje\",\"Priboj\",\"Obrazovanje\",\"Nova Varo\u0161\",\"VIJESTI DANA\"],\"inLanguage\":\"bs-BA\",\"potentialAction\":[{\"@type\":\"CommentAction\",\"name\":\"Comment\",\"target\":[\"https:\/\/sandzakpress.net\/arhiva\/zukorlic-zalozicu-se-da-informatika-bude-obavezan-predmet\/#respond\"]}]},{\"@type\":\"WebPage\",\"@id\":\"https:\/\/sandzakpress.net\/arhiva\/zukorlic-zalozicu-se-da-informatika-bude-obavezan-predmet\/\",\"url\":\"https:\/\/sandzakpress.net\/arhiva\/zukorlic-zalozicu-se-da-informatika-bude-obavezan-predmet\/\",\"name\":\"Zukorli\u0107: Zalo\u017ei\u0107u se da informatika bude obavezan predmet\",\"isPartOf\":{\"@id\":\"https:\/\/sandzakpress.net\/arhiva\/#website\"},\"primaryImageOfPage\":{\"@id\":\"https:\/\/sandzakpress.net\/arhiva\/zukorlic-zalozicu-se-da-informatika-bude-obavezan-predmet\/#primaryimage\"},\"image\":{\"@id\":\"https:\/\/sandzakpress.net\/arhiva\/zukorlic-zalozicu-se-da-informatika-bude-obavezan-predmet\/#primaryimage\"},\"thumbnailUrl\":\"https:\/\/sandzakpress.net\/arhiva\/wp-content\/uploads\/2016\/06\/Muamer-Zukorlic.jpg\",\"datePublished\":\"2016-06-30T16:14:13+00:00\",\"dateModified\":\"2016-06-30T16:20:21+00:00\",\"breadcrumb\":{\"@id\":\"https:\/\/sandzakpress.net\/arhiva\/zukorlic-zalozicu-se-da-informatika-bude-obavezan-predmet\/#breadcrumb\"},\"inLanguage\":\"bs-BA\",\"potentialAction\":[{\"@type\":\"ReadAction\",\"target\":[\"https:\/\/sandzakpress.net\/arhiva\/zukorlic-zalozicu-se-da-informatika-bude-obavezan-predmet\/\"]}]},{\"@type\":\"ImageObject\",\"inLanguage\":\"bs-BA\",\"@id\":\"https:\/\/sandzakpress.net\/arhiva\/zukorlic-zalozicu-se-da-informatika-bude-obavezan-predmet\/#primaryimage\",\"url\":\"https:\/\/sandzakpress.net\/arhiva\/wp-content\/uploads\/2016\/06\/Muamer-Zukorlic.jpg\",\"contentUrl\":\"https:\/\/sandzakpress.net\/arhiva\/wp-content\/uploads\/2016\/06\/Muamer-Zukorlic.jpg\",\"width\":620,\"height\":345},{\"@type\":\"BreadcrumbList\",\"@id\":\"https:\/\/sandzakpress.net\/arhiva\/zukorlic-zalozicu-se-da-informatika-bude-obavezan-predmet\/#breadcrumb\",\"itemListElement\":[{\"@type\":\"ListItem\",\"position\":1,\"name\":\"Home\",\"item\":\"https:\/\/sandzakpress.net\/arhiva\/\"},{\"@type\":\"ListItem\",\"position\":2,\"name\":\"Zukorli\u0107: Zalo\u017ei\u0107u se da informatika bude obavezan predmet\"}]},{\"@type\":\"WebSite\",\"@id\":\"https:\/\/sandzakpress.net\/arhiva\/#website\",\"url\":\"https:\/\/sandzakpress.net\/arhiva\/\",\"name\":\"Sand\u017eak PRESS\",\"description\":\"Prve elektronske novine u Sand\u017eaku\",\"publisher\":{\"@id\":\"https:\/\/sandzakpress.net\/arhiva\/#\/schema\/person\/6e72b67d6e51910a1117b3b483ba20bd\"},\"potentialAction\":[{\"@type\":\"SearchAction\",\"target\":{\"@type\":\"EntryPoint\",\"urlTemplate\":\"https:\/\/sandzakpress.net\/arhiva\/?s={search_term_string}\"},\"query-input\":{\"@type\":\"PropertyValueSpecification\",\"valueRequired\":true,\"valueName\":\"search_term_string\"}}],\"inLanguage\":\"bs-BA\"},{\"@type\":[\"Person\",\"Organization\"],\"@id\":\"https:\/\/sandzakpress.net\/arhiva\/#\/schema\/person\/6e72b67d6e51910a1117b3b483ba20bd\",\"name\":\"Kul\",\"image\":{\"@type\":\"ImageObject\",\"inLanguage\":\"bs-BA\",\"@id\":\"https:\/\/sandzakpress.net\/arhiva\/#\/schema\/person\/image\/\",\"url\":\"https:\/\/secure.gravatar.com\/avatar\/42263f39aa27ac04c43cab85c280eb2e?s=96&d=mm&r=pg\",\"contentUrl\":\"https:\/\/secure.gravatar.com\/avatar\/42263f39aa27ac04c43cab85c280eb2e?s=96&d=mm&r=pg\",\"caption\":\"Kul\"},\"logo\":{\"@id\":\"https:\/\/sandzakpress.net\/arhiva\/#\/schema\/person\/image\/\"}},{\"@type\":\"Person\",\"@id\":\"https:\/\/sandzakpress.net\/arhiva\/#\/schema\/person\/c8baee722073534b583ea7bdb2e36c02\",\"name\":\"bosniak\",\"image\":{\"@type\":\"ImageObject\",\"inLanguage\":\"bs-BA\",\"@id\":\"https:\/\/sandzakpress.net\/arhiva\/#\/schema\/person\/image\/\",\"url\":\"https:\/\/secure.gravatar.com\/avatar\/a04fd330bfe3a36a72a0ad4a6d89fca7?s=96&d=mm&r=pg\",\"contentUrl\":\"https:\/\/secure.gravatar.com\/avatar\/a04fd330bfe3a36a72a0ad4a6d89fca7?s=96&d=mm&r=pg\",\"caption\":\"bosniak\"},\"url\":\"https:\/\/sandzakpress.net\/arhiva\/author\/bosniak\/\"}]}<\/script>\n<!-- \/ Yoast SEO Premium plugin. -->","yoast_head_json":{"title":"Zukorli\u0107: Zalo\u017ei\u0107u se da informatika bude obavezan predmet","robots":{"index":"index","follow":"follow","max-snippet":"max-snippet:-1","max-image-preview":"max-image-preview:large","max-video-preview":"max-video-preview:-1"},"canonical":"https:\/\/sandzakpress.net\/arhiva\/zukorlic-zalozicu-se-da-informatika-bude-obavezan-predmet\/","og_locale":"bs_BA","og_type":"article","og_title":"Zukorli\u0107: Zalo\u017ei\u0107u se da informatika bude obavezan predmet","og_description":"Predsjednik skup\u0161tinskog Odbora za obrazovanje Muamer Zukorli\u0107 izjavio je danas da je informati\u010dko obrazovanje prioritet i da li\u010dno podr\u017eava inicijativu da informatika bude obavezan predmet u \u0161kolama. Ipak, kako ka\u017ee, ne \u017eeli da daje ishitrene stavove po pitanju ne\u010dega \u0161to treba dobro razmotriti na Odboru, u stru\u010dnim slu\u017ebama ministarstva i vlade. &#8220;Principijalno \u0107u podr\u017eati sve [&hellip;]","og_url":"https:\/\/sandzakpress.net\/arhiva\/zukorlic-zalozicu-se-da-informatika-bude-obavezan-predmet\/","og_site_name":"Sand\u017eak PRESS","article_published_time":"2016-06-30T16:14:13+00:00","article_modified_time":"2016-06-30T16:20:21+00:00","og_image":[{"width":620,"height":345,"url":"https:\/\/sandzakpress.net\/arhiva\/wp-content\/uploads\/2016\/06\/Muamer-Zukorlic.jpg","type":"image\/jpeg"}],"author":"bosniak","twitter_card":"summary_large_image","twitter_misc":{"Written by":"bosniak","Est. reading time":"1 minuta"},"schema":{"@context":"https:\/\/schema.org","@graph":[{"@type":"Article","@id":"https:\/\/sandzakpress.net\/arhiva\/zukorlic-zalozicu-se-da-informatika-bude-obavezan-predmet\/#article","isPartOf":{"@id":"https:\/\/sandzakpress.net\/arhiva\/zukorlic-zalozicu-se-da-informatika-bude-obavezan-predmet\/"},"author":{"name":"bosniak","@id":"https:\/\/sandzakpress.net\/arhiva\/#\/schema\/person\/c8baee722073534b583ea7bdb2e36c02"},"headline":"Zukorli\u0107: Zalo\u017ei\u0107u se da informatika bude obavezan predmet","datePublished":"2016-06-30T16:14:13+00:00","dateModified":"2016-06-30T16:20:21+00:00","mainEntityOfPage":{"@id":"https:\/\/sandzakpress.net\/arhiva\/zukorlic-zalozicu-se-da-informatika-bude-obavezan-predmet\/"},"wordCount":122,"commentCount":34,"publisher":{"@id":"https:\/\/sandzakpress.net\/arhiva\/#\/schema\/person\/6e72b67d6e51910a1117b3b483ba20bd"},"image":{"@id":"https:\/\/sandzakpress.net\/arhiva\/zukorlic-zalozicu-se-da-informatika-bude-obavezan-predmet\/#primaryimage"},"thumbnailUrl":"https:\/\/sandzakpress.net\/arhiva\/wp-content\/uploads\/2016\/06\/Muamer-Zukorlic.jpg","keywords":["muftija Muamer Zukorli\u0107","BDZ"],"articleSection":["Novi Pazar","Sjenica","Tutin","Prijepolje","Priboj","Obrazovanje","Nova Varo\u0161","VIJESTI DANA"],"inLanguage":"bs-BA","potentialAction":[{"@type":"CommentAction","name":"Comment","target":["https:\/\/sandzakpress.net\/arhiva\/zukorlic-zalozicu-se-da-informatika-bude-obavezan-predmet\/#respond"]}]},{"@type":"WebPage","@id":"https:\/\/sandzakpress.net\/arhiva\/zukorlic-zalozicu-se-da-informatika-bude-obavezan-predmet\/","url":"https:\/\/sandzakpress.net\/arhiva\/zukorlic-zalozicu-se-da-informatika-bude-obavezan-predmet\/","name":"Zukorli\u0107: Zalo\u017ei\u0107u se da informatika bude obavezan predmet","isPartOf":{"@id":"https:\/\/sandzakpress.net\/arhiva\/#website"},"primaryImageOfPage":{"@id":"https:\/\/sandzakpress.net\/arhiva\/zukorlic-zalozicu-se-da-informatika-bude-obavezan-predmet\/#primaryimage"},"image":{"@id":"https:\/\/sandzakpress.net\/arhiva\/zukorlic-zalozicu-se-da-informatika-bude-obavezan-predmet\/#primaryimage"},"thumbnailUrl":"https:\/\/sandzakpress.net\/arhiva\/wp-content\/uploads\/2016\/06\/Muamer-Zukorlic.jpg","datePublished":"2016-06-30T16:14:13+00:00","dateModified":"2016-06-30T16:20:21+00:00","breadcrumb":{"@id":"https:\/\/sandzakpress.net\/arhiva\/zukorlic-zalozicu-se-da-informatika-bude-obavezan-predmet\/#breadcrumb"},"inLanguage":"bs-BA","potentialAction":[{"@type":"ReadAction","target":["https:\/\/sandzakpress.net\/arhiva\/zukorlic-zalozicu-se-da-informatika-bude-obavezan-predmet\/"]}]},{"@type":"ImageObject","inLanguage":"bs-BA","@id":"https:\/\/sandzakpress.net\/arhiva\/zukorlic-zalozicu-se-da-informatika-bude-obavezan-predmet\/#primaryimage","url":"https:\/\/sandzakpress.net\/arhiva\/wp-content\/uploads\/2016\/06\/Muamer-Zukorlic.jpg","contentUrl":"https:\/\/sandzakpress.net\/arhiva\/wp-content\/uploads\/2016\/06\/Muamer-Zukorlic.jpg","width":620,"height":345},{"@type":"BreadcrumbList","@id":"https:\/\/sandzakpress.net\/arhiva\/zukorlic-zalozicu-se-da-informatika-bude-obavezan-predmet\/#breadcrumb","itemListElement":[{"@type":"ListItem","position":1,"name":"Home","item":"https:\/\/sandzakpress.net\/arhiva\/"},{"@type":"ListItem","position":2,"name":"Zukorli\u0107: Zalo\u017ei\u0107u se da informatika bude obavezan predmet"}]},{"@type":"WebSite","@id":"https:\/\/sandzakpress.net\/arhiva\/#website","url":"https:\/\/sandzakpress.net\/arhiva\/","name":"Sand\u017eak PRESS","description":"Prve elektronske novine u Sand\u017eaku","publisher":{"@id":"https:\/\/sandzakpress.net\/arhiva\/#\/schema\/person\/6e72b67d6e51910a1117b3b483ba20bd"},"potentialAction":[{"@type":"SearchAction","target":{"@type":"EntryPoint","urlTemplate":"https:\/\/sandzakpress.net\/arhiva\/?s={search_term_string}"},"query-input":{"@type":"PropertyValueSpecification","valueRequired":true,"valueName":"search_term_string"}}],"inLanguage":"bs-BA"},{"@type":["Person","Organization"],"@id":"https:\/\/sandzakpress.net\/arhiva\/#\/schema\/person\/6e72b67d6e51910a1117b3b483ba20bd","name":"Kul","image":{"@type":"ImageObject","inLanguage":"bs-BA","@id":"https:\/\/sandzakpress.net\/arhiva\/#\/schema\/person\/image\/","url":"https:\/\/secure.gravatar.com\/avatar\/42263f39aa27ac04c43cab85c280eb2e?s=96&d=mm&r=pg","contentUrl":"https:\/\/secure.gravatar.com\/avatar\/42263f39aa27ac04c43cab85c280eb2e?s=96&d=mm&r=pg","caption":"Kul"},"logo":{"@id":"https:\/\/sandzakpress.net\/arhiva\/#\/schema\/person\/image\/"}},{"@type":"Person","@id":"https:\/\/sandzakpress.net\/arhiva\/#\/schema\/person\/c8baee722073534b583ea7bdb2e36c02","name":"bosniak","image":{"@type":"ImageObject","inLanguage":"bs-BA","@id":"https:\/\/sandzakpress.net\/arhiva\/#\/schema\/person\/image\/","url":"https:\/\/secure.gravatar.com\/avatar\/a04fd330bfe3a36a72a0ad4a6d89fca7?s=96&d=mm&r=pg","contentUrl":"https:\/\/secure.gravatar.com\/avatar\/a04fd330bfe3a36a72a0ad4a6d89fca7?s=96&d=mm&r=pg","caption":"bosniak"},"url":"https:\/\/sandzakpress.net\/arhiva\/author\/bosniak\/"}]}},"_links":{"self":[{"href":"https:\/\/sandzakpress.net\/arhiva\/wp-json\/wp\/v2\/posts\/163031"}],"collection":[{"href":"https:\/\/sandzakpress.net\/arhiva\/wp-json\/wp\/v2\/posts"}],"about":[{"href":"https:\/\/sandzakpress.net\/arhiva\/wp-json\/wp\/v2\/types\/post"}],"author":[{"embeddable":true,"href":"https:\/\/sandzakpress.net\/arhiva\/wp-json\/wp\/v2\/users\/83"}],"replies":[{"embeddable":true,"href":"https:\/\/sandzakpress.net\/arhiva\/wp-json\/wp\/v2\/comments?post=163031"}],"version-history":[{"count":0,"href":"https:\/\/sandzakpress.net\/arhiva\/wp-json\/wp\/v2\/posts\/163031\/revisions"}],"wp:featuredmedia":[{"embeddable":true,"href":"https:\/\/sandzakpress.net\/arhiva\/wp-json\/wp\/v2\/media\/163032"}],"wp:attachment":[{"href":"https:\/\/sandzakpress.net\/arhiva\/wp-json\/wp\/v2\/media?parent=163031"}],"wp:term":[{"taxonomy":"category","embeddable":true,"href":"https:\/\/sandzakpress.net\/arhiva\/wp-json\/wp\/v2\/categories?post=163031"},{"taxonomy":"post_tag","embeddable":true,"href":"https:\/\/sandzakpress.net\/arhiva\/wp-json\/wp\/v2\/tags?post=163031"}],"curies":[{"name":"wp","href":"https:\/\/api.w.org\/{rel}","templated":true}]}}