{"id":16294,"date":"2011-05-15T00:15:59","date_gmt":"2011-05-14T22:15:59","guid":{"rendered":"https:\/\/sandzakpress.net\/arhiva\/?p=16294"},"modified":"2011-05-15T00:16:00","modified_gmt":"2011-05-14T22:16:00","slug":"ono-sto-je-za-vas-fikret-abdic-za-nas-su-jusufspahici","status":"publish","type":"post","link":"https:\/\/sandzakpress.net\/arhiva\/ono-sto-je-za-vas-fikret-abdic-za-nas-su-jusufspahici\/","title":{"rendered":"&#8220;Ono \u0161to je za Vas Fikret Abdi\u0107 za nas su Jusufspahi\u0107i&#8221;"},"content":{"rendered":"<p><strong><a href=\"https:\/\/sandzakpress.net\/arhiva\/wp-content\/uploads\/2011\/05\/debata_483220832.jpg\"><img loading=\"lazy\" decoding=\"async\" class=\"alignleft size-medium wp-image-16295\" title=\"debata_483220832\" src=\"https:\/\/sandzakpress.net\/arhiva\/wp-content\/uploads\/2011\/05\/debata_483220832-300x195.jpg\" alt=\"\" width=\"300\" height=\"195\" \/><\/a>BiH &#8211; U intervjuu za dana\u0161nji broj \u00a0&#8220;Oslobo\u0111enja&#8221;, koji posljednjih dana vodi \u017eestoku kampanju protiv vjeronauke, Islamske zajednice u BiH (IZ BiH) i islama uop\u0107e, bo\u0161nja\u010dki \u010dlan Predsjedni\u0161tva BiH Bakir Izetbegovi\u0107 \u00a0potvrdio je informaciju &#8220;Dnevnog avaza&#8221; da se susreo sa zamjenikom reisu-l-uleme paralelne Islamske zajednice Srbije Muhamedom Jusufspahi\u0107em. <\/strong><\/p>\n<p><strong>Neslu\u017ebena posjeta<\/strong><\/p>\n<p>Izetbegovi\u0107 tvrdi da je Jusufspahi\u0107a primio tek u neslu\u017ebenu posjetu i s njim razgovarao o &#8220;\u017eivotu muslimana u Beogradu i Srbiji&#8221;. \u00a0Istovremeno, on se distancirao od glavnog muftije zvani\u010dne Islamske zajednice u Srbiji Muamera ef. Zukroli\u0107a!<\/p>\n<p>Zanimljivo je da se sve ovo de\u0161ava nedugo poslije susreta s kontraverznim Jususpahi\u0107em, poznatim po podani\u010dkoj odanosti srbijanskim re\u017eimima, te poslije trilateralnog susreta BiH, Srbije i Turske u Kara\u0111or\u0111evu, gdje je konstatirano da je upravo muftija Zukorli\u0107 neprihvatljiv kao kandidat za budu\u0107eg reisu-l-ulemu IZ BiH.<\/p>\n<p>&#8211; Podr\u017eavao sam i Muamera Zukorli\u0107a, ali sam, o\u010digledno, pogrije\u0161io &#8211; rekao je Izetbegovi\u0107.<\/p>\n<p>Nadalje, komentiraju\u0107i \u017eestoku reakciju Zukorli\u0107a \u00a0na njegov susret sa Jusufspahi\u0107em, Izetbegovi\u0107 je istakao da je muftija &#8220;reagirao veoma personalno i veoma neodmjereno&#8221;, te da je &#8220;malo toga rekao o meni, a puno o sebi&#8221;.<\/p>\n<p><strong>Interes islama<\/strong><\/p>\n<p>U izjavi za portal &#8220;Dnevnog avaz&#8221; muftija Zukroli\u0107 ka\u017ee da je njegova o\u0161tra reakcija bila usmjerena isklju\u010divo na susret Izetbegovi\u0107a s Jusfspahi\u0107om.<\/p>\n<p>&#8211; Jer, to je direktni atak na jedinstvo Islamske zajednice. Ne mo\u017ee neslu\u017eben susret biti u Predsjedni\u0161tvu BiH! Osim toga, ta informacija je objavljena na stranicama Rijaseta IZ Adema Zilki\u0107a. Ali, slu\u017eben ili neslu\u017eben, taj susret za nas predstavlja doprinos poku\u0161aju legalizacije paravjerske tvorevine, koju su proizveli udba\u0161ko-politi\u010dki krugovi u Srbiji s ciljem ugro\u017eavanja interesa islama. Ono \u0161to za njega (Izetbegovi\u0107a, op.a.) bio Firket Abdi\u0107, to su za nas Jusufspahi\u0107i i svi oni koji su pravili paralelnu IZ u Srbiji &#8211; kazao je Zukorli\u0107.<\/p>\n<p><strong>Slobodan i \u010dovjek na vlasti<\/strong><\/p>\n<p>U njegovoj reakciji, kako veli muftija Zukorli\u0107, nema ni\u0161ta li\u010dno, osim razo\u010darenja u postupke Izetbegovi\u0107a i njegove susrete s Jusufspahi\u0107em, jer &#8220;moj stav dijeli apsolutna ve\u0107ina Bo\u0161njak u Bosni i Sand\u017eaku&#8221;.<\/p>\n<p>&#8211; Mo\u017ee se primijetiti raskorak izme\u0111u stavova slobodnog \u010dovjeka, a to u sarajevskom kontekstu zna\u010di dok niste na vlasti, i dijametralno razli\u010ditih stavova onog trenutka kada do\u0111ete na vlast. Izetbegovi\u0107 ne iznosi nijedan razlog za\u0161to je pogrije\u0161io u pogledu mene. Osim \u0161to se osje\u0107a povrije\u0111enim mojom reakcijom na susret s Jusufspahi\u0107em \u010dime je legitimirana IZ Srbije &#8211; istakao je Zukotli\u0107.<\/p>\n<p>Izvor:<strong> DnevniAvaz.ba<\/strong><\/p>\n","protected":false},"excerpt":{"rendered":"<p>BiH &#8211; U intervjuu za dana\u0161nji broj \u00a0&#8220;Oslobo\u0111enja&#8221;, koji posljednjih dana vodi \u017eestoku kampanju protiv vjeronauke, Islamske zajednice u BiH (IZ BiH) i islama uop\u0107e, bo\u0161nja\u010dki \u010dlan Predsjedni\u0161tva BiH Bakir Izetbegovi\u0107 \u00a0potvrdio je informaciju &#8220;Dnevnog avaza&#8221; da se susreo sa zamjenikom reisu-l-uleme paralelne Islamske zajednice Srbije Muhamedom Jusufspahi\u0107em. Neslu\u017ebena posjeta Izetbegovi\u0107 tvrdi da je Jusufspahi\u0107a [&hellip;]<\/p>\n","protected":false},"author":83,"featured_media":16295,"comment_status":"open","ping_status":"open","sticky":false,"template":"","format":"standard","meta":{"footnotes":""},"categories":[800,2860],"tags":[],"class_list":{"0":"post-16294","1":"post","2":"type-post","3":"status-publish","4":"format-standard","5":"has-post-thumbnail","7":"category-nacija","8":"category-bosna-i-hercegovina-gradovi"},"yoast_head":"<!-- This site is optimized with the Yoast SEO Premium plugin v23.1 (Yoast SEO v24.9) - https:\/\/yoast.com\/wordpress\/plugins\/seo\/ -->\n<title>&quot;Ono \u0161to je za Vas Fikret Abdi\u0107 za nas su Jusufspahi\u0107i&quot;<\/title>\n<meta name=\"robots\" content=\"index, follow, max-snippet:-1, max-image-preview:large, max-video-preview:-1\" \/>\n<link rel=\"canonical\" href=\"https:\/\/sandzakpress.net\/arhiva\/ono-sto-je-za-vas-fikret-abdic-za-nas-su-jusufspahici\/\" \/>\n<meta property=\"og:locale\" content=\"bs_BA\" \/>\n<meta property=\"og:type\" content=\"article\" \/>\n<meta property=\"og:title\" content=\"&quot;Ono \u0161to je za Vas Fikret Abdi\u0107 za nas su Jusufspahi\u0107i&quot;\" \/>\n<meta property=\"og:description\" content=\"BiH &#8211; U intervjuu za dana\u0161nji broj \u00a0&#8220;Oslobo\u0111enja&#8221;, koji posljednjih dana vodi \u017eestoku kampanju protiv vjeronauke, Islamske zajednice u BiH (IZ BiH) i islama uop\u0107e, bo\u0161nja\u010dki \u010dlan Predsjedni\u0161tva BiH Bakir Izetbegovi\u0107 \u00a0potvrdio je informaciju &#8220;Dnevnog avaza&#8221; da se susreo sa zamjenikom reisu-l-uleme paralelne Islamske zajednice Srbije Muhamedom Jusufspahi\u0107em. Neslu\u017ebena posjeta Izetbegovi\u0107 tvrdi da je Jusufspahi\u0107a [&hellip;]\" \/>\n<meta property=\"og:url\" content=\"https:\/\/sandzakpress.net\/arhiva\/ono-sto-je-za-vas-fikret-abdic-za-nas-su-jusufspahici\/\" \/>\n<meta property=\"og:site_name\" content=\"Sand\u017eak PRESS\" \/>\n<meta property=\"article:published_time\" content=\"2011-05-14T22:15:59+00:00\" \/>\n<meta property=\"article:modified_time\" content=\"2011-05-14T22:16:00+00:00\" \/>\n<meta property=\"og:image\" content=\"https:\/\/sandzakpress.net\/arhiva\/wp-content\/uploads\/2011\/05\/debata_483220832.jpg\" \/>\n\t<meta property=\"og:image:width\" content=\"318\" \/>\n\t<meta property=\"og:image:height\" content=\"207\" \/>\n\t<meta property=\"og:image:type\" content=\"image\/jpeg\" \/>\n<meta name=\"author\" content=\"bosniak\" \/>\n<meta name=\"twitter:card\" content=\"summary_large_image\" \/>\n<meta name=\"twitter:label1\" content=\"Written by\" \/>\n\t<meta name=\"twitter:data1\" content=\"bosniak\" \/>\n\t<meta name=\"twitter:label2\" content=\"Est. reading time\" \/>\n\t<meta name=\"twitter:data2\" content=\"2 minute\" \/>\n<script type=\"application\/ld+json\" class=\"yoast-schema-graph\">{\"@context\":\"https:\/\/schema.org\",\"@graph\":[{\"@type\":\"Article\",\"@id\":\"https:\/\/sandzakpress.net\/arhiva\/ono-sto-je-za-vas-fikret-abdic-za-nas-su-jusufspahici\/#article\",\"isPartOf\":{\"@id\":\"https:\/\/sandzakpress.net\/arhiva\/ono-sto-je-za-vas-fikret-abdic-za-nas-su-jusufspahici\/\"},\"author\":{\"name\":\"bosniak\",\"@id\":\"https:\/\/sandzakpress.net\/arhiva\/#\/schema\/person\/c8baee722073534b583ea7bdb2e36c02\"},\"headline\":\"&#8220;Ono \u0161to je za Vas Fikret Abdi\u0107 za nas su Jusufspahi\u0107i&#8221;\",\"datePublished\":\"2011-05-14T22:15:59+00:00\",\"dateModified\":\"2011-05-14T22:16:00+00:00\",\"mainEntityOfPage\":{\"@id\":\"https:\/\/sandzakpress.net\/arhiva\/ono-sto-je-za-vas-fikret-abdic-za-nas-su-jusufspahici\/\"},\"wordCount\":460,\"commentCount\":24,\"publisher\":{\"@id\":\"https:\/\/sandzakpress.net\/arhiva\/#\/schema\/person\/6e72b67d6e51910a1117b3b483ba20bd\"},\"image\":{\"@id\":\"https:\/\/sandzakpress.net\/arhiva\/ono-sto-je-za-vas-fikret-abdic-za-nas-su-jusufspahici\/#primaryimage\"},\"thumbnailUrl\":\"https:\/\/sandzakpress.net\/arhiva\/wp-content\/uploads\/2011\/05\/debata_483220832.jpg\",\"articleSection\":[\"Nacija\",\"Bosna i Hercegovina\"],\"inLanguage\":\"bs-BA\",\"potentialAction\":[{\"@type\":\"CommentAction\",\"name\":\"Comment\",\"target\":[\"https:\/\/sandzakpress.net\/arhiva\/ono-sto-je-za-vas-fikret-abdic-za-nas-su-jusufspahici\/#respond\"]}]},{\"@type\":\"WebPage\",\"@id\":\"https:\/\/sandzakpress.net\/arhiva\/ono-sto-je-za-vas-fikret-abdic-za-nas-su-jusufspahici\/\",\"url\":\"https:\/\/sandzakpress.net\/arhiva\/ono-sto-je-za-vas-fikret-abdic-za-nas-su-jusufspahici\/\",\"name\":\"\\\"Ono \u0161to je za Vas Fikret Abdi\u0107 za nas su Jusufspahi\u0107i\\\"\",\"isPartOf\":{\"@id\":\"https:\/\/sandzakpress.net\/arhiva\/#website\"},\"primaryImageOfPage\":{\"@id\":\"https:\/\/sandzakpress.net\/arhiva\/ono-sto-je-za-vas-fikret-abdic-za-nas-su-jusufspahici\/#primaryimage\"},\"image\":{\"@id\":\"https:\/\/sandzakpress.net\/arhiva\/ono-sto-je-za-vas-fikret-abdic-za-nas-su-jusufspahici\/#primaryimage\"},\"thumbnailUrl\":\"https:\/\/sandzakpress.net\/arhiva\/wp-content\/uploads\/2011\/05\/debata_483220832.jpg\",\"datePublished\":\"2011-05-14T22:15:59+00:00\",\"dateModified\":\"2011-05-14T22:16:00+00:00\",\"breadcrumb\":{\"@id\":\"https:\/\/sandzakpress.net\/arhiva\/ono-sto-je-za-vas-fikret-abdic-za-nas-su-jusufspahici\/#breadcrumb\"},\"inLanguage\":\"bs-BA\",\"potentialAction\":[{\"@type\":\"ReadAction\",\"target\":[\"https:\/\/sandzakpress.net\/arhiva\/ono-sto-je-za-vas-fikret-abdic-za-nas-su-jusufspahici\/\"]}]},{\"@type\":\"ImageObject\",\"inLanguage\":\"bs-BA\",\"@id\":\"https:\/\/sandzakpress.net\/arhiva\/ono-sto-je-za-vas-fikret-abdic-za-nas-su-jusufspahici\/#primaryimage\",\"url\":\"https:\/\/sandzakpress.net\/arhiva\/wp-content\/uploads\/2011\/05\/debata_483220832.jpg\",\"contentUrl\":\"https:\/\/sandzakpress.net\/arhiva\/wp-content\/uploads\/2011\/05\/debata_483220832.jpg\",\"width\":318,\"height\":207},{\"@type\":\"BreadcrumbList\",\"@id\":\"https:\/\/sandzakpress.net\/arhiva\/ono-sto-je-za-vas-fikret-abdic-za-nas-su-jusufspahici\/#breadcrumb\",\"itemListElement\":[{\"@type\":\"ListItem\",\"position\":1,\"name\":\"Home\",\"item\":\"https:\/\/sandzakpress.net\/arhiva\/\"},{\"@type\":\"ListItem\",\"position\":2,\"name\":\"&#8220;Ono \u0161to je za Vas Fikret Abdi\u0107 za nas su Jusufspahi\u0107i&#8221;\"}]},{\"@type\":\"WebSite\",\"@id\":\"https:\/\/sandzakpress.net\/arhiva\/#website\",\"url\":\"https:\/\/sandzakpress.net\/arhiva\/\",\"name\":\"Sand\u017eak PRESS\",\"description\":\"Prve elektronske novine u Sand\u017eaku\",\"publisher\":{\"@id\":\"https:\/\/sandzakpress.net\/arhiva\/#\/schema\/person\/6e72b67d6e51910a1117b3b483ba20bd\"},\"potentialAction\":[{\"@type\":\"SearchAction\",\"target\":{\"@type\":\"EntryPoint\",\"urlTemplate\":\"https:\/\/sandzakpress.net\/arhiva\/?s={search_term_string}\"},\"query-input\":{\"@type\":\"PropertyValueSpecification\",\"valueRequired\":true,\"valueName\":\"search_term_string\"}}],\"inLanguage\":\"bs-BA\"},{\"@type\":[\"Person\",\"Organization\"],\"@id\":\"https:\/\/sandzakpress.net\/arhiva\/#\/schema\/person\/6e72b67d6e51910a1117b3b483ba20bd\",\"name\":\"Kul\",\"image\":{\"@type\":\"ImageObject\",\"inLanguage\":\"bs-BA\",\"@id\":\"https:\/\/sandzakpress.net\/arhiva\/#\/schema\/person\/image\/\",\"url\":\"https:\/\/secure.gravatar.com\/avatar\/42263f39aa27ac04c43cab85c280eb2e?s=96&d=mm&r=pg\",\"contentUrl\":\"https:\/\/secure.gravatar.com\/avatar\/42263f39aa27ac04c43cab85c280eb2e?s=96&d=mm&r=pg\",\"caption\":\"Kul\"},\"logo\":{\"@id\":\"https:\/\/sandzakpress.net\/arhiva\/#\/schema\/person\/image\/\"}},{\"@type\":\"Person\",\"@id\":\"https:\/\/sandzakpress.net\/arhiva\/#\/schema\/person\/c8baee722073534b583ea7bdb2e36c02\",\"name\":\"bosniak\",\"image\":{\"@type\":\"ImageObject\",\"inLanguage\":\"bs-BA\",\"@id\":\"https:\/\/sandzakpress.net\/arhiva\/#\/schema\/person\/image\/\",\"url\":\"https:\/\/secure.gravatar.com\/avatar\/a04fd330bfe3a36a72a0ad4a6d89fca7?s=96&d=mm&r=pg\",\"contentUrl\":\"https:\/\/secure.gravatar.com\/avatar\/a04fd330bfe3a36a72a0ad4a6d89fca7?s=96&d=mm&r=pg\",\"caption\":\"bosniak\"},\"url\":\"https:\/\/sandzakpress.net\/arhiva\/author\/bosniak\/\"}]}<\/script>\n<!-- \/ Yoast SEO Premium plugin. -->","yoast_head_json":{"title":"\"Ono \u0161to je za Vas Fikret Abdi\u0107 za nas su Jusufspahi\u0107i\"","robots":{"index":"index","follow":"follow","max-snippet":"max-snippet:-1","max-image-preview":"max-image-preview:large","max-video-preview":"max-video-preview:-1"},"canonical":"https:\/\/sandzakpress.net\/arhiva\/ono-sto-je-za-vas-fikret-abdic-za-nas-su-jusufspahici\/","og_locale":"bs_BA","og_type":"article","og_title":"\"Ono \u0161to je za Vas Fikret Abdi\u0107 za nas su Jusufspahi\u0107i\"","og_description":"BiH &#8211; U intervjuu za dana\u0161nji broj \u00a0&#8220;Oslobo\u0111enja&#8221;, koji posljednjih dana vodi \u017eestoku kampanju protiv vjeronauke, Islamske zajednice u BiH (IZ BiH) i islama uop\u0107e, bo\u0161nja\u010dki \u010dlan Predsjedni\u0161tva BiH Bakir Izetbegovi\u0107 \u00a0potvrdio je informaciju &#8220;Dnevnog avaza&#8221; da se susreo sa zamjenikom reisu-l-uleme paralelne Islamske zajednice Srbije Muhamedom Jusufspahi\u0107em. Neslu\u017ebena posjeta Izetbegovi\u0107 tvrdi da je Jusufspahi\u0107a [&hellip;]","og_url":"https:\/\/sandzakpress.net\/arhiva\/ono-sto-je-za-vas-fikret-abdic-za-nas-su-jusufspahici\/","og_site_name":"Sand\u017eak PRESS","article_published_time":"2011-05-14T22:15:59+00:00","article_modified_time":"2011-05-14T22:16:00+00:00","og_image":[{"width":318,"height":207,"url":"https:\/\/sandzakpress.net\/arhiva\/wp-content\/uploads\/2011\/05\/debata_483220832.jpg","type":"image\/jpeg"}],"author":"bosniak","twitter_card":"summary_large_image","twitter_misc":{"Written by":"bosniak","Est. reading time":"2 minute"},"schema":{"@context":"https:\/\/schema.org","@graph":[{"@type":"Article","@id":"https:\/\/sandzakpress.net\/arhiva\/ono-sto-je-za-vas-fikret-abdic-za-nas-su-jusufspahici\/#article","isPartOf":{"@id":"https:\/\/sandzakpress.net\/arhiva\/ono-sto-je-za-vas-fikret-abdic-za-nas-su-jusufspahici\/"},"author":{"name":"bosniak","@id":"https:\/\/sandzakpress.net\/arhiva\/#\/schema\/person\/c8baee722073534b583ea7bdb2e36c02"},"headline":"&#8220;Ono \u0161to je za Vas Fikret Abdi\u0107 za nas su Jusufspahi\u0107i&#8221;","datePublished":"2011-05-14T22:15:59+00:00","dateModified":"2011-05-14T22:16:00+00:00","mainEntityOfPage":{"@id":"https:\/\/sandzakpress.net\/arhiva\/ono-sto-je-za-vas-fikret-abdic-za-nas-su-jusufspahici\/"},"wordCount":460,"commentCount":24,"publisher":{"@id":"https:\/\/sandzakpress.net\/arhiva\/#\/schema\/person\/6e72b67d6e51910a1117b3b483ba20bd"},"image":{"@id":"https:\/\/sandzakpress.net\/arhiva\/ono-sto-je-za-vas-fikret-abdic-za-nas-su-jusufspahici\/#primaryimage"},"thumbnailUrl":"https:\/\/sandzakpress.net\/arhiva\/wp-content\/uploads\/2011\/05\/debata_483220832.jpg","articleSection":["Nacija","Bosna i Hercegovina"],"inLanguage":"bs-BA","potentialAction":[{"@type":"CommentAction","name":"Comment","target":["https:\/\/sandzakpress.net\/arhiva\/ono-sto-je-za-vas-fikret-abdic-za-nas-su-jusufspahici\/#respond"]}]},{"@type":"WebPage","@id":"https:\/\/sandzakpress.net\/arhiva\/ono-sto-je-za-vas-fikret-abdic-za-nas-su-jusufspahici\/","url":"https:\/\/sandzakpress.net\/arhiva\/ono-sto-je-za-vas-fikret-abdic-za-nas-su-jusufspahici\/","name":"\"Ono \u0161to je za Vas Fikret Abdi\u0107 za nas su Jusufspahi\u0107i\"","isPartOf":{"@id":"https:\/\/sandzakpress.net\/arhiva\/#website"},"primaryImageOfPage":{"@id":"https:\/\/sandzakpress.net\/arhiva\/ono-sto-je-za-vas-fikret-abdic-za-nas-su-jusufspahici\/#primaryimage"},"image":{"@id":"https:\/\/sandzakpress.net\/arhiva\/ono-sto-je-za-vas-fikret-abdic-za-nas-su-jusufspahici\/#primaryimage"},"thumbnailUrl":"https:\/\/sandzakpress.net\/arhiva\/wp-content\/uploads\/2011\/05\/debata_483220832.jpg","datePublished":"2011-05-14T22:15:59+00:00","dateModified":"2011-05-14T22:16:00+00:00","breadcrumb":{"@id":"https:\/\/sandzakpress.net\/arhiva\/ono-sto-je-za-vas-fikret-abdic-za-nas-su-jusufspahici\/#breadcrumb"},"inLanguage":"bs-BA","potentialAction":[{"@type":"ReadAction","target":["https:\/\/sandzakpress.net\/arhiva\/ono-sto-je-za-vas-fikret-abdic-za-nas-su-jusufspahici\/"]}]},{"@type":"ImageObject","inLanguage":"bs-BA","@id":"https:\/\/sandzakpress.net\/arhiva\/ono-sto-je-za-vas-fikret-abdic-za-nas-su-jusufspahici\/#primaryimage","url":"https:\/\/sandzakpress.net\/arhiva\/wp-content\/uploads\/2011\/05\/debata_483220832.jpg","contentUrl":"https:\/\/sandzakpress.net\/arhiva\/wp-content\/uploads\/2011\/05\/debata_483220832.jpg","width":318,"height":207},{"@type":"BreadcrumbList","@id":"https:\/\/sandzakpress.net\/arhiva\/ono-sto-je-za-vas-fikret-abdic-za-nas-su-jusufspahici\/#breadcrumb","itemListElement":[{"@type":"ListItem","position":1,"name":"Home","item":"https:\/\/sandzakpress.net\/arhiva\/"},{"@type":"ListItem","position":2,"name":"&#8220;Ono \u0161to je za Vas Fikret Abdi\u0107 za nas su Jusufspahi\u0107i&#8221;"}]},{"@type":"WebSite","@id":"https:\/\/sandzakpress.net\/arhiva\/#website","url":"https:\/\/sandzakpress.net\/arhiva\/","name":"Sand\u017eak PRESS","description":"Prve elektronske novine u Sand\u017eaku","publisher":{"@id":"https:\/\/sandzakpress.net\/arhiva\/#\/schema\/person\/6e72b67d6e51910a1117b3b483ba20bd"},"potentialAction":[{"@type":"SearchAction","target":{"@type":"EntryPoint","urlTemplate":"https:\/\/sandzakpress.net\/arhiva\/?s={search_term_string}"},"query-input":{"@type":"PropertyValueSpecification","valueRequired":true,"valueName":"search_term_string"}}],"inLanguage":"bs-BA"},{"@type":["Person","Organization"],"@id":"https:\/\/sandzakpress.net\/arhiva\/#\/schema\/person\/6e72b67d6e51910a1117b3b483ba20bd","name":"Kul","image":{"@type":"ImageObject","inLanguage":"bs-BA","@id":"https:\/\/sandzakpress.net\/arhiva\/#\/schema\/person\/image\/","url":"https:\/\/secure.gravatar.com\/avatar\/42263f39aa27ac04c43cab85c280eb2e?s=96&d=mm&r=pg","contentUrl":"https:\/\/secure.gravatar.com\/avatar\/42263f39aa27ac04c43cab85c280eb2e?s=96&d=mm&r=pg","caption":"Kul"},"logo":{"@id":"https:\/\/sandzakpress.net\/arhiva\/#\/schema\/person\/image\/"}},{"@type":"Person","@id":"https:\/\/sandzakpress.net\/arhiva\/#\/schema\/person\/c8baee722073534b583ea7bdb2e36c02","name":"bosniak","image":{"@type":"ImageObject","inLanguage":"bs-BA","@id":"https:\/\/sandzakpress.net\/arhiva\/#\/schema\/person\/image\/","url":"https:\/\/secure.gravatar.com\/avatar\/a04fd330bfe3a36a72a0ad4a6d89fca7?s=96&d=mm&r=pg","contentUrl":"https:\/\/secure.gravatar.com\/avatar\/a04fd330bfe3a36a72a0ad4a6d89fca7?s=96&d=mm&r=pg","caption":"bosniak"},"url":"https:\/\/sandzakpress.net\/arhiva\/author\/bosniak\/"}]}},"_links":{"self":[{"href":"https:\/\/sandzakpress.net\/arhiva\/wp-json\/wp\/v2\/posts\/16294"}],"collection":[{"href":"https:\/\/sandzakpress.net\/arhiva\/wp-json\/wp\/v2\/posts"}],"about":[{"href":"https:\/\/sandzakpress.net\/arhiva\/wp-json\/wp\/v2\/types\/post"}],"author":[{"embeddable":true,"href":"https:\/\/sandzakpress.net\/arhiva\/wp-json\/wp\/v2\/users\/83"}],"replies":[{"embeddable":true,"href":"https:\/\/sandzakpress.net\/arhiva\/wp-json\/wp\/v2\/comments?post=16294"}],"version-history":[{"count":0,"href":"https:\/\/sandzakpress.net\/arhiva\/wp-json\/wp\/v2\/posts\/16294\/revisions"}],"wp:featuredmedia":[{"embeddable":true,"href":"https:\/\/sandzakpress.net\/arhiva\/wp-json\/wp\/v2\/media\/16295"}],"wp:attachment":[{"href":"https:\/\/sandzakpress.net\/arhiva\/wp-json\/wp\/v2\/media?parent=16294"}],"wp:term":[{"taxonomy":"category","embeddable":true,"href":"https:\/\/sandzakpress.net\/arhiva\/wp-json\/wp\/v2\/categories?post=16294"},{"taxonomy":"post_tag","embeddable":true,"href":"https:\/\/sandzakpress.net\/arhiva\/wp-json\/wp\/v2\/tags?post=16294"}],"curies":[{"name":"wp","href":"https:\/\/api.w.org\/{rel}","templated":true}]}}