{"id":16291,"date":"2011-05-15T00:13:30","date_gmt":"2011-05-14T22:13:30","guid":{"rendered":"https:\/\/sandzakpress.net\/arhiva\/?p=16291"},"modified":"2011-05-15T00:13:30","modified_gmt":"2011-05-14T22:13:30","slug":"ako-budete-dirali-u-vjeronauku-na-ulicama-cete-dobiti-sarajevsko-ljeto","status":"publish","type":"post","link":"https:\/\/sandzakpress.net\/arhiva\/ako-budete-dirali-u-vjeronauku-na-ulicama-cete-dobiti-sarajevsko-ljeto\/","title":{"rendered":"&#8220;Ako budete dirali u vjeronauku na ulicama \u0107ete dobiti &#8220;sarajevsko ljeto&#8221;&#8221;"},"content":{"rendered":"<p><strong><a href=\"https:\/\/sandzakpress.net\/arhiva\/wp-content\/uploads\/2011\/05\/mevlud_blagaj__7__424239281.jpg\"><img loading=\"lazy\" decoding=\"async\" class=\"alignleft size-medium wp-image-16292\" title=\"mevlud_blagaj__7__424239281\" src=\"https:\/\/sandzakpress.net\/arhiva\/wp-content\/uploads\/2011\/05\/mevlud_blagaj__7__424239281-300x195.jpg\" alt=\"\" width=\"300\" height=\"195\" \/><\/a>BiH &#8211; Ne damo svoju djecu da ih vi u\u010dite bezbo\u017eni\u0161tvu, poru\u010dio je reisu-l-ulema IZBiH<\/strong><\/p>\n<p>Centralnom sve\u010dano\u0161\u0107u u avliji blagajske tekije, na vrelu Bune, u subotu je zavr\u0161ena tradicionalna manifestacija Dani mevluda i zikra 2011. godine.<\/p>\n<p><strong>Bo\u0161nja\u010dko bi\u0107e<\/strong><\/p>\n<p>Tim povodom Blagaj, ina\u010de, poslije Ajvatovice drugo najve\u0107e dovi\u0161te u Evropi, pohodile su desetine hiljada vjernika iz cijele BiH i Evrope. Prema procjenama, prisutno je bilo vi\u0161e od 30 hiljada vjernika!<\/p>\n<p>Obra\u0107aju\u0107i se prisutnima, reisu-l-ulema Islamske zajednice u BiH (IZBiH) dr. Mustafa ef. Ceri\u0107 upozorio je da je\u00a0 &#8220;na sceni tla\u010denje bo\u0161nja\u010dkog bi\u0107a i njegovog poni\u017eavanja&#8221;.<\/p>\n<p>S tim u vezi, on je pozvao ministra obrazovanja i nauke Emira Suljagi\u0107a da povu\u010de odluku da predmet Vjeronauka ne ulazi u op\u0107i uspjeh u\u010denika u tom dijelu BiH, \u0161to smatra samo uvodom u kona\u010dno ukidanje tog predmeta, pa &#8220;neka na njegovo mjesto do\u0111e neko ko ne mrzi muslimane i islam&#8221;.<\/p>\n<p><strong>Na\u0161a prava<\/strong><\/p>\n<p>Optu\u017eio je bo\u0161nja\u010dke politi\u010dare da su nas &#8220;ostavili da se sami borimo za na\u0161a prava&#8221;.<\/p>\n<p>&#8211; Ne damo svoju djecu da ih vi u\u010dite bezbo\u017eni\u0161tvu! Te dr\u017eavne \u0161kole su i na\u0161e \u0161kole. Mi pla\u0107amo porez! Nije to privatno, babovina ministra&#8230; Nisi to donio niotkud, nego je to na\u0161e. Ima da se u\u010di vjeronauka u tim \u0161kolama. Ako treba, a o\u010dito da \u0107e trebati, ja im poru\u010dujem:\u00a0 &#8220;Ako i dalje budete dirali u vjeronauku, a to zna\u010di da \u0107ete poslije i u d\u017eamiju, i u medresu, i u na\u0161e ime, i u na\u0161e ku\u0107e i onda \u0107ete po\u010deti odre\u0111ivati \u0161ta \u0107emo jesti, gdje \u0107emo biti, s kim \u0107emo govoriti, s kim \u0107emo se dru\u017eiti&#8230;,\u00a0 ako budete dirali u vjeronauku imat \u0107ete &#8220;sarajevsko ljeto&#8221; na ulicama Sarajeva, da znate&#8221;! &#8230;Isto kao \u0161to se protiv Mubaraka desilo &#8220;egipatsko prolje\u0107e&#8221; &#8211; poru\u010dio je, uz ostalo, reis Ceri\u0107<\/p>\n<p>Poslu\u0161ajte dio obra\u0107anja reisu-l-uleme dr. Mustafe ef. Ceri\u0107a na Buni&#8230;<\/p>\n<p><strong>Veli\u010danje Allaha<\/strong><\/p>\n<p>Mevlud u islamu predstavlja simbol ra\u0111anja, uzdizanja i napretka, dok je zikr spoj uzdizanja, napretka i nove nade veli\u010danjem Uzvi\u0161enog Allaha, dok dovi\u0161ta imaju poseban zna\u010daj u tradiciji Bo\u0161njaka.<\/p>\n<p>Izvor: <strong>DnevniAvaz.ba<\/strong><\/p>\n","protected":false},"excerpt":{"rendered":"<p>BiH &#8211; Ne damo svoju djecu da ih vi u\u010dite bezbo\u017eni\u0161tvu, poru\u010dio je reisu-l-ulema IZBiH Centralnom sve\u010dano\u0161\u0107u u avliji blagajske tekije, na vrelu Bune, u subotu je zavr\u0161ena tradicionalna manifestacija Dani mevluda i zikra 2011. godine. Bo\u0161nja\u010dko bi\u0107e Tim povodom Blagaj, ina\u010de, poslije Ajvatovice drugo najve\u0107e dovi\u0161te u Evropi, pohodile su desetine hiljada vjernika iz [&hellip;]<\/p>\n","protected":false},"author":83,"featured_media":16292,"comment_status":"open","ping_status":"open","sticky":false,"template":"","format":"standard","meta":{"footnotes":""},"categories":[2860,802],"tags":[],"class_list":{"0":"post-16291","1":"post","2":"type-post","3":"status-publish","4":"format-standard","5":"has-post-thumbnail","7":"category-bosna-i-hercegovina-gradovi","8":"category-islamska_zajednica"},"yoast_head":"<!-- This site is optimized with the Yoast SEO Premium plugin v23.1 (Yoast SEO v24.9) - https:\/\/yoast.com\/wordpress\/plugins\/seo\/ -->\n<title>&quot;Ako budete dirali u vjeronauku na ulicama \u0107ete dobiti &quot;sarajevsko ljeto&quot;&quot;<\/title>\n<meta name=\"robots\" content=\"index, follow, max-snippet:-1, max-image-preview:large, max-video-preview:-1\" \/>\n<link rel=\"canonical\" href=\"https:\/\/sandzakpress.net\/arhiva\/ako-budete-dirali-u-vjeronauku-na-ulicama-cete-dobiti-sarajevsko-ljeto\/\" \/>\n<meta property=\"og:locale\" content=\"bs_BA\" \/>\n<meta property=\"og:type\" content=\"article\" \/>\n<meta property=\"og:title\" content=\"&quot;Ako budete dirali u vjeronauku na ulicama \u0107ete dobiti &quot;sarajevsko ljeto&quot;&quot;\" \/>\n<meta property=\"og:description\" content=\"BiH &#8211; Ne damo svoju djecu da ih vi u\u010dite bezbo\u017eni\u0161tvu, poru\u010dio je reisu-l-ulema IZBiH Centralnom sve\u010dano\u0161\u0107u u avliji blagajske tekije, na vrelu Bune, u subotu je zavr\u0161ena tradicionalna manifestacija Dani mevluda i zikra 2011. godine. Bo\u0161nja\u010dko bi\u0107e Tim povodom Blagaj, ina\u010de, poslije Ajvatovice drugo najve\u0107e dovi\u0161te u Evropi, pohodile su desetine hiljada vjernika iz [&hellip;]\" \/>\n<meta property=\"og:url\" content=\"https:\/\/sandzakpress.net\/arhiva\/ako-budete-dirali-u-vjeronauku-na-ulicama-cete-dobiti-sarajevsko-ljeto\/\" \/>\n<meta property=\"og:site_name\" content=\"Sand\u017eak PRESS\" \/>\n<meta property=\"article:published_time\" content=\"2011-05-14T22:13:30+00:00\" \/>\n<meta property=\"og:image\" content=\"https:\/\/sandzakpress.net\/arhiva\/wp-content\/uploads\/2011\/05\/mevlud_blagaj__7__424239281.jpg\" \/>\n\t<meta property=\"og:image:width\" content=\"318\" \/>\n\t<meta property=\"og:image:height\" content=\"207\" \/>\n\t<meta property=\"og:image:type\" content=\"image\/jpeg\" \/>\n<meta name=\"author\" content=\"bosniak\" \/>\n<meta name=\"twitter:card\" content=\"summary_large_image\" \/>\n<meta name=\"twitter:label1\" content=\"Written by\" \/>\n\t<meta name=\"twitter:data1\" content=\"bosniak\" \/>\n\t<meta name=\"twitter:label2\" content=\"Est. reading time\" \/>\n\t<meta name=\"twitter:data2\" content=\"2 minute\" \/>\n<script type=\"application\/ld+json\" class=\"yoast-schema-graph\">{\"@context\":\"https:\/\/schema.org\",\"@graph\":[{\"@type\":\"Article\",\"@id\":\"https:\/\/sandzakpress.net\/arhiva\/ako-budete-dirali-u-vjeronauku-na-ulicama-cete-dobiti-sarajevsko-ljeto\/#article\",\"isPartOf\":{\"@id\":\"https:\/\/sandzakpress.net\/arhiva\/ako-budete-dirali-u-vjeronauku-na-ulicama-cete-dobiti-sarajevsko-ljeto\/\"},\"author\":{\"name\":\"bosniak\",\"@id\":\"https:\/\/sandzakpress.net\/arhiva\/#\/schema\/person\/c8baee722073534b583ea7bdb2e36c02\"},\"headline\":\"&#8220;Ako budete dirali u vjeronauku na ulicama \u0107ete dobiti &#8220;sarajevsko ljeto&#8221;&#8221;\",\"datePublished\":\"2011-05-14T22:13:30+00:00\",\"mainEntityOfPage\":{\"@id\":\"https:\/\/sandzakpress.net\/arhiva\/ako-budete-dirali-u-vjeronauku-na-ulicama-cete-dobiti-sarajevsko-ljeto\/\"},\"wordCount\":406,\"commentCount\":5,\"publisher\":{\"@id\":\"https:\/\/sandzakpress.net\/arhiva\/#\/schema\/person\/6e72b67d6e51910a1117b3b483ba20bd\"},\"image\":{\"@id\":\"https:\/\/sandzakpress.net\/arhiva\/ako-budete-dirali-u-vjeronauku-na-ulicama-cete-dobiti-sarajevsko-ljeto\/#primaryimage\"},\"thumbnailUrl\":\"https:\/\/sandzakpress.net\/arhiva\/wp-content\/uploads\/2011\/05\/mevlud_blagaj__7__424239281.jpg\",\"articleSection\":[\"Bosna i Hercegovina\",\"Islamska zajednica\"],\"inLanguage\":\"bs-BA\",\"potentialAction\":[{\"@type\":\"CommentAction\",\"name\":\"Comment\",\"target\":[\"https:\/\/sandzakpress.net\/arhiva\/ako-budete-dirali-u-vjeronauku-na-ulicama-cete-dobiti-sarajevsko-ljeto\/#respond\"]}]},{\"@type\":\"WebPage\",\"@id\":\"https:\/\/sandzakpress.net\/arhiva\/ako-budete-dirali-u-vjeronauku-na-ulicama-cete-dobiti-sarajevsko-ljeto\/\",\"url\":\"https:\/\/sandzakpress.net\/arhiva\/ako-budete-dirali-u-vjeronauku-na-ulicama-cete-dobiti-sarajevsko-ljeto\/\",\"name\":\"\\\"Ako budete dirali u vjeronauku na ulicama \u0107ete dobiti \\\"sarajevsko ljeto\\\"\\\"\",\"isPartOf\":{\"@id\":\"https:\/\/sandzakpress.net\/arhiva\/#website\"},\"primaryImageOfPage\":{\"@id\":\"https:\/\/sandzakpress.net\/arhiva\/ako-budete-dirali-u-vjeronauku-na-ulicama-cete-dobiti-sarajevsko-ljeto\/#primaryimage\"},\"image\":{\"@id\":\"https:\/\/sandzakpress.net\/arhiva\/ako-budete-dirali-u-vjeronauku-na-ulicama-cete-dobiti-sarajevsko-ljeto\/#primaryimage\"},\"thumbnailUrl\":\"https:\/\/sandzakpress.net\/arhiva\/wp-content\/uploads\/2011\/05\/mevlud_blagaj__7__424239281.jpg\",\"datePublished\":\"2011-05-14T22:13:30+00:00\",\"breadcrumb\":{\"@id\":\"https:\/\/sandzakpress.net\/arhiva\/ako-budete-dirali-u-vjeronauku-na-ulicama-cete-dobiti-sarajevsko-ljeto\/#breadcrumb\"},\"inLanguage\":\"bs-BA\",\"potentialAction\":[{\"@type\":\"ReadAction\",\"target\":[\"https:\/\/sandzakpress.net\/arhiva\/ako-budete-dirali-u-vjeronauku-na-ulicama-cete-dobiti-sarajevsko-ljeto\/\"]}]},{\"@type\":\"ImageObject\",\"inLanguage\":\"bs-BA\",\"@id\":\"https:\/\/sandzakpress.net\/arhiva\/ako-budete-dirali-u-vjeronauku-na-ulicama-cete-dobiti-sarajevsko-ljeto\/#primaryimage\",\"url\":\"https:\/\/sandzakpress.net\/arhiva\/wp-content\/uploads\/2011\/05\/mevlud_blagaj__7__424239281.jpg\",\"contentUrl\":\"https:\/\/sandzakpress.net\/arhiva\/wp-content\/uploads\/2011\/05\/mevlud_blagaj__7__424239281.jpg\",\"width\":318,\"height\":207},{\"@type\":\"BreadcrumbList\",\"@id\":\"https:\/\/sandzakpress.net\/arhiva\/ako-budete-dirali-u-vjeronauku-na-ulicama-cete-dobiti-sarajevsko-ljeto\/#breadcrumb\",\"itemListElement\":[{\"@type\":\"ListItem\",\"position\":1,\"name\":\"Home\",\"item\":\"https:\/\/sandzakpress.net\/arhiva\/\"},{\"@type\":\"ListItem\",\"position\":2,\"name\":\"&#8220;Ako budete dirali u vjeronauku na ulicama \u0107ete dobiti &#8220;sarajevsko ljeto&#8221;&#8221;\"}]},{\"@type\":\"WebSite\",\"@id\":\"https:\/\/sandzakpress.net\/arhiva\/#website\",\"url\":\"https:\/\/sandzakpress.net\/arhiva\/\",\"name\":\"Sand\u017eak PRESS\",\"description\":\"Prve elektronske novine u Sand\u017eaku\",\"publisher\":{\"@id\":\"https:\/\/sandzakpress.net\/arhiva\/#\/schema\/person\/6e72b67d6e51910a1117b3b483ba20bd\"},\"potentialAction\":[{\"@type\":\"SearchAction\",\"target\":{\"@type\":\"EntryPoint\",\"urlTemplate\":\"https:\/\/sandzakpress.net\/arhiva\/?s={search_term_string}\"},\"query-input\":{\"@type\":\"PropertyValueSpecification\",\"valueRequired\":true,\"valueName\":\"search_term_string\"}}],\"inLanguage\":\"bs-BA\"},{\"@type\":[\"Person\",\"Organization\"],\"@id\":\"https:\/\/sandzakpress.net\/arhiva\/#\/schema\/person\/6e72b67d6e51910a1117b3b483ba20bd\",\"name\":\"Kul\",\"image\":{\"@type\":\"ImageObject\",\"inLanguage\":\"bs-BA\",\"@id\":\"https:\/\/sandzakpress.net\/arhiva\/#\/schema\/person\/image\/\",\"url\":\"https:\/\/secure.gravatar.com\/avatar\/42263f39aa27ac04c43cab85c280eb2e?s=96&d=mm&r=pg\",\"contentUrl\":\"https:\/\/secure.gravatar.com\/avatar\/42263f39aa27ac04c43cab85c280eb2e?s=96&d=mm&r=pg\",\"caption\":\"Kul\"},\"logo\":{\"@id\":\"https:\/\/sandzakpress.net\/arhiva\/#\/schema\/person\/image\/\"}},{\"@type\":\"Person\",\"@id\":\"https:\/\/sandzakpress.net\/arhiva\/#\/schema\/person\/c8baee722073534b583ea7bdb2e36c02\",\"name\":\"bosniak\",\"image\":{\"@type\":\"ImageObject\",\"inLanguage\":\"bs-BA\",\"@id\":\"https:\/\/sandzakpress.net\/arhiva\/#\/schema\/person\/image\/\",\"url\":\"https:\/\/secure.gravatar.com\/avatar\/a04fd330bfe3a36a72a0ad4a6d89fca7?s=96&d=mm&r=pg\",\"contentUrl\":\"https:\/\/secure.gravatar.com\/avatar\/a04fd330bfe3a36a72a0ad4a6d89fca7?s=96&d=mm&r=pg\",\"caption\":\"bosniak\"},\"url\":\"https:\/\/sandzakpress.net\/arhiva\/author\/bosniak\/\"}]}<\/script>\n<!-- \/ Yoast SEO Premium plugin. -->","yoast_head_json":{"title":"\"Ako budete dirali u vjeronauku na ulicama \u0107ete dobiti \"sarajevsko ljeto\"\"","robots":{"index":"index","follow":"follow","max-snippet":"max-snippet:-1","max-image-preview":"max-image-preview:large","max-video-preview":"max-video-preview:-1"},"canonical":"https:\/\/sandzakpress.net\/arhiva\/ako-budete-dirali-u-vjeronauku-na-ulicama-cete-dobiti-sarajevsko-ljeto\/","og_locale":"bs_BA","og_type":"article","og_title":"\"Ako budete dirali u vjeronauku na ulicama \u0107ete dobiti \"sarajevsko ljeto\"\"","og_description":"BiH &#8211; Ne damo svoju djecu da ih vi u\u010dite bezbo\u017eni\u0161tvu, poru\u010dio je reisu-l-ulema IZBiH Centralnom sve\u010dano\u0161\u0107u u avliji blagajske tekije, na vrelu Bune, u subotu je zavr\u0161ena tradicionalna manifestacija Dani mevluda i zikra 2011. godine. Bo\u0161nja\u010dko bi\u0107e Tim povodom Blagaj, ina\u010de, poslije Ajvatovice drugo najve\u0107e dovi\u0161te u Evropi, pohodile su desetine hiljada vjernika iz [&hellip;]","og_url":"https:\/\/sandzakpress.net\/arhiva\/ako-budete-dirali-u-vjeronauku-na-ulicama-cete-dobiti-sarajevsko-ljeto\/","og_site_name":"Sand\u017eak PRESS","article_published_time":"2011-05-14T22:13:30+00:00","og_image":[{"width":318,"height":207,"url":"https:\/\/sandzakpress.net\/arhiva\/wp-content\/uploads\/2011\/05\/mevlud_blagaj__7__424239281.jpg","type":"image\/jpeg"}],"author":"bosniak","twitter_card":"summary_large_image","twitter_misc":{"Written by":"bosniak","Est. reading time":"2 minute"},"schema":{"@context":"https:\/\/schema.org","@graph":[{"@type":"Article","@id":"https:\/\/sandzakpress.net\/arhiva\/ako-budete-dirali-u-vjeronauku-na-ulicama-cete-dobiti-sarajevsko-ljeto\/#article","isPartOf":{"@id":"https:\/\/sandzakpress.net\/arhiva\/ako-budete-dirali-u-vjeronauku-na-ulicama-cete-dobiti-sarajevsko-ljeto\/"},"author":{"name":"bosniak","@id":"https:\/\/sandzakpress.net\/arhiva\/#\/schema\/person\/c8baee722073534b583ea7bdb2e36c02"},"headline":"&#8220;Ako budete dirali u vjeronauku na ulicama \u0107ete dobiti &#8220;sarajevsko ljeto&#8221;&#8221;","datePublished":"2011-05-14T22:13:30+00:00","mainEntityOfPage":{"@id":"https:\/\/sandzakpress.net\/arhiva\/ako-budete-dirali-u-vjeronauku-na-ulicama-cete-dobiti-sarajevsko-ljeto\/"},"wordCount":406,"commentCount":5,"publisher":{"@id":"https:\/\/sandzakpress.net\/arhiva\/#\/schema\/person\/6e72b67d6e51910a1117b3b483ba20bd"},"image":{"@id":"https:\/\/sandzakpress.net\/arhiva\/ako-budete-dirali-u-vjeronauku-na-ulicama-cete-dobiti-sarajevsko-ljeto\/#primaryimage"},"thumbnailUrl":"https:\/\/sandzakpress.net\/arhiva\/wp-content\/uploads\/2011\/05\/mevlud_blagaj__7__424239281.jpg","articleSection":["Bosna i Hercegovina","Islamska zajednica"],"inLanguage":"bs-BA","potentialAction":[{"@type":"CommentAction","name":"Comment","target":["https:\/\/sandzakpress.net\/arhiva\/ako-budete-dirali-u-vjeronauku-na-ulicama-cete-dobiti-sarajevsko-ljeto\/#respond"]}]},{"@type":"WebPage","@id":"https:\/\/sandzakpress.net\/arhiva\/ako-budete-dirali-u-vjeronauku-na-ulicama-cete-dobiti-sarajevsko-ljeto\/","url":"https:\/\/sandzakpress.net\/arhiva\/ako-budete-dirali-u-vjeronauku-na-ulicama-cete-dobiti-sarajevsko-ljeto\/","name":"\"Ako budete dirali u vjeronauku na ulicama \u0107ete dobiti \"sarajevsko ljeto\"\"","isPartOf":{"@id":"https:\/\/sandzakpress.net\/arhiva\/#website"},"primaryImageOfPage":{"@id":"https:\/\/sandzakpress.net\/arhiva\/ako-budete-dirali-u-vjeronauku-na-ulicama-cete-dobiti-sarajevsko-ljeto\/#primaryimage"},"image":{"@id":"https:\/\/sandzakpress.net\/arhiva\/ako-budete-dirali-u-vjeronauku-na-ulicama-cete-dobiti-sarajevsko-ljeto\/#primaryimage"},"thumbnailUrl":"https:\/\/sandzakpress.net\/arhiva\/wp-content\/uploads\/2011\/05\/mevlud_blagaj__7__424239281.jpg","datePublished":"2011-05-14T22:13:30+00:00","breadcrumb":{"@id":"https:\/\/sandzakpress.net\/arhiva\/ako-budete-dirali-u-vjeronauku-na-ulicama-cete-dobiti-sarajevsko-ljeto\/#breadcrumb"},"inLanguage":"bs-BA","potentialAction":[{"@type":"ReadAction","target":["https:\/\/sandzakpress.net\/arhiva\/ako-budete-dirali-u-vjeronauku-na-ulicama-cete-dobiti-sarajevsko-ljeto\/"]}]},{"@type":"ImageObject","inLanguage":"bs-BA","@id":"https:\/\/sandzakpress.net\/arhiva\/ako-budete-dirali-u-vjeronauku-na-ulicama-cete-dobiti-sarajevsko-ljeto\/#primaryimage","url":"https:\/\/sandzakpress.net\/arhiva\/wp-content\/uploads\/2011\/05\/mevlud_blagaj__7__424239281.jpg","contentUrl":"https:\/\/sandzakpress.net\/arhiva\/wp-content\/uploads\/2011\/05\/mevlud_blagaj__7__424239281.jpg","width":318,"height":207},{"@type":"BreadcrumbList","@id":"https:\/\/sandzakpress.net\/arhiva\/ako-budete-dirali-u-vjeronauku-na-ulicama-cete-dobiti-sarajevsko-ljeto\/#breadcrumb","itemListElement":[{"@type":"ListItem","position":1,"name":"Home","item":"https:\/\/sandzakpress.net\/arhiva\/"},{"@type":"ListItem","position":2,"name":"&#8220;Ako budete dirali u vjeronauku na ulicama \u0107ete dobiti &#8220;sarajevsko ljeto&#8221;&#8221;"}]},{"@type":"WebSite","@id":"https:\/\/sandzakpress.net\/arhiva\/#website","url":"https:\/\/sandzakpress.net\/arhiva\/","name":"Sand\u017eak PRESS","description":"Prve elektronske novine u Sand\u017eaku","publisher":{"@id":"https:\/\/sandzakpress.net\/arhiva\/#\/schema\/person\/6e72b67d6e51910a1117b3b483ba20bd"},"potentialAction":[{"@type":"SearchAction","target":{"@type":"EntryPoint","urlTemplate":"https:\/\/sandzakpress.net\/arhiva\/?s={search_term_string}"},"query-input":{"@type":"PropertyValueSpecification","valueRequired":true,"valueName":"search_term_string"}}],"inLanguage":"bs-BA"},{"@type":["Person","Organization"],"@id":"https:\/\/sandzakpress.net\/arhiva\/#\/schema\/person\/6e72b67d6e51910a1117b3b483ba20bd","name":"Kul","image":{"@type":"ImageObject","inLanguage":"bs-BA","@id":"https:\/\/sandzakpress.net\/arhiva\/#\/schema\/person\/image\/","url":"https:\/\/secure.gravatar.com\/avatar\/42263f39aa27ac04c43cab85c280eb2e?s=96&d=mm&r=pg","contentUrl":"https:\/\/secure.gravatar.com\/avatar\/42263f39aa27ac04c43cab85c280eb2e?s=96&d=mm&r=pg","caption":"Kul"},"logo":{"@id":"https:\/\/sandzakpress.net\/arhiva\/#\/schema\/person\/image\/"}},{"@type":"Person","@id":"https:\/\/sandzakpress.net\/arhiva\/#\/schema\/person\/c8baee722073534b583ea7bdb2e36c02","name":"bosniak","image":{"@type":"ImageObject","inLanguage":"bs-BA","@id":"https:\/\/sandzakpress.net\/arhiva\/#\/schema\/person\/image\/","url":"https:\/\/secure.gravatar.com\/avatar\/a04fd330bfe3a36a72a0ad4a6d89fca7?s=96&d=mm&r=pg","contentUrl":"https:\/\/secure.gravatar.com\/avatar\/a04fd330bfe3a36a72a0ad4a6d89fca7?s=96&d=mm&r=pg","caption":"bosniak"},"url":"https:\/\/sandzakpress.net\/arhiva\/author\/bosniak\/"}]}},"_links":{"self":[{"href":"https:\/\/sandzakpress.net\/arhiva\/wp-json\/wp\/v2\/posts\/16291"}],"collection":[{"href":"https:\/\/sandzakpress.net\/arhiva\/wp-json\/wp\/v2\/posts"}],"about":[{"href":"https:\/\/sandzakpress.net\/arhiva\/wp-json\/wp\/v2\/types\/post"}],"author":[{"embeddable":true,"href":"https:\/\/sandzakpress.net\/arhiva\/wp-json\/wp\/v2\/users\/83"}],"replies":[{"embeddable":true,"href":"https:\/\/sandzakpress.net\/arhiva\/wp-json\/wp\/v2\/comments?post=16291"}],"version-history":[{"count":0,"href":"https:\/\/sandzakpress.net\/arhiva\/wp-json\/wp\/v2\/posts\/16291\/revisions"}],"wp:featuredmedia":[{"embeddable":true,"href":"https:\/\/sandzakpress.net\/arhiva\/wp-json\/wp\/v2\/media\/16292"}],"wp:attachment":[{"href":"https:\/\/sandzakpress.net\/arhiva\/wp-json\/wp\/v2\/media?parent=16291"}],"wp:term":[{"taxonomy":"category","embeddable":true,"href":"https:\/\/sandzakpress.net\/arhiva\/wp-json\/wp\/v2\/categories?post=16291"},{"taxonomy":"post_tag","embeddable":true,"href":"https:\/\/sandzakpress.net\/arhiva\/wp-json\/wp\/v2\/tags?post=16291"}],"curies":[{"name":"wp","href":"https:\/\/api.w.org\/{rel}","templated":true}]}}