{"id":162594,"date":"2016-06-20T18:20:59","date_gmt":"2016-06-20T16:20:59","guid":{"rendered":"https:\/\/sandzakpress.net\/arhiva\/ivanic-blokirao-sazivanje-sjednice-predsjednistva-bih-na-kojoj-bi-bio-razmatran-adaptirani-ssp"},"modified":"2016-06-20T18:20:59","modified_gmt":"2016-06-20T16:20:59","slug":"ivanic-blokirao-sazivanje-sjednice-predsjednistva-bih-na-kojoj-bi-bio-razmatran-adaptirani-ssp","status":"publish","type":"post","link":"https:\/\/sandzakpress.net\/arhiva\/ivanic-blokirao-sazivanje-sjednice-predsjednistva-bih-na-kojoj-bi-bio-razmatran-adaptirani-ssp\/","title":{"rendered":"Ivani\u0107 blokirao sazivanje sjednice Predsjedni\u0161tva BiH na kojoj bi bio razmatran adaptirani SSP"},"content":{"rendered":"<p style=\"text-align: justify\"><strong><a href=\"http:\/\/bosnapress.net\/wp-content\/uploads\/2016\/06\/ivanic.jpg\"><img loading=\"lazy\" decoding=\"async\" class=\"alignnone size-large wp-image-181146\" src=\"http:\/\/bosnapress.net\/wp-content\/uploads\/2016\/06\/ivanic-616x347.jpg\" alt=\"ivanic\" width=\"600\" height=\"338\" \/><\/a>Sarajevo \u2013 Mladen Ivani\u0107, \u010dlan Predsjedni\u0161tva BiH iz RS-a, blokirao je sazivanje hitne telefonske sjednice Predsjedni\u0161tva BiH na kojoj bi bila razmatrana informacija o adaptaciji Sporazuma o stabilizaciji i pridru\u017eivanju (SSP).<\/strong><\/p>\n<div class=\"clanakTekst\" style=\"text-align: justify\">\n<div class=\"tekst clanak_vijesti\">Vije\u0107e ministara BiH usvojilo je 14. juna izvje\u0161taj koji je podnio Hamdo Tinjak, \u0161ef pregovara\u010dkog tima BiH, o zavr\u0161etku pregovora u vezi adaptacije SSP-a sa prate\u0107im zaklju\u010dcima i narednim koracima. Izvje\u0161taj je tada upu\u0107en Predsjedni\u0161tvu BiH u procedure daljeg odlu\u010divanja i odobravanja.<\/p>\n<p><strong>Ivani\u0107 tra\u017eio izja\u0161njenje Vlade RS-a<\/strong><br \/>\nDragan \u010covi\u0107, \u010dlan Predsjedni\u0161tva BiH, predlo\u017eio je odmah dan poslije, odnosno 15. juna, da Predsjedni\u0161tvo odr\u017ei hitnu telefonsku sjednicu na kojoj bi bio usvojen izvje\u0161taj o adaptaciji SSP-a \u010dime bi BiH ispunila va\u017ean uvjet na putu EU integracija.<\/p>\n<p>No, Ivani\u0107 je ovaj zahtjev odbio uz insistiranje da se o adaptaciji SSP-a o\u010dituje Vlada RS-a. \u010covi\u0107 je bio protiv uklju\u010divanja entitetskih vlada, ali je zatra\u017eio, ako ve\u0107 bude uklju\u010den entitetski nivo, da se o adaptiranom SSP-u izjasne i kantonalne vlade te Br\u010dko distrikt.<\/p>\n<p>Predsjedavaju\u0107i Predsjedni\u0161tva BiH Bakir Izetbegovi\u0107 prihvatio je prijedlog da se zatra\u017ei izja\u0161njenje od entitetskih i kantonalnih vlada. Svih deset kantona i Br\u010dko distrikt dali su saglasnost na adaptirani SSP, ali se jo\u0161 uvijek \u010dekaju entitetske vlade. Vlada FBiH \u0107e svoje odobrenje dati najvjerovatnije u naredna dva ili tri dana.<\/p>\n<p>No, ono \u0161to je primjetno jeste da je Vlada RS-a 10. juna jasno iznijela stav da su za ovaj entitet predlo\u017eene izmjene SSP-a neprihvatljive.<\/p>\n<p>\u201cPredlo\u017eenim pozicijama, bez ure\u0111enog sistema prihvatanja EU fondova za razvoj poljoprivrede, u uslovima nekori\u0161tenja mjera za\u0161tite, nismo uvjereni u pozitivne strane eventualnih izmjena SSP-a u ovom momentu. Vlada Republike Srpske i Ministarstvo smatraju da bi se prihvatanjem ovakvih izmjena SSP-a i\u0161lo ka daljem devastiranju agrarnog sektora RS, odnosno da bi se on doveo u izuzetno te\u017eak polo\u017eaj, posebno primarna proizvodnja. U tom smislu, odgovornost za posljedice odluka koje se odnose na poljoprivredne proizvo\u0111a\u010de iz RS, moraju preuzeti kadrovi RS u Savjetu ministara BiH\u201d, dio je iz saop\u0107enja Vlade RS-a.<\/p>\n<p><strong>13. juli krajnji rok<\/strong><br \/>\nTako\u0111er, jo\u0161 nisu jasni odnosi unutar samog Saveza za promjene. Ministar Mirko \u0160arovi\u0107 podr\u017eao je adaptaciju SSP-a, a o\u010digledno su to u\u010dinili i drugi ministri u Vije\u0107u ministara BiH.<\/p>\n<p>Mediji u RS-u od ranije spekuli\u0161u da postoji odre\u0111ena vrsta sukoba unutar Saveza za promjene na relaciji Mladen Bosi\u0107 \u2013 Mladen Ivani\u0107. Tako\u0111er, vidljivo je pribli\u017eavanje Ivani\u0107a i Dodika pri \u010demu je Bosi\u0107, na neki na\u010din, isklju\u010den iz aktuelnih de\u0161avanja.<\/p>\n<p>BiH jo\u0161 uvijek nije ispunila niti jedan od dva klju\u010dna uvjeta za razmatranje na\u0161e aplikacije za \u010dlanstvo u EU. Naime, mehanizam koordinacije jo\u0161 uvijek nije definitivno usagla\u0161en kao ni prilagodba SSP-a.<\/p>\n<p>Klju\u010dni rok je 13. juli kada se u Slova\u010dkoj odr\u017eava sastanak ministara vanjskih poslova zemalja EU. Ako tada EU ne odgovori pozitivno na aplikaciju na\u0161e dr\u017eave za \u010dlanstvo u EU realno je o\u010dekivati da cijeli proces integracija, zbog \u010dinjenice da nakon Slova\u010dke predsjedavanje Evropskom unijom preuzima Mlata i Velika Britanija, bude odgo\u0111en.<\/p>\n<\/div>\n<div class=\"tekst clanak_vijesti\">(Klix)<\/div>\n<div class=\"clearfix\"><\/div>\n<\/div>\n<div class=\"clearfix\" style=\"text-align: justify\"><\/div>\n<div class=\"col-sm-12 below_article_ads\" style=\"text-align: justify\"><\/div>\n<p>Pogledajte vijest na izvornom sajtu:<\/p>\n<p><a href=\"http:\/\/bosnapress.net\/ivanic-blokirao-sazivanje-sjednice-predsjednistva-bih-na-kojoj-bi-bio-razmatran-adaptirani-ssp\/\" target=\"_blank\">Ivani\u0107 blokirao sazivanje sjednice Predsjedni\u0161tva BiH na kojoj bi bio razmatran adaptirani SSP<\/a><\/p>\n","protected":false},"excerpt":{"rendered":"<p>Sarajevo \u2013 Mladen Ivani\u0107, \u010dlan Predsjedni\u0161tva BiH iz RS-a, blokirao je sazivanje hitne telefonske sjednice Predsjedni\u0161tva BiH na kojoj bi bila razmatrana informacija o adaptaciji Sporazuma o stabilizaciji i pridru\u017eivanju (SSP). Vije\u0107e ministara BiH usvojilo je 14. juna izvje\u0161taj koji je podnio Hamdo Tinjak, \u0161ef pregovara\u010dkog tima BiH, o zavr\u0161etku pregovora u vezi adaptacije SSP-a [&hellip;]<\/p>\n","protected":false},"author":83,"featured_media":162596,"comment_status":"open","ping_status":"open","sticky":false,"template":"","format":"standard","meta":{"footnotes":""},"categories":[10513],"tags":[10466],"class_list":{"0":"post-162594","1":"post","2":"type-post","3":"status-publish","4":"format-standard","5":"has-post-thumbnail","7":"category-bosna-press","8":"tag-bosna-i-hercegovina"},"yoast_head":"<!-- This site is optimized with the Yoast SEO Premium plugin v23.1 (Yoast SEO v24.9) - https:\/\/yoast.com\/wordpress\/plugins\/seo\/ -->\n<title>Ivani\u0107 blokirao sazivanje sjednice Predsjedni\u0161tva BiH na kojoj bi bio razmatran adaptirani SSP<\/title>\n<meta name=\"robots\" content=\"index, follow, max-snippet:-1, max-image-preview:large, max-video-preview:-1\" \/>\n<link rel=\"canonical\" href=\"https:\/\/sandzakpress.net\/arhiva\/ivanic-blokirao-sazivanje-sjednice-predsjednistva-bih-na-kojoj-bi-bio-razmatran-adaptirani-ssp\/\" \/>\n<meta property=\"og:locale\" content=\"bs_BA\" \/>\n<meta property=\"og:type\" content=\"article\" \/>\n<meta property=\"og:title\" content=\"Ivani\u0107 blokirao sazivanje sjednice Predsjedni\u0161tva BiH na kojoj bi bio razmatran adaptirani SSP\" \/>\n<meta property=\"og:description\" content=\"Sarajevo \u2013 Mladen Ivani\u0107, \u010dlan Predsjedni\u0161tva BiH iz RS-a, blokirao je sazivanje hitne telefonske sjednice Predsjedni\u0161tva BiH na kojoj bi bila razmatrana informacija o adaptaciji Sporazuma o stabilizaciji i pridru\u017eivanju (SSP). Vije\u0107e ministara BiH usvojilo je 14. juna izvje\u0161taj koji je podnio Hamdo Tinjak, \u0161ef pregovara\u010dkog tima BiH, o zavr\u0161etku pregovora u vezi adaptacije SSP-a [&hellip;]\" \/>\n<meta property=\"og:url\" content=\"https:\/\/sandzakpress.net\/arhiva\/ivanic-blokirao-sazivanje-sjednice-predsjednistva-bih-na-kojoj-bi-bio-razmatran-adaptirani-ssp\/\" \/>\n<meta property=\"og:site_name\" content=\"Sand\u017eak PRESS\" \/>\n<meta property=\"article:published_time\" content=\"2016-06-20T16:20:59+00:00\" \/>\n<meta property=\"og:image\" content=\"https:\/\/sandzakpress.net\/arhiva\/wp-content\/uploads\/2016\/06\/ivanic-616x347-1.jpg\" \/>\n\t<meta property=\"og:image:width\" content=\"616\" \/>\n\t<meta property=\"og:image:height\" content=\"347\" \/>\n\t<meta property=\"og:image:type\" content=\"image\/jpeg\" \/>\n<meta name=\"author\" content=\"bosniak\" \/>\n<meta name=\"twitter:card\" content=\"summary_large_image\" \/>\n<meta name=\"twitter:label1\" content=\"Written by\" \/>\n\t<meta name=\"twitter:data1\" content=\"bosniak\" \/>\n\t<meta name=\"twitter:label2\" content=\"Est. reading time\" \/>\n\t<meta name=\"twitter:data2\" content=\"3 minute\" \/>\n<script type=\"application\/ld+json\" class=\"yoast-schema-graph\">{\"@context\":\"https:\/\/schema.org\",\"@graph\":[{\"@type\":\"Article\",\"@id\":\"https:\/\/sandzakpress.net\/arhiva\/ivanic-blokirao-sazivanje-sjednice-predsjednistva-bih-na-kojoj-bi-bio-razmatran-adaptirani-ssp\/#article\",\"isPartOf\":{\"@id\":\"https:\/\/sandzakpress.net\/arhiva\/ivanic-blokirao-sazivanje-sjednice-predsjednistva-bih-na-kojoj-bi-bio-razmatran-adaptirani-ssp\/\"},\"author\":{\"name\":\"bosniak\",\"@id\":\"https:\/\/sandzakpress.net\/arhiva\/#\/schema\/person\/c8baee722073534b583ea7bdb2e36c02\"},\"headline\":\"Ivani\u0107 blokirao sazivanje sjednice Predsjedni\u0161tva BiH na kojoj bi bio razmatran adaptirani SSP\",\"datePublished\":\"2016-06-20T16:20:59+00:00\",\"mainEntityOfPage\":{\"@id\":\"https:\/\/sandzakpress.net\/arhiva\/ivanic-blokirao-sazivanje-sjednice-predsjednistva-bih-na-kojoj-bi-bio-razmatran-adaptirani-ssp\/\"},\"wordCount\":571,\"commentCount\":8,\"publisher\":{\"@id\":\"https:\/\/sandzakpress.net\/arhiva\/#\/schema\/person\/6e72b67d6e51910a1117b3b483ba20bd\"},\"image\":{\"@id\":\"https:\/\/sandzakpress.net\/arhiva\/ivanic-blokirao-sazivanje-sjednice-predsjednistva-bih-na-kojoj-bi-bio-razmatran-adaptirani-ssp\/#primaryimage\"},\"thumbnailUrl\":\"https:\/\/sandzakpress.net\/arhiva\/wp-content\/uploads\/2016\/06\/ivanic-616x347-1.jpg\",\"keywords\":[\"Bosna i Hercegovina\"],\"articleSection\":[\"Bosna PRESS\"],\"inLanguage\":\"bs-BA\",\"potentialAction\":[{\"@type\":\"CommentAction\",\"name\":\"Comment\",\"target\":[\"https:\/\/sandzakpress.net\/arhiva\/ivanic-blokirao-sazivanje-sjednice-predsjednistva-bih-na-kojoj-bi-bio-razmatran-adaptirani-ssp\/#respond\"]}]},{\"@type\":\"WebPage\",\"@id\":\"https:\/\/sandzakpress.net\/arhiva\/ivanic-blokirao-sazivanje-sjednice-predsjednistva-bih-na-kojoj-bi-bio-razmatran-adaptirani-ssp\/\",\"url\":\"https:\/\/sandzakpress.net\/arhiva\/ivanic-blokirao-sazivanje-sjednice-predsjednistva-bih-na-kojoj-bi-bio-razmatran-adaptirani-ssp\/\",\"name\":\"Ivani\u0107 blokirao sazivanje sjednice Predsjedni\u0161tva BiH na kojoj bi bio razmatran adaptirani SSP\",\"isPartOf\":{\"@id\":\"https:\/\/sandzakpress.net\/arhiva\/#website\"},\"primaryImageOfPage\":{\"@id\":\"https:\/\/sandzakpress.net\/arhiva\/ivanic-blokirao-sazivanje-sjednice-predsjednistva-bih-na-kojoj-bi-bio-razmatran-adaptirani-ssp\/#primaryimage\"},\"image\":{\"@id\":\"https:\/\/sandzakpress.net\/arhiva\/ivanic-blokirao-sazivanje-sjednice-predsjednistva-bih-na-kojoj-bi-bio-razmatran-adaptirani-ssp\/#primaryimage\"},\"thumbnailUrl\":\"https:\/\/sandzakpress.net\/arhiva\/wp-content\/uploads\/2016\/06\/ivanic-616x347-1.jpg\",\"datePublished\":\"2016-06-20T16:20:59+00:00\",\"breadcrumb\":{\"@id\":\"https:\/\/sandzakpress.net\/arhiva\/ivanic-blokirao-sazivanje-sjednice-predsjednistva-bih-na-kojoj-bi-bio-razmatran-adaptirani-ssp\/#breadcrumb\"},\"inLanguage\":\"bs-BA\",\"potentialAction\":[{\"@type\":\"ReadAction\",\"target\":[\"https:\/\/sandzakpress.net\/arhiva\/ivanic-blokirao-sazivanje-sjednice-predsjednistva-bih-na-kojoj-bi-bio-razmatran-adaptirani-ssp\/\"]}]},{\"@type\":\"ImageObject\",\"inLanguage\":\"bs-BA\",\"@id\":\"https:\/\/sandzakpress.net\/arhiva\/ivanic-blokirao-sazivanje-sjednice-predsjednistva-bih-na-kojoj-bi-bio-razmatran-adaptirani-ssp\/#primaryimage\",\"url\":\"https:\/\/sandzakpress.net\/arhiva\/wp-content\/uploads\/2016\/06\/ivanic-616x347-1.jpg\",\"contentUrl\":\"https:\/\/sandzakpress.net\/arhiva\/wp-content\/uploads\/2016\/06\/ivanic-616x347-1.jpg\",\"width\":616,\"height\":347},{\"@type\":\"BreadcrumbList\",\"@id\":\"https:\/\/sandzakpress.net\/arhiva\/ivanic-blokirao-sazivanje-sjednice-predsjednistva-bih-na-kojoj-bi-bio-razmatran-adaptirani-ssp\/#breadcrumb\",\"itemListElement\":[{\"@type\":\"ListItem\",\"position\":1,\"name\":\"Home\",\"item\":\"https:\/\/sandzakpress.net\/arhiva\/\"},{\"@type\":\"ListItem\",\"position\":2,\"name\":\"Ivani\u0107 blokirao sazivanje sjednice Predsjedni\u0161tva BiH na kojoj bi bio razmatran adaptirani SSP\"}]},{\"@type\":\"WebSite\",\"@id\":\"https:\/\/sandzakpress.net\/arhiva\/#website\",\"url\":\"https:\/\/sandzakpress.net\/arhiva\/\",\"name\":\"Sand\u017eak PRESS\",\"description\":\"Prve elektronske novine u Sand\u017eaku\",\"publisher\":{\"@id\":\"https:\/\/sandzakpress.net\/arhiva\/#\/schema\/person\/6e72b67d6e51910a1117b3b483ba20bd\"},\"potentialAction\":[{\"@type\":\"SearchAction\",\"target\":{\"@type\":\"EntryPoint\",\"urlTemplate\":\"https:\/\/sandzakpress.net\/arhiva\/?s={search_term_string}\"},\"query-input\":{\"@type\":\"PropertyValueSpecification\",\"valueRequired\":true,\"valueName\":\"search_term_string\"}}],\"inLanguage\":\"bs-BA\"},{\"@type\":[\"Person\",\"Organization\"],\"@id\":\"https:\/\/sandzakpress.net\/arhiva\/#\/schema\/person\/6e72b67d6e51910a1117b3b483ba20bd\",\"name\":\"Kul\",\"image\":{\"@type\":\"ImageObject\",\"inLanguage\":\"bs-BA\",\"@id\":\"https:\/\/sandzakpress.net\/arhiva\/#\/schema\/person\/image\/\",\"url\":\"https:\/\/secure.gravatar.com\/avatar\/42263f39aa27ac04c43cab85c280eb2e?s=96&d=mm&r=pg\",\"contentUrl\":\"https:\/\/secure.gravatar.com\/avatar\/42263f39aa27ac04c43cab85c280eb2e?s=96&d=mm&r=pg\",\"caption\":\"Kul\"},\"logo\":{\"@id\":\"https:\/\/sandzakpress.net\/arhiva\/#\/schema\/person\/image\/\"}},{\"@type\":\"Person\",\"@id\":\"https:\/\/sandzakpress.net\/arhiva\/#\/schema\/person\/c8baee722073534b583ea7bdb2e36c02\",\"name\":\"bosniak\",\"image\":{\"@type\":\"ImageObject\",\"inLanguage\":\"bs-BA\",\"@id\":\"https:\/\/sandzakpress.net\/arhiva\/#\/schema\/person\/image\/\",\"url\":\"https:\/\/secure.gravatar.com\/avatar\/a04fd330bfe3a36a72a0ad4a6d89fca7?s=96&d=mm&r=pg\",\"contentUrl\":\"https:\/\/secure.gravatar.com\/avatar\/a04fd330bfe3a36a72a0ad4a6d89fca7?s=96&d=mm&r=pg\",\"caption\":\"bosniak\"},\"url\":\"https:\/\/sandzakpress.net\/arhiva\/author\/bosniak\/\"}]}<\/script>\n<!-- \/ Yoast SEO Premium plugin. -->","yoast_head_json":{"title":"Ivani\u0107 blokirao sazivanje sjednice Predsjedni\u0161tva BiH na kojoj bi bio razmatran adaptirani SSP","robots":{"index":"index","follow":"follow","max-snippet":"max-snippet:-1","max-image-preview":"max-image-preview:large","max-video-preview":"max-video-preview:-1"},"canonical":"https:\/\/sandzakpress.net\/arhiva\/ivanic-blokirao-sazivanje-sjednice-predsjednistva-bih-na-kojoj-bi-bio-razmatran-adaptirani-ssp\/","og_locale":"bs_BA","og_type":"article","og_title":"Ivani\u0107 blokirao sazivanje sjednice Predsjedni\u0161tva BiH na kojoj bi bio razmatran adaptirani SSP","og_description":"Sarajevo \u2013 Mladen Ivani\u0107, \u010dlan Predsjedni\u0161tva BiH iz RS-a, blokirao je sazivanje hitne telefonske sjednice Predsjedni\u0161tva BiH na kojoj bi bila razmatrana informacija o adaptaciji Sporazuma o stabilizaciji i pridru\u017eivanju (SSP). Vije\u0107e ministara BiH usvojilo je 14. juna izvje\u0161taj koji je podnio Hamdo Tinjak, \u0161ef pregovara\u010dkog tima BiH, o zavr\u0161etku pregovora u vezi adaptacije SSP-a [&hellip;]","og_url":"https:\/\/sandzakpress.net\/arhiva\/ivanic-blokirao-sazivanje-sjednice-predsjednistva-bih-na-kojoj-bi-bio-razmatran-adaptirani-ssp\/","og_site_name":"Sand\u017eak PRESS","article_published_time":"2016-06-20T16:20:59+00:00","og_image":[{"width":616,"height":347,"url":"https:\/\/sandzakpress.net\/arhiva\/wp-content\/uploads\/2016\/06\/ivanic-616x347-1.jpg","type":"image\/jpeg"}],"author":"bosniak","twitter_card":"summary_large_image","twitter_misc":{"Written by":"bosniak","Est. reading time":"3 minute"},"schema":{"@context":"https:\/\/schema.org","@graph":[{"@type":"Article","@id":"https:\/\/sandzakpress.net\/arhiva\/ivanic-blokirao-sazivanje-sjednice-predsjednistva-bih-na-kojoj-bi-bio-razmatran-adaptirani-ssp\/#article","isPartOf":{"@id":"https:\/\/sandzakpress.net\/arhiva\/ivanic-blokirao-sazivanje-sjednice-predsjednistva-bih-na-kojoj-bi-bio-razmatran-adaptirani-ssp\/"},"author":{"name":"bosniak","@id":"https:\/\/sandzakpress.net\/arhiva\/#\/schema\/person\/c8baee722073534b583ea7bdb2e36c02"},"headline":"Ivani\u0107 blokirao sazivanje sjednice Predsjedni\u0161tva BiH na kojoj bi bio razmatran adaptirani SSP","datePublished":"2016-06-20T16:20:59+00:00","mainEntityOfPage":{"@id":"https:\/\/sandzakpress.net\/arhiva\/ivanic-blokirao-sazivanje-sjednice-predsjednistva-bih-na-kojoj-bi-bio-razmatran-adaptirani-ssp\/"},"wordCount":571,"commentCount":8,"publisher":{"@id":"https:\/\/sandzakpress.net\/arhiva\/#\/schema\/person\/6e72b67d6e51910a1117b3b483ba20bd"},"image":{"@id":"https:\/\/sandzakpress.net\/arhiva\/ivanic-blokirao-sazivanje-sjednice-predsjednistva-bih-na-kojoj-bi-bio-razmatran-adaptirani-ssp\/#primaryimage"},"thumbnailUrl":"https:\/\/sandzakpress.net\/arhiva\/wp-content\/uploads\/2016\/06\/ivanic-616x347-1.jpg","keywords":["Bosna i Hercegovina"],"articleSection":["Bosna PRESS"],"inLanguage":"bs-BA","potentialAction":[{"@type":"CommentAction","name":"Comment","target":["https:\/\/sandzakpress.net\/arhiva\/ivanic-blokirao-sazivanje-sjednice-predsjednistva-bih-na-kojoj-bi-bio-razmatran-adaptirani-ssp\/#respond"]}]},{"@type":"WebPage","@id":"https:\/\/sandzakpress.net\/arhiva\/ivanic-blokirao-sazivanje-sjednice-predsjednistva-bih-na-kojoj-bi-bio-razmatran-adaptirani-ssp\/","url":"https:\/\/sandzakpress.net\/arhiva\/ivanic-blokirao-sazivanje-sjednice-predsjednistva-bih-na-kojoj-bi-bio-razmatran-adaptirani-ssp\/","name":"Ivani\u0107 blokirao sazivanje sjednice Predsjedni\u0161tva BiH na kojoj bi bio razmatran adaptirani SSP","isPartOf":{"@id":"https:\/\/sandzakpress.net\/arhiva\/#website"},"primaryImageOfPage":{"@id":"https:\/\/sandzakpress.net\/arhiva\/ivanic-blokirao-sazivanje-sjednice-predsjednistva-bih-na-kojoj-bi-bio-razmatran-adaptirani-ssp\/#primaryimage"},"image":{"@id":"https:\/\/sandzakpress.net\/arhiva\/ivanic-blokirao-sazivanje-sjednice-predsjednistva-bih-na-kojoj-bi-bio-razmatran-adaptirani-ssp\/#primaryimage"},"thumbnailUrl":"https:\/\/sandzakpress.net\/arhiva\/wp-content\/uploads\/2016\/06\/ivanic-616x347-1.jpg","datePublished":"2016-06-20T16:20:59+00:00","breadcrumb":{"@id":"https:\/\/sandzakpress.net\/arhiva\/ivanic-blokirao-sazivanje-sjednice-predsjednistva-bih-na-kojoj-bi-bio-razmatran-adaptirani-ssp\/#breadcrumb"},"inLanguage":"bs-BA","potentialAction":[{"@type":"ReadAction","target":["https:\/\/sandzakpress.net\/arhiva\/ivanic-blokirao-sazivanje-sjednice-predsjednistva-bih-na-kojoj-bi-bio-razmatran-adaptirani-ssp\/"]}]},{"@type":"ImageObject","inLanguage":"bs-BA","@id":"https:\/\/sandzakpress.net\/arhiva\/ivanic-blokirao-sazivanje-sjednice-predsjednistva-bih-na-kojoj-bi-bio-razmatran-adaptirani-ssp\/#primaryimage","url":"https:\/\/sandzakpress.net\/arhiva\/wp-content\/uploads\/2016\/06\/ivanic-616x347-1.jpg","contentUrl":"https:\/\/sandzakpress.net\/arhiva\/wp-content\/uploads\/2016\/06\/ivanic-616x347-1.jpg","width":616,"height":347},{"@type":"BreadcrumbList","@id":"https:\/\/sandzakpress.net\/arhiva\/ivanic-blokirao-sazivanje-sjednice-predsjednistva-bih-na-kojoj-bi-bio-razmatran-adaptirani-ssp\/#breadcrumb","itemListElement":[{"@type":"ListItem","position":1,"name":"Home","item":"https:\/\/sandzakpress.net\/arhiva\/"},{"@type":"ListItem","position":2,"name":"Ivani\u0107 blokirao sazivanje sjednice Predsjedni\u0161tva BiH na kojoj bi bio razmatran adaptirani SSP"}]},{"@type":"WebSite","@id":"https:\/\/sandzakpress.net\/arhiva\/#website","url":"https:\/\/sandzakpress.net\/arhiva\/","name":"Sand\u017eak PRESS","description":"Prve elektronske novine u Sand\u017eaku","publisher":{"@id":"https:\/\/sandzakpress.net\/arhiva\/#\/schema\/person\/6e72b67d6e51910a1117b3b483ba20bd"},"potentialAction":[{"@type":"SearchAction","target":{"@type":"EntryPoint","urlTemplate":"https:\/\/sandzakpress.net\/arhiva\/?s={search_term_string}"},"query-input":{"@type":"PropertyValueSpecification","valueRequired":true,"valueName":"search_term_string"}}],"inLanguage":"bs-BA"},{"@type":["Person","Organization"],"@id":"https:\/\/sandzakpress.net\/arhiva\/#\/schema\/person\/6e72b67d6e51910a1117b3b483ba20bd","name":"Kul","image":{"@type":"ImageObject","inLanguage":"bs-BA","@id":"https:\/\/sandzakpress.net\/arhiva\/#\/schema\/person\/image\/","url":"https:\/\/secure.gravatar.com\/avatar\/42263f39aa27ac04c43cab85c280eb2e?s=96&d=mm&r=pg","contentUrl":"https:\/\/secure.gravatar.com\/avatar\/42263f39aa27ac04c43cab85c280eb2e?s=96&d=mm&r=pg","caption":"Kul"},"logo":{"@id":"https:\/\/sandzakpress.net\/arhiva\/#\/schema\/person\/image\/"}},{"@type":"Person","@id":"https:\/\/sandzakpress.net\/arhiva\/#\/schema\/person\/c8baee722073534b583ea7bdb2e36c02","name":"bosniak","image":{"@type":"ImageObject","inLanguage":"bs-BA","@id":"https:\/\/sandzakpress.net\/arhiva\/#\/schema\/person\/image\/","url":"https:\/\/secure.gravatar.com\/avatar\/a04fd330bfe3a36a72a0ad4a6d89fca7?s=96&d=mm&r=pg","contentUrl":"https:\/\/secure.gravatar.com\/avatar\/a04fd330bfe3a36a72a0ad4a6d89fca7?s=96&d=mm&r=pg","caption":"bosniak"},"url":"https:\/\/sandzakpress.net\/arhiva\/author\/bosniak\/"}]}},"_links":{"self":[{"href":"https:\/\/sandzakpress.net\/arhiva\/wp-json\/wp\/v2\/posts\/162594"}],"collection":[{"href":"https:\/\/sandzakpress.net\/arhiva\/wp-json\/wp\/v2\/posts"}],"about":[{"href":"https:\/\/sandzakpress.net\/arhiva\/wp-json\/wp\/v2\/types\/post"}],"author":[{"embeddable":true,"href":"https:\/\/sandzakpress.net\/arhiva\/wp-json\/wp\/v2\/users\/83"}],"replies":[{"embeddable":true,"href":"https:\/\/sandzakpress.net\/arhiva\/wp-json\/wp\/v2\/comments?post=162594"}],"version-history":[{"count":0,"href":"https:\/\/sandzakpress.net\/arhiva\/wp-json\/wp\/v2\/posts\/162594\/revisions"}],"wp:featuredmedia":[{"embeddable":true,"href":"https:\/\/sandzakpress.net\/arhiva\/wp-json\/wp\/v2\/media\/162596"}],"wp:attachment":[{"href":"https:\/\/sandzakpress.net\/arhiva\/wp-json\/wp\/v2\/media?parent=162594"}],"wp:term":[{"taxonomy":"category","embeddable":true,"href":"https:\/\/sandzakpress.net\/arhiva\/wp-json\/wp\/v2\/categories?post=162594"},{"taxonomy":"post_tag","embeddable":true,"href":"https:\/\/sandzakpress.net\/arhiva\/wp-json\/wp\/v2\/tags?post=162594"}],"curies":[{"name":"wp","href":"https:\/\/api.w.org\/{rel}","templated":true}]}}