{"id":162186,"date":"2016-06-13T18:25:01","date_gmt":"2016-06-13T16:25:01","guid":{"rendered":"https:\/\/sandzakpress.net\/arhiva\/srebrenica-roditelji-odbijaju-da-se-u-knjizice-upise-jezik-bosnjackog-naroda"},"modified":"2016-06-13T18:25:01","modified_gmt":"2016-06-13T16:25:01","slug":"srebrenica-roditelji-odbijaju-da-se-u-knjizice-upise-jezik-bosnjackog-naroda","status":"publish","type":"post","link":"https:\/\/sandzakpress.net\/arhiva\/srebrenica-roditelji-odbijaju-da-se-u-knjizice-upise-jezik-bosnjackog-naroda\/","title":{"rendered":"Srebrenica: Roditelji odbijaju da se u knji\u017eice upi\u0161e \u2013 jezik bo\u0161nja\u010dkog naroda"},"content":{"rendered":"<p style=\"text-align: justify\"><strong><a href=\"http:\/\/bosnapress.net\/wp-content\/uploads\/2016\/06\/srebrenica_skola_AA5.jpg\"><img loading=\"lazy\" decoding=\"async\" class=\"alignnone size-large wp-image-180678\" src=\"http:\/\/bosnapress.net\/wp-content\/uploads\/2016\/06\/srebrenica_skola_AA5-616x411.jpg\" alt=\"srebrenica_skola_AA5\" width=\"600\" height=\"400\" \/><\/a>Srebrenica \u2013\u00a0U\u010denici bo\u0161nja\u010dke nacionalnosti, koji poha\u0111aju Prvu osnovnu \u0161kolu u Srebrenici danas ne\u0107e poha\u0111ati \u010dasove u toj obrazovnoj ustanovi.<\/strong><\/p>\n<div id=\"__xclaimwords_wrapper\">\n<p style=\"text-align: justify\">Razlog za to je \u0161to \u0107e djeci na kraju \u0161kolske godine \u0107e u \u0111a\u010dke knji\u017eice biti upisan<strong> \u201cjezik bo\u0161nja\u010dkog naroda\u201c umjesto bosanski jezik.<\/strong><\/p>\n<p style=\"text-align: justify\">Na sjednici nastavni\u010dkog vije\u0107a u Prvoj osnovnoj \u0161koli Srebrenica u\u010diteljima i nastavnicima je saop\u0161teno da u \u0111a\u010dke knji\u017eice upi\u0161u \u201cjezik bo\u0161nja\u010dkog naroda\u201c jer tako nala\u017ee Ustav Republike Srpske. Prema podacima kojima raspola\u017ee Prva osnovna \u0161kola u Srebrenici, 60 posto djece bo\u0161nja\u010dke nacionalnosti poha\u0111a tu javnu ustanovu. Roditelji smatraju da su ovom odlukom njihova djeca diskriminisana u ovoj op\u0161tini.<\/p>\n<p style=\"text-align: justify\">\u201cJedinstven stav roditelja je da djeca ne\u0107e i\u0107i u \u0161kolu sve dok se ne rije\u0161i pitanje bosanskog jezika. Podi\u0107i \u0107emo tu\u017ebu protiv svih nadle\u017enih, i ministarstva i direktora, a ako bude trebalo, pokrenut \u0107emo inicijativu za dvije \u0161kole\u201d, stav je <strong>Munira Habibovi\u0107a, \u010dije dijete jutros nije oti\u0161lo na nastavu u Prvu osnovnu \u0161kolu u Srebrenici.<\/strong><\/p>\n<p style=\"text-align: justify\">Roditelji smatraju da \u0107e djeca izgubiti nacionalni identitet ukoliko se bude insistiralo da se u knji\u017eicama na\u0111e naziv \u201cjezik bo\u0161nja\u010dkog naroda\u201d.\u00a0Na\u010delnik op\u0161tine Srebrenica ka\u017ee da je ovo nasilan poku\u0161aj da se izbri\u0161e nacionalni identitet jednog konstitutivnog<strong> naroda u Republici Srpskoj.<\/strong><\/p>\n<p style=\"text-align: justify\">\u201cOsje\u0107am se jedinom dijelom i kao na\u010delnik i kao roditelj izvaran, jer smo na po\u010detku ove \u0161kolske godine imali dobar koncenzus sa ministarstvom i upravom \u0161kole da \u0107e se do kraja godine problem jezika rije\u0161iti. \u010cekalo se do kraja \u0161kolske godine da se izmijeni naziv predmeta pozivaju\u0107i se na presudu Ustavnog suda BiH, koja je parcijalno uzeta i to samo dio koji ne osporava Ustav Republike Srpske\u201d, izjavio je \u0106amil Durakovi\u0107, na\u010delnik op\u0161tine Srebrenica.<\/p>\n<p style=\"text-align: justify\">Direktor Prve osnovne \u0161kole Dragi Jovanovi\u0107 ka\u017ee da nema<strong> podatke koliko djece i iz kog razloga nisu do\u0161li na nastavu.<\/strong><\/p>\n<p style=\"text-align: justify\">\u201cNisam dobio nikakav zvani\u010dni dopis niti su mi se roditelji obratili po pitanju izmjena naziva jezika u dnevniku i svjedo\u010danstvima. Sve \u0161to znam o navodnom bojkotu nastave, saznao sam iz medija. Ovo nije moje li\u010dna odluka, nego odluka ministarstva koju sam ja du\u017ean po\u0161tovati\u201d, izjavio je Dragi Jovanovi\u0107, direktor JU Prva osnovna \u0161kola Srebrenica.<\/p>\n<p style=\"text-align: justify\">Roditelji su najavili krivi\u010dne prijave, za sve odgovorne za krivotvorenje i mijenjanje podataka u dnevnike, prije svega direktora Prve osnovne \u0161kole u Srebrenici, a zatim i Ministarstva prosvjete Republike Srpske. Ono \u0161to je sigurno, djeca ne\u0107e poha\u0111ati nastavu u ovoj javnoj ustanovi do kraja \u0161kolske godine.<\/p>\n<p style=\"text-align: justify\">(radiosarajevo)<\/p>\n<\/div>\n<p>Pogledajte vijest na izvornom sajtu:<\/p>\n<p><a href=\"http:\/\/bosnapress.net\/srebrenica-roditelji-odbijaju-da-se-u-knjizice-upise-jezik-bosnjackog-naroda\/\" target=\"_blank\">Srebrenica: Roditelji odbijaju da se u knji\u017eice upi\u0161e \u2013 jezik bo\u0161nja\u010dkog naroda<\/a><\/p>\n","protected":false},"excerpt":{"rendered":"<p>Srebrenica \u2013\u00a0U\u010denici bo\u0161nja\u010dke nacionalnosti, koji poha\u0111aju Prvu osnovnu \u0161kolu u Srebrenici danas ne\u0107e poha\u0111ati \u010dasove u toj obrazovnoj ustanovi. Razlog za to je \u0161to \u0107e djeci na kraju \u0161kolske godine \u0107e u \u0111a\u010dke knji\u017eice biti upisan \u201cjezik bo\u0161nja\u010dkog naroda\u201c umjesto bosanski jezik. Na sjednici nastavni\u010dkog vije\u0107a u Prvoj osnovnoj \u0161koli Srebrenica u\u010diteljima i nastavnicima je [&hellip;]<\/p>\n","protected":false},"author":83,"featured_media":162188,"comment_status":"open","ping_status":"open","sticky":false,"template":"","format":"standard","meta":{"footnotes":""},"categories":[10513],"tags":[10466],"class_list":{"0":"post-162186","1":"post","2":"type-post","3":"status-publish","4":"format-standard","5":"has-post-thumbnail","7":"category-bosna-press","8":"tag-bosna-i-hercegovina"},"yoast_head":"<!-- This site is optimized with the Yoast SEO Premium plugin v23.1 (Yoast SEO v24.9) - https:\/\/yoast.com\/wordpress\/plugins\/seo\/ -->\n<title>Srebrenica: Roditelji odbijaju da se u knji\u017eice upi\u0161e \u2013 jezik bo\u0161nja\u010dkog naroda<\/title>\n<meta name=\"robots\" content=\"index, follow, max-snippet:-1, max-image-preview:large, max-video-preview:-1\" \/>\n<link rel=\"canonical\" href=\"https:\/\/sandzakpress.net\/arhiva\/srebrenica-roditelji-odbijaju-da-se-u-knjizice-upise-jezik-bosnjackog-naroda\/\" \/>\n<meta property=\"og:locale\" content=\"bs_BA\" \/>\n<meta property=\"og:type\" content=\"article\" \/>\n<meta property=\"og:title\" content=\"Srebrenica: Roditelji odbijaju da se u knji\u017eice upi\u0161e \u2013 jezik bo\u0161nja\u010dkog naroda\" \/>\n<meta property=\"og:description\" content=\"Srebrenica \u2013\u00a0U\u010denici bo\u0161nja\u010dke nacionalnosti, koji poha\u0111aju Prvu osnovnu \u0161kolu u Srebrenici danas ne\u0107e poha\u0111ati \u010dasove u toj obrazovnoj ustanovi. Razlog za to je \u0161to \u0107e djeci na kraju \u0161kolske godine \u0107e u \u0111a\u010dke knji\u017eice biti upisan \u201cjezik bo\u0161nja\u010dkog naroda\u201c umjesto bosanski jezik. Na sjednici nastavni\u010dkog vije\u0107a u Prvoj osnovnoj \u0161koli Srebrenica u\u010diteljima i nastavnicima je [&hellip;]\" \/>\n<meta property=\"og:url\" content=\"https:\/\/sandzakpress.net\/arhiva\/srebrenica-roditelji-odbijaju-da-se-u-knjizice-upise-jezik-bosnjackog-naroda\/\" \/>\n<meta property=\"og:site_name\" content=\"Sand\u017eak PRESS\" \/>\n<meta property=\"article:published_time\" content=\"2016-06-13T16:25:01+00:00\" \/>\n<meta property=\"og:image\" content=\"https:\/\/sandzakpress.net\/arhiva\/wp-content\/uploads\/2016\/06\/srebrenica_skola_AA5-616x411-1.jpg\" \/>\n\t<meta property=\"og:image:width\" content=\"616\" \/>\n\t<meta property=\"og:image:height\" content=\"411\" \/>\n\t<meta property=\"og:image:type\" content=\"image\/jpeg\" \/>\n<meta name=\"author\" content=\"bosniak\" \/>\n<meta name=\"twitter:card\" content=\"summary_large_image\" \/>\n<meta name=\"twitter:label1\" content=\"Written by\" \/>\n\t<meta name=\"twitter:data1\" content=\"bosniak\" \/>\n\t<meta name=\"twitter:label2\" content=\"Est. reading time\" \/>\n\t<meta name=\"twitter:data2\" content=\"2 minute\" \/>\n<script type=\"application\/ld+json\" class=\"yoast-schema-graph\">{\"@context\":\"https:\/\/schema.org\",\"@graph\":[{\"@type\":\"Article\",\"@id\":\"https:\/\/sandzakpress.net\/arhiva\/srebrenica-roditelji-odbijaju-da-se-u-knjizice-upise-jezik-bosnjackog-naroda\/#article\",\"isPartOf\":{\"@id\":\"https:\/\/sandzakpress.net\/arhiva\/srebrenica-roditelji-odbijaju-da-se-u-knjizice-upise-jezik-bosnjackog-naroda\/\"},\"author\":{\"name\":\"bosniak\",\"@id\":\"https:\/\/sandzakpress.net\/arhiva\/#\/schema\/person\/c8baee722073534b583ea7bdb2e36c02\"},\"headline\":\"Srebrenica: Roditelji odbijaju da se u knji\u017eice upi\u0161e \u2013 jezik bo\u0161nja\u010dkog naroda\",\"datePublished\":\"2016-06-13T16:25:01+00:00\",\"mainEntityOfPage\":{\"@id\":\"https:\/\/sandzakpress.net\/arhiva\/srebrenica-roditelji-odbijaju-da-se-u-knjizice-upise-jezik-bosnjackog-naroda\/\"},\"wordCount\":484,\"commentCount\":0,\"publisher\":{\"@id\":\"https:\/\/sandzakpress.net\/arhiva\/#\/schema\/person\/6e72b67d6e51910a1117b3b483ba20bd\"},\"image\":{\"@id\":\"https:\/\/sandzakpress.net\/arhiva\/srebrenica-roditelji-odbijaju-da-se-u-knjizice-upise-jezik-bosnjackog-naroda\/#primaryimage\"},\"thumbnailUrl\":\"https:\/\/sandzakpress.net\/arhiva\/wp-content\/uploads\/2016\/06\/srebrenica_skola_AA5-616x411-1.jpg\",\"keywords\":[\"Bosna i Hercegovina\"],\"articleSection\":[\"Bosna PRESS\"],\"inLanguage\":\"bs-BA\",\"potentialAction\":[{\"@type\":\"CommentAction\",\"name\":\"Comment\",\"target\":[\"https:\/\/sandzakpress.net\/arhiva\/srebrenica-roditelji-odbijaju-da-se-u-knjizice-upise-jezik-bosnjackog-naroda\/#respond\"]}]},{\"@type\":\"WebPage\",\"@id\":\"https:\/\/sandzakpress.net\/arhiva\/srebrenica-roditelji-odbijaju-da-se-u-knjizice-upise-jezik-bosnjackog-naroda\/\",\"url\":\"https:\/\/sandzakpress.net\/arhiva\/srebrenica-roditelji-odbijaju-da-se-u-knjizice-upise-jezik-bosnjackog-naroda\/\",\"name\":\"Srebrenica: Roditelji odbijaju da se u knji\u017eice upi\u0161e \u2013 jezik bo\u0161nja\u010dkog naroda\",\"isPartOf\":{\"@id\":\"https:\/\/sandzakpress.net\/arhiva\/#website\"},\"primaryImageOfPage\":{\"@id\":\"https:\/\/sandzakpress.net\/arhiva\/srebrenica-roditelji-odbijaju-da-se-u-knjizice-upise-jezik-bosnjackog-naroda\/#primaryimage\"},\"image\":{\"@id\":\"https:\/\/sandzakpress.net\/arhiva\/srebrenica-roditelji-odbijaju-da-se-u-knjizice-upise-jezik-bosnjackog-naroda\/#primaryimage\"},\"thumbnailUrl\":\"https:\/\/sandzakpress.net\/arhiva\/wp-content\/uploads\/2016\/06\/srebrenica_skola_AA5-616x411-1.jpg\",\"datePublished\":\"2016-06-13T16:25:01+00:00\",\"breadcrumb\":{\"@id\":\"https:\/\/sandzakpress.net\/arhiva\/srebrenica-roditelji-odbijaju-da-se-u-knjizice-upise-jezik-bosnjackog-naroda\/#breadcrumb\"},\"inLanguage\":\"bs-BA\",\"potentialAction\":[{\"@type\":\"ReadAction\",\"target\":[\"https:\/\/sandzakpress.net\/arhiva\/srebrenica-roditelji-odbijaju-da-se-u-knjizice-upise-jezik-bosnjackog-naroda\/\"]}]},{\"@type\":\"ImageObject\",\"inLanguage\":\"bs-BA\",\"@id\":\"https:\/\/sandzakpress.net\/arhiva\/srebrenica-roditelji-odbijaju-da-se-u-knjizice-upise-jezik-bosnjackog-naroda\/#primaryimage\",\"url\":\"https:\/\/sandzakpress.net\/arhiva\/wp-content\/uploads\/2016\/06\/srebrenica_skola_AA5-616x411-1.jpg\",\"contentUrl\":\"https:\/\/sandzakpress.net\/arhiva\/wp-content\/uploads\/2016\/06\/srebrenica_skola_AA5-616x411-1.jpg\",\"width\":616,\"height\":411},{\"@type\":\"BreadcrumbList\",\"@id\":\"https:\/\/sandzakpress.net\/arhiva\/srebrenica-roditelji-odbijaju-da-se-u-knjizice-upise-jezik-bosnjackog-naroda\/#breadcrumb\",\"itemListElement\":[{\"@type\":\"ListItem\",\"position\":1,\"name\":\"Home\",\"item\":\"https:\/\/sandzakpress.net\/arhiva\/\"},{\"@type\":\"ListItem\",\"position\":2,\"name\":\"Srebrenica: Roditelji odbijaju da se u knji\u017eice upi\u0161e \u2013 jezik bo\u0161nja\u010dkog naroda\"}]},{\"@type\":\"WebSite\",\"@id\":\"https:\/\/sandzakpress.net\/arhiva\/#website\",\"url\":\"https:\/\/sandzakpress.net\/arhiva\/\",\"name\":\"Sand\u017eak PRESS\",\"description\":\"Prve elektronske novine u Sand\u017eaku\",\"publisher\":{\"@id\":\"https:\/\/sandzakpress.net\/arhiva\/#\/schema\/person\/6e72b67d6e51910a1117b3b483ba20bd\"},\"potentialAction\":[{\"@type\":\"SearchAction\",\"target\":{\"@type\":\"EntryPoint\",\"urlTemplate\":\"https:\/\/sandzakpress.net\/arhiva\/?s={search_term_string}\"},\"query-input\":{\"@type\":\"PropertyValueSpecification\",\"valueRequired\":true,\"valueName\":\"search_term_string\"}}],\"inLanguage\":\"bs-BA\"},{\"@type\":[\"Person\",\"Organization\"],\"@id\":\"https:\/\/sandzakpress.net\/arhiva\/#\/schema\/person\/6e72b67d6e51910a1117b3b483ba20bd\",\"name\":\"Kul\",\"image\":{\"@type\":\"ImageObject\",\"inLanguage\":\"bs-BA\",\"@id\":\"https:\/\/sandzakpress.net\/arhiva\/#\/schema\/person\/image\/\",\"url\":\"https:\/\/secure.gravatar.com\/avatar\/42263f39aa27ac04c43cab85c280eb2e?s=96&d=mm&r=pg\",\"contentUrl\":\"https:\/\/secure.gravatar.com\/avatar\/42263f39aa27ac04c43cab85c280eb2e?s=96&d=mm&r=pg\",\"caption\":\"Kul\"},\"logo\":{\"@id\":\"https:\/\/sandzakpress.net\/arhiva\/#\/schema\/person\/image\/\"}},{\"@type\":\"Person\",\"@id\":\"https:\/\/sandzakpress.net\/arhiva\/#\/schema\/person\/c8baee722073534b583ea7bdb2e36c02\",\"name\":\"bosniak\",\"image\":{\"@type\":\"ImageObject\",\"inLanguage\":\"bs-BA\",\"@id\":\"https:\/\/sandzakpress.net\/arhiva\/#\/schema\/person\/image\/\",\"url\":\"https:\/\/secure.gravatar.com\/avatar\/a04fd330bfe3a36a72a0ad4a6d89fca7?s=96&d=mm&r=pg\",\"contentUrl\":\"https:\/\/secure.gravatar.com\/avatar\/a04fd330bfe3a36a72a0ad4a6d89fca7?s=96&d=mm&r=pg\",\"caption\":\"bosniak\"},\"url\":\"https:\/\/sandzakpress.net\/arhiva\/author\/bosniak\/\"}]}<\/script>\n<!-- \/ Yoast SEO Premium plugin. -->","yoast_head_json":{"title":"Srebrenica: Roditelji odbijaju da se u knji\u017eice upi\u0161e \u2013 jezik bo\u0161nja\u010dkog naroda","robots":{"index":"index","follow":"follow","max-snippet":"max-snippet:-1","max-image-preview":"max-image-preview:large","max-video-preview":"max-video-preview:-1"},"canonical":"https:\/\/sandzakpress.net\/arhiva\/srebrenica-roditelji-odbijaju-da-se-u-knjizice-upise-jezik-bosnjackog-naroda\/","og_locale":"bs_BA","og_type":"article","og_title":"Srebrenica: Roditelji odbijaju da se u knji\u017eice upi\u0161e \u2013 jezik bo\u0161nja\u010dkog naroda","og_description":"Srebrenica \u2013\u00a0U\u010denici bo\u0161nja\u010dke nacionalnosti, koji poha\u0111aju Prvu osnovnu \u0161kolu u Srebrenici danas ne\u0107e poha\u0111ati \u010dasove u toj obrazovnoj ustanovi. Razlog za to je \u0161to \u0107e djeci na kraju \u0161kolske godine \u0107e u \u0111a\u010dke knji\u017eice biti upisan \u201cjezik bo\u0161nja\u010dkog naroda\u201c umjesto bosanski jezik. Na sjednici nastavni\u010dkog vije\u0107a u Prvoj osnovnoj \u0161koli Srebrenica u\u010diteljima i nastavnicima je [&hellip;]","og_url":"https:\/\/sandzakpress.net\/arhiva\/srebrenica-roditelji-odbijaju-da-se-u-knjizice-upise-jezik-bosnjackog-naroda\/","og_site_name":"Sand\u017eak PRESS","article_published_time":"2016-06-13T16:25:01+00:00","og_image":[{"width":616,"height":411,"url":"https:\/\/sandzakpress.net\/arhiva\/wp-content\/uploads\/2016\/06\/srebrenica_skola_AA5-616x411-1.jpg","type":"image\/jpeg"}],"author":"bosniak","twitter_card":"summary_large_image","twitter_misc":{"Written by":"bosniak","Est. reading time":"2 minute"},"schema":{"@context":"https:\/\/schema.org","@graph":[{"@type":"Article","@id":"https:\/\/sandzakpress.net\/arhiva\/srebrenica-roditelji-odbijaju-da-se-u-knjizice-upise-jezik-bosnjackog-naroda\/#article","isPartOf":{"@id":"https:\/\/sandzakpress.net\/arhiva\/srebrenica-roditelji-odbijaju-da-se-u-knjizice-upise-jezik-bosnjackog-naroda\/"},"author":{"name":"bosniak","@id":"https:\/\/sandzakpress.net\/arhiva\/#\/schema\/person\/c8baee722073534b583ea7bdb2e36c02"},"headline":"Srebrenica: Roditelji odbijaju da se u knji\u017eice upi\u0161e \u2013 jezik bo\u0161nja\u010dkog naroda","datePublished":"2016-06-13T16:25:01+00:00","mainEntityOfPage":{"@id":"https:\/\/sandzakpress.net\/arhiva\/srebrenica-roditelji-odbijaju-da-se-u-knjizice-upise-jezik-bosnjackog-naroda\/"},"wordCount":484,"commentCount":0,"publisher":{"@id":"https:\/\/sandzakpress.net\/arhiva\/#\/schema\/person\/6e72b67d6e51910a1117b3b483ba20bd"},"image":{"@id":"https:\/\/sandzakpress.net\/arhiva\/srebrenica-roditelji-odbijaju-da-se-u-knjizice-upise-jezik-bosnjackog-naroda\/#primaryimage"},"thumbnailUrl":"https:\/\/sandzakpress.net\/arhiva\/wp-content\/uploads\/2016\/06\/srebrenica_skola_AA5-616x411-1.jpg","keywords":["Bosna i Hercegovina"],"articleSection":["Bosna PRESS"],"inLanguage":"bs-BA","potentialAction":[{"@type":"CommentAction","name":"Comment","target":["https:\/\/sandzakpress.net\/arhiva\/srebrenica-roditelji-odbijaju-da-se-u-knjizice-upise-jezik-bosnjackog-naroda\/#respond"]}]},{"@type":"WebPage","@id":"https:\/\/sandzakpress.net\/arhiva\/srebrenica-roditelji-odbijaju-da-se-u-knjizice-upise-jezik-bosnjackog-naroda\/","url":"https:\/\/sandzakpress.net\/arhiva\/srebrenica-roditelji-odbijaju-da-se-u-knjizice-upise-jezik-bosnjackog-naroda\/","name":"Srebrenica: Roditelji odbijaju da se u knji\u017eice upi\u0161e \u2013 jezik bo\u0161nja\u010dkog naroda","isPartOf":{"@id":"https:\/\/sandzakpress.net\/arhiva\/#website"},"primaryImageOfPage":{"@id":"https:\/\/sandzakpress.net\/arhiva\/srebrenica-roditelji-odbijaju-da-se-u-knjizice-upise-jezik-bosnjackog-naroda\/#primaryimage"},"image":{"@id":"https:\/\/sandzakpress.net\/arhiva\/srebrenica-roditelji-odbijaju-da-se-u-knjizice-upise-jezik-bosnjackog-naroda\/#primaryimage"},"thumbnailUrl":"https:\/\/sandzakpress.net\/arhiva\/wp-content\/uploads\/2016\/06\/srebrenica_skola_AA5-616x411-1.jpg","datePublished":"2016-06-13T16:25:01+00:00","breadcrumb":{"@id":"https:\/\/sandzakpress.net\/arhiva\/srebrenica-roditelji-odbijaju-da-se-u-knjizice-upise-jezik-bosnjackog-naroda\/#breadcrumb"},"inLanguage":"bs-BA","potentialAction":[{"@type":"ReadAction","target":["https:\/\/sandzakpress.net\/arhiva\/srebrenica-roditelji-odbijaju-da-se-u-knjizice-upise-jezik-bosnjackog-naroda\/"]}]},{"@type":"ImageObject","inLanguage":"bs-BA","@id":"https:\/\/sandzakpress.net\/arhiva\/srebrenica-roditelji-odbijaju-da-se-u-knjizice-upise-jezik-bosnjackog-naroda\/#primaryimage","url":"https:\/\/sandzakpress.net\/arhiva\/wp-content\/uploads\/2016\/06\/srebrenica_skola_AA5-616x411-1.jpg","contentUrl":"https:\/\/sandzakpress.net\/arhiva\/wp-content\/uploads\/2016\/06\/srebrenica_skola_AA5-616x411-1.jpg","width":616,"height":411},{"@type":"BreadcrumbList","@id":"https:\/\/sandzakpress.net\/arhiva\/srebrenica-roditelji-odbijaju-da-se-u-knjizice-upise-jezik-bosnjackog-naroda\/#breadcrumb","itemListElement":[{"@type":"ListItem","position":1,"name":"Home","item":"https:\/\/sandzakpress.net\/arhiva\/"},{"@type":"ListItem","position":2,"name":"Srebrenica: Roditelji odbijaju da se u knji\u017eice upi\u0161e \u2013 jezik bo\u0161nja\u010dkog naroda"}]},{"@type":"WebSite","@id":"https:\/\/sandzakpress.net\/arhiva\/#website","url":"https:\/\/sandzakpress.net\/arhiva\/","name":"Sand\u017eak PRESS","description":"Prve elektronske novine u Sand\u017eaku","publisher":{"@id":"https:\/\/sandzakpress.net\/arhiva\/#\/schema\/person\/6e72b67d6e51910a1117b3b483ba20bd"},"potentialAction":[{"@type":"SearchAction","target":{"@type":"EntryPoint","urlTemplate":"https:\/\/sandzakpress.net\/arhiva\/?s={search_term_string}"},"query-input":{"@type":"PropertyValueSpecification","valueRequired":true,"valueName":"search_term_string"}}],"inLanguage":"bs-BA"},{"@type":["Person","Organization"],"@id":"https:\/\/sandzakpress.net\/arhiva\/#\/schema\/person\/6e72b67d6e51910a1117b3b483ba20bd","name":"Kul","image":{"@type":"ImageObject","inLanguage":"bs-BA","@id":"https:\/\/sandzakpress.net\/arhiva\/#\/schema\/person\/image\/","url":"https:\/\/secure.gravatar.com\/avatar\/42263f39aa27ac04c43cab85c280eb2e?s=96&d=mm&r=pg","contentUrl":"https:\/\/secure.gravatar.com\/avatar\/42263f39aa27ac04c43cab85c280eb2e?s=96&d=mm&r=pg","caption":"Kul"},"logo":{"@id":"https:\/\/sandzakpress.net\/arhiva\/#\/schema\/person\/image\/"}},{"@type":"Person","@id":"https:\/\/sandzakpress.net\/arhiva\/#\/schema\/person\/c8baee722073534b583ea7bdb2e36c02","name":"bosniak","image":{"@type":"ImageObject","inLanguage":"bs-BA","@id":"https:\/\/sandzakpress.net\/arhiva\/#\/schema\/person\/image\/","url":"https:\/\/secure.gravatar.com\/avatar\/a04fd330bfe3a36a72a0ad4a6d89fca7?s=96&d=mm&r=pg","contentUrl":"https:\/\/secure.gravatar.com\/avatar\/a04fd330bfe3a36a72a0ad4a6d89fca7?s=96&d=mm&r=pg","caption":"bosniak"},"url":"https:\/\/sandzakpress.net\/arhiva\/author\/bosniak\/"}]}},"_links":{"self":[{"href":"https:\/\/sandzakpress.net\/arhiva\/wp-json\/wp\/v2\/posts\/162186"}],"collection":[{"href":"https:\/\/sandzakpress.net\/arhiva\/wp-json\/wp\/v2\/posts"}],"about":[{"href":"https:\/\/sandzakpress.net\/arhiva\/wp-json\/wp\/v2\/types\/post"}],"author":[{"embeddable":true,"href":"https:\/\/sandzakpress.net\/arhiva\/wp-json\/wp\/v2\/users\/83"}],"replies":[{"embeddable":true,"href":"https:\/\/sandzakpress.net\/arhiva\/wp-json\/wp\/v2\/comments?post=162186"}],"version-history":[{"count":0,"href":"https:\/\/sandzakpress.net\/arhiva\/wp-json\/wp\/v2\/posts\/162186\/revisions"}],"wp:featuredmedia":[{"embeddable":true,"href":"https:\/\/sandzakpress.net\/arhiva\/wp-json\/wp\/v2\/media\/162188"}],"wp:attachment":[{"href":"https:\/\/sandzakpress.net\/arhiva\/wp-json\/wp\/v2\/media?parent=162186"}],"wp:term":[{"taxonomy":"category","embeddable":true,"href":"https:\/\/sandzakpress.net\/arhiva\/wp-json\/wp\/v2\/categories?post=162186"},{"taxonomy":"post_tag","embeddable":true,"href":"https:\/\/sandzakpress.net\/arhiva\/wp-json\/wp\/v2\/tags?post=162186"}],"curies":[{"name":"wp","href":"https:\/\/api.w.org\/{rel}","templated":true}]}}